{"id":20873,"date":"2020-05-11T15:53:35","date_gmt":"2020-05-11T15:53:35","guid":{"rendered":"http:\/\/historiografija.hr\/?p=20873"},"modified":"2020-05-11T15:53:35","modified_gmt":"2020-05-11T15:53:35","slug":"hrt-prikazuje-seriju-o-hrvatskoj-80-ih-cuvar-dvorca-i-film-oficir-s-ruzom","status":"publish","type":"post","link":"https:\/\/historiografija.hr\/?p=20873","title":{"rendered":"HRT prikazuje seriju o Hrvatskoj 80-ih \u201c\u010cuvar dvorca\u201d i film \u201cOficir s ru\u017eom\u201d"},"content":{"rendered":"<p>HRT prikazuje u ponedjeljak, 11. svibnja (HTV1 u 21 sat) prvi nastavak \u010detverodijelne serije \u201c\u010cuvar dvorca\u201d (2017), a u \u010detvrtak, 14. svibnja 2020. (HTV2 u 21 sat) film \u201cOficir s ru\u017eom\u201d (1987).<\/p>\n<p>&nbsp;<\/p>\n<p>&#8212;<\/p>\n<p>&nbsp;<\/p>\n<p><strong>\u010cuvar dvorca &#8211; serija o Hrvatskoj 80-ih<\/strong><\/p>\n<p>11. svibnja na HRT \u2013 HTV 1 u 21 sat<\/p>\n<p><strong><br \/>\n<\/strong><strong>Dramska serija \u010cuvar dvorca redatelja i scenarista Lukasa Nole govori o Hrvatskoj osamdesetih kada se na politi\u010dkoj sceni doga\u0111aju promjene koje \u0107e krajem desetlje\u0107a promijeniti mapu Europe.<\/strong><\/p>\n<p>Jugoslavenska Slu\u017eba dr\u017eavne bezbednosti jo\u0161 je jedna od najagilnijih i naju\u010dinkovitijih obavje\u0161tajnih zajednica u Europi. Boris Bi\u0161\u0107an, stari kadar te slu\u017ebe, svjedok je promjena koje se u slu\u017ebi doga\u0111aju &#8211; provjerene profesionalce zamjenjuju kriminalci koje SDB anga\u017eira za obra\u010dun s politi\u010dkim emigrantima, nude\u0107i im zauzvrat za\u0161titu. Boris se u novom svijetu ne snalazi, a starom je o\u010digledno do\u0161ao kraj.<\/p>\n<p>U glavnim ulogama nastupaju <strong>Ivo Gregurevi\u0107<\/strong> kao Boris Bi\u0161\u0107an, <strong>Vinko Kraljevi\u0107<\/strong> kao Marin Dragi\u010devi\u0107, <strong>Goran Bogdan<\/strong> kao Zeman,<strong> Iva Babi\u0107<\/strong> kao Maja i <strong>Barbara Nola<\/strong> kao Bi\u0161\u0107anova tajnica. Gorana \u0160koru glumi <strong>Matija \u010cigir<\/strong>, Zdravka &#8211; <strong>Bernard Tomi\u0107<\/strong>, a kapetana JNA Uzelca &#8211; <strong>Franjo Dijak<\/strong>.<\/p>\n<p>Na 69. Pula Film Festivalu, u programu Kratka Pula, Vinko Kraljevi\u0107 dobio je Priznanje za najbolju mu\u0161ku ulogu u dramskoj seriji.<\/p>\n<p><strong>Scenarist i redatelj: Lukas Nola<br \/>\nProducenti: Ankica Juri\u0107 Tili\u0107, Hrvoje Pervan, Dragan Juri\u0107<br \/>\nDirektor fotografije: Mirko Piv\u010devi\u0107 h.f.s.<br \/>\nMonta\u017eer: Slaven Ze\u010devi\u0107<br \/>\nSkladatelji: Jura Ferina i Pavao Miholjevi\u0107<br \/>\nDizajneri zvuka: Dubravka Premar, Ivan Zeli\u0107<br \/>\nScenograf: Ivan Velja\u010da<br \/>\nKostimografkinja: \u017deljka Franulovi\u0107<br \/>\nMajstorica maske: Julijana Vu\u0161kovi\u0107<br \/>\nProdukcija: &#8220;Kinorama&#8221; za HRT, 2017.<br \/>\nUrednik: Mislav Brumec<\/strong><\/p>\n<p>&nbsp;<\/p>\n<p>Izvor: <a href=\"https:\/\/hrtprikazuje.hrt.hr\/404968\/cuvar-dvorca\">https:\/\/hrtprikazuje.hrt.hr\/404968\/cuvar-dvorca<\/a><\/p>\n<p>&nbsp;<\/p>\n<p>&#8212;<\/p>\n<p>&nbsp;<\/p>\n<p><strong>Oficir s ru\u017eom &#8211; ljubavna drama<\/strong><\/p>\n<p>&nbsp;<\/p>\n<p>14. svibnja na HRT \u2013 HTV 2 u 21 sat <strong><br \/>\n<\/strong><\/p>\n<p><strong><br \/>\n<\/strong><strong>Poslijeratni Zagreb, mlade partizanske snage uspostavljaju civilnu vlast u gradu. Udovica iz visoke gra\u0111anske klase, lijepa Matilda Ivan\u010di\u0107, pozvana je na sud gdje joj izreknu presudu oduzimanja imovine, no ubrzo dolazi do poni\u0161tenja presude s obzirom da su Matilda i njezin pokojni mu\u017e pomagali narodnooslobodila\u010dki pokret.<br \/>\n<\/strong><br \/>\nU Matildin stan se useljava mlada nadobudna skojevka Ljiljana, jednostavna djevojka sa sela, odrasla u ratu, a uskoro se doseljava i Matildin de\u010dko, mladi poru\u010dnik Petar Horvat. Iako optere\u0107en borbom protiv klasnog neprijatelja, Matilda privu\u010de Petra svojom profinjeno\u0161\u0107u i ljepotom.<\/p>\n<p>Matilda i Petar ostvaruju vezu no Petrov nadre\u0111eni smatra vezu neprihvatljivom jer je Matilda bur\u017eujskog podrijetla.<\/p>\n<p>&#8220;Oficir s ru\u017eom&#8221; (1987.) peti je cjelove\u010dernji igrani film redatelja i scenarista <strong>Dejana \u0160orka<\/strong>, koji opisuje vrijeme neposredno nakon zavr\u0161etka Drugog svjetskog rata.<\/p>\n<p>Pri\u010da o nepodobnoj ljubavi lijepe dame i partizanskog poru\u010dnika u poslijeratnom Zagrebu zapravo je tragi\u010dna ljubavna pri\u010da koja kritizira politi\u010dko licemjerje, komunisti\u010dku dogmu koja i nakon rata vodi stale\u0161ku borbu u cilju ostvarivanja jednakosti no upravo tom borbom nejednakosti podcrtava. Ulogu Matilde sjajno je nijansirala<strong> Ksenija Paji\u0107<\/strong>, a ulogu partizanskog poru\u010dnika biv\u0161a jugoslavenska zvijezda <strong>\u017darko Lau\u0161evi\u0107<\/strong>.<\/p>\n<p>U ljubavnoj drami glume <strong>Ksenija Paji\u0107, \u017darko Lau\u0161evi\u0107, Dragana Mrki\u0107, Viktor Rui\u0107, Zvonimir Torjanac, Vida Jerman, Boris Buzan\u010di\u0107, Andrea Bakovi\u0107<\/strong>.<\/p>\n<p>Film je na Filmskom festivalu u Puli 1987. osvojio dvije Zlatne arene, za scenarij Dejan \u0160orak i za najboljega glumca \u017darko Lau\u0161evi\u0107.<\/p>\n<p>&nbsp;<\/p>\n<p>Izvor: <a href=\"https:\/\/hrtprikazuje.hrt.hr\/477940\/oficir-s-ruzom-ljubavna-drama\">https:\/\/hrtprikazuje.hrt.hr\/477940\/oficir-s-ruzom-ljubavna-drama<\/a><\/p>\n<p>&nbsp;<\/p>\n<p>&nbsp;<\/p>\n<p>&nbsp;<\/p>\n","protected":false},"excerpt":{"rendered":"","protected":false},"author":2,"featured_media":20874,"comment_status":"open","ping_status":"open","sticky":false,"template":"","format":"standard","meta":{"_acf_changed":false,"jetpack_post_was_ever_published":false,"_jetpack_newsletter_access":"","_jetpack_dont_email_post_to_subs":false,"_jetpack_newsletter_tier_id":0,"_jetpack_memberships_contains_paywalled_content":false,"_jetpack_memberships_contains_paid_content":false,"footnotes":"","jetpack_publicize_message":"","jetpack_publicize_feature_enabled":true,"jetpack_social_post_already_shared":true,"jetpack_social_options":{"image_generator_settings":{"template":"highway","default_image_id":0,"font":"","enabled":false},"version":2}},"categories":[13,3],"tags":[],"class_list":["post-20873","post","type-post","status-publish","format-standard","has-post-thumbnail","hentry","category-filmovi-i-serije","category-novosti"],"acf":{"facebook_opis":""},"jetpack_publicize_connections":[],"jetpack_featured_media_url":"https:\/\/i0.wp.com\/historiografija.hr\/wp-content\/uploads\/2020\/05\/CUVAR_DVORCA.jpg?fit=688%2C388&ssl=1","jetpack_sharing_enabled":true,"jetpack-related-posts":[{"id":52505,"url":"https:\/\/historiografija.hr\/?p=52505","url_meta":{"origin":20873,"position":0},"title":"Izlo\u017eba &#8220;Eschenstock \/ Jasenov prut&#8221;","author":"Branimir Jankovi\u0107","date":"17. travnja 2026.","format":false,"excerpt":"Srpsko narodno vije\u0107e (SNV) i Vizura aperta postavljaju izlo\u017ebu \u0161vicarskog slikara Velimira Ili\u0161evi\u0107a: Eschenstock \/ Jasenov prut. Izlo\u017eba se uz prisustvo autora otvara povodom 81. godi\u0161njice proboja logora\u0161a iz usta\u0161kog logora smrti Jasenovac 22. aprila 2026. u 19 sati u Srpskom kulturnom centru (SKC) u Preradovi\u0107evoj ulici 21 u Zagrebu.\u2026","rel":"","context":"U &quot;Izlo\u017ebe&quot;","block_context":{"text":"Izlo\u017ebe","link":"https:\/\/historiografija.hr\/?cat=10"},"img":{"alt_text":"","src":"https:\/\/i0.wp.com\/historiografija.hr\/wp-content\/uploads\/2026\/04\/Jasenov_prut.jpg?fit=1024%2C640&ssl=1&resize=350%2C200","width":350,"height":200,"srcset":"https:\/\/i0.wp.com\/historiografija.hr\/wp-content\/uploads\/2026\/04\/Jasenov_prut.jpg?fit=1024%2C640&ssl=1&resize=350%2C200 1x, https:\/\/i0.wp.com\/historiografija.hr\/wp-content\/uploads\/2026\/04\/Jasenov_prut.jpg?fit=1024%2C640&ssl=1&resize=525%2C300 1.5x, https:\/\/i0.wp.com\/historiografija.hr\/wp-content\/uploads\/2026\/04\/Jasenov_prut.jpg?fit=1024%2C640&ssl=1&resize=700%2C400 2x"},"classes":[]},{"id":52660,"url":"https:\/\/historiografija.hr\/?p=52660","url_meta":{"origin":20873,"position":1},"title":"Medijski odjeci \u010dlanka Steve \u0110ura\u0161kovi\u0107a \u201e\u017dupanovljeva ne\u017eeljena djeca: ideolo\u0161ko pribli\u017eavanje neoliberala i kr\u0161\u0107anske radikalne desnice u Hrvatskoj\u201c","author":"Branimir Jankovi\u0107","date":"24. travnja 2026.","format":false,"excerpt":"U sklopu projekta \u201eIzazovi intelektualne povijesti: recepcije, preobrazbe i upotrebe politi\u010dkih ideja\u201c objavljen je polemi\u010dki \u010dlanak Steve \u0110ura\u0161kovi\u0107a \u201e\u017dupanovljeva ne\u017eeljena djeca: ideolo\u0161ko pribli\u017eavanje neoliberala i kr\u0161\u0107anske radikalne desnice u Hrvatskoj\u201c, koji je izazvao odre\u0111ene medijske reakcije. Stevo \u0110ura\u0161kovi\u0107 \u017dupanovljeva ne\u017eeljena djeca: ideolo\u0161ko pribli\u017eavanje neoliberala i kr\u0161\u0107anske radikalne desnice u Hrvatskoj\u2026","rel":"","context":"U &quot;Novosti&quot;","block_context":{"text":"Novosti","link":"https:\/\/historiografija.hr\/?cat=3"},"img":{"alt_text":"","src":"https:\/\/i0.wp.com\/historiografija.hr\/wp-content\/uploads\/2026\/04\/SD.png?fit=809%2C821&ssl=1&resize=350%2C200","width":350,"height":200,"srcset":"https:\/\/i0.wp.com\/historiografija.hr\/wp-content\/uploads\/2026\/04\/SD.png?fit=809%2C821&ssl=1&resize=350%2C200 1x, https:\/\/i0.wp.com\/historiografija.hr\/wp-content\/uploads\/2026\/04\/SD.png?fit=809%2C821&ssl=1&resize=525%2C300 1.5x, https:\/\/i0.wp.com\/historiografija.hr\/wp-content\/uploads\/2026\/04\/SD.png?fit=809%2C821&ssl=1&resize=700%2C400 2x"},"classes":[]},{"id":52717,"url":"https:\/\/historiografija.hr\/?p=52717","url_meta":{"origin":20873,"position":2},"title":"Okrugli stol &#8220;Dvjestapedeset godina Sjedinjenih Ameri\u010dkih Dr\u017eava \u2013 od kolonije do prve zemlje svijeta i dalje&#8221;","author":"Filip \u0160imunjak","date":"29. travnja 2026.","format":false,"excerpt":"Ove godine obilje\u017eava se 250. obljetnica osnutka Sjedinjenih Ameri\u010dkih Dr\u017eava, povodom koje je pokrenut niz rasprava o ameri\u010dkoj povijesti, njezinoj globalnoj ulozi i naslje\u0111u koje se prote\u017ee od 1776. do danas. Obljetnica je ujedno prilika za promi\u0161ljanje o tome kako danas tuma\u010dimo ameri\u010dku pro\u0161lost, ali i (aktualnu) ulogu SAD-a u\u2026","rel":"","context":"U &quot;Novosti&quot;","block_context":{"text":"Novosti","link":"https:\/\/historiografija.hr\/?cat=3"},"img":{"alt_text":"","src":"https:\/\/i0.wp.com\/historiografija.hr\/wp-content\/uploads\/2026\/04\/Kliofest-01-utorak-I-02-OS-250-godina-SAD.jpg?fit=1200%2C566&ssl=1&resize=350%2C200","width":350,"height":200,"srcset":"https:\/\/i0.wp.com\/historiografija.hr\/wp-content\/uploads\/2026\/04\/Kliofest-01-utorak-I-02-OS-250-godina-SAD.jpg?fit=1200%2C566&ssl=1&resize=350%2C200 1x, https:\/\/i0.wp.com\/historiografija.hr\/wp-content\/uploads\/2026\/04\/Kliofest-01-utorak-I-02-OS-250-godina-SAD.jpg?fit=1200%2C566&ssl=1&resize=525%2C300 1.5x, https:\/\/i0.wp.com\/historiografija.hr\/wp-content\/uploads\/2026\/04\/Kliofest-01-utorak-I-02-OS-250-godina-SAD.jpg?fit=1200%2C566&ssl=1&resize=700%2C400 2x, https:\/\/i0.wp.com\/historiografija.hr\/wp-content\/uploads\/2026\/04\/Kliofest-01-utorak-I-02-OS-250-godina-SAD.jpg?fit=1200%2C566&ssl=1&resize=1050%2C600 3x"},"classes":[]},{"id":52712,"url":"https:\/\/historiografija.hr\/?p=52712","url_meta":{"origin":20873,"position":3},"title":"Okrugli stol &#8220;Proslava 1100 godina Hrvatskoga Kraljevstva \u2013 kako danas gledamo na hrvatski rani srednji vijek?&#8221;","author":"Filip \u0160imunjak","date":"29. travnja 2026.","format":false,"excerpt":"Godinu iza nas obilje\u017eile su brojne manifestacije posve\u0107ene 1100. obljetnici Hrvatskoga Kraljevstva, koje su privukle veliku pozornost javnosti i medija, pa tako i na\u0161ega portala. Nastavljaju\u0107i se na taj niz, pozivamo Vas na okrugli stol \u201eProslava 1100 godina Hrvatskoga Kraljevstva \u2013 kako danas gledamo na hrvatski rani srednji vijek?\u201d, koji\u2026","rel":"","context":"U &quot;Novosti&quot;","block_context":{"text":"Novosti","link":"https:\/\/historiografija.hr\/?cat=3"},"img":{"alt_text":"","src":"https:\/\/i0.wp.com\/historiografija.hr\/wp-content\/uploads\/2026\/04\/Kliofest-01-utorak-I-01-OS-1100-godina.jpg?fit=1200%2C566&ssl=1&resize=350%2C200","width":350,"height":200,"srcset":"https:\/\/i0.wp.com\/historiografija.hr\/wp-content\/uploads\/2026\/04\/Kliofest-01-utorak-I-01-OS-1100-godina.jpg?fit=1200%2C566&ssl=1&resize=350%2C200 1x, https:\/\/i0.wp.com\/historiografija.hr\/wp-content\/uploads\/2026\/04\/Kliofest-01-utorak-I-01-OS-1100-godina.jpg?fit=1200%2C566&ssl=1&resize=525%2C300 1.5x, https:\/\/i0.wp.com\/historiografija.hr\/wp-content\/uploads\/2026\/04\/Kliofest-01-utorak-I-01-OS-1100-godina.jpg?fit=1200%2C566&ssl=1&resize=700%2C400 2x, https:\/\/i0.wp.com\/historiografija.hr\/wp-content\/uploads\/2026\/04\/Kliofest-01-utorak-I-01-OS-1100-godina.jpg?fit=1200%2C566&ssl=1&resize=1050%2C600 3x"},"classes":[]},{"id":52704,"url":"https:\/\/historiografija.hr\/?p=52704","url_meta":{"origin":20873,"position":4},"title":"Predstavljanje knjige &#8220;Vladimir Vasiljevi\u0107: Moji do\u017eivljaji. Dnevni\u010dki zapisi iz Prvoga svjetskog rata i poratnoga vremena&#8221;","author":"Filip \u0160imunjak","date":"29. travnja 2026.","format":false,"excerpt":"Doga\u0111anja ovogodi\u0161njega Festivala povijesti Kliofest zapo\u010dinjemo ve\u0107 i prije samoga slu\u017ebenog otvaranja, predstavljanjem knjige \u201eMoji do\u017eivljaji. Dnevni\u010dki zapisi iz Prvoga svjetskog rata i poratnoga vremena\u201d Vladimira Vasiljevi\u0107a, koju su priredili Karlo Rukavina i Damir Agi\u010di\u0107. Pozivamo Vas na predstavljanje koje \u0107e se odr\u017eati u ponedjeljak 4. svibnja, s po\u010detkom u\u2026","rel":"","context":"U &quot;Knjige&quot;","block_context":{"text":"Knjige","link":"https:\/\/historiografija.hr\/?cat=8"},"img":{"alt_text":"","src":"https:\/\/i0.wp.com\/historiografija.hr\/wp-content\/uploads\/2026\/04\/Naslovna-V.-Vasiljevic.webp?fit=1200%2C600&ssl=1&resize=350%2C200","width":350,"height":200,"srcset":"https:\/\/i0.wp.com\/historiografija.hr\/wp-content\/uploads\/2026\/04\/Naslovna-V.-Vasiljevic.webp?fit=1200%2C600&ssl=1&resize=350%2C200 1x, https:\/\/i0.wp.com\/historiografija.hr\/wp-content\/uploads\/2026\/04\/Naslovna-V.-Vasiljevic.webp?fit=1200%2C600&ssl=1&resize=525%2C300 1.5x, https:\/\/i0.wp.com\/historiografija.hr\/wp-content\/uploads\/2026\/04\/Naslovna-V.-Vasiljevic.webp?fit=1200%2C600&ssl=1&resize=700%2C400 2x, https:\/\/i0.wp.com\/historiografija.hr\/wp-content\/uploads\/2026\/04\/Naslovna-V.-Vasiljevic.webp?fit=1200%2C600&ssl=1&resize=1050%2C600 3x"},"classes":[]},{"id":52760,"url":"https:\/\/historiografija.hr\/?p=52760","url_meta":{"origin":20873,"position":5},"title":"Izlo\u017eba \u201cLo\u0161injski brodovi, njihove zastave i ljudi\u201d, 4. svibnja u 19h","author":"Filip \u0160imunjak","date":"30. travnja 2026.","format":false,"excerpt":"Hrvatski pomorski muzej Split, Glagolja\u0161a 18 (Tvr\u0111ava Gripe) Nakon \u0161to je u rujnu 2025. godine na otoku Lo\u0161inju, u suradnji Lo\u0161injskog muzeja i Hrvatskog pomorskog muzeja Split, predstavljena izlo\u017eba posve\u0107ena bogatoj pomorskoj ba\u0161tini otoka, njezino pro\u0161ireno izdanje postavlja se u Splitu. Uo\u010di blagdana svetog Dujma splitskoj \u0107e se publici predstaviti\u2026","rel":"","context":"U &quot;Izlo\u017ebe&quot;","block_context":{"text":"Izlo\u017ebe","link":"https:\/\/historiografija.hr\/?cat=10"},"img":{"alt_text":"","src":"https:\/\/i0.wp.com\/historiografija.hr\/wp-content\/uploads\/2026\/04\/Losinjski-brodovi-Izlozba-1-scaled.webp?fit=840%2C1200&ssl=1&resize=350%2C200","width":350,"height":200,"srcset":"https:\/\/i0.wp.com\/historiografija.hr\/wp-content\/uploads\/2026\/04\/Losinjski-brodovi-Izlozba-1-scaled.webp?fit=840%2C1200&ssl=1&resize=350%2C200 1x, https:\/\/i0.wp.com\/historiografija.hr\/wp-content\/uploads\/2026\/04\/Losinjski-brodovi-Izlozba-1-scaled.webp?fit=840%2C1200&ssl=1&resize=525%2C300 1.5x, https:\/\/i0.wp.com\/historiografija.hr\/wp-content\/uploads\/2026\/04\/Losinjski-brodovi-Izlozba-1-scaled.webp?fit=840%2C1200&ssl=1&resize=700%2C400 2x"},"classes":[]}],"_links":{"self":[{"href":"https:\/\/historiografija.hr\/index.php?rest_route=\/wp\/v2\/posts\/20873","targetHints":{"allow":["GET"]}}],"collection":[{"href":"https:\/\/historiografija.hr\/index.php?rest_route=\/wp\/v2\/posts"}],"about":[{"href":"https:\/\/historiografija.hr\/index.php?rest_route=\/wp\/v2\/types\/post"}],"author":[{"embeddable":true,"href":"https:\/\/historiografija.hr\/index.php?rest_route=\/wp\/v2\/users\/2"}],"replies":[{"embeddable":true,"href":"https:\/\/historiografija.hr\/index.php?rest_route=%2Fwp%2Fv2%2Fcomments&post=20873"}],"version-history":[{"count":1,"href":"https:\/\/historiografija.hr\/index.php?rest_route=\/wp\/v2\/posts\/20873\/revisions"}],"predecessor-version":[{"id":20875,"href":"https:\/\/historiografija.hr\/index.php?rest_route=\/wp\/v2\/posts\/20873\/revisions\/20875"}],"wp:featuredmedia":[{"embeddable":true,"href":"https:\/\/historiografija.hr\/index.php?rest_route=\/wp\/v2\/media\/20874"}],"wp:attachment":[{"href":"https:\/\/historiografija.hr\/index.php?rest_route=%2Fwp%2Fv2%2Fmedia&parent=20873"}],"wp:term":[{"taxonomy":"category","embeddable":true,"href":"https:\/\/historiografija.hr\/index.php?rest_route=%2Fwp%2Fv2%2Fcategories&post=20873"},{"taxonomy":"post_tag","embeddable":true,"href":"https:\/\/historiografija.hr\/index.php?rest_route=%2Fwp%2Fv2%2Ftags&post=20873"}],"curies":[{"name":"wp","href":"https:\/\/api.w.org\/{rel}","templated":true}]}}