{"id":20857,"date":"2020-05-11T14:37:39","date_gmt":"2020-05-11T14:37:39","guid":{"rendered":"http:\/\/historiografija.hr\/?p=20857"},"modified":"2020-05-11T14:59:56","modified_gmt":"2020-05-11T14:59:56","slug":"nevenko-bartulin-srda-trifkovic-i-njegova-nova-teorija-o-genocidnosti-hrvatske-politicke-tradicije-i-kulture","status":"publish","type":"post","link":"https:\/\/historiografija.hr\/?p=20857","title":{"rendered":"Nevenko Bartulin &#8211; Sr\u0111a Trifkovi\u0107 i njegova \u2018nova\u2019 teorija o genocidnosti hrvatske politi\u010dke tradicije i kulture"},"content":{"rendered":"<p>&nbsp;<\/p>\n<p><strong>Sr\u0111a Trifkovi\u0107 i njegova \u2018nova\u2019 teorija o genocidnosti hrvatske politi\u010dke tradicije i kulture<\/strong><\/p>\n<p>&nbsp;<\/p>\n<p>U dva nedavno objavljena \u010dlanka o usta\u0161kom pokretu i usta\u0161kim zlo\u010dinima nad Srbima u NDH, srpski povjesni\u010dar Sr\u0111a (ili Srdja) Trifkovi\u0107 je poku\u0161ao rastuma\u010diti korijene usta\u0161ke ideologije u odnosu na \u2018srpsko pitanje\u2019 te je kritizirao srpske pobornike \u2018numerolo\u0161ke grandomanije\u2019 \u0161to se ti\u010de broja srpskih \u017ertava u NDH.<a href=\"#_ftn1\" name=\"_ftnref1\">[1]<\/a> Trifkovi\u0107 dakle kritizira vi\u0161estruko pretjeran broj od 700.000 srpskih \u017ertava samo u Jasenovcu, koji je jo\u0161 uvijek \u0161iroko prihva\u0107en me\u0111u srpskim \u2018kvazi-povjesni\u010darima i diletantima\u2019 te nekim inozemnim autorima, poput izraelskog \u2018\u0161arlatana\u2019 Gideona Greifa.<a href=\"#_ftn2\" name=\"_ftnref2\">[2]<\/a> Iako je Trifkovi\u0107eva kritika u ovom pitanju pohvalna, on tako\u0111er promovira povijesno neodr\u017eivi mit o \u2018genocidnosti\u2019 hrvatske politi\u010dke tradicije i kulture.<\/p>\n<p>To se jasno vidi u njegovoj tvrdnji da je Ante Star\u010devi\u0107 ne samo postavio ideolo\u0161ki temelj za usta\u0161ku rasnu teoriju nego da je tako\u0111er postavio intelektualni temelj za genocid nad Srbima u NDH. Prema Trifkovi\u0107u, Star\u010devi\u0107 \u2018articulated eliminationist anti-Serbism and thus gave rise to the political culture which ultimately led to the Usta\u0161a project of exterminationist Serbophobia.\u2019<a href=\"#_ftn3\" name=\"_ftnref3\">[3]<\/a> No Trifkovi\u0107 ide dalje i tvrdi da \u2018istorijski koreni usta\u0161tva nalaze se u vekovnim te\u017enjama hrvatske feudalne i klerikalne elite da Srbima [u Vojnoj Krajini] nametne pravnu i versku homogenost i politi\u010dku pokornost\u2019 te da je ve\u0107 1700. godine nadzornik zemlji\u0161nih posjeda zagreba\u010dke biskupije Ambroz Kuzmi\u0107 prvi predlo\u017eio, u jednom izvje\u0161taju, \u2018radikalno kona\u010dno re\u0161enje \u201csrpskog pitanja\u201d u Hrvatskoj\u2019.<a href=\"#_ftn4\" name=\"_ftnref4\">[4]<\/a> Dakle, prema Trifkovi\u0107u, postoji direktna veza izme\u0111u izvje\u0161taja iz 1700. i usta\u0161kih zlo\u010dina protiv Srba u NDH. To je jedan od vi\u0161e primjera anakronizma u Trifkovi\u0107evom radu. Dakle, \u2018Vlasi\u2019 u Vojnoj Krajini su (svi) bili Srbi u etni\u010dkom smislu te o\u010dito nema razlike izme\u0111u tih \u2018Srba\u2019 i Srba u dvadesetom stolje\u0107u, kao \u0161to nema bitne razlike izme\u0111u \u2018politike\u2019 Katoli\u010dke crkve i hrvatskog plemstva na po\u010detku 18. stolje\u0107a na jednoj strani i usta\u0161ke anti-srpske politike na drugoj (Trifkovi\u0107 tako\u0111er uvjerava \u010ditatelje da je \u0161tokavski srpski jezik dok je dubrova\u010dka kulturna tradicija \u2018izrazito nehrvatska\u2019).<a href=\"#_ftn5\" name=\"_ftnref5\">[5]<\/a><\/p>\n<p>Iako je ispravno govoriti o utjecaju rasnih ideja u radovima Ante Star\u010devi\u0107a, kako je to ve\u0107 jednom primijetio Antun Gustav Mato\u0161,<a href=\"#_ftn6\" name=\"_ftnref6\">[6]<\/a> nije znanstveno po\u0161teno ignorirati, kao \u0161to to radi Trifkovi\u0107, jo\u0161 ve\u0107i utjecaj gra\u0111anskog nacionalizma u mislima i radovima Star\u010devi\u0107a. Na primjer, Star\u010devi\u0107 je 1883. izjavio da \u2018mi iskreno ljubimo i za brata dr\u017eimo i Srba, i Niemca, i Talijana, i \u017dida, i Ciganina, i Luterovca, i t. d., svakoga tko radi za ob\u0107enito dobro svega naroda i ciele domovine\u2019.<a href=\"#_ftn7\" name=\"_ftnref7\">[7]<\/a> Bilo bi dakle po\u017eeljno da povjesni\u010dari poku\u0161aju ponuditi jednu nijansiranu sliku o Star\u010devi\u0107u i njegovim idejama a ne sve svoditi, kao u slu\u010daju Trifkovi\u0107a, na \u2018genocidno anti-srpstvo\u2019.<\/p>\n<p>Nadalje, Trifkovi\u0107 potpuno ignorira \u010dinjenicu da su usta\u0161ke rasne ideje ipak bile oblikovane, barem djelomi\u010dno, kao svojevrsna reakcija na jugoslavenske i velikosrpske rasne ideje (kako sam obrazlo\u017eio u svojoj knjizi iz 2014. godine<a href=\"#_ftn8\" name=\"_ftnref8\">[8]<\/a> koju Trifkovi\u0107 citira). Takva tvrdnja s moje strane svakako ne predstavlja poku\u0161aj relativizacije stvarnog karaktera NDH i usta\u0161kih zlo\u010dina, ali ne mo\u017ee se raspravljati o rasnim idejama Star\u010devi\u0107a, \u0106ire Truhelke, Ive Pilara, Filipa Lukasa itd. bez analize rasnih ideja srpskih i jugoslavenskih nacionalisti\u010dkih znanstvenika poput Jovana Cviji\u0107a. Ne mo\u017ee se pisati o anti-srpskim demonstracijama u Zagrebu 1902.<a href=\"#_ftn9\" name=\"_ftnref9\">[9]<\/a> a da se ne govori o \u010dlanku Nikole Stojanovi\u0107a poznatom pod naslovom \u2018Do istrage na\u0161e ili va\u0161e\u2019.<\/p>\n<p>&nbsp;<\/p>\n<p><em>Nevenko Bartulin<\/em><\/p>\n<p>&nbsp;<\/p>\n<p><a href=\"#_ftnref1\" name=\"_ftn1\">[1]<\/a> Srdja Trifkovi\u0107, \u2018Usta\u0161a Crimes, Serbian Victims, Numbers and Politics: Toward a Rational Debate\u2019, <em>Istorija 20. veka<\/em>, 38, br. 1, 2020, 203-222. Sr\u0111a Trifkovi\u0107, \u2018Usta\u0161tvo, fa\u0161izam i nacizam: privid identiteta\u2019, <em>Argumenti: \u010casopis za dru\u0161tvena\/politi\u010dka pitanja<\/em>, XIV, br. 39, 2020, 169-204.<\/p>\n<p><a href=\"#_ftnref2\" name=\"_ftn2\">[2]<\/a> Trifkovi\u0107, \u2018Usta\u0161a Crimes, Serbian Victims, Numbers and Politics\u2019, 217-218.<\/p>\n<p><a href=\"#_ftnref3\" name=\"_ftn3\">[3]<\/a> ibid, 208.<\/p>\n<p><a href=\"#_ftnref4\" name=\"_ftn4\">[4]<\/a> Trifkovi\u0107, \u2018Usta\u0161tvo, fa\u0161izam i nacizam\u2019, 170-171.<\/p>\n<p><a href=\"#_ftnref5\" name=\"_ftn5\">[5]<\/a> ibid, 171-172.<\/p>\n<p><a href=\"#_ftnref6\" name=\"_ftn6\">[6]<\/a> \u2018Prema tome pojam hrvatske narodnosti nije jasno obilje\u017een i utvrdjen u djelima njegovim. U nekima smatra poput Gobineau-a, u\u010ditelja Richarda Wagnera i jama\u010dno svoga, pa Disra\u00eblia, Chamberlaina i Gumplowicza, rasni, plemenski momenat glavnim u politici, \u017eigo\u0161u\u0107i Srbe kao tudji elemenat svojom rasom i krvlju, a u glavnim, programskim, temeljnim mislima, shvataju\u0107i dr\u017eavnu, pravnu i historijsku misao kao misao nacijonalnu, o\u010devidno je u opreci sa svojim rasnim shva\u0107anjem hrvatstva\u2026\u2019 Citirano u: A. G. Mato\u0161, <em>Feljtoni i eseji <\/em>(Zagreb: Naklada \u201cJuga\u201d, 1917), 72.<\/p>\n<p><a href=\"#_ftnref7\" name=\"_ftn7\">[7]<\/a> Citirano u: Jere Jareb, <em>Pola stolje\u0107a hrvatske politike 1895-1945<\/em> ([1960] Zagreb: Institut za suvremenu povijest, Biblioteka Hrvatska povjesnica, 1995), 12.<\/p>\n<p><a href=\"#_ftnref8\" name=\"_ftn8\">[8]<\/a> Nevenko Bartulin, <em>The Racial Idea in the Independent State of Croatia: Origins and Theory<\/em> (Leiden and Boston: Brill, 2014).<\/p>\n<p><a href=\"#_ftnref9\" name=\"_ftn9\">[9]<\/a> Trifkovi\u0107, \u2018Usta\u0161tvo, fa\u0161izam i nacizam\u2019, 178n.<\/p>\n<p>&nbsp;<\/p>\n<p>&nbsp;<\/p>\n","protected":false},"excerpt":{"rendered":"","protected":false},"author":2,"featured_media":0,"comment_status":"open","ping_status":"open","sticky":false,"template":"","format":"standard","meta":{"_acf_changed":false,"jetpack_post_was_ever_published":false,"_jetpack_newsletter_access":"","_jetpack_dont_email_post_to_subs":false,"_jetpack_newsletter_tier_id":0,"_jetpack_memberships_contains_paywalled_content":false,"_jetpack_memberships_contains_paid_content":false,"footnotes":"","jetpack_publicize_message":"","jetpack_publicize_feature_enabled":true,"jetpack_social_post_already_shared":true,"jetpack_social_options":{"image_generator_settings":{"template":"highway","default_image_id":0,"font":"","enabled":false},"version":2}},"categories":[4,17],"tags":[],"class_list":["post-20857","post","type-post","status-publish","format-standard","hentry","category-osvrti","category-rasprave"],"acf":{"facebook_opis":""},"jetpack_publicize_connections":[],"jetpack_featured_media_url":"","jetpack_sharing_enabled":true,"jetpack-related-posts":[{"id":52631,"url":"https:\/\/historiografija.hr\/?p=52631","url_meta":{"origin":20857,"position":0},"title":"Predavanje Ivana Tepe\u0161a: Djelovanje hrvatske politi\u010dke emigracije","author":"Branimir Jankovi\u0107","date":"23. travnja 2026.","format":false,"excerpt":"Odjel za me\u0111unarodnu suradnju i iseljeni\u0161tvo Matice hrvatske Predavanje Ivana Tepe\u0161a: Djelovanje hrvatske politi\u010dke emigracije Utorak, 28. travnja 2026. u 18:00 sati, Dvorana Ljudevita Jonkea (Mala dvorana MH), Strossmayerov trg 4, Zagreb dr. sc. Ivan Tepe\u0161, Institut za istra\u017eivanje migracija Hrvatska politi\u010dka emigracija obilje\u017eila je polustoljetnu hrvatsku povijest u drugoj\u2026","rel":"","context":"U &quot;Novosti&quot;","block_context":{"text":"Novosti","link":"https:\/\/historiografija.hr\/?cat=3"},"img":{"alt_text":"","src":"","width":0,"height":0},"classes":[]},{"id":52502,"url":"https:\/\/historiografija.hr\/?p=52502","url_meta":{"origin":20857,"position":1},"title":"Novi znanstveni projekt Hrvatskog instituta za povijest: \u201c\u017drtve ratova i dr\u017eavnog\/politi\u010dkog nasilja u hrvatskoj povijesti 20. stolje\u0107a\u201d","author":"Branimir Jankovi\u0107","date":"17. travnja 2026.","format":false,"excerpt":"Na redovitoj sjednici Vlade RH, 16. travnja 2026., donijet je Zaklju\u010dak kojim se pokre\u0107e znanstveni projekt \u201c\u017drtve ratova i dr\u017eavnog\/politi\u010dkog nasilja u hrvatskoj povijesti 20. stolje\u0107a\u201d. Projekt \u0107e provoditi i koordinirati Hrvatski institut za povijest u razdoblju trajanja projekta od pet godina. Zakljucak Vlade RH Iz teksta projektnog prijedloga: Problematika\u2026","rel":"","context":"U &quot;Novosti&quot;","block_context":{"text":"Novosti","link":"https:\/\/historiografija.hr\/?cat=3"},"img":{"alt_text":"","src":"https:\/\/i0.wp.com\/historiografija.hr\/wp-content\/uploads\/2026\/04\/Vlada-RH.jpg?fit=1200%2C557&ssl=1&resize=350%2C200","width":350,"height":200,"srcset":"https:\/\/i0.wp.com\/historiografija.hr\/wp-content\/uploads\/2026\/04\/Vlada-RH.jpg?fit=1200%2C557&ssl=1&resize=350%2C200 1x, https:\/\/i0.wp.com\/historiografija.hr\/wp-content\/uploads\/2026\/04\/Vlada-RH.jpg?fit=1200%2C557&ssl=1&resize=525%2C300 1.5x, https:\/\/i0.wp.com\/historiografija.hr\/wp-content\/uploads\/2026\/04\/Vlada-RH.jpg?fit=1200%2C557&ssl=1&resize=700%2C400 2x, https:\/\/i0.wp.com\/historiografija.hr\/wp-content\/uploads\/2026\/04\/Vlada-RH.jpg?fit=1200%2C557&ssl=1&resize=1050%2C600 3x"},"classes":[]},{"id":52499,"url":"https:\/\/historiografija.hr\/?p=52499","url_meta":{"origin":20857,"position":2},"title":"POTPISAN UGOVOR O ZNANSTVENO-ISTRA\u017dIVA\u010cKOJ SURADNJI: PROJEKT \u201eTEMELJI HRVATSKE SAMOSTALNOSTI\u201d","author":"Branimir Jankovi\u0107","date":"17. travnja 2026.","format":false,"excerpt":"Hrvatski institut za povijest, Sveu\u010dili\u0161te obrane i sigurnosti \u201eDr. Franjo Tu\u0111man\u201d, Institut dru\u0161tvenih znanosti Ivo Pilar i Hrvatski dr\u017eavni arhiv\u00a0potpisali su 23. o\u017eujka 2026.\u00a0Ugovor o znanstveno-istra\u017eiva\u010dkoj suradnji s ciljem provedbe projekta \u201eTemelji hrvatske samostalnosti\u201d. Tim projektom obuhva\u0107a se istra\u017eivanje arhivskoga gradiva, priprema znanstvenih publikacija, digitalizacija i javna prezentacija rezultata istra\u017eivanja\u2026","rel":"","context":"U &quot;Novosti&quot;","block_context":{"text":"Novosti","link":"https:\/\/historiografija.hr\/?cat=3"},"img":{"alt_text":"","src":"https:\/\/i0.wp.com\/historiografija.hr\/wp-content\/uploads\/2026\/04\/THS_sporazum.jpg?fit=1200%2C583&ssl=1&resize=350%2C200","width":350,"height":200,"srcset":"https:\/\/i0.wp.com\/historiografija.hr\/wp-content\/uploads\/2026\/04\/THS_sporazum.jpg?fit=1200%2C583&ssl=1&resize=350%2C200 1x, https:\/\/i0.wp.com\/historiografija.hr\/wp-content\/uploads\/2026\/04\/THS_sporazum.jpg?fit=1200%2C583&ssl=1&resize=525%2C300 1.5x, https:\/\/i0.wp.com\/historiografija.hr\/wp-content\/uploads\/2026\/04\/THS_sporazum.jpg?fit=1200%2C583&ssl=1&resize=700%2C400 2x, https:\/\/i0.wp.com\/historiografija.hr\/wp-content\/uploads\/2026\/04\/THS_sporazum.jpg?fit=1200%2C583&ssl=1&resize=1050%2C600 3x"},"classes":[]},{"id":52733,"url":"https:\/\/historiografija.hr\/?p=52733","url_meta":{"origin":20857,"position":3},"title":"Vlado Raji\u0107 \u201eGranica na kraju stolje\u0107a\u201c","author":"Filip \u0160imunjak","date":"29. travnja 2026.","format":false,"excerpt":"U suizdanju Durieuxa i Beletre objavljena je 2025. godine knjiga Granica na kraju stolje\u0107a autora Vlade Raji\u0107a.\u00a0 O knjizi\u00a0 Romansirana biografija Vladimira Iblera mnogo je vi\u0161e od zanimljive pri\u010de o privatnom \u017eivotu i impresivnoj profesionalnoj karijeri istaknutog stru\u010dnjaka za me\u0111unarodno pravo i dugo\u00adgodi\u0161njeg profesora na zagreba\u010dkom Pravnom fakultetu, akademika, koji\u2026","rel":"","context":"U &quot;Knjige&quot;","block_context":{"text":"Knjige","link":"https:\/\/historiografija.hr\/?cat=8"},"img":{"alt_text":"","src":"https:\/\/i0.wp.com\/historiografija.hr\/wp-content\/uploads\/2026\/04\/VLADO-RAJIC-GRANICA-NA-KRAJU-STOLJECA.jpg?fit=450%2C650&ssl=1&resize=350%2C200","width":350,"height":200},"classes":[]},{"id":52569,"url":"https:\/\/historiografija.hr\/?p=52569","url_meta":{"origin":20857,"position":4},"title":"[Predavanje] Ne \u010dekaju\u0107i inspiraciju \u2013 anga\u017eovane intelektualne, kulturalne i umetni\u010dke prakse u me\u0111uratnom periodu: teorija i praksa kriti\u010dke levice u jugoslovenskoj kulturi (YugoLab)","author":"Branimir Jankovi\u0107","date":"21. travnja 2026.","format":false,"excerpt":"U vreme agresivnog ja\u010danja globalne desnice, (pro)fa\u0161isti\u010dkih, rasisti\u010dkih i imperijalisti\u010dkih politika, dok je istovremeno globalna levica izrazito slaba, a progresivni pokreti atomizirani i fragmentisani, va\u017eno je iz savremene perspektive vratiti se revolucionarnim i emancipatorskim zbivanjima u jugoslovenskom (ali i s njima u vezi internacionalnim de\u0161avanjima), kao i dru\u0161tvenoj ulozi kulturalnih\u2026","rel":"","context":"U &quot;Novosti&quot;","block_context":{"text":"Novosti","link":"https:\/\/historiografija.hr\/?cat=3"},"img":{"alt_text":"","src":"","width":0,"height":0},"classes":[]},{"id":52607,"url":"https:\/\/historiografija.hr\/?p=52607","url_meta":{"origin":20857,"position":5},"title":"No\u0107 knjige: Kako je prije 410 godina smr\u0107u Shakespearea i Cervantesa zavr\u0161ilo razdoblje renesanse u knji\u017eevnosti","author":"Branimir Jankovi\u0107","date":"22. travnja 2026.","format":false,"excerpt":"\u010cetvrtak, 23. travnja 2026. u 18:00 sati, Knji\u017eara Matice hrvatske, Ulica Matice hrvatske 2, Zagreb Uvodna rije\u010d: dr. sc.\u00a0Dubravka Brezak Stama\u0107, pro\u010delnica Odjela za knji\u017eevnost Matice hrvatske Prof. dr. sc. Ivan Lupi\u0107, redoviti profesor u Odsjeku za anglistiku i Odsjeku za kroatistiku Sveu\u010dili\u0161ta u RijeciShakespeare, kazali\u0161te, glazbaKada se susre\u0107emo sa\u2026","rel":"","context":"U &quot;Novosti&quot;","block_context":{"text":"Novosti","link":"https:\/\/historiografija.hr\/?cat=3"},"img":{"alt_text":"","src":"https:\/\/i0.wp.com\/historiografija.hr\/wp-content\/uploads\/2026\/04\/noc_knjige_2026.jpg?fit=680%2C276&ssl=1&resize=350%2C200","width":350,"height":200,"srcset":"https:\/\/i0.wp.com\/historiografija.hr\/wp-content\/uploads\/2026\/04\/noc_knjige_2026.jpg?fit=680%2C276&ssl=1&resize=350%2C200 1x, https:\/\/i0.wp.com\/historiografija.hr\/wp-content\/uploads\/2026\/04\/noc_knjige_2026.jpg?fit=680%2C276&ssl=1&resize=525%2C300 1.5x"},"classes":[]}],"_links":{"self":[{"href":"https:\/\/historiografija.hr\/index.php?rest_route=\/wp\/v2\/posts\/20857","targetHints":{"allow":["GET"]}}],"collection":[{"href":"https:\/\/historiografija.hr\/index.php?rest_route=\/wp\/v2\/posts"}],"about":[{"href":"https:\/\/historiografija.hr\/index.php?rest_route=\/wp\/v2\/types\/post"}],"author":[{"embeddable":true,"href":"https:\/\/historiografija.hr\/index.php?rest_route=\/wp\/v2\/users\/2"}],"replies":[{"embeddable":true,"href":"https:\/\/historiografija.hr\/index.php?rest_route=%2Fwp%2Fv2%2Fcomments&post=20857"}],"version-history":[{"count":10,"href":"https:\/\/historiografija.hr\/index.php?rest_route=\/wp\/v2\/posts\/20857\/revisions"}],"predecessor-version":[{"id":20867,"href":"https:\/\/historiografija.hr\/index.php?rest_route=\/wp\/v2\/posts\/20857\/revisions\/20867"}],"wp:attachment":[{"href":"https:\/\/historiografija.hr\/index.php?rest_route=%2Fwp%2Fv2%2Fmedia&parent=20857"}],"wp:term":[{"taxonomy":"category","embeddable":true,"href":"https:\/\/historiografija.hr\/index.php?rest_route=%2Fwp%2Fv2%2Fcategories&post=20857"},{"taxonomy":"post_tag","embeddable":true,"href":"https:\/\/historiografija.hr\/index.php?rest_route=%2Fwp%2Fv2%2Ftags&post=20857"}],"curies":[{"name":"wp","href":"https:\/\/api.w.org\/{rel}","templated":true}]}}