{"id":20834,"date":"2020-05-09T14:34:13","date_gmt":"2020-05-09T14:34:13","guid":{"rendered":"http:\/\/historiografija.hr\/?p=20834"},"modified":"2020-05-09T14:34:13","modified_gmt":"2020-05-09T14:34:13","slug":"emmanuel-le-roy-ladurie-histoire-du-climat-depuis-lan-mil-edition-augmentee-dune-nouvelle-preface","status":"publish","type":"post","link":"https:\/\/historiografija.hr\/?p=20834","title":{"rendered":"Emmanuel Le Roy Ladurie, &#8220;Histoire du climat depuis l\u2019an mil&#8221; (\u00c9dition augment\u00e9e d\u2019une nouvelle pr\u00e9face)"},"content":{"rendered":"<p>Objavljeno je 2020. godine novo izdanje knjige &#8220;Povijest klime od 1000. godine&#8221; istaknutog francuskog povjesni\u010dara Emmanuela Le Roy Laduriea, autora poznatog po knjigama &#8220;Les Paysans de Languedoc&#8221; i, osobito, &#8220;Montaillou, village occitan de 1294 a 1324&#8221; (&#8220;Montaju, oksitansko selo od 1294. do 1324.&#8221;, Sremski Karlovci\u2013Novi Sad 1991).<\/p>\n<p>&nbsp;<\/p>\n<p>&#8212;<\/p>\n<p>&nbsp;<\/p>\n<p>Emmanuel Le Roy Ladurie<\/p>\n<p><strong>Histoire du climat depuis l\u2019an mil<\/strong><\/p>\n<p>\u00c9dition augment\u00e9e d\u2019une nouvelle pr\u00e9face<\/p>\n<p>&nbsp;<\/p>\n<p>Comment conna\u00eetre le climat du pass\u00e9 ? Quelle influence les \u00e9volutions climatiques ont-elles exerc\u00e9e sur les grands mouvements sociaux ? sur le paysage ? sur les r\u00e9coltes ? Comment appr\u00e9hender en tant qu\u2019historien la question du r\u00e9chauffement climatique ?<\/p>\n<p>Par ce livre fondateur, Emmanuel Le Roy Ladurie a montr\u00e9 le premier qu\u2019il pouvait y avoir une histoire du climat, en r\u00e9unissant la documentation n\u00e9cessaire pour \u00e9tudier les observations m\u00e9t\u00e9orologiques anciennes, analyser les dates des r\u00e9coltes, scruter les textes, descriptions et repr\u00e9sentations iconographiques des glaciers\u2026<\/p>\n<p>L\u2019historiographie du climat devient ainsi une enqu\u00eate minutieuse et passionnante o\u00f9 l\u2019on chemine entre for\u00eats, vendanges et mers de glace, du Moyen \u00c2ge au r\u00e9chauffement r\u00e9cent en passant par le \u00ab petit \u00e2ge glaciaire \u00bb.<\/p>\n<p>&nbsp;<\/p>\n<p>Champs histoire<\/p>\n<p>Paru le 22\/01\/2020<\/p>\n<p>Genre : Histoire<\/p>\n<p>688 pages<\/p>\n<p>&nbsp;<\/p>\n<p><a href=\"https:\/\/editions.flammarion.com\/Catalogue\/champs-histoire\/histoire-du-climat-depuis-l-an-mil\">https:\/\/editions.flammarion.com\/Catalogue\/champs-histoire\/histoire-du-climat-depuis-l-an-mil<\/a><\/p>\n<p>&nbsp;<\/p>\n","protected":false},"excerpt":{"rendered":"","protected":false},"author":2,"featured_media":20835,"comment_status":"open","ping_status":"open","sticky":false,"template":"","format":"standard","meta":{"_acf_changed":false,"jetpack_post_was_ever_published":false,"_jetpack_newsletter_access":"","_jetpack_dont_email_post_to_subs":false,"_jetpack_newsletter_tier_id":0,"_jetpack_memberships_contains_paywalled_content":false,"_jetpack_memberships_contains_paid_content":false,"footnotes":"","jetpack_publicize_message":"","jetpack_publicize_feature_enabled":true,"jetpack_social_post_already_shared":true,"jetpack_social_options":{"image_generator_settings":{"template":"highway","default_image_id":0,"font":"","enabled":false},"version":2}},"categories":[8,3],"tags":[],"class_list":["post-20834","post","type-post","status-publish","format-standard","has-post-thumbnail","hentry","category-knjige","category-novosti"],"acf":{"facebook_opis":""},"jetpack_publicize_connections":[],"jetpack_featured_media_url":"https:\/\/i0.wp.com\/historiografija.hr\/wp-content\/uploads\/2020\/05\/Le-Roy.jpg?fit=277%2C456&ssl=1","jetpack_sharing_enabled":true,"jetpack-related-posts":[{"id":52616,"url":"https:\/\/historiografija.hr\/?p=52616","url_meta":{"origin":20834,"position":0},"title":"No\u0107 knjige 2026.","author":"Branimir Jankovi\u0107","date":"22. travnja 2026.","format":false,"excerpt":"Slavljeni\u010dka 15. No\u0107 knjige odr\u017eat \u0107e se 23. travnja diljem Hrvatske u povodu Svjetskog dana knjige i autorskih prava te Dana hrvatske knjige. S vi\u0161e od 1.000 prijavljenih programa i akcija s pravom nosi epitet najmasovnije doma\u0107e kulturne manifestacije, a ove \u0107e godine prote\u0107i u znaku mira, razumijevanja, tolerancije, srodnosti\u2026","rel":"","context":"U &quot;Novosti&quot;","block_context":{"text":"Novosti","link":"https:\/\/historiografija.hr\/?cat=3"},"img":{"alt_text":"","src":"https:\/\/i0.wp.com\/historiografija.hr\/wp-content\/uploads\/2026\/04\/noc_knjige_2026.jpg?fit=680%2C276&ssl=1&resize=350%2C200","width":350,"height":200,"srcset":"https:\/\/i0.wp.com\/historiografija.hr\/wp-content\/uploads\/2026\/04\/noc_knjige_2026.jpg?fit=680%2C276&ssl=1&resize=350%2C200 1x, https:\/\/i0.wp.com\/historiografija.hr\/wp-content\/uploads\/2026\/04\/noc_knjige_2026.jpg?fit=680%2C276&ssl=1&resize=525%2C300 1.5x"},"classes":[]},{"id":52592,"url":"https:\/\/historiografija.hr\/?p=52592","url_meta":{"origin":20834,"position":1},"title":"Predstavljanje knjige &#8220;Turska ku\u0107a u Rijeci&#8221; u Zagrebu","author":"Branimir Jankovi\u0107","date":"22. travnja 2026.","format":false,"excerpt":"U prostorijama Turskog kulturnog centra Yunus Emre u Zagrebu, u utorak 21. travnja 2026. godine, odr\u017eano je sve\u010dano predstavljanje dopunjenog izdanja knjige Turska ku\u0107a u Rijeci, u organizaciji Hrvatsko-turskog dru\u0161tva Rijeka i partnerstvu sa Skupinom prijateljstva Hrvatska-Turska Hrvatskog sabora, Veleposlanstvom Republike Turske u Republici Hrvatskoj te Turskim kulturnim centrom Yunus\u2026","rel":"","context":"U &quot;Novosti&quot;","block_context":{"text":"Novosti","link":"https:\/\/historiografija.hr\/?cat=3"},"img":{"alt_text":"","src":"https:\/\/i0.wp.com\/historiografija.hr\/wp-content\/uploads\/2026\/04\/Turska-kuca-ZG.jpg?fit=1200%2C800&ssl=1&resize=350%2C200","width":350,"height":200,"srcset":"https:\/\/i0.wp.com\/historiografija.hr\/wp-content\/uploads\/2026\/04\/Turska-kuca-ZG.jpg?fit=1200%2C800&ssl=1&resize=350%2C200 1x, https:\/\/i0.wp.com\/historiografija.hr\/wp-content\/uploads\/2026\/04\/Turska-kuca-ZG.jpg?fit=1200%2C800&ssl=1&resize=525%2C300 1.5x, https:\/\/i0.wp.com\/historiografija.hr\/wp-content\/uploads\/2026\/04\/Turska-kuca-ZG.jpg?fit=1200%2C800&ssl=1&resize=700%2C400 2x, https:\/\/i0.wp.com\/historiografija.hr\/wp-content\/uploads\/2026\/04\/Turska-kuca-ZG.jpg?fit=1200%2C800&ssl=1&resize=1050%2C600 3x"},"classes":[]}],"_links":{"self":[{"href":"https:\/\/historiografija.hr\/index.php?rest_route=\/wp\/v2\/posts\/20834","targetHints":{"allow":["GET"]}}],"collection":[{"href":"https:\/\/historiografija.hr\/index.php?rest_route=\/wp\/v2\/posts"}],"about":[{"href":"https:\/\/historiografija.hr\/index.php?rest_route=\/wp\/v2\/types\/post"}],"author":[{"embeddable":true,"href":"https:\/\/historiografija.hr\/index.php?rest_route=\/wp\/v2\/users\/2"}],"replies":[{"embeddable":true,"href":"https:\/\/historiografija.hr\/index.php?rest_route=%2Fwp%2Fv2%2Fcomments&post=20834"}],"version-history":[{"count":1,"href":"https:\/\/historiografija.hr\/index.php?rest_route=\/wp\/v2\/posts\/20834\/revisions"}],"predecessor-version":[{"id":20836,"href":"https:\/\/historiografija.hr\/index.php?rest_route=\/wp\/v2\/posts\/20834\/revisions\/20836"}],"wp:featuredmedia":[{"embeddable":true,"href":"https:\/\/historiografija.hr\/index.php?rest_route=\/wp\/v2\/media\/20835"}],"wp:attachment":[{"href":"https:\/\/historiografija.hr\/index.php?rest_route=%2Fwp%2Fv2%2Fmedia&parent=20834"}],"wp:term":[{"taxonomy":"category","embeddable":true,"href":"https:\/\/historiografija.hr\/index.php?rest_route=%2Fwp%2Fv2%2Fcategories&post=20834"},{"taxonomy":"post_tag","embeddable":true,"href":"https:\/\/historiografija.hr\/index.php?rest_route=%2Fwp%2Fv2%2Ftags&post=20834"}],"curies":[{"name":"wp","href":"https:\/\/api.w.org\/{rel}","templated":true}]}}