{"id":2076,"date":"2016-04-05T22:00:05","date_gmt":"2016-04-05T22:00:05","guid":{"rendered":"http:\/\/historiografija.hr\/?p=2076"},"modified":"2016-04-05T22:00:05","modified_gmt":"2016-04-05T22:00:05","slug":"premijera-nove-hrt-ove-dokumentarne-serije-republika","status":"publish","type":"post","link":"https:\/\/historiografija.hr\/?p=2076","title":{"rendered":"Premijera nove HRT-ove dokumentarne serije Republika"},"content":{"rendered":"<p class=\"MsoNormal\" align=\"justify\">Devedeset godina Hrvatskoga radija i \u0161ezdeset godina Hrvatske televizije zna\u010dajna je obljetnica u okviru koje najavljujemo novi veliki projekt.<\/p>\n<p class=\"MsoNormal\" align=\"justify\">&nbsp;<\/p>\n<p class=\"MsoNormal\" align=\"justify\">U petak 8. travnja u<span style=\"mso-spacerun:yes\">&nbsp; <\/span>Koncertnoj dvorani Vatroslava Lisinskog u 20 sati odr\u017eat \u0107e se premijera dugoo\u010dekivane dokumentarne serije Hrvatske radiotelevizije (HRT) Republika. Autor Bo\u017eidar Domagoj Buri\u0107 tom nas serijom vodi u povijest jednoga od najve\u0107ih fenomena hrvatske i svjetske povijesti \u2013 Dubrova\u010dke Republike.<\/p>\n<p class=\"MsoNormal\" align=\"justify\">&nbsp;<\/p>\n<p class=\"MsoNormal\" align=\"justify\">Ovjekovje\u010den u mnogim filmskim i televizijskim projektima Dubrovnik je oduvijek bio jedinstvena filmska kulisa. Serija Republika nudi ne\u0161to novo: u njoj je Dubrovnik tema i glavni lik, ka\u017ee autor serije i dodaje: Veseli me \u0161to je pretpremijera serije bila u gradu u kojemu sam odrastao <span style=\"font-family:&quot;Cambria Math&quot;,&quot;serif&quot;;mso-bidi-font-family:&quot;Cambria Math&quot;\">\u2012<\/span><span style=\"mso-ascii-font-family:Calibri;mso-hansi-font-family:Calibri;mso-bidi-font-family: Calibri\"> Dubrovniku, kao i to \u0161to \u0107e velika sve\u010dana premijera biti u gradu u kojemu sam ro\u0111en <\/span><span style=\"font-family:&quot;Cambria Math&quot;,&quot;serif&quot;; mso-bidi-font-family:&quot;Cambria Math&quot;\">\u2012<\/span><span style=\"mso-ascii-font-family: Calibri;mso-hansi-font-family:Calibri;mso-bidi-font-family:Calibri\">Zagrebu. Serija ima \u0161est epizoda u trajanju od pedeset minuta.<\/span><\/p>\n<p class=\"MsoNormal\" align=\"justify\">&nbsp;<\/p>\n<p class=\"MsoNormal\" align=\"justify\">Prva epizoda, pod naslovom Mali me\u0111u velikima, donosi pregled dubrova\u010dke povijesti od sredine 14. stolje\u0107a, kad se Dubrovnik osloba\u0111a mleta\u010dke prevlasti i po\u010dinje \u017eivjeti kao neovisan grad dr\u017eava te ubrzo dobiva odrednicu republika, do po\u010detka 19. stolje\u0107a, kad u europskim previranjima izazvanima Francuskom revolucijom i napoleonskim ratovima Dubrova\u010dka Republika prestaje postojati kao me\u0111unarodni subjekt.<\/p>\n<p class=\"MsoNormal\" align=\"justify\">&nbsp;<\/p>\n<p class=\"MsoNormal\" align=\"justify\">Druga epizoda bavi se nekim podru\u010djima svakodnevnoga \u017eivota Grada i Republike poput medicine, obitelji, stanovanja i ljetnikovaca. Gledatelji \u0107e mo\u0107i zaviriti i u dubrova\u010dke kasnosrednjovjekovne kr\u010dme. Temeljem podataka iz kaznenih spisa Dubrova\u010dke Republike upoznat \u0107emo neke vrlo \u017eivopisne likove i njihove probleme s alkoholom te zaviriti u bordele iz 17. stolje\u0107a. Saznat \u0107emo sve i o apokalipti\u010dnome jutru 6. travnja 1667., kad je razorni potres gotovo potpuno uni\u0161tio Grad.<\/p>\n<p class=\"MsoNormal\" align=\"justify\">&nbsp;<\/p>\n<p class=\"MsoNormal\" align=\"justify\">Tre\u0107a epizoda pokazuje o\u010daravaju\u0107i svijet odnosa s okolnim svijetom, s posebnim naglaskom na glasovitu dubrova\u010dku diplomaciju, ali i na manje poznatu \u010dinjenicu da je Dubrovnik bio jedno od najva\u017enijih europskih obavje\u0161tajnih \u010dvori\u0161ta u 16. i 17. stolje\u0107u. Upoznat \u0107emo, stoga, najpoznatije dubrova\u010dke \u0161pijune i njihovo djelovanje. Doznat \u0107emo tko je bio \u010diji igra\u010d u Dubrovniku sredinom 16. stolje\u0107a. Vidjet \u0107emo i dosad nikad pokazanu \u0161ifriranu obavje\u0161tajnu prepisku dubrova\u010dkoga patricija Marina Zamanje s Karlom V., carem Svetoga Rimskog Carstva te velikim za\u0161titnikom i prijateljem Dubrovnika.<\/p>\n<p class=\"MsoNormal\" align=\"justify\">&nbsp;<\/p>\n<p class=\"MsoNormal\" align=\"justify\">\u010cetvrta epizoda, pod naslovom Sustav, pokazat \u0107e jednostavnost i u\u010dinkovitost unutarnjega ustrojstva dubrova\u010dke dr\u017eave. Stari su Dubrov\u010dani ve\u0107 prije vi\u0161e od pola tisu\u0107lje\u0107a znali \u2013 i to dosljedno provodili \u2013 da je op\u0107i interes iznad osobnoga i da se sloboda ne prodaje ni za sva blaga na svijetu te shvatili sve opasnosti kulta li\u010dnosti. U ovoj \u0107emo epizodi upoznati jedinstvene mehanizme koji su se stolje\u0107ima stvarali i usavr\u0161avali kako bi se o\u010duvali sloboda i napredak.<\/p>\n<p class=\"MsoNormal\" align=\"justify\">&nbsp;<\/p>\n<p class=\"MsoNormal\" align=\"justify\">&nbsp;<\/p>\n<p class=\"MsoNormal\" align=\"justify\">&nbsp;<\/p>\n<p class=\"MsoNormal\" align=\"justify\">Peta epizoda donosi kratke \u017eivotopise petorice znamenitih Dubrov\u010dana. Vidjet \u0107emo genijalnoga Ru\u0111era Bo\u0161kovi\u0107a kako spa\u0161ava kupolu crkve svetoga Petra u Rimu od propadanja. Vidjet \u0107emo premijerne izvedbe djela buntovnoga barda hrvatske knji\u017eevnosti Marina Dr\u017ei\u0107a. Gledat \u0107emo matemati\u010dkoga virtuoza Marina Getaldi\u0107a kako se dopisuje sa slavnim Galileom. Serija \u0107e uprizoriti glasovite glazbene ve\u010deri melankoli\u010dnoga skladatelja i diplomata Luke Sorko\u010devi\u0107a te \u017eivotni put i sjajnu karijeru jednoga od najva\u017enijih ekonomista svih vremena, oca dvostavnoga knjigovodstva, Dubrov\u010danina Benedikta Kotrulja.<\/p>\n<p class=\"MsoNormal\" align=\"justify\">&nbsp;<\/p>\n<p class=\"MsoNormal\" align=\"justify\">U \u0161estoj epizodi upoznat \u0107emo sve najva\u017enije dubrova\u010dke gra\u0111evine i pokazati nemjerljivo bogatstvo materijalne ostav\u0161tine Dubrovnika. Malo je mjesta na svijetu koja na tako malome prostoru imaju toliko va\u017enih spomenika<\/p>\n<p class=\"MsoNormal\" align=\"justify\">&nbsp;<\/p>\n<p class=\"MsoNormal\" align=\"justify\">Na seriji Republika radilo je gotovo tisu\u0107u marljivih ljudi, sa\u0161ivene su stotine prekrasnih kostima, kombinacijom scenske gradnje i najmodernije ra\u010dunalne tehnologije izgra\u0111ene su stotine povijesnih interijera i eksterijera, uprizorene drevne bitke, a sve u jednome cilju: ponuditi hrvatskim i stranim gledateljima vrijedno obrazovno i umjetni\u010dko \u0161tivo kako bi na najbolji mogu\u0107i na\u010din upoznali povijest ovoga dragulja hrvatske i svjetske povijesti, o seriji ka\u017ee Bo\u017eidar Domagoj Buri\u0107.<\/p>\n<p class=\"MsoNormal\" align=\"justify\">&nbsp;<\/p>\n<p class=\"MsoNormal\" align=\"justify\">Scenarist i redatelj serije je Bo\u017eidar Domagoj Buri\u0107, izvr\u0161na producentica Marija Kosor, monta\u017eer Dubravko Prugove\u010dki, direktor fotografije Branko Cahun, kostimografkinja Jasna Zvonkovi\u0107, skladatelj Bo\u017eidar Domagoj Buri\u0107, a majstorica maske Snje\u017eana Gorup.<\/p>\n<p class=\"MsoNormal\" align=\"justify\">&nbsp;<\/p>\n<p class=\"MsoNormal\" align=\"justify\">Emitiranje serije na Prvome programu Hrvatske televizije (HRT \u2013 HTV 1) po\u010dinje u ponedjeljak 18. travnja u 20 sati, a mo\u0107i \u0107e se pratiti i s pomo\u0107u nove HRT-ove multimedijske usluge HRTi.<\/p>\n<p class=\"MsoNormal\" align=\"justify\">&nbsp;<\/p>\n<p class=\"MsoNormal\" align=\"justify\">Izvor: http:\/\/hrtprikazuje.hrt.hr\/329334\/premijera-nove-hrt-ove-dokumentarne-serije-republika-3<\/p>\n","protected":false},"excerpt":{"rendered":"","protected":false},"author":1,"featured_media":0,"comment_status":"open","ping_status":"open","sticky":false,"template":"","format":"standard","meta":{"_acf_changed":false,"jetpack_post_was_ever_published":false,"_jetpack_newsletter_access":"","_jetpack_dont_email_post_to_subs":false,"_jetpack_newsletter_tier_id":0,"_jetpack_memberships_contains_paywalled_content":false,"_jetpack_memberships_contains_paid_content":false,"footnotes":"","jetpack_publicize_message":"","jetpack_publicize_feature_enabled":true,"jetpack_social_post_already_shared":false,"jetpack_social_options":{"image_generator_settings":{"template":"highway","default_image_id":0,"font":"","enabled":false},"version":2}},"categories":[3],"tags":[],"class_list":["post-2076","post","type-post","status-publish","format-standard","hentry","category-novosti"],"acf":{"facebook_opis":""},"jetpack_publicize_connections":[],"jetpack_featured_media_url":"","jetpack_sharing_enabled":true,"jetpack-related-posts":[{"id":52547,"url":"https:\/\/historiografija.hr\/?p=52547","url_meta":{"origin":2076,"position":0},"title":"ISHA Zagreb \u2013 Filmska ve\u010der: Povratak Martina Guerrea","author":"Branimir Jankovi\u0107","date":"20. travnja 2026.","format":false,"excerpt":"Klub studenata povijesti \u2013 ISHA Zagreb poziva Vas na filmsku ve\u010der na kojoj \u0107e se prikazivati \u201ePovratak Martina Guerrea\u201c, povijesna drama iz 1982. godine s radnjom smje\u0161tenom u 16. stolje\u0107u. Radnja je utemeljena na stvarnoj povijesnoj li\u010dnosti Martina Guerrea koji se nakon mnogo godina izbivanja vra\u0107a u svoje rodno mjesto\u2026","rel":"","context":"U &quot;Filmovi i serije&quot;","block_context":{"text":"Filmovi i serije","link":"https:\/\/historiografija.hr\/?cat=13"},"img":{"alt_text":"","src":"https:\/\/i0.wp.com\/historiografija.hr\/wp-content\/uploads\/2026\/04\/M-Guerre.png?fit=702%2C1006&ssl=1&resize=350%2C200","width":350,"height":200,"srcset":"https:\/\/i0.wp.com\/historiografija.hr\/wp-content\/uploads\/2026\/04\/M-Guerre.png?fit=702%2C1006&ssl=1&resize=350%2C200 1x, https:\/\/i0.wp.com\/historiografija.hr\/wp-content\/uploads\/2026\/04\/M-Guerre.png?fit=702%2C1006&ssl=1&resize=525%2C300 1.5x, https:\/\/i0.wp.com\/historiografija.hr\/wp-content\/uploads\/2026\/04\/M-Guerre.png?fit=702%2C1006&ssl=1&resize=700%2C400 2x"},"classes":[]},{"id":52631,"url":"https:\/\/historiografija.hr\/?p=52631","url_meta":{"origin":2076,"position":1},"title":"Predavanje Ivana Tepe\u0161a: Djelovanje hrvatske politi\u010dke emigracije","author":"Branimir Jankovi\u0107","date":"23. travnja 2026.","format":false,"excerpt":"Odjel za me\u0111unarodnu suradnju i iseljeni\u0161tvo Matice hrvatske Predavanje Ivana Tepe\u0161a: Djelovanje hrvatske politi\u010dke emigracije Utorak, 28. travnja 2026. u 18:00 sati, Dvorana Ljudevita Jonkea (Mala dvorana MH), Strossmayerov trg 4, Zagreb dr. sc. Ivan Tepe\u0161, Institut za istra\u017eivanje migracija Hrvatska politi\u010dka emigracija obilje\u017eila je polustoljetnu hrvatsku povijest u drugoj\u2026","rel":"","context":"U &quot;Novosti&quot;","block_context":{"text":"Novosti","link":"https:\/\/historiografija.hr\/?cat=3"},"img":{"alt_text":"","src":"","width":0,"height":0},"classes":[]},{"id":52505,"url":"https:\/\/historiografija.hr\/?p=52505","url_meta":{"origin":2076,"position":2},"title":"Izlo\u017eba &#8220;Eschenstock \/ Jasenov prut&#8221;","author":"Branimir Jankovi\u0107","date":"17. travnja 2026.","format":false,"excerpt":"Srpsko narodno vije\u0107e (SNV) i Vizura aperta postavljaju izlo\u017ebu \u0161vicarskog slikara Velimira Ili\u0161evi\u0107a: Eschenstock \/ Jasenov prut. Izlo\u017eba se uz prisustvo autora otvara povodom 81. godi\u0161njice proboja logora\u0161a iz usta\u0161kog logora smrti Jasenovac 22. aprila 2026. u 19 sati u Srpskom kulturnom centru (SKC) u Preradovi\u0107evoj ulici 21 u Zagrebu.\u2026","rel":"","context":"U &quot;Izlo\u017ebe&quot;","block_context":{"text":"Izlo\u017ebe","link":"https:\/\/historiografija.hr\/?cat=10"},"img":{"alt_text":"","src":"https:\/\/i0.wp.com\/historiografija.hr\/wp-content\/uploads\/2026\/04\/Jasenov_prut.jpg?fit=1024%2C640&ssl=1&resize=350%2C200","width":350,"height":200,"srcset":"https:\/\/i0.wp.com\/historiografija.hr\/wp-content\/uploads\/2026\/04\/Jasenov_prut.jpg?fit=1024%2C640&ssl=1&resize=350%2C200 1x, https:\/\/i0.wp.com\/historiografija.hr\/wp-content\/uploads\/2026\/04\/Jasenov_prut.jpg?fit=1024%2C640&ssl=1&resize=525%2C300 1.5x, https:\/\/i0.wp.com\/historiografija.hr\/wp-content\/uploads\/2026\/04\/Jasenov_prut.jpg?fit=1024%2C640&ssl=1&resize=700%2C400 2x"},"classes":[]},{"id":52607,"url":"https:\/\/historiografija.hr\/?p=52607","url_meta":{"origin":2076,"position":3},"title":"No\u0107 knjige: Kako je prije 410 godina smr\u0107u Shakespearea i Cervantesa zavr\u0161ilo razdoblje renesanse u knji\u017eevnosti","author":"Branimir Jankovi\u0107","date":"22. travnja 2026.","format":false,"excerpt":"\u010cetvrtak, 23. travnja 2026. u 18:00 sati, Knji\u017eara Matice hrvatske, Ulica Matice hrvatske 2, Zagreb Uvodna rije\u010d: dr. sc.\u00a0Dubravka Brezak Stama\u0107, pro\u010delnica Odjela za knji\u017eevnost Matice hrvatske Prof. dr. sc. Ivan Lupi\u0107, redoviti profesor u Odsjeku za anglistiku i Odsjeku za kroatistiku Sveu\u010dili\u0161ta u RijeciShakespeare, kazali\u0161te, glazbaKada se susre\u0107emo sa\u2026","rel":"","context":"U &quot;Novosti&quot;","block_context":{"text":"Novosti","link":"https:\/\/historiografija.hr\/?cat=3"},"img":{"alt_text":"","src":"https:\/\/i0.wp.com\/historiografija.hr\/wp-content\/uploads\/2026\/04\/noc_knjige_2026.jpg?fit=680%2C276&ssl=1&resize=350%2C200","width":350,"height":200,"srcset":"https:\/\/i0.wp.com\/historiografija.hr\/wp-content\/uploads\/2026\/04\/noc_knjige_2026.jpg?fit=680%2C276&ssl=1&resize=350%2C200 1x, https:\/\/i0.wp.com\/historiografija.hr\/wp-content\/uploads\/2026\/04\/noc_knjige_2026.jpg?fit=680%2C276&ssl=1&resize=525%2C300 1.5x"},"classes":[]},{"id":52502,"url":"https:\/\/historiografija.hr\/?p=52502","url_meta":{"origin":2076,"position":4},"title":"Novi znanstveni projekt Hrvatskog instituta za povijest: \u201c\u017drtve ratova i dr\u017eavnog\/politi\u010dkog nasilja u hrvatskoj povijesti 20. stolje\u0107a\u201d","author":"Branimir Jankovi\u0107","date":"17. travnja 2026.","format":false,"excerpt":"Na redovitoj sjednici Vlade RH, 16. travnja 2026., donijet je Zaklju\u010dak kojim se pokre\u0107e znanstveni projekt \u201c\u017drtve ratova i dr\u017eavnog\/politi\u010dkog nasilja u hrvatskoj povijesti 20. stolje\u0107a\u201d. Projekt \u0107e provoditi i koordinirati Hrvatski institut za povijest u razdoblju trajanja projekta od pet godina. Zakljucak Vlade RH Iz teksta projektnog prijedloga: Problematika\u2026","rel":"","context":"U &quot;Novosti&quot;","block_context":{"text":"Novosti","link":"https:\/\/historiografija.hr\/?cat=3"},"img":{"alt_text":"","src":"https:\/\/i0.wp.com\/historiografija.hr\/wp-content\/uploads\/2026\/04\/Vlada-RH.jpg?fit=1200%2C557&ssl=1&resize=350%2C200","width":350,"height":200,"srcset":"https:\/\/i0.wp.com\/historiografija.hr\/wp-content\/uploads\/2026\/04\/Vlada-RH.jpg?fit=1200%2C557&ssl=1&resize=350%2C200 1x, https:\/\/i0.wp.com\/historiografija.hr\/wp-content\/uploads\/2026\/04\/Vlada-RH.jpg?fit=1200%2C557&ssl=1&resize=525%2C300 1.5x, https:\/\/i0.wp.com\/historiografija.hr\/wp-content\/uploads\/2026\/04\/Vlada-RH.jpg?fit=1200%2C557&ssl=1&resize=700%2C400 2x, https:\/\/i0.wp.com\/historiografija.hr\/wp-content\/uploads\/2026\/04\/Vlada-RH.jpg?fit=1200%2C557&ssl=1&resize=1050%2C600 3x"},"classes":[]},{"id":52616,"url":"https:\/\/historiografija.hr\/?p=52616","url_meta":{"origin":2076,"position":5},"title":"No\u0107 knjige 2026.","author":"Branimir Jankovi\u0107","date":"22. travnja 2026.","format":false,"excerpt":"Slavljeni\u010dka 15. No\u0107 knjige odr\u017eat \u0107e se 23. travnja diljem Hrvatske u povodu Svjetskog dana knjige i autorskih prava te Dana hrvatske knjige. S vi\u0161e od 1.000 prijavljenih programa i akcija s pravom nosi epitet najmasovnije doma\u0107e kulturne manifestacije, a ove \u0107e godine prote\u0107i u znaku mira, razumijevanja, tolerancije, srodnosti\u2026","rel":"","context":"U &quot;Novosti&quot;","block_context":{"text":"Novosti","link":"https:\/\/historiografija.hr\/?cat=3"},"img":{"alt_text":"","src":"https:\/\/i0.wp.com\/historiografija.hr\/wp-content\/uploads\/2026\/04\/noc_knjige_2026.jpg?fit=680%2C276&ssl=1&resize=350%2C200","width":350,"height":200,"srcset":"https:\/\/i0.wp.com\/historiografija.hr\/wp-content\/uploads\/2026\/04\/noc_knjige_2026.jpg?fit=680%2C276&ssl=1&resize=350%2C200 1x, https:\/\/i0.wp.com\/historiografija.hr\/wp-content\/uploads\/2026\/04\/noc_knjige_2026.jpg?fit=680%2C276&ssl=1&resize=525%2C300 1.5x"},"classes":[]}],"_links":{"self":[{"href":"https:\/\/historiografija.hr\/index.php?rest_route=\/wp\/v2\/posts\/2076","targetHints":{"allow":["GET"]}}],"collection":[{"href":"https:\/\/historiografija.hr\/index.php?rest_route=\/wp\/v2\/posts"}],"about":[{"href":"https:\/\/historiografija.hr\/index.php?rest_route=\/wp\/v2\/types\/post"}],"author":[{"embeddable":true,"href":"https:\/\/historiografija.hr\/index.php?rest_route=\/wp\/v2\/users\/1"}],"replies":[{"embeddable":true,"href":"https:\/\/historiografija.hr\/index.php?rest_route=%2Fwp%2Fv2%2Fcomments&post=2076"}],"version-history":[{"count":0,"href":"https:\/\/historiografija.hr\/index.php?rest_route=\/wp\/v2\/posts\/2076\/revisions"}],"wp:attachment":[{"href":"https:\/\/historiografija.hr\/index.php?rest_route=%2Fwp%2Fv2%2Fmedia&parent=2076"}],"wp:term":[{"taxonomy":"category","embeddable":true,"href":"https:\/\/historiografija.hr\/index.php?rest_route=%2Fwp%2Fv2%2Fcategories&post=2076"},{"taxonomy":"post_tag","embeddable":true,"href":"https:\/\/historiografija.hr\/index.php?rest_route=%2Fwp%2Fv2%2Ftags&post=2076"}],"curies":[{"name":"wp","href":"https:\/\/api.w.org\/{rel}","templated":true}]}}