{"id":20702,"date":"2020-05-05T11:41:41","date_gmt":"2020-05-05T11:41:41","guid":{"rendered":"http:\/\/historiografija.hr\/?p=20702"},"modified":"2020-05-05T14:03:36","modified_gmt":"2020-05-05T14:03:36","slug":"valerie-igounet-le-negationnisme-en-france","status":"publish","type":"post","link":"https:\/\/historiografija.hr\/?p=20702","title":{"rendered":"Val\u00e9rie Igounet, &#8220;Le n\u00e9gationnisme en France&#8221;"},"content":{"rendered":"<p>Francuski izdava\u010d Puf objavio je 2020. godine knjigu povjesni\u010dara Val\u00e9riea Igouneta o sedamdesetogodi\u0161njoj povijesti negacionizma u Francuskoj, gdje se odnosi na optu\u017eivanje \u017didova za izmi\u0161ljanje genocida, a kao novi oblik antisemitizma obuhva\u0107a razli\u010dite politi\u010dke i dru\u0161tvene aktere te se osobito \u0161iri internetom.<\/p>\n<p>&nbsp;<\/p>\n<p>&#8212;<\/p>\n<p>&nbsp;<\/p>\n<p><strong>Le n\u00e9gationnisme en France<\/strong><\/p>\n<p>Val\u00e9rie Igounet<\/p>\n<p>&nbsp;<\/p>\n<p>Collection: <strong>Que sais-je?<\/strong><\/p>\n<p>Discipline: <strong>Histoire et Art<\/strong><\/p>\n<p>Cat\u00e9gorie: Livre<\/p>\n<p>Date de parution: 05\/02\/2020<\/p>\n<p>&nbsp;<\/p>\n<p><strong>R\u00e9sum\u00e9<\/strong><\/p>\n<p>Le n\u00e9gationnisme affirme que les Juifs ont invent\u00e9 leur g\u00e9nocide afin de culpabiliser l\u2019Occident et de permettre la cr\u00e9ation de l\u2019\u00c9tat d\u2019Isra\u00ebl. Cette nouvelle forme d\u2019antis\u00e9mitisme ne se contente pas de nier la r\u00e9alit\u00e9 historique. Elle l\u2019inverse. D\u00e9douanant Vichy et le nazisme de leurs crimes, elle accuse les Juifs d\u2019\u00eatre de criminels \u00ab mystificateurs \u00bb. Le n\u00e9gationnisme r\u00e9actualise ainsi le mythe du \u00ab complot juif international \u00bb.<\/p>\n<p>Ce discours, apparu en France en 1948, est diffus\u00e9 \u00e0 une plus large \u00e9chelle par l\u2019essor d\u2019Internet depuis le d\u00e9but du XXI<sup>e<\/sup>\u00a0si\u00e8cle. Val\u00e9rie Igounet en retrace l\u2019histoire et en explore les multiples avatars, jusqu\u2019aux plus r\u00e9cents, revenant sur les itin\u00e9raires de certains id\u00e9ologues de ce qui n\u2019est rien de moins qu\u2019une propagande politique.<\/p>\n<p>&nbsp;<\/p>\n<p><strong>Caract\u00e9ristiques<\/strong><\/p>\n<p>Nombre de pages:\u00a0128<\/p>\n<p>Code ISBN:\u00a0978-2-7154-0093-1<\/p>\n<p>Num\u00e9ro de tome:\u00a04178<\/p>\n<p>Num\u00e9ro d&#8217;\u00e9dition:\u00a01<\/p>\n<p>Format\u00a0: 11.5 x 17.6 cm<\/p>\n<p>&nbsp;<\/p>\n<p><strong>Sommaire<\/strong><\/p>\n<p><strong>Introduction<\/strong><\/p>\n<p>Chapitre premier \u2013\u00a0<strong>L\u2019apparition du n\u00e9gationnisme (1948\u20111967)<\/strong><br \/>\nI. \u00c0 l\u2019origine du n\u00e9gationnisme, Maurice Bard\u00e8che<br \/>\nII. Paul Rassinier, le l\u00e9gitimateur vu comme l\u2019initiateur<br \/>\nIII. L\u2019ann\u00e9e 1967 : un tournant id\u00e9ologique<\/p>\n<p>Chapitre II \u2013\u00a0<strong>Le deuxi\u00e8me \u00e2ge du n\u00e9gationnisme (1967\u20111978)<\/strong><br \/>\nI. Des publications et r\u00e9f\u00e9rences majeures<br \/>\nII. FN et n\u00e9gationnisme : le d\u00e9but d\u2019une histoire<br \/>\nIII. Les pr\u00e9mices de l\u2019affaire Faurisson<\/p>\n<p>Chapitre III \u2013\u00a0<strong>L\u2019affaire Faurisson (1978\u20111985)<\/strong><br \/>\nI. Qui est Robert Faurisson ?<br \/>\nII. Un n\u00e9gationnisme \u00ab technique \u00bb<br \/>\nIII. Un n\u00e9gationnisme \u00ab r\u00e9volutionnaire \u00bb<br \/>\nIV. FN et n\u00e9gationnisme : suite de l\u2019histoire<\/p>\n<p>Chapitre IV \u2013\u00a0<strong>Le quatri\u00e8me \u00e2ge du n\u00e9gationnisme (1985\u20112000)<\/strong><br \/>\nI. Face au n\u00e9gationnisme, l\u2019histoire et la loi ?<br \/>\nII. FN et n\u00e9gationnisme : fin de l\u2019histoire ?<br \/>\nIII. Nouveaux acteurs<\/p>\n<p>Chapitre V \u2013\u00a0<strong>L\u2019internationalisation et l\u2019exportation du n\u00e9gationnisme (2000\u20112020)<\/strong><br \/>\nI. Convergences entre complotistes et n\u00e9gationnistes<br \/>\nII. Les protagonistes de la complosph\u00e8re n\u00e9gationniste<br \/>\nIII. Le \u00ab verrou \u00bb frontiste<br \/>\nIV. Les h\u00e9ritiers de Robert Faurisson<\/p>\n<p><strong>Conclusion<\/strong><\/p>\n<p><strong>Remerciements<\/strong><\/p>\n<p><strong>Bibliographie<\/strong><\/p>\n<p><strong>\u00a0<\/strong><\/p>\n<p><strong>Autour de l&#8217;auteur<\/strong><\/p>\n<p>Docteur en histoire contemporaine, Val\u00e9rie Igounet est directrice adjointe de l\u2019Observatoire du conspirationnisme. Elle est notamment l\u2019auteur d\u2019une\u00a0<em>Histoire du n\u00e9gationnisme en France<\/em>\u00a0(Seuil, 2000) et de\u00a0<em>Le Front national de 1972 \u00e0 nos jours. <\/em><em>Le parti, les hommes, les id\u00e9es\u00a0<\/em>(Seuil, 2014).<\/p>\n<p>&nbsp;<\/p>\n<p><a href=\"https:\/\/www.puf.com\/content\/Le_n%C3%A9gationnisme_en_France\">https:\/\/www.puf.com\/content\/Le_n%C3%A9gationnisme_en_France<\/a><\/p>\n<p>&nbsp;<\/p>\n<p>&nbsp;<\/p>\n","protected":false},"excerpt":{"rendered":"","protected":false},"author":2,"featured_media":20703,"comment_status":"open","ping_status":"open","sticky":false,"template":"","format":"standard","meta":{"_acf_changed":false,"jetpack_post_was_ever_published":false,"_jetpack_newsletter_access":"","_jetpack_dont_email_post_to_subs":false,"_jetpack_newsletter_tier_id":0,"_jetpack_memberships_contains_paywalled_content":false,"_jetpack_memberships_contains_paid_content":false,"footnotes":"","jetpack_publicize_message":"","jetpack_publicize_feature_enabled":true,"jetpack_social_post_already_shared":true,"jetpack_social_options":{"image_generator_settings":{"template":"highway","default_image_id":0,"font":"","enabled":false},"version":2}},"categories":[8,3],"tags":[],"class_list":["post-20702","post","type-post","status-publish","format-standard","has-post-thumbnail","hentry","category-knjige","category-novosti"],"acf":{"facebook_opis":""},"jetpack_publicize_connections":[],"jetpack_featured_media_url":"https:\/\/i0.wp.com\/historiografija.hr\/wp-content\/uploads\/2020\/05\/Igounet.jpg?fit=292%2C446&ssl=1","jetpack_sharing_enabled":true,"jetpack-related-posts":[{"id":52628,"url":"https:\/\/historiografija.hr\/?p=52628","url_meta":{"origin":20702,"position":0},"title":"Predavanje dopisnog \u010dlana HAZU Alaina Finkielkrauta Izrael, Europa, antisemitizam","author":"Branimir Jankovi\u0107","date":"23. travnja 2026.","format":false,"excerpt":"Francuski filozof Alain Finkielkraut, redoviti \u010dlan Francuske akademije i dopisni \u010dlan HAZU, odr\u017eat \u0107e predavanje\u00a0Izrael, Europa, antisemitizam u utorak 28. travnja 2026. u 13 sati u Knji\u017enici HAZU,\u00a0Strossmayerov trg 14 u Zagrebu. Uvodne rije\u010di odr\u017eat \u0107e\u00a0akademkinja \u017deljka \u010corak i\u00a0akademik Dra\u017een Katunari\u0107. Predavanje \u0107e se odr\u017eati na francuskom jeziku uz konsekutivno\u2026","rel":"","context":"U &quot;Novosti&quot;","block_context":{"text":"Novosti","link":"https:\/\/historiografija.hr\/?cat=3"},"img":{"alt_text":"","src":"https:\/\/i0.wp.com\/historiografija.hr\/wp-content\/uploads\/2026\/04\/Alain_Finkielkraut.jpg?fit=350%2C407&ssl=1&resize=350%2C200","width":350,"height":200},"classes":[]},{"id":52631,"url":"https:\/\/historiografija.hr\/?p=52631","url_meta":{"origin":20702,"position":1},"title":"Predavanje Ivana Tepe\u0161a: Djelovanje hrvatske politi\u010dke emigracije","author":"Branimir Jankovi\u0107","date":"23. travnja 2026.","format":false,"excerpt":"Odjel za me\u0111unarodnu suradnju i iseljeni\u0161tvo Matice hrvatske Predavanje Ivana Tepe\u0161a: Djelovanje hrvatske politi\u010dke emigracije Utorak, 28. travnja 2026. u 18:00 sati, Dvorana Ljudevita Jonkea (Mala dvorana MH), Strossmayerov trg 4, Zagreb dr. sc. Ivan Tepe\u0161, Institut za istra\u017eivanje migracija Hrvatska politi\u010dka emigracija obilje\u017eila je polustoljetnu hrvatsku povijest u drugoj\u2026","rel":"","context":"U &quot;Novosti&quot;","block_context":{"text":"Novosti","link":"https:\/\/historiografija.hr\/?cat=3"},"img":{"alt_text":"","src":"","width":0,"height":0},"classes":[]},{"id":52505,"url":"https:\/\/historiografija.hr\/?p=52505","url_meta":{"origin":20702,"position":2},"title":"Izlo\u017eba &#8220;Eschenstock \/ Jasenov prut&#8221;","author":"Branimir Jankovi\u0107","date":"17. travnja 2026.","format":false,"excerpt":"Srpsko narodno vije\u0107e (SNV) i Vizura aperta postavljaju izlo\u017ebu \u0161vicarskog slikara Velimira Ili\u0161evi\u0107a: Eschenstock \/ Jasenov prut. Izlo\u017eba se uz prisustvo autora otvara povodom 81. godi\u0161njice proboja logora\u0161a iz usta\u0161kog logora smrti Jasenovac 22. aprila 2026. u 19 sati u Srpskom kulturnom centru (SKC) u Preradovi\u0107evoj ulici 21 u Zagrebu.\u2026","rel":"","context":"U &quot;Izlo\u017ebe&quot;","block_context":{"text":"Izlo\u017ebe","link":"https:\/\/historiografija.hr\/?cat=10"},"img":{"alt_text":"","src":"https:\/\/i0.wp.com\/historiografija.hr\/wp-content\/uploads\/2026\/04\/Jasenov_prut.jpg?fit=1024%2C640&ssl=1&resize=350%2C200","width":350,"height":200,"srcset":"https:\/\/i0.wp.com\/historiografija.hr\/wp-content\/uploads\/2026\/04\/Jasenov_prut.jpg?fit=1024%2C640&ssl=1&resize=350%2C200 1x, https:\/\/i0.wp.com\/historiografija.hr\/wp-content\/uploads\/2026\/04\/Jasenov_prut.jpg?fit=1024%2C640&ssl=1&resize=525%2C300 1.5x, https:\/\/i0.wp.com\/historiografija.hr\/wp-content\/uploads\/2026\/04\/Jasenov_prut.jpg?fit=1024%2C640&ssl=1&resize=700%2C400 2x"},"classes":[]},{"id":52508,"url":"https:\/\/historiografija.hr\/?p=52508","url_meta":{"origin":20702,"position":3},"title":"Glazbena radionica \u201eDUGMETARA REVISITED\u201c","author":"Branimir Jankovi\u0107","date":"17. travnja 2026.","format":false,"excerpt":"DUGMETARA REVISITED glazbena radionica vodi: Ana Horvat 13., 20. i 27. travnja, od 18 do 20 sati Radiona, Nova cesta 186 Na tri radioni\u010dka susreta uranjamo u naslje\u0111e Dugmetare, biv\u0161e tvornice dugmadi na Savskoj cesti koja je po\u010detkom 2000-ih igrom slu\u010daja postala \u017eivo, jedinstveno mjesto glazbene proizvodnje. Svoje su probe\u2026","rel":"","context":"U &quot;Novosti&quot;","block_context":{"text":"Novosti","link":"https:\/\/historiografija.hr\/?cat=3"},"img":{"alt_text":"","src":"https:\/\/i0.wp.com\/historiografija.hr\/wp-content\/uploads\/2026\/04\/TRESNJA_TRESTI.jpg?fit=380%2C475&ssl=1&resize=350%2C200","width":350,"height":200},"classes":[]},{"id":52592,"url":"https:\/\/historiografija.hr\/?p=52592","url_meta":{"origin":20702,"position":4},"title":"Predstavljanje knjige &#8220;Turska ku\u0107a u Rijeci&#8221; u Zagrebu","author":"Branimir Jankovi\u0107","date":"22. travnja 2026.","format":false,"excerpt":"U prostorijama Turskog kulturnog centra Yunus Emre u Zagrebu, u utorak 21. travnja 2026. godine, odr\u017eano je sve\u010dano predstavljanje dopunjenog izdanja knjige Turska ku\u0107a u Rijeci, u organizaciji Hrvatsko-turskog dru\u0161tva Rijeka i partnerstvu sa Skupinom prijateljstva Hrvatska-Turska Hrvatskog sabora, Veleposlanstvom Republike Turske u Republici Hrvatskoj te Turskim kulturnim centrom Yunus\u2026","rel":"","context":"U &quot;Novosti&quot;","block_context":{"text":"Novosti","link":"https:\/\/historiografija.hr\/?cat=3"},"img":{"alt_text":"","src":"https:\/\/i0.wp.com\/historiografija.hr\/wp-content\/uploads\/2026\/04\/Turska-kuca-ZG.jpg?fit=1200%2C800&ssl=1&resize=350%2C200","width":350,"height":200,"srcset":"https:\/\/i0.wp.com\/historiografija.hr\/wp-content\/uploads\/2026\/04\/Turska-kuca-ZG.jpg?fit=1200%2C800&ssl=1&resize=350%2C200 1x, https:\/\/i0.wp.com\/historiografija.hr\/wp-content\/uploads\/2026\/04\/Turska-kuca-ZG.jpg?fit=1200%2C800&ssl=1&resize=525%2C300 1.5x, https:\/\/i0.wp.com\/historiografija.hr\/wp-content\/uploads\/2026\/04\/Turska-kuca-ZG.jpg?fit=1200%2C800&ssl=1&resize=700%2C400 2x, https:\/\/i0.wp.com\/historiografija.hr\/wp-content\/uploads\/2026\/04\/Turska-kuca-ZG.jpg?fit=1200%2C800&ssl=1&resize=1050%2C600 3x"},"classes":[]},{"id":52563,"url":"https:\/\/historiografija.hr\/?p=52563","url_meta":{"origin":20702,"position":5},"title":"Predavanje Nenada Fabijani\u0107a o stadionu Poljud u Splitu","author":"Branimir Jankovi\u0107","date":"21. travnja 2026.","format":false,"excerpt":"Znanstveno vije\u0107e za arhitekturu, urbanizam i ure\u0111enje prostora Hrvatske akademije znanosti i umjetnosti organizira predavanje \u201cPo Poljudu\u201d koje \u0107e u srijedu 22. travnja 2026. s po\u010detkom u 14 sati u Knji\u017enici HAZU, Strossmayerov trg 14 u Zagrebu, odr\u017eati\u00a0prof. emerit. dr. art. Nenad Fabijani\u0107,\u00a0\u010dlan suradnik HAZU. Predavanje \u201ePo Poljudu\u201c (Projekt obnove)\u2026","rel":"","context":"U &quot;Novosti&quot;","block_context":{"text":"Novosti","link":"https:\/\/historiografija.hr\/?cat=3"},"img":{"alt_text":"","src":"https:\/\/i0.wp.com\/historiografija.hr\/wp-content\/uploads\/2026\/04\/Poljud-scaled.jpeg?fit=1200%2C800&ssl=1&resize=350%2C200","width":350,"height":200,"srcset":"https:\/\/i0.wp.com\/historiografija.hr\/wp-content\/uploads\/2026\/04\/Poljud-scaled.jpeg?fit=1200%2C800&ssl=1&resize=350%2C200 1x, https:\/\/i0.wp.com\/historiografija.hr\/wp-content\/uploads\/2026\/04\/Poljud-scaled.jpeg?fit=1200%2C800&ssl=1&resize=525%2C300 1.5x, https:\/\/i0.wp.com\/historiografija.hr\/wp-content\/uploads\/2026\/04\/Poljud-scaled.jpeg?fit=1200%2C800&ssl=1&resize=700%2C400 2x, https:\/\/i0.wp.com\/historiografija.hr\/wp-content\/uploads\/2026\/04\/Poljud-scaled.jpeg?fit=1200%2C800&ssl=1&resize=1050%2C600 3x"},"classes":[]}],"_links":{"self":[{"href":"https:\/\/historiografija.hr\/index.php?rest_route=\/wp\/v2\/posts\/20702","targetHints":{"allow":["GET"]}}],"collection":[{"href":"https:\/\/historiografija.hr\/index.php?rest_route=\/wp\/v2\/posts"}],"about":[{"href":"https:\/\/historiografija.hr\/index.php?rest_route=\/wp\/v2\/types\/post"}],"author":[{"embeddable":true,"href":"https:\/\/historiografija.hr\/index.php?rest_route=\/wp\/v2\/users\/2"}],"replies":[{"embeddable":true,"href":"https:\/\/historiografija.hr\/index.php?rest_route=%2Fwp%2Fv2%2Fcomments&post=20702"}],"version-history":[{"count":4,"href":"https:\/\/historiografija.hr\/index.php?rest_route=\/wp\/v2\/posts\/20702\/revisions"}],"predecessor-version":[{"id":20720,"href":"https:\/\/historiografija.hr\/index.php?rest_route=\/wp\/v2\/posts\/20702\/revisions\/20720"}],"wp:featuredmedia":[{"embeddable":true,"href":"https:\/\/historiografija.hr\/index.php?rest_route=\/wp\/v2\/media\/20703"}],"wp:attachment":[{"href":"https:\/\/historiografija.hr\/index.php?rest_route=%2Fwp%2Fv2%2Fmedia&parent=20702"}],"wp:term":[{"taxonomy":"category","embeddable":true,"href":"https:\/\/historiografija.hr\/index.php?rest_route=%2Fwp%2Fv2%2Fcategories&post=20702"},{"taxonomy":"post_tag","embeddable":true,"href":"https:\/\/historiografija.hr\/index.php?rest_route=%2Fwp%2Fv2%2Ftags&post=20702"}],"curies":[{"name":"wp","href":"https:\/\/api.w.org\/{rel}","templated":true}]}}