{"id":20694,"date":"2020-05-04T12:25:42","date_gmt":"2020-05-04T12:25:42","guid":{"rendered":"http:\/\/historiografija.hr\/?p=20694"},"modified":"2020-05-04T12:25:42","modified_gmt":"2020-05-04T12:25:42","slug":"call-for-papers-the-holocaust-between-global-and-local-perspectives","status":"publish","type":"post","link":"https:\/\/historiografija.hr\/?p=20694","title":{"rendered":"Call for Papers: The Holocaust between Global and Local Perspectives"},"content":{"rendered":"<p><strong>We are welcoming submissions for the 10th conference within the Genealogies of Memory series: The Holocaust between Local and Global Perspectives, which will take place in Warsaw, 25-27 November 2020. Application deadline is 31 May 2020. <\/strong><\/p>\n<p>The aim of the conference is to assess the current state of Holocaust memory research. The context for this is, on the one hand, the globalisation and universalisation of the meaning of the Holocaust and, on the other, the more recently postulated empirical turn in Holocaust (memory) studies, towards primary texts and sources as well as local spaces and materialities (e.g. forensic studies, environmental Holocaust studies), or the use of a grounded research perspective with regard to Holocaust memory and education.<\/p>\n<p>We want to discuss the interplay between the universal (global, transnational) scale of Holocaust memory and that anchored in the endemic space and culture of historical experience (local, ethnic, national). We are interested in the influences between the diverse mnemonic scales, including both mutual inspiration and conceptual misuses: thus the question of the ontological and ethical limits of mnemonic universalisation, on the one hand, and of micro contextualisation of memories on the other.<\/p>\n<p>We invite scholars of various disciplines to reflect on these issues based on their research of social and cultural memories in various dimensions: from linguistic and textual, through institutional, political, psychological, up to material, spatial and technological.<\/p>\n<p>&nbsp;<\/p>\n<p><a href=\"https:\/\/enrs.eu\/uploads\/media\/5e9ea075ae3dc-cfp-genealogies-of-memory.pdf\">Read the full Call for Papers here <\/a><\/p>\n<p>&nbsp;<\/p>\n<p><a href=\"https:\/\/enrs.eu\/edition\/genealogies-of-memory-2020-the-holocaust-between-local-and-global-perspectives\">Learn more about this year&#8217;s edition <\/a><\/p>\n<p>&nbsp;<\/p>\n<p><strong>Organisational information:<\/strong><\/p>\n<p><strong>We encourage applicants to send abstracts at a maximum of 350 words, together with a brief biographical statement and the scan of signed \u201cConsent Clause of the conference abstract provider\u201d to genealogies@enrs.eu by 31 May 2020.<\/strong><\/p>\n<p>The results will be announced by 30 June 2020.<\/p>\n<p>Written draft papers (2,000- 2,500 words) should be submitted by 15 October 2020.<\/p>\n<p>The conference is planned to be held in Warsaw, on 25-27 November 2020.<\/p>\n<p>We assume that it will be possible to organise the conference at this date and venue. However, taking into account the changing circumstances, we are also aware of the fact that it may be affected by the current coronavirus pandemic. For these reasons, please follow our ENRS website (enrs.eu) and Facebook profile, where we will inform you of any new decisions regarding the situation.<\/p>\n<p>The conference language is English.<\/p>\n<p>&nbsp;<\/p>\n<p>Organiser:<\/p>\n<p>European Network Remembrance and Solidarity (ENRS)<\/p>\n<p>European Network Remembrance and Solidarity (ENRS) is an international undertaking aimed at the study, documentation and dissemination of knowledge on the history of 20th century Europe and forms of its commemoration with particular consideration to periods of dictatorship, war and social upheaval in the face of oppression. Network members are: Germany, Poland, Slovakia, Hungary and Romania. Albania, Austria, the Czech Republic, and Georgia have observer status. More: www.enrs.eu<\/p>\n<p>&nbsp;<\/p>\n<p>Partner institutions:<\/p>\n<p>&#x25aa; Jewish Historical Institute, Warsaw<\/p>\n<p>&#x25aa; Institute of Sociology, University of Warsaw<\/p>\n<p>&#x25aa; Memorial to the Murdered Jews of Europe, Berlin<\/p>\n<p>&nbsp;<\/p>\n<p>Institutions invited to academic discussion:<\/p>\n<p>&#x25aa; Faculty of Polish Studies, Jagiellonian University, Cracow<\/p>\n<p>&#x25aa; Warsaw Ghetto Museum<\/p>\n<p>&#x25aa; Vienna Wiesenthal Institute for Holocaust Studies<\/p>\n<p>&#x25aa; German Historical Institute, Warsaw<\/p>\n<p>&#x25aa; The Ghetto Fighters\u2019 House Museum, Israel<\/p>\n<p>&#x25aa; Holocaust Memorial Center, Budapest<\/p>\n<p>&#x25aa; M\u00e9morial de la Shoah, Paris<\/p>\n<p>&nbsp;<\/p>\n<p>Conference Committee:<\/p>\n<p>&#x25aa; Ma\u0142gorzata Pakier, ENRS (Convenor); Ma\u0142gorzata Wosi\u0144ska, JHI (Convenor)<\/p>\n<p>&#x25aa; Ma\u0142gorzata G\u0142owacka-Grajper (Warsaw University), Lior Inbar (The Ghetto Fighters&#8217; House Museum), Adam Kerpel-Fronius (Memorial to the Murdered Jews of Europe), Audrey Kichelewski (M\u00e9morial de la Shoah), Tam\u00e1s Kov\u00e1cs (Holocaust Memorial Center), B\u00e9la R\u00e1sky (Vienna Wiesenthal Institute for Holocaust Studies), Roma Sendyka (Jagiellonian University), Pawe\u0142 \u015apiewak (Jewish Historical Institute), Hanna W\u0119grzynek (Warsaw Ghetto Museum), Zofia W\u00f3ycicka (German Historical Institute)<\/p>\n<p>&#x25aa; G\u00e1bor Danyi, ENRS (Project Coordinator)<\/p>\n<p>&nbsp;<\/p>\n<p><a href=\"https:\/\/enrs.eu\/news\/cfp-the-holocaust-between-global-and-local-perspectives\">https:\/\/enrs.eu\/news\/cfp-the-holocaust-between-global-and-local-perspectives<\/a><\/p>\n<p>&nbsp;<\/p>\n<p>&nbsp;<\/p>\n","protected":false},"excerpt":{"rendered":"","protected":false},"author":2,"featured_media":20695,"comment_status":"open","ping_status":"open","sticky":false,"template":"","format":"standard","meta":{"_acf_changed":false,"jetpack_post_was_ever_published":false,"_jetpack_newsletter_access":"","_jetpack_dont_email_post_to_subs":false,"_jetpack_newsletter_tier_id":0,"_jetpack_memberships_contains_paywalled_content":false,"_jetpack_memberships_contains_paid_content":false,"footnotes":"","jetpack_publicize_message":"","jetpack_publicize_feature_enabled":true,"jetpack_social_post_already_shared":true,"jetpack_social_options":{"image_generator_settings":{"template":"highway","default_image_id":0,"font":"","enabled":false},"version":2}},"categories":[3,9],"tags":[],"class_list":["post-20694","post","type-post","status-publish","format-standard","has-post-thumbnail","hentry","category-novosti","category-skupovi"],"acf":{"facebook_opis":""},"jetpack_publicize_connections":[],"jetpack_featured_media_url":"https:\/\/i0.wp.com\/historiografija.hr\/wp-content\/uploads\/2020\/05\/memory.jpg?fit=1146%2C600&ssl=1","jetpack_sharing_enabled":true,"jetpack-related-posts":[{"id":52625,"url":"https:\/\/historiografija.hr\/?p=52625","url_meta":{"origin":20694,"position":0},"title":"Omer Bartov, \u201eIsrael: What Went Wrong?\u201c","author":"Branimir Jankovi\u0107","date":"23. travnja 2026.","format":false,"excerpt":"Professor Omer Bartov was born on a kibbutz, grew up in Tel Aviv and served in the Israel Defence Forces during the Yom Kippur War. He went on to become an expert on the German army and the Holocaust, before turning his attention to his native country.In Israel: What Went\u2026","rel":"","context":"U &quot;Knjige&quot;","block_context":{"text":"Knjige","link":"https:\/\/historiografija.hr\/?cat=8"},"img":{"alt_text":"","src":"https:\/\/i0.wp.com\/historiografija.hr\/wp-content\/uploads\/2026\/04\/Bartov.jpeg?fit=320%2C500&ssl=1&resize=350%2C200","width":350,"height":200},"classes":[]},{"id":52580,"url":"https:\/\/historiografija.hr\/?p=52580","url_meta":{"origin":20694,"position":1},"title":"Conference &#8220;Living in the aftermaths: Trauma, politics and survival in Yugoslavia and successor states, 1945 \u2013 present&#8221;","author":"Branimir Jankovi\u0107","date":"21. travnja 2026.","format":false,"excerpt":"The conference aims to explore how war-related psychological distress was experienced, narrated, debated and reframed in Yugoslavia in the second half of the twentieth century. It asks how the theme of wounded psyche and wartime suffering was addressed and acknowledged in political, psychiatric and broader cultural discourses of socialist Yugoslavia,\u2026","rel":"","context":"U &quot;Novosti&quot;","block_context":{"text":"Novosti","link":"https:\/\/historiografija.hr\/?cat=3"},"img":{"alt_text":"","src":"https:\/\/i0.wp.com\/historiografija.hr\/wp-content\/uploads\/2026\/04\/Battle_of_Neretva_Picasso_poster-Conference-Living-in-the-aftermaths.webp?fit=564%2C954&ssl=1&resize=350%2C200","width":350,"height":200,"srcset":"https:\/\/i0.wp.com\/historiografija.hr\/wp-content\/uploads\/2026\/04\/Battle_of_Neretva_Picasso_poster-Conference-Living-in-the-aftermaths.webp?fit=564%2C954&ssl=1&resize=350%2C200 1x, https:\/\/i0.wp.com\/historiografija.hr\/wp-content\/uploads\/2026\/04\/Battle_of_Neretva_Picasso_poster-Conference-Living-in-the-aftermaths.webp?fit=564%2C954&ssl=1&resize=525%2C300 1.5x"},"classes":[]},{"id":52641,"url":"https:\/\/historiografija.hr\/?p=52641","url_meta":{"origin":20694,"position":2},"title":"CfP: WHO OWNS THE PAST? VERNACULAR MEMORY, STATE MEMORY, AND THE POLITICS OF OWNERSHIP","author":"Branimir Jankovi\u0107","date":"24. travnja 2026.","format":false,"excerpt":"VIENNA, 31ST AUGUST\u20133RD SEPTEMBER 2026 (DEADLINE: 24TH APRIL 2026) The Center for Austrian Studies at the European Forum at the Hebrew University and the Austrian Academy of Sciences\/Institute of Culture Studies invite early postdocs, PhD candidates, and advanced Master\u2019s students from the Hebrew University of Jerusalem and universities and academic\u2026","rel":"","context":"U &quot;Novosti&quot;","block_context":{"text":"Novosti","link":"https:\/\/historiografija.hr\/?cat=3"},"img":{"alt_text":"","src":"https:\/\/i0.wp.com\/historiografija.hr\/wp-content\/uploads\/2017\/10\/hsozkult.png?fit=1006%2C241&ssl=1&resize=350%2C200","width":350,"height":200,"srcset":"https:\/\/i0.wp.com\/historiografija.hr\/wp-content\/uploads\/2017\/10\/hsozkult.png?fit=1006%2C241&ssl=1&resize=350%2C200 1x, https:\/\/i0.wp.com\/historiografija.hr\/wp-content\/uploads\/2017\/10\/hsozkult.png?fit=1006%2C241&ssl=1&resize=525%2C300 1.5x, https:\/\/i0.wp.com\/historiografija.hr\/wp-content\/uploads\/2017\/10\/hsozkult.png?fit=1006%2C241&ssl=1&resize=700%2C400 2x"},"classes":[]},{"id":52664,"url":"https:\/\/historiografija.hr\/?p=52664","url_meta":{"origin":20694,"position":3},"title":"CfP: CONFERENCE OF THE HISTORY OF CONCEPTS GROUP, HELSINKI, 19TH\u201321ST AUGUST 2026 (DEADLINE: 30TH APRIL 2026)","author":"Branimir Jankovi\u0107","date":"24. travnja 2026.","format":false,"excerpt":"The annual conference of the History of Concepts Group is held at the University of Helsinki, 19-21 August 2026. Conference of the History of Concepts Group Conceptual history studies the use of concepts and tries to understand how historical actors have linguistically articulated views of the world. Studying concepts from\u2026","rel":"","context":"U &quot;Novosti&quot;","block_context":{"text":"Novosti","link":"https:\/\/historiografija.hr\/?cat=3"},"img":{"alt_text":"","src":"https:\/\/i0.wp.com\/historiografija.hr\/wp-content\/uploads\/2017\/10\/hsozkult.png?fit=1006%2C241&ssl=1&resize=350%2C200","width":350,"height":200,"srcset":"https:\/\/i0.wp.com\/historiografija.hr\/wp-content\/uploads\/2017\/10\/hsozkult.png?fit=1006%2C241&ssl=1&resize=350%2C200 1x, https:\/\/i0.wp.com\/historiografija.hr\/wp-content\/uploads\/2017\/10\/hsozkult.png?fit=1006%2C241&ssl=1&resize=525%2C300 1.5x, https:\/\/i0.wp.com\/historiografija.hr\/wp-content\/uploads\/2017\/10\/hsozkult.png?fit=1006%2C241&ssl=1&resize=700%2C400 2x"},"classes":[]},{"id":52622,"url":"https:\/\/historiografija.hr\/?p=52622","url_meta":{"origin":20694,"position":4},"title":"Annual CAPONEU conference: Political Novel in Europe Between Democracy and Authoritarianism","author":"Branimir Jankovi\u0107","date":"23. travnja 2026.","format":false,"excerpt":"Caponeu event 22.04.2026 - 24.04.2026 Location: The Faculty of Polish and Classical Philology AMU (Fredry 10, Pozna\u0144)Organized by: Tomasz Mizerkiewicz, Krystyna Pieni\u0105\u017cek-Markovi\u0107, Anna Gawarecka, Ewa Szperlik, Magda Potok, B\u0142a\u017cej Warkocki, Gerard Ronge (all Adam Mickiewicz University in Pozna\u0144)Contact: gerron@amu.edu.pl The Adam Mickiewicz University team, as part of the international CAPONEU\u2026","rel":"","context":"U &quot;Novosti&quot;","block_context":{"text":"Novosti","link":"https:\/\/historiografija.hr\/?cat=3"},"img":{"alt_text":"","src":"https:\/\/i0.wp.com\/historiografija.hr\/wp-content\/uploads\/2026\/04\/Caponeu-political-novel.jpg?fit=500%2C261&ssl=1&resize=350%2C200","width":350,"height":200},"classes":[]},{"id":52531,"url":"https:\/\/historiografija.hr\/?p=52531","url_meta":{"origin":20694,"position":5},"title":"Jonathan G. Leslie, \u201eFear and Insecurity: Israel and the Iran Threat Narrative\u201c","author":"Branimir Jankovi\u0107","date":"17. travnja 2026.","format":false,"excerpt":"Why is Israel\u2019s former ally Iran now perceived as the country\u2019s greatest threat? Description To observers of the Iran-Israel conflict, its vitriolic rhetoric might suggest an ancient hatred between Jews and Muslims\u2013a biblical feud dating back hundreds, or thousands, of years. But this rivalry is a far more modern development.\u2026","rel":"","context":"U &quot;Knjige&quot;","block_context":{"text":"Knjige","link":"https:\/\/historiografija.hr\/?cat=8"},"img":{"alt_text":"","src":"https:\/\/i0.wp.com\/historiografija.hr\/wp-content\/uploads\/2026\/04\/Leslie.jpg?fit=391%2C612&ssl=1&resize=350%2C200","width":350,"height":200},"classes":[]}],"_links":{"self":[{"href":"https:\/\/historiografija.hr\/index.php?rest_route=\/wp\/v2\/posts\/20694","targetHints":{"allow":["GET"]}}],"collection":[{"href":"https:\/\/historiografija.hr\/index.php?rest_route=\/wp\/v2\/posts"}],"about":[{"href":"https:\/\/historiografija.hr\/index.php?rest_route=\/wp\/v2\/types\/post"}],"author":[{"embeddable":true,"href":"https:\/\/historiografija.hr\/index.php?rest_route=\/wp\/v2\/users\/2"}],"replies":[{"embeddable":true,"href":"https:\/\/historiografija.hr\/index.php?rest_route=%2Fwp%2Fv2%2Fcomments&post=20694"}],"version-history":[{"count":1,"href":"https:\/\/historiografija.hr\/index.php?rest_route=\/wp\/v2\/posts\/20694\/revisions"}],"predecessor-version":[{"id":20696,"href":"https:\/\/historiografija.hr\/index.php?rest_route=\/wp\/v2\/posts\/20694\/revisions\/20696"}],"wp:featuredmedia":[{"embeddable":true,"href":"https:\/\/historiografija.hr\/index.php?rest_route=\/wp\/v2\/media\/20695"}],"wp:attachment":[{"href":"https:\/\/historiografija.hr\/index.php?rest_route=%2Fwp%2Fv2%2Fmedia&parent=20694"}],"wp:term":[{"taxonomy":"category","embeddable":true,"href":"https:\/\/historiografija.hr\/index.php?rest_route=%2Fwp%2Fv2%2Fcategories&post=20694"},{"taxonomy":"post_tag","embeddable":true,"href":"https:\/\/historiografija.hr\/index.php?rest_route=%2Fwp%2Fv2%2Ftags&post=20694"}],"curies":[{"name":"wp","href":"https:\/\/api.w.org\/{rel}","templated":true}]}}