{"id":2069,"date":"2014-12-11T23:00:05","date_gmt":"2014-12-11T23:00:05","guid":{"rendered":"http:\/\/historiografija.hr\/?p=2069"},"modified":"2014-12-11T23:00:05","modified_gmt":"2014-12-11T23:00:05","slug":"nikolina-simetin-segvic-znanstveni-skup-sveucilisna-nastava-povijesti-u-hrvatskoj-tradicija-danasnje-stanje-perspektive-filozofski-fakultet-u-zagrebu-28-29-xi-2014","status":"publish","type":"post","link":"https:\/\/historiografija.hr\/?p=2069","title":{"rendered":"Nikolina \u0160imetin \u0160egvi\u0107 &#8211; Znanstveni skup Sveu\u010dili\u0161na nastava povijesti u Hrvatskoj. Tradicija, dana\u0161nje stanje, perspektive, Filozofski fakultet u Zagrebu, 28-29. XI. 2014."},"content":{"rendered":"<p><font  size=\"3\"><strong>  <\/strong><\/font><font  size=\"3\"><strong> <\/strong><\/font><\/p>\n<p style=\"margin: 12pt 0cm 3pt;\"><font ><font size=\"3\">Godine 2014. navr\u0161ilo se 140 godina od osnivanja Sveu\u010dili\u0161ta u Zagrebu (tada Sveu\u010dili\u0161ta Franje Josipa I.), a time i dviju katedri za povijest; one za op\u0107u povijest i one za hrvatsku povijest (katedre za \u201epovijest op\u0107u i za povijest hrvatsku, s osobitim obzirom na austrijsku i ugarsku povijest\u201c). Cilj skupa bio je, kako je i nagla\u0161eno u pozivnom pismu, predstaviti razvoj sveu\u010dili\u0161ne nastave povijesti, postanak razli\u010ditih katedri i djelovanje znamenitih povjesni\u010dara\/sveu\u010dili\u0161nih profesora na nastavnom i znanstvenom polju. Uz ovu povijesnu perspektivu, bilo je va\u017eno naglasiti i dana\u0161nje stanje kako studija povijesti, tako i povijesnih katedri na drugim sveu\u010dili\u0161nim studijima. Sve navedeno oblikovalo je znanstveni skup <\/font><i style=\"mso-bidi-font-style: normal;\"><font size=\"3\">Sveu\u010dili\u0161na nastava povijesti u Hrvatskoj. Tradicija, dana\u0161nje stanje, perspektive<\/font><\/i><font size=\"3\">. Organizatori znanstvenog skupa bili su Hrvatski nacionalni odbor za povijesne znanosti, Dru\u0161tvo za hrvatsku povjesnicu i Odsjek za povijest Filozofskog fakulteta Sveu\u010dili\u0161ta u Zagrebu. <\/font><\/font><\/p>\n<p><font  size=\"3\">  <\/font><\/p>\n<p style=\"margin: 4pt 0cm;\"><font ><font size=\"3\">Znanstveni skup <\/font><i style=\"mso-bidi-font-style: normal;\"><font size=\"3\">Sveu\u010dili\u0161na nastava povijesti u Hrvatskoj. Tradicija, dana\u0161nje stanje, perspektive<\/font><\/i><font size=\"3\"> otvoren je u petak, 28. studenog 2014. godine pozdravnim govorima Vlatka Previ\u0161i\u0107a, dekana Filozofskog fakulteta Sveu\u010dili\u0161ta u Zagrebu, Tvrtka Jakovine, pro\u010delnika Odsjeka za povijest Filozofskog fakulteta u Zagrebu, zatim \u017deljka Holjevca, predsjednika Dru\u0161tva za hrvatsku povjesnicu i Damira Agi\u010di\u0107a, predsjednika Hrvatskog nacionalnog odbora za povijesne znanosti.<\/font><\/font><\/p>\n<p><font  size=\"3\">  <\/font><\/p>\n<p style=\"margin: 4pt 0cm;\"><font ><font size=\"3\">Sam se znanstveni skup mo\u017ee podijeliti na nekoliko tematskih cjelina. Izlaganja su zapo\u010dela na temu studija povijesti na Filozofskom fakultetu u Zagrebu, ne samo izvori\u0161nom mjestu odr\u017eavanja cijelog skupa, ve\u0107 i najstarijem ba\u0161tiniku sveu\u010dili\u0161ne tradicije studija povijesti, uspostavljene, kako je ve\u0107 nagla\u0161eno, 1874. godine (Petar Koruni\u0107, <\/font><i style=\"mso-bidi-font-style: normal;\"><font size=\"3\">Sveu\u010dili\u0161ni studij povijesti u Hrvatskoj: ju\u010der, danas, sutra<\/font><\/i><font size=\"3\">; Franko Miro\u0161evi\u0107, <\/font><i style=\"mso-bidi-font-style: normal;\"><font size=\"3\">Studirati povijest na Filozofskom fakultetu u Zagrebu pedesetih godina pro\u0161log stolje\u0107a<\/font><\/i><font size=\"3\">; Drago Roksandi\u0107, <\/font><i style=\"mso-bidi-font-style: normal;\"><font size=\"3\">Inovacije u sveu\u010dili\u0161noj nastavi povijesti i kultura profesionalnog mi\u0161ljenja. Zagreba\u010dka iskustva od 1994. do 2014.<\/font><\/i><font size=\"3\">; Bruna Kunti\u0107-Makvi\u0107, <\/font><i style=\"mso-bidi-font-style: normal;\"><font size=\"3\">Stara povijest na hrvatskim sveu\u010dili\u0161tima. Razvitak na razme\u0111i tisu\u0107lje\u0107a<\/font><\/i><font size=\"3\">; Branimir Jankovi\u0107, <\/font><i style=\"mso-bidi-font-style: normal;\"><font size=\"3\">Nastava povijesti i suvremene historiografije te teorije i metodologije povijesti: pitanje recepcije<\/font><\/i><font size=\"3\">; Damir Agi\u010di\u0107, <\/font><i style=\"mso-bidi-font-style: normal;\"><font size=\"3\">Odsjek za povijest Filozofskog fakulteta u Zagrebu na razme\u0111i tisu\u0107lje\u0107a<\/font><\/i><font size=\"3\">). Sljede\u0107oj tematskoj skupini pripala su izlaganja u kojima se iznosila povijest osnivanja, programi i trenutno stanje na studijima povijesti drugih sveu\u010dili\u0161ta u Hrvatskoj, a izostalo je jedino ono osje\u010dkoga sveu\u010dili\u0161ta (Milorad Pavi\u0107, <\/font><i style=\"mso-bidi-font-style: normal;\"><font size=\"3\">Nastava povijesti na Filozofskom fakultetu \/ Sveu\u010dili\u0161tu u Zadru od samih po\u010detaka (1956.) do danas<\/font><\/i><font size=\"3\">; Mateo Bratani\u0107, <\/font><i style=\"mso-bidi-font-style: normal;\"><font size=\"3\">Povijest pomorstva kao specifikum zadarskog studija povijesti<\/font><\/i><font size=\"3\">; Petar Str\u010di\u0107 i Maja Poli\u0107, <\/font><i style=\"mso-bidi-font-style: normal;\"><font size=\"3\">Sveu\u010dili\u0161na nastava povijesti u Rijeci \u2013 od Drugoga svjetskog rata do danas<\/font><\/i><font size=\"3\">; Klara Bur\u0161i\u0107-Matija\u0161i\u0107 i Igor Duda, <\/font><i style=\"mso-bidi-font-style: normal;\"><font size=\"3\">Dvadeset godina studija povijesti u Puli (1994.-2014.)<\/font><\/i><font size=\"3\">; Mladen Tomorad, <\/font><i style=\"mso-bidi-font-style: normal;\"><font size=\"3\">Odjel za povijest Hrvatskih studija (1997.-2014.)<\/font><\/i><font size=\"3\">, Marko Trogrli\u0107, <\/font><i style=\"mso-bidi-font-style: normal;\"><font size=\"3\">Osnutak i djelovanje Odsjeka za povijest Filozofskog fakulteta u Splitu (2003.\/04.-2013.\/14.)<\/font><\/i><font size=\"3\">, Ines Saboti\u010d, <\/font><i style=\"mso-bidi-font-style: normal;\"><font size=\"3\">Odjel za povijest Hrvatskoga katoli\u010dkog sveu\u010dili\u0161ta<\/font><\/i><font size=\"3\">; Irena Ip\u0161i\u0107, Lovro Kun\u010devi\u0107 i Nenad Vekari\u0107, <\/font><i style=\"mso-bidi-font-style: normal;\"><font size=\"3\">Studiji povijesti u Dubrovniku u posljednjih pola stolje\u0107a<\/font><\/i><font size=\"3\">). Primjetno je bilo iz izlaganja i rasprave kako je upravo utjecajem i trudom nastavnika Filozofskog fakulteta u Zagrebu nastava povijesti uspostavljena i odre\u0111eno vrijeme izvo\u0111ena<\/font><span style=\"mso-spacerun: yes;\"><font size=\"3\">&nbsp; <\/font><\/span><font size=\"3\">primjerice u Puli ili Splitu, pa su ti Odsjeci po svojoj vlastitoj povijesti povezani. <\/font><\/font><\/p>\n<p><font  size=\"3\">  <\/font><\/p>\n<p style=\"margin: 4pt 0cm;\"><font ><font size=\"3\">\u010cinjenica je da sveu\u010dili\u0161na nastava povijesti nije usko vezana uz same studije povijesti i studiranje povijesti. Posebno mjesto u toj kategoriji svakako zauzima povijest prava i pravna povijest, nezaobilazna i za same povjesni\u010dare (Dalibor \u010cepulo, <\/font><i style=\"mso-bidi-font-style: normal;\"><font size=\"3\">Povijest i pravna povijest na Pravnom fakultetu u Zagrebu<\/font><\/i><font size=\"3\">, Neda Engelsfeld, \u017deljko Bartulovi\u0107, Budislav Vukas ml., <\/font><i style=\"mso-bidi-font-style: normal;\"><font size=\"3\">Povijest prava i dr\u017eave u nastavi pravnog studija i obrazovanju pravnika<\/font><\/i><font size=\"3\">). Osim pravne povijesti i njezinog mjesta u studiju prava, odr\u017eano je i izlaganje o sveu\u010dili\u0161noj nastavi povijesti medicine (Mislav \u010cavka, <\/font><i style=\"mso-bidi-font-style: normal;\"><font size=\"3\">Sveu\u010dili\u0161na nastava povijesti medicine na Medicinskom fakultetu Sveu\u010dili\u0161ta u Zagrebu<\/font><\/i><font size=\"3\">). Izlaga\u010di su govorili o nastanku i razvitku vlastitih katedri, a za sudionike znanstvenog skupa, ipak prete\u017eno povjesni\u010dare, bila je vrlo zanimljiva rasprava, ali i iskustvo navedenih izlaga\u010da o polo\u017eaju njihovih kolegija i katedri te iskustvu predavanja povijesti (iako usko specijalizirane) studentima kojima ona nije primarni interes niti budu\u0107e zvanje. <\/font><\/font><\/p>\n<p><font  size=\"3\">  <\/font><\/p>\n<p style=\"margin: 4pt 0cm;\"><font ><font size=\"3\">Drugi dan znanstvenog skupa <\/font><i style=\"mso-bidi-font-style: normal;\"><font size=\"3\">Sveu\u010dili\u0161na nastava povijesti u Hrvatskoj. Tradicija, dana\u0161nje stanje, perspektive<\/font><\/i><font size=\"3\"> bio je rezerviran za specifi\u010dne teme i tradicije unutar nastave i studija povijesti. Poseban skup su \u010dinila izlaganja koja su se bavila odre\u0111enom nastavnom i predava\u010dkom tradicijom. Tako je svoje mjesto dobila i gospodarska povijest, nekad va\u017ean element studija povijesti, koji se danas, na\u017ealost, vi\u0161e u tom obliku ne izvodi (Hrvoje Petri\u0107, <\/font><i style=\"mso-bidi-font-style: normal;\"><font size=\"3\">Gospodarska povijest na Odsjeku za povijest Filozofskog fakulteta Sveu\u010dili\u0161ta u Zagrebu<\/font><\/i><font size=\"3\">). Izrazito zanimljiva je bila i rasprava o pristupu hrvatskoj povijesti nakon 1945. godine, tj. postoji li idealan omjer u predavanju nacionalne hrvatske povijesti i povijesti Jugoslavije u cjelini te u kojem su one odnosu (Martin Previ\u0161i\u0107, <\/font><i style=\"mso-bidi-font-style: normal;\"><font size=\"3\">Sveu\u010dili\u0161na nastava i hrvatska povijest 1945.-1991. godine \u2013 hrvatska ili jugoslavenska povijest nakon 1945. godine?<\/font><\/i><font size=\"3\">). Neizostavno je bilo i izlaganje vezano uz pomo\u0107ne povijesne znanosti, tre\u0107u najstariju katedru na studiju povijesti (Tomislav Galovi\u0107, <\/font><i style=\"mso-bidi-font-style: normal;\"><font size=\"3\">Milan \u0160ufflay i sveu\u010dili\u0161na nastava iz pomo\u0107nih povijesnih znanosti<\/font><\/i><font size=\"3\">). Predstavljena su i nastojanja na sveu\u010dili\u0161noj nastavi povijesti starog Egipta (Mladen Tomorad, <\/font><i style=\"mso-bidi-font-style: normal;\"><font size=\"3\">Sveu\u010dili\u0161na nastava povijesti starog Egipta u Hrvatskoj (1874.-2014.): povijest i mogu\u0107nosti razvoja<\/font><\/i><font size=\"3\">), koja su izazvala odre\u0111ene komentare i nadopune. Tako\u0111er, zanimljivo je bilo vidjeti za kakve se teme diplomskih radova odlu\u010duju splitski studenti povijesti (Dorotea Arlov i Ines Rakela, <\/font><i style=\"mso-bidi-font-style: normal;\"><font size=\"3\">Teme, sadr\u017eaj i struktura diplomskih radova napisanih i obranjenih na Odsjeku za povijest Filozofskog fakulteta u Splitu (2008.-2014.)<\/font><\/i><font size=\"3\">). Na\u010dete su i neke interdisciplinarne teme (Tihana Petrovi\u0107-Le\u0161 i Suzana Le\u010dek, <\/font><i style=\"mso-bidi-font-style: normal;\"><font size=\"3\">\u201eOd slu\u0161kinje filologije do prijateljice povijesti\u201c. Veze studija povijesti i studija etnologije od 1927. do danas<\/font><\/i><font size=\"3\">; Zdenko Samard\u017eija, <\/font><i style=\"mso-bidi-font-style: normal;\"><font size=\"3\">Kakve povjesni\u010dare trebamo u konzervatorskim istra\u017eivanjima srednjovjekovnih objekata Slavonije, Baranje i Srijema \u2013 prolegomena za budu\u0107i sveu\u010dili\u0161ni kurikulum<\/font><\/i><font size=\"3\">) koje su jo\u0161 jednom pokazale nu\u017enost takvih istra\u017eivanja za \u0161irenje istra\u017eiva\u010dkog prostora povjesni\u010dara. Naravno, na znanstvenom skupu o sveu\u010dili\u0161noj nastavi povijesti ne treba zanemariti i izlaganja koja su se dotaknula odre\u0111enih tema iz nastave povijesti unutar odre\u0111enog povijesnog konteksta (Fani Celio Cega, <\/font><i style=\"mso-bidi-font-style: normal;\"><font size=\"3\">Nastava povijesti na Kolegiju sv. Lazara u Trogiru<\/font><\/i><font size=\"3\">; Tihana Lueti\u0107, <\/font><i style=\"mso-bidi-font-style: normal;\"><font size=\"3\">Studenti povijesti na Mudroslovnom fakultetu Kr. Sveu\u010dili\u0161ta Franje Josipa I. u Zagrebu od 1874. do 1914.<\/font><\/i><font size=\"3\">; Zlata \u017divakovi\u0107-Ker\u017ee, <\/font><i style=\"mso-bidi-font-style: normal;\"><font size=\"3\">Sa zagreba\u010dkom diplomom u osje\u010dki prosvjetni i dru\u0161tveni \u017eivot (Osvrt na djelovanje Mencina, \u0160i\u0161i\u0107a, Horvata, Enderlea i Me\u0161trovi\u0107a)<\/font><\/i><font size=\"3\">; Tomislav Bali, <\/font><i style=\"mso-bidi-font-style: normal;\"><font size=\"3\">Stolje\u0107e \u201ePriru\u010dnika izvora hrvatske historije\u201c Ferde \u0160i\u0161i\u0107a<\/font><\/i><font size=\"3\">). Osim \u0161to je znanstveni skup obradio brojne aspekte tradicije nastave povijesti, tako je na skupu pa\u017enja posve\u0107ena i pojedina\u010dnim velikanima historiografije i znanosti op\u0107enito, kao \u0161to su Ferdo \u0160i\u0161i\u0107, Milan \u0160ufflay, Grga Novak, Gavro Manojlovi\u0107, Mate Sui\u0107, Nada Klai\u0107, Miho Barada i dr.<\/font><span style=\"mso-spacerun: yes;\"><font size=\"3\">&nbsp; <\/font><\/span><\/font><\/p>\n<p><font  size=\"3\">  <\/font><\/p>\n<p style=\"margin: 4pt 0cm;\"><font ><font size=\"3\">U sklopu ovog znanstvenog skupa, odr\u017eano je nekoliko promocija raznih publikacija, zbornika i \u010dasopisa. Jedna od njih je zbornik radova <\/font><i style=\"mso-bidi-font-style: normal;\"><font size=\"3\">Nada Klai\u0107 i njezin znanstveni i nastavni doprinos razvoju historiografije<\/font><\/i><font size=\"3\"> (ur. Damir Agi\u010di\u0107 i Tomislav Galovi\u0107). Zbornik predstavlja skup radova s istoimenog znanstvenog skupa odr\u017eanog u studenome 2013. godine, tako\u0111er u organizaciji Hrvatskog nacionalnog odbora za povijesne znanosti, Dru\u0161tva za hrvatsku povjesnicu i Odsjeka za povijest Filozofskog fakulteta u Zagrebu. Sadr\u017eaj zbornika predstavio je Tomislav Galovi\u0107. Zatim je predstavljen \u010dasopis <\/font><i style=\"mso-bidi-font-style: normal;\"><font size=\"3\">Tabula<\/font><\/i><font size=\"3\"> \u2013 \u010dasopis Odjela za humanisti\u010dke znanosti, Sveu\u010dili\u0161te Jurja Dobrile u Puli. Iako je bilo govora o dosada\u0161njim izdanjima, uredni\u010dkoj politici i sadr\u017eaju op\u0107enito, naglasak je stavljen na posljednji broj posve\u0107en dvadesetoj obljetnici studija povijesti u Puli. Sam \u010dasopis najavio je pro\u010delnik Odsjeka za povijest Igor Duda, a zatim ga je predstavila glavna urednica Klara Bur\u0161i\u0107-Matija\u0161i\u0107. Posljednja prezentacija bila je posve\u0107ena djelu <\/font><i style=\"mso-bidi-font-style: normal;\"><font size=\"3\">Spalatumque dedit ortum. Zbornik povodom desete godi\u0161njice Odsjeka za povijest Filozofskog fakulteta u Splitu<\/font><\/i><font size=\"3\"> (ur. Ivan Basi\u0107, Marko Rimac). O zborniku, koji je okupio mnoge znanstvenike koji su sudjelovali u nastavi povijesti na splitskom Odsjeku za povijest, primjerice Nik\u0161u Stan\u010di\u0107a, Tomislava Raukara koji su i nazo\u010dili prezentaciji, govorili su urednici \u2013 <\/font><span style=\"mso-spacerun: yes;\"><font size=\"3\">&nbsp;<\/font><\/span><font size=\"3\">Ivan Basi\u0107 i Marko Rimac \u2013 te pro\u010delnik Odsjeka za povijest Marko Trogrli\u0107. Nagla\u0161ena je i izdava\u010dka djelatnost splitskog Odsjeka za povijest te je sve\u010danost prvog dana na taj na\u010din zaokru\u017eena uz prisustvo \u0161iroke publike \u201esplitskih profesora\u201c, nastavnika s tamo\u0161njeg sveu\u010dili\u0161ta i studenata.<\/font><\/font><\/p>\n<p><font  size=\"3\">  <\/font><\/p>\n<p style=\"margin: 4pt 0cm;\"><font ><font size=\"3\">Znanstveni skup <\/font><i style=\"mso-bidi-font-style: normal;\"><font size=\"3\">Sveu\u010dili\u0161na nastava povijesti u Hrvatskoj. Tradicija, dana\u0161nje stanje, perspektive<\/font><\/i><font size=\"3\"> mo\u017ee se ocijeniti kao jedan od uspje\u0161nijih znanstvenih skupova u nizu koji je na Filozofskom fakultetu zapo\u010det jo\u0161 sa skupom posve\u0107enim Jaroslavu \u0160idaku. Posje\u0107enost je bila povelika, a izlaganja su odr\u017eali gotovo i svi prijavljeni sudionici (nedostajalo je samo jedno, ispri\u010dano bole\u0161\u0107u). Rasprave nakon sesija bile su uglavnom bogate i dotaknule su se razli\u010ditih pitanja. Jedno od ve\u0107ih bilo je i pitanje polo\u017eaja studija povijesti u Hrvatskoj. Naime, dok interes za studijem povijesti ne opada, o \u010demu svjedo\u010di popunjenost svih studijskih programa u Hrvatskoj, trajno pitanje, oko kojeg se vode brojne rasprave, ostaje treba li toliko studija povijesti u Hrvatskoj? Ipak, ta koli\u010dina studija nastoji se odr\u017eati raznoliko\u0161\u0107u programa i posebnim specijalizacijama koje se nude, \u0161to se jasno vidjelo i iz pojedinih izlaganja na skupu. Tako\u0111er, potaknuta je i zanimljiva rasprava o omjeru zainteresiranosti nastavnika na studijima povijesti u pove\u0107anju samih nastavni\u010dkih kompetencija i njihovom stalnom razvoju upravo na tom polju u odnosu na onu znanstvenu. Ovaj problem na neki je na\u010din bio izra\u017een i u nedostatku izlaganja iz metodike nastave povijesti. Iako se u samim izlaganjima mo\u017eda manje povezivalo dana\u0161nje stanje i neke dugoro\u010dne perspektive studija povijesti, takvih tema u raspravama nije nedostajalo, pri \u010demu se naj\u010de\u0161\u0107e zaustavljalo na trenutnim problemima u cjelokupnom znanstvenom sustavu. Studentsko pitanje o raznovrsnosti izbornih kolegija i njihovom (ne)redovitom mijenjanju otvorilo je problematiku definiranja dopu\u0161tenog okvira izmjene nastavnog plana i programa te eventualnim zaobilaznim mogu\u0107nostima. Uz to, doticalo se i tema vezanih uz studentsku aktivnost (udruge i sl.). Na samom skupu je najavljen i 2. festival povijesti \u2013 Kliofest \u2013 tako\u0111er u organizaciji Hrvatskog nacionalnog odbora za povijesne znanosti i Dru\u0161tva za hrvatsku povjesnicu.<\/font><span style=\"mso-spacerun: yes;\"><font size=\"3\">&nbsp; <\/font><\/span><\/font><\/p>\n<p><font  size=\"3\">  <\/font><\/p>\n<p style=\"margin: 4pt 0cm;\"><font ><span style=\"mso-spacerun: yes;\"><font size=\"3\">&nbsp;&nbsp;&nbsp; <\/font><\/span><font size=\"3\">Znanstveni skup <\/font><i style=\"mso-bidi-font-style: normal;\"><font size=\"3\">Sveu\u010dili\u0161na nastava povijesti u Hrvatskoj. Tradicija, dana\u0161nje stanje, perspektive<\/font><\/i><font size=\"3\"> zavr\u0161en je u subotu, 29. studenog 2014. godine kao \u010detvrti u nizu posve\u0107en hrvatskim povjesni\u010darima i hrvatskoj historiografiji; nakon skupova o Jaroslavu \u0160idaku, Josipu Matasovi\u0107u i Nadi Klai\u0107. Za sljede\u0107u godinu najavljen je skup posve\u0107en povjesni\u010daru Ljubi Bobanu (1933.-1994.). No, tema i inspiracije zasigurno ne\u0107e nedostajati, a jedan od pokazatelja mogu biti i dvadeset godina od smrti Igora Karamana (1927.-1995.) ili sto godina od ro\u0111enja Mate Sui\u0107a (1915.-2002.). Stoga, mo\u017ee se slobodno zaklju\u010diti kako su ovi znanstveni skupovi, u organizaciji Hrvatskog nacionalnog odbora za povijesne znanosti, Dru\u0161tva za hrvatsku povjesnicu i Odsjeka za povijest Filozofskog fakulteta Sveu\u010dili\u0161ta u Zagrebu postali tradicionalni godi\u0161nji doga\u0111aj koji okuplja vi\u0161e razli\u010ditih generacija povjesni\u010dara. <\/font><\/font><\/p>\n<p><font  size=\"3\">  <\/font><\/p>\n<p align=\"right\" style=\"margin: 0cm 0cm 0pt; text-align: right; line-height: 150%;\"><span lang=\"PL\"><font  size=\"3\">Nikolina \u0160imetin \u0160egvi\u0107<\/font><\/span><\/p>\n<p><font  size=\"3\">  <\/font><\/p>\n","protected":false},"excerpt":{"rendered":"","protected":false},"author":1,"featured_media":0,"comment_status":"open","ping_status":"open","sticky":false,"template":"","format":"standard","meta":{"_acf_changed":false,"jetpack_post_was_ever_published":false,"_jetpack_newsletter_access":"","_jetpack_dont_email_post_to_subs":false,"_jetpack_newsletter_tier_id":0,"_jetpack_memberships_contains_paywalled_content":false,"_jetpack_memberships_contains_paid_content":false,"footnotes":"","jetpack_publicize_message":"","jetpack_publicize_feature_enabled":true,"jetpack_social_post_already_shared":false,"jetpack_social_options":{"image_generator_settings":{"template":"highway","default_image_id":0,"font":"","enabled":false},"version":2}},"categories":[4],"tags":[],"class_list":["post-2069","post","type-post","status-publish","format-standard","hentry","category-osvrti"],"acf":{"facebook_opis":""},"jetpack_publicize_connections":[],"jetpack_featured_media_url":"","jetpack_sharing_enabled":true,"jetpack-related-posts":[{"id":52669,"url":"https:\/\/historiografija.hr\/?p=52669","url_meta":{"origin":2069,"position":0},"title":"Predavanje Igora Dude &#8220;Odmor kao \u017eivotna potreba: o slobodnom vremenu u socijalisti\u010dkoj Jugoslaviji&#8221;","author":"Branimir Jankovi\u0107","date":"27. travnja 2026.","format":false,"excerpt":"U sklopu proljetnog ciklusa programa\u00a0Kriti\u010dka dramaturgija: pauza, u\u00a0subotu, 25. travnja 2026. u 19 sati\u00a0u prostoru Udru\u017eenja hrvatskih arhitekata povjesni\u010dar Igor Duda\u00a0odr\u017eao je predavanje naslovljeno\u00a0Odmor kao \u017eivotna potreba: o slobodnom vremenu u socijalisti\u010dkoj Jugoslaviji. Industrijalizacija i urbanizacija dru\u0161tava u povijesti su zna\u010dile i prelazak s predindustrijskog na industrijsko shva\u0107anje vremena. Ono\u2026","rel":"","context":"U &quot;Novosti&quot;","block_context":{"text":"Novosti","link":"https:\/\/historiografija.hr\/?cat=3"},"img":{"alt_text":"","src":"https:\/\/i0.wp.com\/historiografija.hr\/wp-content\/uploads\/2026\/04\/Duda.png?fit=1200%2C628&ssl=1&resize=350%2C200","width":350,"height":200,"srcset":"https:\/\/i0.wp.com\/historiografija.hr\/wp-content\/uploads\/2026\/04\/Duda.png?fit=1200%2C628&ssl=1&resize=350%2C200 1x, https:\/\/i0.wp.com\/historiografija.hr\/wp-content\/uploads\/2026\/04\/Duda.png?fit=1200%2C628&ssl=1&resize=525%2C300 1.5x, https:\/\/i0.wp.com\/historiografija.hr\/wp-content\/uploads\/2026\/04\/Duda.png?fit=1200%2C628&ssl=1&resize=700%2C400 2x, https:\/\/i0.wp.com\/historiografija.hr\/wp-content\/uploads\/2026\/04\/Duda.png?fit=1200%2C628&ssl=1&resize=1050%2C600 3x"},"classes":[]},{"id":52746,"url":"https:\/\/historiografija.hr\/?p=52746","url_meta":{"origin":2069,"position":1},"title":"Predstavljanje djelatnosti povjesni\u010dara: \u201ePisma kao izvor za povijest 18.stolje\u0107a \u2013 iskustva rada na HRZZ projektu LIGHT\u201c","author":"Filip \u0160imunjak","date":"30. travnja 2026.","format":false,"excerpt":"Predstavljanje djelatnosti povjesni\u010dara: \u201ePisma kao izvor za povijest 18. stolje\u0107a \u2013 iskustva rada na HRZZ projektu LIGHT\u201c odr\u017eat \u0107e se u sklopu ovogodi\u0161njega Festivala povijesti Kliofest u Nacionalnoj i sveu\u010dili\u0161noj knji\u017enici u Zagrebu, u utorak 5. svibnja, s po\u010detkom u 16 sati. Sudjeluju: Teodora Shek Brnardi\u0107, Marta Jurkovi\u0107, Matea Maru\u0161i\u0107,\u2026","rel":"","context":"U &quot;Novosti&quot;","block_context":{"text":"Novosti","link":"https:\/\/historiografija.hr\/?cat=3"},"img":{"alt_text":"","src":"https:\/\/i0.wp.com\/historiografija.hr\/wp-content\/uploads\/2026\/04\/Kliofest-01-utorak-I-03-PDP-Pisma-kao-izvor.jpg?fit=1200%2C566&ssl=1&resize=350%2C200","width":350,"height":200,"srcset":"https:\/\/i0.wp.com\/historiografija.hr\/wp-content\/uploads\/2026\/04\/Kliofest-01-utorak-I-03-PDP-Pisma-kao-izvor.jpg?fit=1200%2C566&ssl=1&resize=350%2C200 1x, https:\/\/i0.wp.com\/historiografija.hr\/wp-content\/uploads\/2026\/04\/Kliofest-01-utorak-I-03-PDP-Pisma-kao-izvor.jpg?fit=1200%2C566&ssl=1&resize=525%2C300 1.5x, https:\/\/i0.wp.com\/historiografija.hr\/wp-content\/uploads\/2026\/04\/Kliofest-01-utorak-I-03-PDP-Pisma-kao-izvor.jpg?fit=1200%2C566&ssl=1&resize=700%2C400 2x, https:\/\/i0.wp.com\/historiografija.hr\/wp-content\/uploads\/2026\/04\/Kliofest-01-utorak-I-03-PDP-Pisma-kao-izvor.jpg?fit=1200%2C566&ssl=1&resize=1050%2C600 3x"},"classes":[]},{"id":52499,"url":"https:\/\/historiografija.hr\/?p=52499","url_meta":{"origin":2069,"position":2},"title":"POTPISAN UGOVOR O ZNANSTVENO-ISTRA\u017dIVA\u010cKOJ SURADNJI: PROJEKT \u201eTEMELJI HRVATSKE SAMOSTALNOSTI\u201d","author":"Branimir Jankovi\u0107","date":"17. travnja 2026.","format":false,"excerpt":"Hrvatski institut za povijest, Sveu\u010dili\u0161te obrane i sigurnosti \u201eDr. Franjo Tu\u0111man\u201d, Institut dru\u0161tvenih znanosti Ivo Pilar i Hrvatski dr\u017eavni arhiv\u00a0potpisali su 23. o\u017eujka 2026.\u00a0Ugovor o znanstveno-istra\u017eiva\u010dkoj suradnji s ciljem provedbe projekta \u201eTemelji hrvatske samostalnosti\u201d. Tim projektom obuhva\u0107a se istra\u017eivanje arhivskoga gradiva, priprema znanstvenih publikacija, digitalizacija i javna prezentacija rezultata istra\u017eivanja\u2026","rel":"","context":"U &quot;Novosti&quot;","block_context":{"text":"Novosti","link":"https:\/\/historiografija.hr\/?cat=3"},"img":{"alt_text":"","src":"https:\/\/i0.wp.com\/historiografija.hr\/wp-content\/uploads\/2026\/04\/THS_sporazum.jpg?fit=1200%2C583&ssl=1&resize=350%2C200","width":350,"height":200,"srcset":"https:\/\/i0.wp.com\/historiografija.hr\/wp-content\/uploads\/2026\/04\/THS_sporazum.jpg?fit=1200%2C583&ssl=1&resize=350%2C200 1x, https:\/\/i0.wp.com\/historiografija.hr\/wp-content\/uploads\/2026\/04\/THS_sporazum.jpg?fit=1200%2C583&ssl=1&resize=525%2C300 1.5x, https:\/\/i0.wp.com\/historiografija.hr\/wp-content\/uploads\/2026\/04\/THS_sporazum.jpg?fit=1200%2C583&ssl=1&resize=700%2C400 2x, https:\/\/i0.wp.com\/historiografija.hr\/wp-content\/uploads\/2026\/04\/THS_sporazum.jpg?fit=1200%2C583&ssl=1&resize=1050%2C600 3x"},"classes":[]},{"id":52502,"url":"https:\/\/historiografija.hr\/?p=52502","url_meta":{"origin":2069,"position":3},"title":"Novi znanstveni projekt Hrvatskog instituta za povijest: \u201c\u017drtve ratova i dr\u017eavnog\/politi\u010dkog nasilja u hrvatskoj povijesti 20. stolje\u0107a\u201d","author":"Branimir Jankovi\u0107","date":"17. travnja 2026.","format":false,"excerpt":"Na redovitoj sjednici Vlade RH, 16. travnja 2026., donijet je Zaklju\u010dak kojim se pokre\u0107e znanstveni projekt \u201c\u017drtve ratova i dr\u017eavnog\/politi\u010dkog nasilja u hrvatskoj povijesti 20. stolje\u0107a\u201d. Projekt \u0107e provoditi i koordinirati Hrvatski institut za povijest u razdoblju trajanja projekta od pet godina. Zakljucak Vlade RH Iz teksta projektnog prijedloga: Problematika\u2026","rel":"","context":"U &quot;Novosti&quot;","block_context":{"text":"Novosti","link":"https:\/\/historiografija.hr\/?cat=3"},"img":{"alt_text":"","src":"https:\/\/i0.wp.com\/historiografija.hr\/wp-content\/uploads\/2026\/04\/Vlada-RH.jpg?fit=1200%2C557&ssl=1&resize=350%2C200","width":350,"height":200,"srcset":"https:\/\/i0.wp.com\/historiografija.hr\/wp-content\/uploads\/2026\/04\/Vlada-RH.jpg?fit=1200%2C557&ssl=1&resize=350%2C200 1x, https:\/\/i0.wp.com\/historiografija.hr\/wp-content\/uploads\/2026\/04\/Vlada-RH.jpg?fit=1200%2C557&ssl=1&resize=525%2C300 1.5x, https:\/\/i0.wp.com\/historiografija.hr\/wp-content\/uploads\/2026\/04\/Vlada-RH.jpg?fit=1200%2C557&ssl=1&resize=700%2C400 2x, https:\/\/i0.wp.com\/historiografija.hr\/wp-content\/uploads\/2026\/04\/Vlada-RH.jpg?fit=1200%2C557&ssl=1&resize=1050%2C600 3x"},"classes":[]},{"id":52573,"url":"https:\/\/historiografija.hr\/?p=52573","url_meta":{"origin":2069,"position":4},"title":"Znanstvena konferencija &#8220;Filozofija odgoja: povijest, praksa, perspektive&#8221;","author":"Branimir Jankovi\u0107","date":"21. travnja 2026.","format":false,"excerpt":"Znanstvena konferencija \"Filozofija odgoja: povijest, praksa, perspektive\" odr\u017eat \u0107e se 23. i 24. travnja 2026. u Konferencijskoj dvorani Knji\u017enice Filozofskog fakulteta u Zagrebu (2. kat).\u00a0Konferencija je organizirana u okviru projekta\u00a0SUMKOS (voditeljica prof. dr. sc. Ivana Zagorac, financiran\u00a0sredstvima NextGenerationEU), uz potporu Odsjeka za filozofiju.\u00a0 Uz izlaga\u010dki dio, konferencija obuhva\u0107a i izlo\u017ebu\u2026","rel":"","context":"U &quot;Novosti&quot;","block_context":{"text":"Novosti","link":"https:\/\/historiografija.hr\/?cat=3"},"img":{"alt_text":"","src":"","width":0,"height":0},"classes":[]},{"id":52559,"url":"https:\/\/historiografija.hr\/?p=52559","url_meta":{"origin":2069,"position":5},"title":"Dobitnici dr\u017eavne nagrade za znanost za 2024. godinu","author":"Branimir Jankovi\u0107","date":"20. travnja 2026.","format":false,"excerpt":"Na sjednici Odbora za podjelu dr\u017eavnih nagrada za znanost odr\u017eanoj 16. travnja 2026. godine donesena je Odluka o dodjeli dr\u017eavnih nagrada za znanost za 2024. godinu. Godi\u0161njom nagradom za popularizaciju i promid\u017ebu znanosti nagra\u0111eni su u podru\u010dju humanisti\u010dkih znanosti znanstveni suradnici dr. sc. Josip Mihaljevi\u0107 i dr. sc. Gordan Ravan\u010di\u0107,\u2026","rel":"","context":"U &quot;Novosti&quot;","block_context":{"text":"Novosti","link":"https:\/\/historiografija.hr\/?cat=3"},"img":{"alt_text":"","src":"https:\/\/i0.wp.com\/historiografija.hr\/wp-content\/uploads\/2021\/12\/povijesne-kontroverze.jpg?fit=1200%2C675&ssl=1&resize=350%2C200","width":350,"height":200,"srcset":"https:\/\/i0.wp.com\/historiografija.hr\/wp-content\/uploads\/2021\/12\/povijesne-kontroverze.jpg?fit=1200%2C675&ssl=1&resize=350%2C200 1x, https:\/\/i0.wp.com\/historiografija.hr\/wp-content\/uploads\/2021\/12\/povijesne-kontroverze.jpg?fit=1200%2C675&ssl=1&resize=525%2C300 1.5x, https:\/\/i0.wp.com\/historiografija.hr\/wp-content\/uploads\/2021\/12\/povijesne-kontroverze.jpg?fit=1200%2C675&ssl=1&resize=700%2C400 2x, https:\/\/i0.wp.com\/historiografija.hr\/wp-content\/uploads\/2021\/12\/povijesne-kontroverze.jpg?fit=1200%2C675&ssl=1&resize=1050%2C600 3x"},"classes":[]}],"_links":{"self":[{"href":"https:\/\/historiografija.hr\/index.php?rest_route=\/wp\/v2\/posts\/2069","targetHints":{"allow":["GET"]}}],"collection":[{"href":"https:\/\/historiografija.hr\/index.php?rest_route=\/wp\/v2\/posts"}],"about":[{"href":"https:\/\/historiografija.hr\/index.php?rest_route=\/wp\/v2\/types\/post"}],"author":[{"embeddable":true,"href":"https:\/\/historiografija.hr\/index.php?rest_route=\/wp\/v2\/users\/1"}],"replies":[{"embeddable":true,"href":"https:\/\/historiografija.hr\/index.php?rest_route=%2Fwp%2Fv2%2Fcomments&post=2069"}],"version-history":[{"count":0,"href":"https:\/\/historiografija.hr\/index.php?rest_route=\/wp\/v2\/posts\/2069\/revisions"}],"wp:attachment":[{"href":"https:\/\/historiografija.hr\/index.php?rest_route=%2Fwp%2Fv2%2Fmedia&parent=2069"}],"wp:term":[{"taxonomy":"category","embeddable":true,"href":"https:\/\/historiografija.hr\/index.php?rest_route=%2Fwp%2Fv2%2Fcategories&post=2069"},{"taxonomy":"post_tag","embeddable":true,"href":"https:\/\/historiografija.hr\/index.php?rest_route=%2Fwp%2Fv2%2Ftags&post=2069"}],"curies":[{"name":"wp","href":"https:\/\/api.w.org\/{rel}","templated":true}]}}