{"id":20687,"date":"2020-05-04T10:50:19","date_gmt":"2020-05-04T10:50:19","guid":{"rendered":"http:\/\/historiografija.hr\/?p=20687"},"modified":"2020-05-04T10:54:34","modified_gmt":"2020-05-04T10:54:34","slug":"prvi-svjetski-rat-1914-1918-i-glazba-skladateljske-strategije-izvedbene-prakse-i-drustveni-utjecaji-the-great-war-1914-1918-and-music-compositional-strategies-performing-practices-and-soc","status":"publish","type":"post","link":"https:\/\/historiografija.hr\/?p=20687","title":{"rendered":"Prvi svjetski rat (1914.-1918.) i glazba. Skladateljske strategije, izvedbene prakse i dru\u0161tveni utjecaji \/ The Great War (1914-1918) and Music. Compositional Strategies, Performing Practices, and Social Impacts"},"content":{"rendered":"<p>Hrvatsko muzikolo\u0161ko dru\u0161tvo, Odsjek za povijest hrvatske glazbe Zavoda za povijest hrvatske knji\u017eevnosti, kazali\u0161ta i glazbe Hrvatske akademije znanosti i umjetnosti i Hrvatski institut za povijest organizirali su 13. me\u0111unarodni muzikolo\u0161ki skup naslovljen \u201ePrvi svjetski rat (1914.-1918.) i glazba. Skladateljske strategije, izvedbene prakse i dru\u0161tveni utjecaji\u201c u povodu obilje\u017eavanja stogodi\u0161njice Prvog svjetskog rata. Skup je odr\u017ean od 24. do 27. listopada 2017. u Zlatnoj dvorani Hrvatskog instituta za povijest, u Opati\u010dkoj ul. 10 u Zagrebu. Ova knjiga je zbornik radova s tog skupa i sadr\u017ei 41 od ukupno 46 podnesenih priop\u0107enja s pone\u0161to druk\u010dije realiziranom koncepcijom: nakon triju <strong>plenarnih izlaganja<\/strong> donose se <strong>op\u0107e teme<\/strong>, pa potom redom \u010dlanci koji se bave <strong>pojedinim skladbama i glazbenim traktatima<\/strong> te konkretnim <strong>skladateljima i izvo\u0111a\u010dima<\/strong>; dva posljednja tematska te\u017ei\u0161ta bave se <strong>odnosima odre\u0111enih glazbenih pojava s politikom<\/strong>, te <strong>glazbeno-kulturnim aspektima<\/strong> pojedinih <strong>gradova i institucija<\/strong>.<br \/>\nAutori \u010dlanaka su ugledni muzikolozi, povjesni\u010dari, teatrolozi i sveu\u010dili\u0161ni profesori iz Bosne i Hercegovine, Bugarske, \u010ce\u0161ke Republike, Hrvatske, Irske, Italije, Kanade, Ma\u0111arske, Makedonije, Poljske, SAD-a, Slovenije, Srbije i Ujedinjenog Kraljevstva. Time je na odgovaraju\u0107i na\u010din ispunjen cilj skupa, tj. razmatranje i postizanje dubljeg znanstvenog uvida u odre\u0111ene aspekte glazbene produkcije (komponiranje, izvo\u0111enje, snimanje, refleksija o glazbi), te \u0161irih glazbeno-sociolo\u0161kih i glazbeno-kulturnih posljedica prije, za vrijeme i nakon Prvog svjetskog rata 1914.-1918. na temelju istra\u017eivanja primarne i sekundarne dokumentacije: glazbenih djela, arhivskih dokumenata, glazbenih\/muzikolo\u0161kih napisa, novinskih i periodi\u010dkih izvora, knji\u017eevno-kazali\u0161nih tekstova, privatnih ostav\u0161tina, individualne i kolektivne memorije, itd. \u010clanak o medicini i glazbi intencionalno je uvr\u0161ten u program skupa i u ovaj zbornik kako bi se podsjetilo na podlozi kakvih se egzistencijalnih u\u017easa, individualnih i masovnih, zbivala slo\u017eena nadgradnja bavljenja umjetno\u0161\u0107u i glazbom kao onog boljeg dijela \u010dovjekova i dru\u0161tvenoga bi\u0107a.<br \/>\nSlu\u017ebeni jezici skupa bili su hrvatski i engleski, no na zamolbu nekih autora njihovi se \u010dlanci objavljuju na jeziku na kojem nisu bili izlagani kao priop\u0107enje. Svi \u010dlanci sadr\u017ee sa\u017eetke na hrvatskom ili engleskom, te su za ovu priliku izdavanja opremljeni svim potrebnim znanstvenim aparatom.<\/p>\n<p>&nbsp;<\/p>\n<p><strong>Prvi svjetski rat (1914.-1918.) i glazba. Skladateljske strategije, izvedbene prakse i dru\u0161tveni utjecaji<\/strong><\/p>\n<p><strong>The Great War (1914-1918) and Music. Compositional Strategies, Performing Practices, and Social Impacts<\/strong><\/p>\n<p><strong>Urednici \/ Editors: Stanislav Tuksar \u2013 Monika Juri\u0107 Janjik<\/strong><\/p>\n<p><strong>Muzikolo\u0161ki zbornici, br. 21<br \/>\nHrvatsko muzikolo\u0161ko dru\u0161tvo \/ Croatian Musicological Society, 2019.<\/strong><\/p>\n<p><strong>774 str.\/p.<\/strong><\/p>\n<p>&nbsp;<\/p>\n<p>The Croatian Musicological Society, Department for the History of Croatian Music of the Institute for the History of Croatian literature, theatre and music of the Croatian Academy of Sciences and Arts and the Croatian Institute for History had organized the 13th International Musicological Conference entitled \u201eThe Great War 1914-1918 and Music. Compositional Strategies, Performing Practices, and Social Impacts\u201c to mark the 100th anniversary of this event. The Conference was held on 24-27 October 2017 in the Golden Hall of the Croatian Institute for History in the Opati\u010dka St No. 10, in Zagreb. This book is the Proceedings of this Conference and it contains 41 out of 46 presentations, presented here with a somewhat modified organizational scheme: after the three <strong>keynote addresses<\/strong> and <strong>general themes<\/strong> follow articles dealing with single <strong>compositions and musical treatises<\/strong>, and then those on individual <strong>composers and performers<\/strong>; the two last thematic groupings deal with <strong>relations between some musical phenomena and politics<\/strong>, and <strong>music-cultural aspects<\/strong> of single <strong>towns and institutions<\/strong>.<br \/>\nTheir authors are mostly outstanding musicologists, historians, theatre theorists and university professors from Bosnia and Herzegovina, Bulgaria, Canada, Croatia, the Czech Republic, Hungary, Ireland, Italy, Macedonia, Poland, Slovenia, Serbia, the UK and the USA. Thus the main purpose of the Conference has been adequately fulfilled, i.e. discussions and deeper insights into certain aspects of musical production (composing, performing, recording and reflexion on music) are offered, as well as broader musical-sociological and musical-cultural consequences during and after the Great War 1914-1918 based on research in primary and secondary documentation: musical works, archival documents, musicological writings, newspaper and periodical sources, literary and theatrical texts, private legacies, individual and collective memory, etc. The article on medicine and music has been intentionally incorporated in the Conference programme and in this Proceedings in order to recall the background of existential ferocities, both individual and collective, within and beyond which a complex structure existed which dealt with arts and music as a better part of human and social being.<br \/>\nOfficial languages of the Conference were Croatian and English, but on demand of some authors their articles are here published in another linguistic idiom than presented at the Conference. All articles are supplied with summaries in Croatian or English, equipped for this occasion with all the scholarly apparatus.<\/p>\n<p>&nbsp;<\/p>\n<p>Izvori i dodatne informacije:<\/p>\n<p><a href=\"http:\/\/hmd-music.org\/prvi-svjetski-rat-1914-1918-i-glazba\/\">http:\/\/hmd-music.org\/prvi-svjetski-rat-1914-1918-i-glazba\/<\/a><\/p>\n<p><a href=\"https:\/\/www.facebook.com\/udruga.1914.1918\/\">https:\/\/www.facebook.com\/udruga.1914.1918\/<\/a><\/p>\n<p>&nbsp;<\/p>\n<p>&nbsp;<\/p>\n","protected":false},"excerpt":{"rendered":"","protected":false},"author":2,"featured_media":20688,"comment_status":"open","ping_status":"open","sticky":false,"template":"","format":"standard","meta":{"_acf_changed":false,"jetpack_post_was_ever_published":false,"_jetpack_newsletter_access":"","_jetpack_dont_email_post_to_subs":false,"_jetpack_newsletter_tier_id":0,"_jetpack_memberships_contains_paywalled_content":false,"_jetpack_memberships_contains_paid_content":false,"footnotes":"","jetpack_publicize_message":"","jetpack_publicize_feature_enabled":true,"jetpack_social_post_already_shared":true,"jetpack_social_options":{"image_generator_settings":{"template":"highway","default_image_id":0,"font":"","enabled":false},"version":2}},"categories":[8,3],"tags":[],"class_list":["post-20687","post","type-post","status-publish","format-standard","has-post-thumbnail","hentry","category-knjige","category-novosti"],"acf":{"facebook_opis":""},"jetpack_publicize_connections":[],"jetpack_featured_media_url":"https:\/\/i0.wp.com\/historiografija.hr\/wp-content\/uploads\/2020\/05\/rat-i-glazba.jpg?fit=673%2C960&ssl=1","jetpack_sharing_enabled":true,"jetpack-related-posts":[{"id":52502,"url":"https:\/\/historiografija.hr\/?p=52502","url_meta":{"origin":20687,"position":0},"title":"Novi znanstveni projekt Hrvatskog instituta za povijest: \u201c\u017drtve ratova i dr\u017eavnog\/politi\u010dkog nasilja u hrvatskoj povijesti 20. stolje\u0107a\u201d","author":"Branimir Jankovi\u0107","date":"17. travnja 2026.","format":false,"excerpt":"Na redovitoj sjednici Vlade RH, 16. travnja 2026., donijet je Zaklju\u010dak kojim se pokre\u0107e znanstveni projekt \u201c\u017drtve ratova i dr\u017eavnog\/politi\u010dkog nasilja u hrvatskoj povijesti 20. stolje\u0107a\u201d. Projekt \u0107e provoditi i koordinirati Hrvatski institut za povijest u razdoblju trajanja projekta od pet godina. Zakljucak Vlade RH Iz teksta projektnog prijedloga: Problematika\u2026","rel":"","context":"U &quot;Novosti&quot;","block_context":{"text":"Novosti","link":"https:\/\/historiografija.hr\/?cat=3"},"img":{"alt_text":"","src":"https:\/\/i0.wp.com\/historiografija.hr\/wp-content\/uploads\/2026\/04\/Vlada-RH.jpg?fit=1200%2C557&ssl=1&resize=350%2C200","width":350,"height":200,"srcset":"https:\/\/i0.wp.com\/historiografija.hr\/wp-content\/uploads\/2026\/04\/Vlada-RH.jpg?fit=1200%2C557&ssl=1&resize=350%2C200 1x, https:\/\/i0.wp.com\/historiografija.hr\/wp-content\/uploads\/2026\/04\/Vlada-RH.jpg?fit=1200%2C557&ssl=1&resize=525%2C300 1.5x, https:\/\/i0.wp.com\/historiografija.hr\/wp-content\/uploads\/2026\/04\/Vlada-RH.jpg?fit=1200%2C557&ssl=1&resize=700%2C400 2x, https:\/\/i0.wp.com\/historiografija.hr\/wp-content\/uploads\/2026\/04\/Vlada-RH.jpg?fit=1200%2C557&ssl=1&resize=1050%2C600 3x"},"classes":[]},{"id":52633,"url":"https:\/\/historiografija.hr\/?p=52633","url_meta":{"origin":20687,"position":1},"title":"POVIJEST TRE\u0160NJEVA\u010cKE GLAZBE: prikupljanje virtualnog fundusa Muzeja susjedstva Tre\u0161njevka","author":"Branimir Jankovi\u0107","date":"23. travnja 2026.","format":false,"excerpt":"utorak 28. 4. 2026. 14 - 18 h Nova BAZA, Nova cesta 66, Zagreb Prvi su dani ljeta 1957. godine. Bo\u017eica Kalafati\u0107 poha\u0111a drugi razred Osnovne \u0161kole Bratstvo i jedinstvo, danas kralja Tomislava, a ide i na muzi\u010dke satove u Mo\u0161\u0107eni\u010dkoj ulici. Na fotografiji s harmonikom u rukama stoji u\u2026","rel":"","context":"U &quot;Novosti&quot;","block_context":{"text":"Novosti","link":"https:\/\/historiografija.hr\/?cat=3"},"img":{"alt_text":"","src":"https:\/\/i0.wp.com\/historiografija.hr\/wp-content\/uploads\/2026\/04\/MST_prikupljanje.jpg?fit=380%2C475&ssl=1&resize=350%2C200","width":350,"height":200},"classes":[]},{"id":52669,"url":"https:\/\/historiografija.hr\/?p=52669","url_meta":{"origin":20687,"position":2},"title":"Predavanje Igora Dude &#8220;Odmor kao \u017eivotna potreba: o slobodnom vremenu u socijalisti\u010dkoj Jugoslaviji&#8221;","author":"Branimir Jankovi\u0107","date":"27. travnja 2026.","format":false,"excerpt":"U sklopu proljetnog ciklusa programa\u00a0Kriti\u010dka dramaturgija: pauza, u\u00a0subotu, 25. travnja 2026. u 19 sati\u00a0u prostoru Udru\u017eenja hrvatskih arhitekata povjesni\u010dar Igor Duda\u00a0odr\u017eao je predavanje naslovljeno\u00a0Odmor kao \u017eivotna potreba: o slobodnom vremenu u socijalisti\u010dkoj Jugoslaviji. Industrijalizacija i urbanizacija dru\u0161tava u povijesti su zna\u010dile i prelazak s predindustrijskog na industrijsko shva\u0107anje vremena. Ono\u2026","rel":"","context":"U &quot;Novosti&quot;","block_context":{"text":"Novosti","link":"https:\/\/historiografija.hr\/?cat=3"},"img":{"alt_text":"","src":"https:\/\/i0.wp.com\/historiografija.hr\/wp-content\/uploads\/2026\/04\/Duda.png?fit=1200%2C628&ssl=1&resize=350%2C200","width":350,"height":200,"srcset":"https:\/\/i0.wp.com\/historiografija.hr\/wp-content\/uploads\/2026\/04\/Duda.png?fit=1200%2C628&ssl=1&resize=350%2C200 1x, https:\/\/i0.wp.com\/historiografija.hr\/wp-content\/uploads\/2026\/04\/Duda.png?fit=1200%2C628&ssl=1&resize=525%2C300 1.5x, https:\/\/i0.wp.com\/historiografija.hr\/wp-content\/uploads\/2026\/04\/Duda.png?fit=1200%2C628&ssl=1&resize=700%2C400 2x, https:\/\/i0.wp.com\/historiografija.hr\/wp-content\/uploads\/2026\/04\/Duda.png?fit=1200%2C628&ssl=1&resize=1050%2C600 3x"},"classes":[]},{"id":52499,"url":"https:\/\/historiografija.hr\/?p=52499","url_meta":{"origin":20687,"position":3},"title":"POTPISAN UGOVOR O ZNANSTVENO-ISTRA\u017dIVA\u010cKOJ SURADNJI: PROJEKT \u201eTEMELJI HRVATSKE SAMOSTALNOSTI\u201d","author":"Branimir Jankovi\u0107","date":"17. travnja 2026.","format":false,"excerpt":"Hrvatski institut za povijest, Sveu\u010dili\u0161te obrane i sigurnosti \u201eDr. Franjo Tu\u0111man\u201d, Institut dru\u0161tvenih znanosti Ivo Pilar i Hrvatski dr\u017eavni arhiv\u00a0potpisali su 23. o\u017eujka 2026.\u00a0Ugovor o znanstveno-istra\u017eiva\u010dkoj suradnji s ciljem provedbe projekta \u201eTemelji hrvatske samostalnosti\u201d. Tim projektom obuhva\u0107a se istra\u017eivanje arhivskoga gradiva, priprema znanstvenih publikacija, digitalizacija i javna prezentacija rezultata istra\u017eivanja\u2026","rel":"","context":"U &quot;Novosti&quot;","block_context":{"text":"Novosti","link":"https:\/\/historiografija.hr\/?cat=3"},"img":{"alt_text":"","src":"https:\/\/i0.wp.com\/historiografija.hr\/wp-content\/uploads\/2026\/04\/THS_sporazum.jpg?fit=1200%2C583&ssl=1&resize=350%2C200","width":350,"height":200,"srcset":"https:\/\/i0.wp.com\/historiografija.hr\/wp-content\/uploads\/2026\/04\/THS_sporazum.jpg?fit=1200%2C583&ssl=1&resize=350%2C200 1x, https:\/\/i0.wp.com\/historiografija.hr\/wp-content\/uploads\/2026\/04\/THS_sporazum.jpg?fit=1200%2C583&ssl=1&resize=525%2C300 1.5x, https:\/\/i0.wp.com\/historiografija.hr\/wp-content\/uploads\/2026\/04\/THS_sporazum.jpg?fit=1200%2C583&ssl=1&resize=700%2C400 2x, https:\/\/i0.wp.com\/historiografija.hr\/wp-content\/uploads\/2026\/04\/THS_sporazum.jpg?fit=1200%2C583&ssl=1&resize=1050%2C600 3x"},"classes":[]},{"id":52631,"url":"https:\/\/historiografija.hr\/?p=52631","url_meta":{"origin":20687,"position":4},"title":"Predavanje Ivana Tepe\u0161a: Djelovanje hrvatske politi\u010dke emigracije","author":"Branimir Jankovi\u0107","date":"23. travnja 2026.","format":false,"excerpt":"Odjel za me\u0111unarodnu suradnju i iseljeni\u0161tvo Matice hrvatske Predavanje Ivana Tepe\u0161a: Djelovanje hrvatske politi\u010dke emigracije Utorak, 28. travnja 2026. u 18:00 sati, Dvorana Ljudevita Jonkea (Mala dvorana MH), Strossmayerov trg 4, Zagreb dr. sc. Ivan Tepe\u0161, Institut za istra\u017eivanje migracija Hrvatska politi\u010dka emigracija obilje\u017eila je polustoljetnu hrvatsku povijest u drugoj\u2026","rel":"","context":"U &quot;Novosti&quot;","block_context":{"text":"Novosti","link":"https:\/\/historiografija.hr\/?cat=3"},"img":{"alt_text":"","src":"","width":0,"height":0},"classes":[]},{"id":52607,"url":"https:\/\/historiografija.hr\/?p=52607","url_meta":{"origin":20687,"position":5},"title":"No\u0107 knjige: Kako je prije 410 godina smr\u0107u Shakespearea i Cervantesa zavr\u0161ilo razdoblje renesanse u knji\u017eevnosti","author":"Branimir Jankovi\u0107","date":"22. travnja 2026.","format":false,"excerpt":"\u010cetvrtak, 23. travnja 2026. u 18:00 sati, Knji\u017eara Matice hrvatske, Ulica Matice hrvatske 2, Zagreb Uvodna rije\u010d: dr. sc.\u00a0Dubravka Brezak Stama\u0107, pro\u010delnica Odjela za knji\u017eevnost Matice hrvatske Prof. dr. sc. Ivan Lupi\u0107, redoviti profesor u Odsjeku za anglistiku i Odsjeku za kroatistiku Sveu\u010dili\u0161ta u RijeciShakespeare, kazali\u0161te, glazbaKada se susre\u0107emo sa\u2026","rel":"","context":"U &quot;Novosti&quot;","block_context":{"text":"Novosti","link":"https:\/\/historiografija.hr\/?cat=3"},"img":{"alt_text":"","src":"https:\/\/i0.wp.com\/historiografija.hr\/wp-content\/uploads\/2026\/04\/noc_knjige_2026.jpg?fit=680%2C276&ssl=1&resize=350%2C200","width":350,"height":200,"srcset":"https:\/\/i0.wp.com\/historiografija.hr\/wp-content\/uploads\/2026\/04\/noc_knjige_2026.jpg?fit=680%2C276&ssl=1&resize=350%2C200 1x, https:\/\/i0.wp.com\/historiografija.hr\/wp-content\/uploads\/2026\/04\/noc_knjige_2026.jpg?fit=680%2C276&ssl=1&resize=525%2C300 1.5x"},"classes":[]}],"_links":{"self":[{"href":"https:\/\/historiografija.hr\/index.php?rest_route=\/wp\/v2\/posts\/20687","targetHints":{"allow":["GET"]}}],"collection":[{"href":"https:\/\/historiografija.hr\/index.php?rest_route=\/wp\/v2\/posts"}],"about":[{"href":"https:\/\/historiografija.hr\/index.php?rest_route=\/wp\/v2\/types\/post"}],"author":[{"embeddable":true,"href":"https:\/\/historiografija.hr\/index.php?rest_route=\/wp\/v2\/users\/2"}],"replies":[{"embeddable":true,"href":"https:\/\/historiografija.hr\/index.php?rest_route=%2Fwp%2Fv2%2Fcomments&post=20687"}],"version-history":[{"count":1,"href":"https:\/\/historiografija.hr\/index.php?rest_route=\/wp\/v2\/posts\/20687\/revisions"}],"predecessor-version":[{"id":20689,"href":"https:\/\/historiografija.hr\/index.php?rest_route=\/wp\/v2\/posts\/20687\/revisions\/20689"}],"wp:featuredmedia":[{"embeddable":true,"href":"https:\/\/historiografija.hr\/index.php?rest_route=\/wp\/v2\/media\/20688"}],"wp:attachment":[{"href":"https:\/\/historiografija.hr\/index.php?rest_route=%2Fwp%2Fv2%2Fmedia&parent=20687"}],"wp:term":[{"taxonomy":"category","embeddable":true,"href":"https:\/\/historiografija.hr\/index.php?rest_route=%2Fwp%2Fv2%2Fcategories&post=20687"},{"taxonomy":"post_tag","embeddable":true,"href":"https:\/\/historiografija.hr\/index.php?rest_route=%2Fwp%2Fv2%2Ftags&post=20687"}],"curies":[{"name":"wp","href":"https:\/\/api.w.org\/{rel}","templated":true}]}}