{"id":20648,"date":"2020-05-01T10:55:11","date_gmt":"2020-05-01T10:55:11","guid":{"rendered":"http:\/\/historiografija.hr\/?p=20648"},"modified":"2020-05-01T10:55:11","modified_gmt":"2020-05-01T10:55:11","slug":"nationalism-and-the-economy-explorations-into-a-neglected-relationship-edited-by-stefan-berger-and-thomas-fetzer","status":"publish","type":"post","link":"https:\/\/historiografija.hr\/?p=20648","title":{"rendered":"Nationalism and the Economy: Explorations into a Neglected Relationship. Edited by  Stefan Berger and Thomas Fetzer"},"content":{"rendered":"<p>This book is the first attempt to bridge the divide between studies addressing \u201ceconomic nationalism\u201d as a deliberate ideology and movement of economic \u201cnation-building,\u201d and the literature concerned with more diffuse expressions of economic \u201cnationness\u201d \u2013 from national economic symbols and memories to the \u201cbanal\u201d world of product advertising. The editors draw attention to the importance of economic issues for the study of nations and nationalism, and the relative neglect of this relationship in contemporary scholarship.<\/p>\n<p>&nbsp;<\/p>\n<p>The authors of the essays come from disciplines as diverse as economic and cultural history, political science, business studies, as well as sociology and anthropology. Their chapters address the nationalism-economy nexus in a variety of realms, including trade, foreign investment, and national control over resources, as well as consumption, migration, and welfare state policies. Some of the case studies have a historical focus on nation-building in the nineteenth and early twentieth centuries, while others are concerned with contemporary developments. Several contributions provide in-depth analyses of single cases while others are comparative. The geographical focus of the contributions vary widely, although most deal with European countries.<\/p>\n<p>&nbsp;<\/p>\n<p><strong>Table of contents<\/strong><\/p>\n<ol>\n<li>Introduction by Stefan Berger and Thomas Fetzer<\/li>\n<\/ol>\n<p>&nbsp;<\/p>\n<p>PART I: Surveys<\/p>\n<ol start=\"2\">\n<li>Historians, Nationalism Studies, and the Economy by Stefan Berger<\/li>\n<li>Nationalism in Political Economy Scholarship by Thomas Fetzer<\/li>\n<\/ol>\n<p>PART II: Case Studies<\/p>\n<ol start=\"4\">\n<li>Visions of Europe: European Integration and its Origins in Nineteenth Century Economic Thinking about Nation-Building by Harold James<\/li>\n<li>Theoretical and Historical Reflections on Economic Nationalism in Germany and the United States in the Nineteenth and Early Twentieth Centuries by Andreas Etges<\/li>\n<li>Land Regimes in Nation-Building Processes and Nation-States: The Case of Israel in Comparative Perspective by Jacob Metzer<\/li>\n<li>Disparities and Economic Nationhood in Yugoslavia by \u017darko Lazarevi\u0107<\/li>\n<li>Pro-Urban Welfare in an Agricultural Country? Economic Nationalism and Welfare Regime Problems of Fit: Lessons from Interwar Romania by Sergiu Delcea<\/li>\n<li>Nationalizing Consumption: Products, Brands, and Nations by Oliver K\u00fchschelm<\/li>\n<li>Nation Branding and Nationalism by Mads Mordhorst<\/li>\n<li>National Interests and Foreign Direct Investment in East-Central Europe after 1989 by Vera \u0160\u0107epanovi\u0107<\/li>\n<li>Economic Nationhood and International Migration: The Case of China by P\u00e1l Ny\u00edri<\/li>\n<\/ol>\n<p>&nbsp;<\/p>\n<p>PART III: Beyond the Nation?<\/p>\n<ol start=\"13\">\n<li>Embedding the Social Question into International Order: Economic Thought and the Origins of Neoliberalism in the 1930s by Hagen Schulz-Forberg<\/li>\n<li>Economic Europeanness by Thomas Fetzer<\/li>\n<\/ol>\n<p>&nbsp;<\/p>\n<p><strong>Reviews<\/strong><\/p>\n<p>H-Net Reviews in the Humanities &amp; Social Sciences<\/p>\n<p>&#8220;Stefan Berger and Thomas Fetzer have assembled a team of a dozen authors to tackle the question, through a mixture of literature reviews and case studies. They rightly argue that nationalism scholars tend to focus on state power and cultural representation at the expense of economics, while economists in turn largely overlook the question of nationalism. One of the central arguments in the book is that economic nationalism should be understood as a broader phenomenon than mere protectionism\u2014the creation of tariff and other barriers to deter foreign trade and investment.&#8221;<\/p>\n<p><a href=\"http:\/\/www.h-net.org\/reviews\/showrev.php?id=54174\">http:\/\/www.h-net.org\/reviews\/showrev.php?id=54174<\/a><\/p>\n<p>&nbsp;<\/p>\n<p><strong>CEU Press<\/strong><\/p>\n<p>Publication date: 2019<\/p>\n<p>330 pages<\/p>\n<p><a href=\"http:\/\/ceupress.com\/book\/nationalism-and-economy\">http:\/\/ceupress.com\/book\/nationalism-and-economy<\/a><\/p>\n<p>&nbsp;<\/p>\n<p>&nbsp;<\/p>\n","protected":false},"excerpt":{"rendered":"","protected":false},"author":2,"featured_media":20649,"comment_status":"open","ping_status":"open","sticky":false,"template":"","format":"standard","meta":{"_acf_changed":false,"jetpack_post_was_ever_published":false,"_jetpack_newsletter_access":"","_jetpack_dont_email_post_to_subs":false,"_jetpack_newsletter_tier_id":0,"_jetpack_memberships_contains_paywalled_content":false,"_jetpack_memberships_contains_paid_content":false,"footnotes":"","jetpack_publicize_message":"","jetpack_publicize_feature_enabled":true,"jetpack_social_post_already_shared":true,"jetpack_social_options":{"image_generator_settings":{"template":"highway","default_image_id":0,"font":"","enabled":false},"version":2}},"categories":[8,3],"tags":[],"class_list":["post-20648","post","type-post","status-publish","format-standard","has-post-thumbnail","hentry","category-knjige","category-novosti"],"acf":{"facebook_opis":""},"jetpack_publicize_connections":[],"jetpack_featured_media_url":"https:\/\/i0.wp.com\/historiografija.hr\/wp-content\/uploads\/2020\/05\/berger.jpg?fit=559%2C966&ssl=1","jetpack_sharing_enabled":true,"jetpack-related-posts":[{"id":52625,"url":"https:\/\/historiografija.hr\/?p=52625","url_meta":{"origin":20648,"position":0},"title":"Omer Bartov, \u201eIsrael: What Went Wrong?\u201c","author":"Branimir Jankovi\u0107","date":"23. travnja 2026.","format":false,"excerpt":"Professor Omer Bartov was born on a kibbutz, grew up in Tel Aviv and served in the Israel Defence Forces during the Yom Kippur War. He went on to become an expert on the German army and the Holocaust, before turning his attention to his native country.In Israel: What Went\u2026","rel":"","context":"U &quot;Knjige&quot;","block_context":{"text":"Knjige","link":"https:\/\/historiografija.hr\/?cat=8"},"img":{"alt_text":"","src":"https:\/\/i0.wp.com\/historiografija.hr\/wp-content\/uploads\/2026\/04\/Bartov.jpeg?fit=320%2C500&ssl=1&resize=350%2C200","width":350,"height":200},"classes":[]},{"id":52516,"url":"https:\/\/historiografija.hr\/?p=52516","url_meta":{"origin":20648,"position":1},"title":"Marko Grde\u0161i\u0107, Mislav \u017ditko, \u201eSocialist Economics in Yugoslavia: A Critical History\u201c","author":"Branimir Jankovi\u0107","date":"17. travnja 2026.","format":false,"excerpt":"This book presents a critical history of Yugoslav socialist economics, from its inception in the late 1940s to its dissolution in the late 1980s. After the dramatic break with the Soviet Union in 1948, Yugoslavia found itself in urgent need of a third way: A socialist trajectory which would not\u2026","rel":"","context":"U &quot;Knjige&quot;","block_context":{"text":"Knjige","link":"https:\/\/historiografija.hr\/?cat=8"},"img":{"alt_text":"","src":"https:\/\/i0.wp.com\/historiografija.hr\/wp-content\/uploads\/2026\/04\/Zitko_Grdesic.jpg?fit=350%2C535&ssl=1&resize=350%2C200","width":350,"height":200},"classes":[]},{"id":52641,"url":"https:\/\/historiografija.hr\/?p=52641","url_meta":{"origin":20648,"position":2},"title":"CfP: WHO OWNS THE PAST? VERNACULAR MEMORY, STATE MEMORY, AND THE POLITICS OF OWNERSHIP","author":"Branimir Jankovi\u0107","date":"24. travnja 2026.","format":false,"excerpt":"VIENNA, 31ST AUGUST\u20133RD SEPTEMBER 2026 (DEADLINE: 24TH APRIL 2026) The Center for Austrian Studies at the European Forum at the Hebrew University and the Austrian Academy of Sciences\/Institute of Culture Studies invite early postdocs, PhD candidates, and advanced Master\u2019s students from the Hebrew University of Jerusalem and universities and academic\u2026","rel":"","context":"U &quot;Novosti&quot;","block_context":{"text":"Novosti","link":"https:\/\/historiografija.hr\/?cat=3"},"img":{"alt_text":"","src":"https:\/\/i0.wp.com\/historiografija.hr\/wp-content\/uploads\/2017\/10\/hsozkult.png?fit=1006%2C241&ssl=1&resize=350%2C200","width":350,"height":200,"srcset":"https:\/\/i0.wp.com\/historiografija.hr\/wp-content\/uploads\/2017\/10\/hsozkult.png?fit=1006%2C241&ssl=1&resize=350%2C200 1x, https:\/\/i0.wp.com\/historiografija.hr\/wp-content\/uploads\/2017\/10\/hsozkult.png?fit=1006%2C241&ssl=1&resize=525%2C300 1.5x, https:\/\/i0.wp.com\/historiografija.hr\/wp-content\/uploads\/2017\/10\/hsozkult.png?fit=1006%2C241&ssl=1&resize=700%2C400 2x"},"classes":[]},{"id":52622,"url":"https:\/\/historiografija.hr\/?p=52622","url_meta":{"origin":20648,"position":3},"title":"Annual CAPONEU conference: Political Novel in Europe Between Democracy and Authoritarianism","author":"Branimir Jankovi\u0107","date":"23. travnja 2026.","format":false,"excerpt":"Caponeu event 22.04.2026 - 24.04.2026 Location: The Faculty of Polish and Classical Philology AMU (Fredry 10, Pozna\u0144)Organized by: Tomasz Mizerkiewicz, Krystyna Pieni\u0105\u017cek-Markovi\u0107, Anna Gawarecka, Ewa Szperlik, Magda Potok, B\u0142a\u017cej Warkocki, Gerard Ronge (all Adam Mickiewicz University in Pozna\u0144)Contact: gerron@amu.edu.pl The Adam Mickiewicz University team, as part of the international CAPONEU\u2026","rel":"","context":"U &quot;Novosti&quot;","block_context":{"text":"Novosti","link":"https:\/\/historiografija.hr\/?cat=3"},"img":{"alt_text":"","src":"https:\/\/i0.wp.com\/historiografija.hr\/wp-content\/uploads\/2026\/04\/Caponeu-political-novel.jpg?fit=500%2C261&ssl=1&resize=350%2C200","width":350,"height":200},"classes":[]},{"id":52531,"url":"https:\/\/historiografija.hr\/?p=52531","url_meta":{"origin":20648,"position":4},"title":"Jonathan G. Leslie, \u201eFear and Insecurity: Israel and the Iran Threat Narrative\u201c","author":"Branimir Jankovi\u0107","date":"17. travnja 2026.","format":false,"excerpt":"Why is Israel\u2019s former ally Iran now perceived as the country\u2019s greatest threat? Description To observers of the Iran-Israel conflict, its vitriolic rhetoric might suggest an ancient hatred between Jews and Muslims\u2013a biblical feud dating back hundreds, or thousands, of years. But this rivalry is a far more modern development.\u2026","rel":"","context":"U &quot;Knjige&quot;","block_context":{"text":"Knjige","link":"https:\/\/historiografija.hr\/?cat=8"},"img":{"alt_text":"","src":"https:\/\/i0.wp.com\/historiografija.hr\/wp-content\/uploads\/2026\/04\/Leslie.jpg?fit=391%2C612&ssl=1&resize=350%2C200","width":350,"height":200},"classes":[]},{"id":52677,"url":"https:\/\/historiografija.hr\/?p=52677","url_meta":{"origin":20648,"position":5},"title":"CfP: NAVIGATING THE PAST, FACING THE PRESENT: CHALLENGES AND OPPORTUNITIES IN RE-PRESENTING CONFLICTS AND VIOLENCE IN MEMORY AND EDUCATION INSTITUTIONS, WARSAW, 22ND\u201324TH OCTOBER 2026 (DEADLINE: 30TH APRIL 2026)","author":"Branimir Jankovi\u0107","date":"27. travnja 2026.","format":false,"excerpt":"The conference and graduate workshop (October 22-24, 2026, Warsaw) addresses the representation of history in public and institutional contexts, with a focus beyond the often-studied field of \u201cmemory culture\u201d. Rather than emphasizing the politicization of memory and cultural institutions, the discussion shifts toward new methods, media, and challenges in historical\u2026","rel":"","context":"U &quot;Novosti&quot;","block_context":{"text":"Novosti","link":"https:\/\/historiografija.hr\/?cat=3"},"img":{"alt_text":"","src":"https:\/\/i0.wp.com\/historiografija.hr\/wp-content\/uploads\/2017\/10\/hsozkult.png?fit=1006%2C241&ssl=1&resize=350%2C200","width":350,"height":200,"srcset":"https:\/\/i0.wp.com\/historiografija.hr\/wp-content\/uploads\/2017\/10\/hsozkult.png?fit=1006%2C241&ssl=1&resize=350%2C200 1x, https:\/\/i0.wp.com\/historiografija.hr\/wp-content\/uploads\/2017\/10\/hsozkult.png?fit=1006%2C241&ssl=1&resize=525%2C300 1.5x, https:\/\/i0.wp.com\/historiografija.hr\/wp-content\/uploads\/2017\/10\/hsozkult.png?fit=1006%2C241&ssl=1&resize=700%2C400 2x"},"classes":[]}],"_links":{"self":[{"href":"https:\/\/historiografija.hr\/index.php?rest_route=\/wp\/v2\/posts\/20648","targetHints":{"allow":["GET"]}}],"collection":[{"href":"https:\/\/historiografija.hr\/index.php?rest_route=\/wp\/v2\/posts"}],"about":[{"href":"https:\/\/historiografija.hr\/index.php?rest_route=\/wp\/v2\/types\/post"}],"author":[{"embeddable":true,"href":"https:\/\/historiografija.hr\/index.php?rest_route=\/wp\/v2\/users\/2"}],"replies":[{"embeddable":true,"href":"https:\/\/historiografija.hr\/index.php?rest_route=%2Fwp%2Fv2%2Fcomments&post=20648"}],"version-history":[{"count":1,"href":"https:\/\/historiografija.hr\/index.php?rest_route=\/wp\/v2\/posts\/20648\/revisions"}],"predecessor-version":[{"id":20650,"href":"https:\/\/historiografija.hr\/index.php?rest_route=\/wp\/v2\/posts\/20648\/revisions\/20650"}],"wp:featuredmedia":[{"embeddable":true,"href":"https:\/\/historiografija.hr\/index.php?rest_route=\/wp\/v2\/media\/20649"}],"wp:attachment":[{"href":"https:\/\/historiografija.hr\/index.php?rest_route=%2Fwp%2Fv2%2Fmedia&parent=20648"}],"wp:term":[{"taxonomy":"category","embeddable":true,"href":"https:\/\/historiografija.hr\/index.php?rest_route=%2Fwp%2Fv2%2Fcategories&post=20648"},{"taxonomy":"post_tag","embeddable":true,"href":"https:\/\/historiografija.hr\/index.php?rest_route=%2Fwp%2Fv2%2Ftags&post=20648"}],"curies":[{"name":"wp","href":"https:\/\/api.w.org\/{rel}","templated":true}]}}