{"id":20607,"date":"2020-04-30T10:30:02","date_gmt":"2020-04-30T10:30:02","guid":{"rendered":"http:\/\/historiografija.hr\/?p=20607"},"modified":"2020-04-30T10:30:02","modified_gmt":"2020-04-30T10:30:02","slug":"vlado-vurusic-rajski-kljucar","status":"publish","type":"post","link":"https:\/\/historiografija.hr\/?p=20607","title":{"rendered":"Vlado Vuru\u0161i\u0107, \u201cRajski klju\u010dar\u201d"},"content":{"rendered":"<p>Knjiga &#8220;Rajski klju\u010dar&#8221; Vlade Vuru\u0161i\u0107a donosi pri\u010de razli\u010dite duljine, koje nas vra\u0107aju u ratne godine sugestivno\u0161\u0107u velike snage. Pred sobom vidimo defile karaktera &#8211; idealiste, zanesenjake, junake, kukavice, ucviljene majke, oficire i vojnike, \u010dasnike i dragovoljce, uglavnom mlade ljude u paklu rata. To je vrijeme prevrednovanja svih vrijednosti. Svijet u kojemu su odrasli, dotad naizgled \u010dvrst poput\u00a0 granita, puca. Ni\u010de ne\u0161to novo.<\/p>\n<p>&nbsp;<\/p>\n<p>Svi su oni, ili skoro svi, uronjeni u jedan medij &#8211; naciju. Srbi, Hrvati, Jugoslavija, Hrvatska; komunisti i antikomunisti, ili komunisti koji su preko no\u0107i postali antikomunisti, na isti na\u010din kako su ju\u010dera\u0161nji Jugoslaveni postali dana\u0161nji Hrvati ili Srbi, sva se ta tranzicija, transsupstancija, vidi na stranicama ove knjige na na\u010din koji \u0107e mladim ljudima, koji u tim vremenima nisu \u017eivjeli pa si ih ne mogu ni predo\u010diti, plasti\u010dno o\u017eivjeti dane u kojima su mnoge majke plakale, dok su im djeca krvarila po rati\u0161tima, na koja su ih uputili njihovi ideali ili potreba za obranom gole ko\u017ee.<\/p>\n<p>&nbsp;<\/p>\n<p>Vuru\u0161i\u0107 pa\u017eljivo rekonstruira i dru\u0161tveni svemir svojih\u00a0 likova, jer oko glava Vuru\u0161i\u0107evih junaka i antijunaka fiju\u010du meci, tijela se mrtvih raspadaju u smradu, na puno mjesta vidimo usirenu ljudsku krv, strah pred egzekucijom ljude pretvara u gnjecavu masu.<\/p>\n<p>&nbsp;<\/p>\n<p>Boris Ra\u0161eta<\/p>\n<p>&nbsp;<\/p>\n<p><strong>Naklada Breza<\/strong><\/p>\n<p>2020.<\/p>\n<p>223 str.<\/p>\n<p>&nbsp;<\/p>\n<p><strong>Vlado Vuru\u0161i\u0107<\/strong><\/p>\n<p>Ro\u0111en 30. travnja 1960. godine u Trogiru. Na Filozofskom fakultetu u Zagrebu zavr\u0161io slavistiku &#8211; rusistiku. Radi kao novinar u Jutarnjem listu. Karijeru je zapo\u010deo u listu Polet, a tekstove je objavljivao i u Danasu, Startu, Nedjeljnoj Dalmaciji, Mladini te Globusu. Za dvije reporta\u017ee objavljene u Globusu dobio je nagradu Hrvatskog novinarskog dru\u0161tva Marija Juri\u0107 Zagorka. Objavio je, izme\u0111u ostaloga, dvije publicisti\u010dke knjige Nogomet: svjetska prvenstva (s I. Buljanom) (2010.) i Slaven Bili\u0107: pri\u010da o nogometu i rokenrolu (2008.) te romana Obala mar\u0161ala Tita (2018.) . Prevodi s ruskog jezika.<\/p>\n<p>&nbsp;<\/p>\n<p>Izvor:<\/p>\n<p><a href=\"https:\/\/www.mvinfo.hr\/knjiga\/13689\/rajski-kljucar\">https:\/\/www.mvinfo.hr\/knjiga\/13689\/rajski-kljucar<\/a><\/p>\n<p><a href=\"https:\/\/www.ljevak.hr\/kratka-prica-eseji\/24307-rajski-kljucar.html\">https:\/\/www.ljevak.hr\/kratka-prica-eseji\/24307-rajski-kljucar.html<\/a><\/p>\n<p>&nbsp;<\/p>\n<p>Iz medija:<\/p>\n<p><a href=\"https:\/\/www.jutarnji.hr\/kultura\/knjizevnost\/price-o-sarenoj-galeriji-likova-iz-ratnih-90-ih-nakon-romana-obala-marsala-tita-novinar-vlado-vurusic-objavio-i-zbirku-prica\/10090765\/\">https:\/\/www.jutarnji.hr\/kultura\/knjizevnost\/price-o-sarenoj-galeriji-likova-iz-ratnih-90-ih-nakon-romana-obala-marsala-tita-novinar-vlado-vurusic-objavio-i-zbirku-prica\/10090765\/<\/a><\/p>\n<p>&nbsp;<\/p>\n<p>&nbsp;<\/p>\n","protected":false},"excerpt":{"rendered":"","protected":false},"author":2,"featured_media":20608,"comment_status":"open","ping_status":"open","sticky":false,"template":"","format":"standard","meta":{"_acf_changed":false,"jetpack_post_was_ever_published":false,"_jetpack_newsletter_access":"","_jetpack_dont_email_post_to_subs":false,"_jetpack_newsletter_tier_id":0,"_jetpack_memberships_contains_paywalled_content":false,"_jetpack_memberships_contains_paid_content":false,"footnotes":"","jetpack_publicize_message":"","jetpack_publicize_feature_enabled":true,"jetpack_social_post_already_shared":true,"jetpack_social_options":{"image_generator_settings":{"template":"highway","default_image_id":0,"font":"","enabled":false},"version":2}},"categories":[3,12],"tags":[],"class_list":["post-20607","post","type-post","status-publish","format-standard","has-post-thumbnail","hentry","category-novosti","category-knjizevnost"],"acf":{"facebook_opis":""},"jetpack_publicize_connections":[],"jetpack_featured_media_url":"https:\/\/i0.wp.com\/historiografija.hr\/wp-content\/uploads\/2020\/04\/rajski-kljucar.jpg?fit=570%2C678&ssl=1","jetpack_sharing_enabled":true,"jetpack-related-posts":[{"id":52508,"url":"https:\/\/historiografija.hr\/?p=52508","url_meta":{"origin":20607,"position":0},"title":"Glazbena radionica \u201eDUGMETARA REVISITED\u201c","author":"Branimir Jankovi\u0107","date":"17. travnja 2026.","format":false,"excerpt":"DUGMETARA REVISITED glazbena radionica vodi: Ana Horvat 13., 20. i 27. travnja, od 18 do 20 sati Radiona, Nova cesta 186 Na tri radioni\u010dka susreta uranjamo u naslje\u0111e Dugmetare, biv\u0161e tvornice dugmadi na Savskoj cesti koja je po\u010detkom 2000-ih igrom slu\u010daja postala \u017eivo, jedinstveno mjesto glazbene proizvodnje. Svoje su probe\u2026","rel":"","context":"U &quot;Novosti&quot;","block_context":{"text":"Novosti","link":"https:\/\/historiografija.hr\/?cat=3"},"img":{"alt_text":"","src":"https:\/\/i0.wp.com\/historiografija.hr\/wp-content\/uploads\/2026\/04\/TRESNJA_TRESTI.jpg?fit=380%2C475&ssl=1&resize=350%2C200","width":350,"height":200},"classes":[]},{"id":52752,"url":"https:\/\/historiografija.hr\/?p=52752","url_meta":{"origin":20607,"position":1},"title":"Otvaranje izlo\u017ebe &#8220;Hrvati na So\u010danskom frontu&#8221; i predavanje &#8220;So\u010danska fronta u Prvome svjetskom ratu&#8221;","author":"Filip \u0160imunjak","date":"30. travnja 2026.","format":false,"excerpt":"Otvaranje izlo\u017ebe \u201eHrvati na So\u010danskom frontu\u201c, Kobari\u0161ki muzej Prvog svjetskog rata, Kobarid, odr\u017eat \u0107e se u sklopu ovogodi\u0161njega Festivala povijesti Kliofest u Nacionalnoj i sveu\u010dili\u0161noj knji\u017enici u Zagrebu, u utorak 5. svibnja, s po\u010detkom u 10 sati, uz sudjelovanje: Ga\u0161pera Dov\u017eana, veleposlanika Republike Slovenije u RH, te Martina \u0160olara, direktora\u2026","rel":"","context":"U &quot;Izlo\u017ebe&quot;","block_context":{"text":"Izlo\u017ebe","link":"https:\/\/historiografija.hr\/?cat=10"},"img":{"alt_text":"","src":"https:\/\/i0.wp.com\/historiografija.hr\/wp-content\/uploads\/2026\/04\/Kliofest-01-utorak-II-08-P-Socanska-fronta.jpg?fit=1200%2C566&ssl=1&resize=350%2C200","width":350,"height":200,"srcset":"https:\/\/i0.wp.com\/historiografija.hr\/wp-content\/uploads\/2026\/04\/Kliofest-01-utorak-II-08-P-Socanska-fronta.jpg?fit=1200%2C566&ssl=1&resize=350%2C200 1x, https:\/\/i0.wp.com\/historiografija.hr\/wp-content\/uploads\/2026\/04\/Kliofest-01-utorak-II-08-P-Socanska-fronta.jpg?fit=1200%2C566&ssl=1&resize=525%2C300 1.5x, https:\/\/i0.wp.com\/historiografija.hr\/wp-content\/uploads\/2026\/04\/Kliofest-01-utorak-II-08-P-Socanska-fronta.jpg?fit=1200%2C566&ssl=1&resize=700%2C400 2x, https:\/\/i0.wp.com\/historiografija.hr\/wp-content\/uploads\/2026\/04\/Kliofest-01-utorak-II-08-P-Socanska-fronta.jpg?fit=1200%2C566&ssl=1&resize=1050%2C600 3x"},"classes":[]},{"id":52528,"url":"https:\/\/historiografija.hr\/?p=52528","url_meta":{"origin":20607,"position":2},"title":"[Promocija knjige] Banja Luka u ratu: Etnopolitika i svakodnevica (1990\u20131995) (ActiveLab, YugoLab)","author":"Branimir Jankovi\u0107","date":"17. travnja 2026.","format":false,"excerpt":"Institut za filozofiju i dru\u0161tvenu teoriju i O\u0161tra Nula organizuju promociju knjige Banja Luka u ratu: Etnopolitika i svakodnevica (1990\u20131995) autorke Armine Galija\u0161, koja \u0107e se odr\u017eati 20. aprila 2026. u 12.00 sati u prostorijama Instituta (Kraljice Natalije 45, Beograd). Re\u010d je o prvom nau\u010dno utemeljenom i sistematskom radu koji\u2026","rel":"","context":"U &quot;Novosti&quot;","block_context":{"text":"Novosti","link":"https:\/\/historiografija.hr\/?cat=3"},"img":{"alt_text":"","src":"https:\/\/i0.wp.com\/historiografija.hr\/wp-content\/uploads\/2026\/04\/20-april-RS.jpg?fit=1200%2C675&ssl=1&resize=350%2C200","width":350,"height":200,"srcset":"https:\/\/i0.wp.com\/historiografija.hr\/wp-content\/uploads\/2026\/04\/20-april-RS.jpg?fit=1200%2C675&ssl=1&resize=350%2C200 1x, https:\/\/i0.wp.com\/historiografija.hr\/wp-content\/uploads\/2026\/04\/20-april-RS.jpg?fit=1200%2C675&ssl=1&resize=525%2C300 1.5x, https:\/\/i0.wp.com\/historiografija.hr\/wp-content\/uploads\/2026\/04\/20-april-RS.jpg?fit=1200%2C675&ssl=1&resize=700%2C400 2x, https:\/\/i0.wp.com\/historiografija.hr\/wp-content\/uploads\/2026\/04\/20-april-RS.jpg?fit=1200%2C675&ssl=1&resize=1050%2C600 3x"},"classes":[]},{"id":52768,"url":"https:\/\/historiografija.hr\/?p=52768","url_meta":{"origin":20607,"position":3},"title":"Poziv za prijavu na me\u0111unarodni ljetni kamp za mlade \u201cYouth in Cold-War Europe\u201d","author":"Filip \u0160imunjak","date":"30. travnja 2026.","format":false,"excerpt":"Otvoren je poziv za prijavu na me\u0111unarodni ljetni kamp \"Youth in Cold-War Europe\", koji se odr\u017eava od 28.08. do 06.09. 2026. godine u Weimaru (Njema\u010dka). Kamp se odr\u017eava u organizaciji Europskog centra za obrazovanje mladih (EJBW) iz Weimara i njegovih me\u0111unarodnih partnera, te uz financijsku podr\u0161ku Europske unije i Savezne\u2026","rel":"","context":"U &quot;Novosti&quot;","block_context":{"text":"Novosti","link":"https:\/\/historiografija.hr\/?cat=3"},"img":{"alt_text":"","src":"https:\/\/i0.wp.com\/historiografija.hr\/wp-content\/uploads\/2026\/04\/LJETNI-KAMP-ZA-MLADE-YOUTH-IN-COLD-WAR-EUROPE.jpg?fit=667%2C375&ssl=1&resize=350%2C200","width":350,"height":200,"srcset":"https:\/\/i0.wp.com\/historiografija.hr\/wp-content\/uploads\/2026\/04\/LJETNI-KAMP-ZA-MLADE-YOUTH-IN-COLD-WAR-EUROPE.jpg?fit=667%2C375&ssl=1&resize=350%2C200 1x, https:\/\/i0.wp.com\/historiografija.hr\/wp-content\/uploads\/2026\/04\/LJETNI-KAMP-ZA-MLADE-YOUTH-IN-COLD-WAR-EUROPE.jpg?fit=667%2C375&ssl=1&resize=525%2C300 1.5x"},"classes":[]},{"id":52575,"url":"https:\/\/historiografija.hr\/?p=52575","url_meta":{"origin":20607,"position":4},"title":"Izlo\u017eba dje\u010djih radova \u201cU po\u010detku bija\u0161e crte\u017e\u2026\u201d","author":"Branimir Jankovi\u0107","date":"21. travnja 2026.","format":false,"excerpt":"U subotu, 25. travnja 2026. u 11 sati u Galeriji Klovi\u0107evi dvori sve\u010dano otvaramo izlo\u017ebu dje\u010djih radova pod nazivom U po\u010detku bija\u0161e crte\u017e\u2026 Radovi su nastali u sklopu likovnih radionica uz izlo\u017ebu U po\u010detku bija\u0161e kraljevstvo \u2013 izlo\u017eba povodom 1100 godina Hrvatskoga Kraljevstva. Na brojnim likovnim radionicama, uz \u0161kolsku djecu,\u2026","rel":"","context":"U &quot;Izlo\u017ebe&quot;","block_context":{"text":"Izlo\u017ebe","link":"https:\/\/historiografija.hr\/?cat=10"},"img":{"alt_text":"","src":"https:\/\/i0.wp.com\/historiografija.hr\/wp-content\/uploads\/2025\/10\/Klovicevi_sluzbeni-plakat.png?fit=840%2C1200&ssl=1&resize=350%2C200","width":350,"height":200,"srcset":"https:\/\/i0.wp.com\/historiografija.hr\/wp-content\/uploads\/2025\/10\/Klovicevi_sluzbeni-plakat.png?fit=840%2C1200&ssl=1&resize=350%2C200 1x, https:\/\/i0.wp.com\/historiografija.hr\/wp-content\/uploads\/2025\/10\/Klovicevi_sluzbeni-plakat.png?fit=840%2C1200&ssl=1&resize=525%2C300 1.5x, https:\/\/i0.wp.com\/historiografija.hr\/wp-content\/uploads\/2025\/10\/Klovicevi_sluzbeni-plakat.png?fit=840%2C1200&ssl=1&resize=700%2C400 2x"},"classes":[]},{"id":52619,"url":"https:\/\/historiografija.hr\/?p=52619","url_meta":{"origin":20607,"position":5},"title":"Predavanje \u0110ur\u0111ice Vitkovi\u0107 &#8220;Izme\u0111u pera i objektiva: Zagorka i Foto Tonka&#8221;","author":"Branimir Jankovi\u0107","date":"23. travnja 2026.","format":false,"excerpt":"Memorijalni stan Marije Juri\u0107 Zagorke poziva Vas na predavanje \u0110ur\u0111ice Vitkovi\u0107 \u201eIzme\u0111u pera i objektiva: Zagorka i Foto Tonka\u201c koje \u0107e se odr\u017eati u utorak, 28. travnja 2026. s po\u010detkom u 18 h u sklopu Ciklusa predavanja u Memorijalnom stanu Marije Juri\u0107 Zagorke. Kako su se susrele knji\u017eevnost i fotografija\u2026","rel":"","context":"U &quot;Novosti&quot;","block_context":{"text":"Novosti","link":"https:\/\/historiografija.hr\/?cat=3"},"img":{"alt_text":"","src":"https:\/\/i0.wp.com\/historiografija.hr\/wp-content\/uploads\/2024\/11\/Zagorka_ciklus.jpg?fit=1200%2C1006&ssl=1&resize=350%2C200","width":350,"height":200,"srcset":"https:\/\/i0.wp.com\/historiografija.hr\/wp-content\/uploads\/2024\/11\/Zagorka_ciklus.jpg?fit=1200%2C1006&ssl=1&resize=350%2C200 1x, https:\/\/i0.wp.com\/historiografija.hr\/wp-content\/uploads\/2024\/11\/Zagorka_ciklus.jpg?fit=1200%2C1006&ssl=1&resize=525%2C300 1.5x, https:\/\/i0.wp.com\/historiografija.hr\/wp-content\/uploads\/2024\/11\/Zagorka_ciklus.jpg?fit=1200%2C1006&ssl=1&resize=700%2C400 2x, https:\/\/i0.wp.com\/historiografija.hr\/wp-content\/uploads\/2024\/11\/Zagorka_ciklus.jpg?fit=1200%2C1006&ssl=1&resize=1050%2C600 3x"},"classes":[]}],"_links":{"self":[{"href":"https:\/\/historiografija.hr\/index.php?rest_route=\/wp\/v2\/posts\/20607","targetHints":{"allow":["GET"]}}],"collection":[{"href":"https:\/\/historiografija.hr\/index.php?rest_route=\/wp\/v2\/posts"}],"about":[{"href":"https:\/\/historiografija.hr\/index.php?rest_route=\/wp\/v2\/types\/post"}],"author":[{"embeddable":true,"href":"https:\/\/historiografija.hr\/index.php?rest_route=\/wp\/v2\/users\/2"}],"replies":[{"embeddable":true,"href":"https:\/\/historiografija.hr\/index.php?rest_route=%2Fwp%2Fv2%2Fcomments&post=20607"}],"version-history":[{"count":1,"href":"https:\/\/historiografija.hr\/index.php?rest_route=\/wp\/v2\/posts\/20607\/revisions"}],"predecessor-version":[{"id":20609,"href":"https:\/\/historiografija.hr\/index.php?rest_route=\/wp\/v2\/posts\/20607\/revisions\/20609"}],"wp:featuredmedia":[{"embeddable":true,"href":"https:\/\/historiografija.hr\/index.php?rest_route=\/wp\/v2\/media\/20608"}],"wp:attachment":[{"href":"https:\/\/historiografija.hr\/index.php?rest_route=%2Fwp%2Fv2%2Fmedia&parent=20607"}],"wp:term":[{"taxonomy":"category","embeddable":true,"href":"https:\/\/historiografija.hr\/index.php?rest_route=%2Fwp%2Fv2%2Fcategories&post=20607"},{"taxonomy":"post_tag","embeddable":true,"href":"https:\/\/historiografija.hr\/index.php?rest_route=%2Fwp%2Fv2%2Ftags&post=20607"}],"curies":[{"name":"wp","href":"https:\/\/api.w.org\/{rel}","templated":true}]}}