{"id":20601,"date":"2020-04-29T15:09:01","date_gmt":"2020-04-29T15:09:01","guid":{"rendered":"http:\/\/historiografija.hr\/?p=20601"},"modified":"2020-04-29T15:09:01","modified_gmt":"2020-04-29T15:09:01","slug":"from-revolution-to-uncertainty-the-year-1990-in-central-and-eastern-europe-edited-by-joachim-von-puttkamer-wlodzimierz-borodziej-and-stanislav-holubec","status":"publish","type":"post","link":"https:\/\/historiografija.hr\/?p=20601","title":{"rendered":"From Revolution to Uncertainty: The Year 1990 in Central and Eastern Europe. Edited by Joachim von Puttkamer, W\u0142odzimierz Borodziej and Stanislav Holubec"},"content":{"rendered":"<p>U zborniku objavljenom 2019. godine nalaze se, me\u0111u ostalima, i \u010dlanci Marka Zajca \u201cWhen the Slovenian Spring turned into a Hot Summer\u201d i Marie Janine Calic \u201c1990: Building Democracy in Yugoslavia and the Danger of War\u201d.<\/p>\n<p>&nbsp;<\/p>\n<p>&#8212;<\/p>\n<p>&nbsp;<\/p>\n<p><strong>From Revolution to Uncertainty: The Year 1990 in Central and Eastern Europe <\/strong><\/p>\n<p>Edited by Joachim von Puttkamer, W\u0142odzimierz Borodziej and Stanislav Holubec<\/p>\n<p>&nbsp;<\/p>\n<p><strong>Book Description<\/strong><\/p>\n<p>Throughout Eastern Europe, the unexpected and irrevocable fall of communism that began in the late 1980s presented enormous challenges in the spheres of politics and society, as well as\u00a0at the level of individual experience. Excitement, uncertainty, and fear predicated the shaping of a new order, the outcome of which was anything but predetermined.<\/p>\n<p>Recent studies have focused on the ambivalent impact of capitalism. Yet, at the time, parliamentary democracy had equally few traditions to return to, and membership in the European Union was a distant dream at best. Nowadays, as new threats arise, Europe\u2019s current political crises prompt us to reconsider how liberal democracy in Eastern Europe came about in the first place.<\/p>\n<p>This book undertakes an analysis of the year 1990 in several countries throughout Europe to consider the role of uncertainty and change in shaping political nations.<\/p>\n<p>&nbsp;<\/p>\n<p><strong>Table of Contents<\/strong><\/p>\n<p>List of Figures<\/p>\n<p>List of Contributors<\/p>\n<p><strong>Introduction<\/strong><\/p>\n<p>Joachim von Puttkamer, Stanislav Holubec and W\u0142odzimierz Borodziej<\/p>\n<p>Chapter 1<\/p>\n<p><strong>Groping in the Dark: Expectations and Predictions 1988\u20131991 <\/strong><\/p>\n<p>Philipp Ther<\/p>\n<p>Chapter 2<br \/>\n<strong>Catalysts of the Collapse and of the Transition, 1989\u20131990<\/strong><\/p>\n<p>Mary Elise Sarotte<\/p>\n<p>Chapter 3<\/p>\n<p><strong>Poland and the Collapse of the Patron in 1989\u201390: As seen from the Polish Embassy in Moscow<\/strong><\/p>\n<p>W\u0142odzimierz Borodziej<\/p>\n<p>Chapter 4<\/p>\n<p><strong>Tea with the Primate: At the Roots of Political Conflict in Poland<\/strong><\/p>\n<p>Joachim von Puttkamer<\/p>\n<p>Chapter 5<\/p>\n<p><strong>Czechoslovakia\u2019s Year of Decision: From the Socialist Revolution of 1989 to the \u2018Real\u2019 Revolution of 1990<\/strong><\/p>\n<p>James Krapfl<\/p>\n<p>Chapter 6<\/p>\n<p><strong>\u2018Talkin\u2019 bout a Revolution\u2019: On the Social Memory of 1989 in Hungary<\/strong><\/p>\n<p>\u00c9va Kov\u00e1cs<\/p>\n<p>Chapter 7<\/p>\n<p><strong>A Transition to What and Whose Democracy? 1990 in Bulgaria and Romania<\/strong><\/p>\n<p>Bogdan C. Iacob<\/p>\n<p>Chapter 8<\/p>\n<p><strong>When the Slovenian Spring turned into a Hot Summer<\/strong><\/p>\n<p>Marko Zajc<\/p>\n<p>Chapter 9<\/p>\n<p><strong>1990: Building Democracy in Yugoslavia and the Danger of War <\/strong><\/p>\n<p>Marie Janine Calic<\/p>\n<p>Chapter 10<\/p>\n<p><strong>Transforming Industry: On the Corporate Origins of Post-Socialist Nostalgia in Poland<\/strong><\/p>\n<p>Joanna Wawrzyniak<\/p>\n<p>Chapter 11<\/p>\n<p><strong>German Reunification and the Dynamics of Migration<\/strong><\/p>\n<p>Tim Schanetzky<\/p>\n<p>Chapter 12<\/p>\n<p><strong>The Party is Over: The Identities and Biographies of Czechoslovak and East German (Post)communists in the Year 1990<\/strong><\/p>\n<p>Stanislav Holubec<\/p>\n<p>Chapter 13<\/p>\n<p><strong>Poland, the German Question, and German Unification, 1989\u20131991<\/strong><\/p>\n<p>W\u0142odzimierz Borodziej<\/p>\n<p>Chapter 14<\/p>\n<p><strong>The German Question and its European Solution<\/strong><\/p>\n<p>Wilfried Loth<\/p>\n<p>Index<\/p>\n<p>&nbsp;<\/p>\n<p><strong>Editor(s)<\/strong><\/p>\n<p>&nbsp;<\/p>\n<p><strong>Biography<\/strong><\/p>\n<p>W\u0142odzimierz Borodziej is professor of History at Warsaw University, Stanislav Holubec is a researcher at the Institute of History of the Czech Academy of Sciences, Prague, and Joachim von Puttkamer is professor of Eastern European History at Jena University and co-director of the Imre Kert\u00e9sz Kolleg.<\/p>\n<p>&nbsp;<\/p>\n<p>Published June 6, 2019 by <strong>Routledge<\/strong><\/p>\n<p>274 Pages<\/p>\n<p><a href=\"https:\/\/www.routledge.com\/From-Revolution-to-Uncertainty-The-Year-1990-in-Central-and-Eastern-Europe\/von-Puttkamer-Borodziej-Holubec\/p\/book\/9780815351788\">https:\/\/www.routledge.com\/From-Revolution-to-Uncertainty-The-Year-1990-in-Central-and-Eastern-Europe\/von-Puttkamer-Borodziej-Holubec\/p\/book\/9780815351788<\/a><\/p>\n<p>&nbsp;<\/p>\n<p>&nbsp;<\/p>\n","protected":false},"excerpt":{"rendered":"","protected":false},"author":2,"featured_media":20602,"comment_status":"open","ping_status":"open","sticky":false,"template":"","format":"standard","meta":{"_acf_changed":false,"jetpack_post_was_ever_published":false,"_jetpack_newsletter_access":"","_jetpack_dont_email_post_to_subs":false,"_jetpack_newsletter_tier_id":0,"_jetpack_memberships_contains_paywalled_content":false,"_jetpack_memberships_contains_paid_content":false,"footnotes":"","jetpack_publicize_message":"","jetpack_publicize_feature_enabled":true,"jetpack_social_post_already_shared":true,"jetpack_social_options":{"image_generator_settings":{"template":"highway","default_image_id":0,"font":"","enabled":false},"version":2}},"categories":[8,3],"tags":[],"class_list":["post-20601","post","type-post","status-publish","format-standard","has-post-thumbnail","hentry","category-knjige","category-novosti"],"acf":{"facebook_opis":""},"jetpack_publicize_connections":[],"jetpack_featured_media_url":"https:\/\/i0.wp.com\/historiografija.hr\/wp-content\/uploads\/2020\/04\/1990.jpg?fit=424%2C648&ssl=1","jetpack_sharing_enabled":true,"jetpack-related-posts":[{"id":52643,"url":"https:\/\/historiografija.hr\/?p=52643","url_meta":{"origin":20601,"position":0},"title":"BRACEWELL TRAVELLING SCHOLARSHIP\u202fFOR PHD STUDENTS (DEADLINE: 30TH APRIL 2026)","author":"Branimir Jankovi\u0107","date":"24. travnja 2026.","format":false,"excerpt":"The Bracewell Travelling Scholarship\u202fis funded by a gift from SSEES Emeritus Professor of History Wendy Bracewell, whose research examines South Slav history, and travel writing in eastern Europe. The Scholarship honours the long tradition of mutual curiosity between the UK and eastern, central and southeastern Europe by supporting PhD students\u2026","rel":"","context":"U &quot;Novosti&quot;","block_context":{"text":"Novosti","link":"https:\/\/historiografija.hr\/?cat=3"},"img":{"alt_text":"","src":"https:\/\/i0.wp.com\/historiografija.hr\/wp-content\/uploads\/2026\/04\/Bracewell-Travelling-Scholarship-.webp?fit=980%2C700&ssl=1&resize=350%2C200","width":350,"height":200,"srcset":"https:\/\/i0.wp.com\/historiografija.hr\/wp-content\/uploads\/2026\/04\/Bracewell-Travelling-Scholarship-.webp?fit=980%2C700&ssl=1&resize=350%2C200 1x, https:\/\/i0.wp.com\/historiografija.hr\/wp-content\/uploads\/2026\/04\/Bracewell-Travelling-Scholarship-.webp?fit=980%2C700&ssl=1&resize=525%2C300 1.5x, https:\/\/i0.wp.com\/historiografija.hr\/wp-content\/uploads\/2026\/04\/Bracewell-Travelling-Scholarship-.webp?fit=980%2C700&ssl=1&resize=700%2C400 2x"},"classes":[]},{"id":52688,"url":"https:\/\/historiografija.hr\/?p=52688","url_meta":{"origin":20601,"position":1},"title":"Eleonora Naxidou and Yura Konstantinova \u201eBalkan Perspectives of Europe: Between East and West\u201c","author":"Filip \u0160imunjak","date":"28. travnja 2026.","format":false,"excerpt":"Through the lens of the Balkan nations, this volume makes a valuable and significant contribution to the fields of European and Southeast European studies by reconsidering the East\/West dichotomy \u2013 both in terms of the Orient\u2013Occident divide and the Eastern\u2013Western Europe binary. Balkan Perspectives of Europe focuses on concepts of\u2026","rel":"","context":"U &quot;Knjige&quot;","block_context":{"text":"Knjige","link":"https:\/\/historiografija.hr\/?cat=8"},"img":{"alt_text":"","src":"https:\/\/i0.wp.com\/historiografija.hr\/wp-content\/uploads\/2026\/04\/Balkan-Perspectives-of-Europe-Between-East-and-West.jpg?fit=350%2C525&ssl=1&resize=350%2C200","width":350,"height":200},"classes":[]},{"id":52528,"url":"https:\/\/historiografija.hr\/?p=52528","url_meta":{"origin":20601,"position":2},"title":"[Promocija knjige] Banja Luka u ratu: Etnopolitika i svakodnevica (1990\u20131995) (ActiveLab, YugoLab)","author":"Branimir Jankovi\u0107","date":"17. travnja 2026.","format":false,"excerpt":"Institut za filozofiju i dru\u0161tvenu teoriju i O\u0161tra Nula organizuju promociju knjige Banja Luka u ratu: Etnopolitika i svakodnevica (1990\u20131995) autorke Armine Galija\u0161, koja \u0107e se odr\u017eati 20. aprila 2026. u 12.00 sati u prostorijama Instituta (Kraljice Natalije 45, Beograd). Re\u010d je o prvom nau\u010dno utemeljenom i sistematskom radu koji\u2026","rel":"","context":"U &quot;Novosti&quot;","block_context":{"text":"Novosti","link":"https:\/\/historiografija.hr\/?cat=3"},"img":{"alt_text":"","src":"https:\/\/i0.wp.com\/historiografija.hr\/wp-content\/uploads\/2026\/04\/20-april-RS.jpg?fit=1200%2C675&ssl=1&resize=350%2C200","width":350,"height":200,"srcset":"https:\/\/i0.wp.com\/historiografija.hr\/wp-content\/uploads\/2026\/04\/20-april-RS.jpg?fit=1200%2C675&ssl=1&resize=350%2C200 1x, https:\/\/i0.wp.com\/historiografija.hr\/wp-content\/uploads\/2026\/04\/20-april-RS.jpg?fit=1200%2C675&ssl=1&resize=525%2C300 1.5x, https:\/\/i0.wp.com\/historiografija.hr\/wp-content\/uploads\/2026\/04\/20-april-RS.jpg?fit=1200%2C675&ssl=1&resize=700%2C400 2x, https:\/\/i0.wp.com\/historiografija.hr\/wp-content\/uploads\/2026\/04\/20-april-RS.jpg?fit=1200%2C675&ssl=1&resize=1050%2C600 3x"},"classes":[]},{"id":52631,"url":"https:\/\/historiografija.hr\/?p=52631","url_meta":{"origin":20601,"position":3},"title":"Predavanje Ivana Tepe\u0161a: Djelovanje hrvatske politi\u010dke emigracije","author":"Branimir Jankovi\u0107","date":"23. travnja 2026.","format":false,"excerpt":"Odjel za me\u0111unarodnu suradnju i iseljeni\u0161tvo Matice hrvatske Predavanje Ivana Tepe\u0161a: Djelovanje hrvatske politi\u010dke emigracije Utorak, 28. travnja 2026. u 18:00 sati, Dvorana Ljudevita Jonkea (Mala dvorana MH), Strossmayerov trg 4, Zagreb dr. sc. Ivan Tepe\u0161, Institut za istra\u017eivanje migracija Hrvatska politi\u010dka emigracija obilje\u017eila je polustoljetnu hrvatsku povijest u drugoj\u2026","rel":"","context":"U &quot;Novosti&quot;","block_context":{"text":"Novosti","link":"https:\/\/historiografija.hr\/?cat=3"},"img":{"alt_text":"","src":"","width":0,"height":0},"classes":[]},{"id":52673,"url":"https:\/\/historiografija.hr\/?p=52673","url_meta":{"origin":20601,"position":4},"title":"TWO POSTDOCTORAL POSITIONS IN THE &#8220;PROLETGARD ERC STARTING GRANT PROJECT&#8221;, KASS\u00c1K FOUNDATION, BUDAPEST (DEADLINE: 1ST MAY 2026)","author":"Branimir Jankovi\u0107","date":"27. travnja 2026.","format":false,"excerpt":"This five-year ERC-funded project examines how avant-garde art contributed to the formation of a workers\u2019 movement counterculture in East Central Europe after 1918. It argues that socialist and avant-garde periodicals, groups, and figures shaped both avant-garde culture and transnational workers\u2019 movements. Focusing on the successor states of the Austro\u2013Hungarian Empire\u2026","rel":"","context":"U &quot;Novosti&quot;","block_context":{"text":"Novosti","link":"https:\/\/historiografija.hr\/?cat=3"},"img":{"alt_text":"","src":"https:\/\/i0.wp.com\/historiografija.hr\/wp-content\/uploads\/2017\/10\/hsozkult.png?fit=1006%2C241&ssl=1&resize=350%2C200","width":350,"height":200,"srcset":"https:\/\/i0.wp.com\/historiografija.hr\/wp-content\/uploads\/2017\/10\/hsozkult.png?fit=1006%2C241&ssl=1&resize=350%2C200 1x, https:\/\/i0.wp.com\/historiografija.hr\/wp-content\/uploads\/2017\/10\/hsozkult.png?fit=1006%2C241&ssl=1&resize=525%2C300 1.5x, https:\/\/i0.wp.com\/historiografija.hr\/wp-content\/uploads\/2017\/10\/hsozkult.png?fit=1006%2C241&ssl=1&resize=700%2C400 2x"},"classes":[]},{"id":52628,"url":"https:\/\/historiografija.hr\/?p=52628","url_meta":{"origin":20601,"position":5},"title":"Predavanje dopisnog \u010dlana HAZU Alaina Finkielkrauta Izrael, Europa, antisemitizam","author":"Branimir Jankovi\u0107","date":"23. travnja 2026.","format":false,"excerpt":"Francuski filozof Alain Finkielkraut, redoviti \u010dlan Francuske akademije i dopisni \u010dlan HAZU, odr\u017eat \u0107e predavanje\u00a0Izrael, Europa, antisemitizam u utorak 28. travnja 2026. u 13 sati u Knji\u017enici HAZU,\u00a0Strossmayerov trg 14 u Zagrebu. Uvodne rije\u010di odr\u017eat \u0107e\u00a0akademkinja \u017deljka \u010corak i\u00a0akademik Dra\u017een Katunari\u0107. Predavanje \u0107e se odr\u017eati na francuskom jeziku uz konsekutivno\u2026","rel":"","context":"U &quot;Novosti&quot;","block_context":{"text":"Novosti","link":"https:\/\/historiografija.hr\/?cat=3"},"img":{"alt_text":"","src":"https:\/\/i0.wp.com\/historiografija.hr\/wp-content\/uploads\/2026\/04\/Alain_Finkielkraut.jpg?fit=350%2C407&ssl=1&resize=350%2C200","width":350,"height":200},"classes":[]}],"_links":{"self":[{"href":"https:\/\/historiografija.hr\/index.php?rest_route=\/wp\/v2\/posts\/20601","targetHints":{"allow":["GET"]}}],"collection":[{"href":"https:\/\/historiografija.hr\/index.php?rest_route=\/wp\/v2\/posts"}],"about":[{"href":"https:\/\/historiografija.hr\/index.php?rest_route=\/wp\/v2\/types\/post"}],"author":[{"embeddable":true,"href":"https:\/\/historiografija.hr\/index.php?rest_route=\/wp\/v2\/users\/2"}],"replies":[{"embeddable":true,"href":"https:\/\/historiografija.hr\/index.php?rest_route=%2Fwp%2Fv2%2Fcomments&post=20601"}],"version-history":[{"count":1,"href":"https:\/\/historiografija.hr\/index.php?rest_route=\/wp\/v2\/posts\/20601\/revisions"}],"predecessor-version":[{"id":20603,"href":"https:\/\/historiografija.hr\/index.php?rest_route=\/wp\/v2\/posts\/20601\/revisions\/20603"}],"wp:featuredmedia":[{"embeddable":true,"href":"https:\/\/historiografija.hr\/index.php?rest_route=\/wp\/v2\/media\/20602"}],"wp:attachment":[{"href":"https:\/\/historiografija.hr\/index.php?rest_route=%2Fwp%2Fv2%2Fmedia&parent=20601"}],"wp:term":[{"taxonomy":"category","embeddable":true,"href":"https:\/\/historiografija.hr\/index.php?rest_route=%2Fwp%2Fv2%2Fcategories&post=20601"},{"taxonomy":"post_tag","embeddable":true,"href":"https:\/\/historiografija.hr\/index.php?rest_route=%2Fwp%2Fv2%2Ftags&post=20601"}],"curies":[{"name":"wp","href":"https:\/\/api.w.org\/{rel}","templated":true}]}}