{"id":20598,"date":"2020-04-29T14:56:11","date_gmt":"2020-04-29T14:56:11","guid":{"rendered":"http:\/\/historiografija.hr\/?p=20598"},"modified":"2020-04-29T14:56:11","modified_gmt":"2020-04-29T14:56:11","slug":"cfp-perestroika-and-the-wild-1990s-state-society-and-the-individual-in-eastern-europe-1985-2000-german-historical-institute-in-moscow-3-4-september-2020","status":"publish","type":"post","link":"https:\/\/historiografija.hr\/?p=20598","title":{"rendered":"CfP: Perestroika and the \u201cWild\u201d 1990s: State, Society, and the Individual in Eastern Europe, 1985\u20132000 (German Historical Institute in Moscow, 3-4 September 2020)"},"content":{"rendered":"<p>Perestroika and the associated policy of glasnost\u2019 set in motion some of the most significant political reforms of the twentieth century, reforms that ushered in an era of profound historical change. In Eastern Europe, this period of transition and transformation launched a fundamental remodeling of relationships between the state, society, and the individual. Mikhail Gorbachev&#8217;s policies were intended to tackle the challenges of the stagnating Soviet economy and society, but across the globe their mostly unintended consequences had a dramatic impact: the fall of the Soviet Union brought about the end of the Cold War world order and caused, in Vladimir Putin&#8217;s words, the \u201cgreatest geopolitical catastrophe of the twentieth century.\u201d<\/p>\n<p>For East European societies, perestroika became the starting point for far-reaching processes of liberalization and democratization which continued until the turn of the millennium. The reforms and the new transparency had deeply disturbing effects on these societies because they shed light on the numerous deficiencies, abuses of authority, and corruption which had marked the years of Soviet power. The period during which the reforms unleashed a massive destabilization of the socialist order was characterized by intense political, socio-economic, and cultural upheaval and displacements for many people. Because of widespread criminality and a virtually ubiquitous sense of chaos\u2014but also as a result of a feeling of freedom and opportunities for innovation in every area of life\u2014an entire decade was dubbed the \u201cwild 1990s.\u201d Looking back, many people condemned this turbulent time as a period when they experienced deep uncertainty and a loss of identity, as recent oral history studies have shown. The Levada Center&#8217;s surveys record a steadily rising number of people who regret the destruction of the Soviet Union and complain about the consequences of perestroika. The reforms have become the primary way to explain the turbulent 1990s, with its economic crises, predatory capitalism, and socio-political cleavages. For many \u201cordinary\u201d people, nostalgia about the lost certainties of late socialist life has become a widely shared emotional state and thus a driving political force in many parts of the former Eastern bloc, which in turn has helped to strengthen authoritarian and nationalistic forces. The ways in which norms, values, attitudes, and practices changed varied in terms of specific political cultures and the interests of particular groups of agents. Likewise, the extent to which political and economic elites\u2014and different age groups, genders, communities, and individuals\u2014experienced the caesura also ranged widely. The conference aims to examine the dynamics and impact of the reforms by looking at people&#8217;s social, economic, and cultural practices during perestroika and in the following decade of transformation. Our intention is to explore the (dis)continuities, differences, and (dis)entanglements of this time in Eastern Europe in a comparative perspective and by taking methodologically innovative approaches.<\/p>\n<p>The existing historiographies look at the countries of the former Eastern bloc from a national perspective. The research on these states is as diverse as the trajectories the different societies took after the fall of the Iron Curtain. Moreover, it is no surprise that the story of perestroika and the 1990s has not been limited to the Eastern side of the Iron Curtain but also affected \u201cthe\u201d West as such. Therefore, the conference will treat the collapsing Soviet Union as a significant core of the transnational and entangled history of the late twentieth century. In view of the current resurgence of nationalism and populism, the conference will challenge teleological narratives about how the post-perestroika transformation simply mirrors the Western success story of capitalism and ongoing progress symbolizes the ultimate triumph of parliamentary democracy and the market economy. It will explore the ways in which the Socialist individual coped with perestroika and adjusted to the manifold transformations of everyday life. In what respect did the archetype of the allegedly passive, opportunistic, and submissive homo sovieticus change during the transition and move closer to the Western-style seemingly active, liberal, and self-reliant subject? What can we learn about agency in liberalizing authoritarian regimes and during their transitions to post-socialism?<\/p>\n<p>We are looking for original, unpublished papers which explore a wide range of topics and aim to highlight different aspects of this &#8220;wild&#8221; period&#8217;s transformations and the (dis)continuities between Soviet\/state-socialist and post-socialist countries. Papers could take explicitly comparative perspectives or could examine processes of transfer and interdependencies in order to deconstruct East-West binaries and to reveal the dynamics playing out within the former Eastern bloc. Papers could be dedicated to one of the following areas of exploration:<\/p>\n<p>&#8211; The Transformation of the Political: The Waning of Authoritative Discourse, Democratization, and Civil Society<br \/>\n&#8211; The Transformation of the Public: Iconoclasm, the Mass Media, and Political Communication<br \/>\n&#8211; The Transformation of the Private: Emotions, Memory, and Generational Conflicts<br \/>\n&#8211; The Transformation of the Economy: Reforms, Crises, Practices, and Changing Values<br \/>\n&#8211; The Transformation of Everyday Life: Work, Leisure, and Entertainment<br \/>\n&#8211; The Transformation of Aesthetics: Perestroika, the Arts, and Popular Culture<br \/>\n&#8211; The Transformation of the Individual: Agency and Subjectivities in Times of Uncertainty<br \/>\n&#8211; The Transformation of the Former Cold War Superpower and its Clients<\/p>\n<p>The conference languages will be English and Russian.<\/p>\n<p>Travel and accommodation costs will be covered.<\/p>\n<p>Deadline for submission of proposals: 30 April 2020. Please e-mail your proposal (max. 300 words) and a short CV in a single PDF document, with \u201cPerestroika-Conference\u201d as the subject, to both kirsten.boenker@uni-bielefeld.de and alexey.tikhomirov@uni-bielefeld.de.<\/p>\n<p>The papers will be pre-circulated among the participants. We ask you to submit your paper by 23 August.<\/p>\n<p>We intend to publish the papers as an edited volume in the De Gruyter series \u201cRethinking the Cold War.\u201d<\/p>\n<p>In this time of uncertainties, we hope that the conference will take place as originally planned. If it is necessary to reschedule, the conference will be held 18-19 March 2021.<\/p>\n<p>The workshop is supported by the Friedrich-Ebert-Stiftung Russia and the German Historical Institute in Moscow.<\/p>\n<p>&nbsp;<\/p>\n<p><a href=\"https:\/\/www.hsozkult.de\/event\/id\/termine-42851\">https:\/\/www.hsozkult.de\/event\/id\/termine-42851<\/a><\/p>\n<p>&nbsp;<\/p>\n<p>&nbsp;<\/p>\n","protected":false},"excerpt":{"rendered":"","protected":false},"author":2,"featured_media":20599,"comment_status":"open","ping_status":"open","sticky":false,"template":"","format":"standard","meta":{"_acf_changed":false,"jetpack_post_was_ever_published":false,"_jetpack_newsletter_access":"","_jetpack_dont_email_post_to_subs":false,"_jetpack_newsletter_tier_id":0,"_jetpack_memberships_contains_paywalled_content":false,"_jetpack_memberships_contains_paid_content":false,"footnotes":"","jetpack_publicize_message":"","jetpack_publicize_feature_enabled":true,"jetpack_social_post_already_shared":true,"jetpack_social_options":{"image_generator_settings":{"template":"highway","default_image_id":0,"font":"","enabled":false},"version":2}},"categories":[3,9],"tags":[],"class_list":["post-20598","post","type-post","status-publish","format-standard","has-post-thumbnail","hentry","category-novosti","category-skupovi"],"acf":{"facebook_opis":""},"jetpack_publicize_connections":[],"jetpack_featured_media_url":"https:\/\/i0.wp.com\/historiografija.hr\/wp-content\/uploads\/2020\/04\/Perestroika.jpg?fit=512%2C288&ssl=1","jetpack_sharing_enabled":true,"jetpack-related-posts":[{"id":52516,"url":"https:\/\/historiografija.hr\/?p=52516","url_meta":{"origin":20598,"position":0},"title":"Marko Grde\u0161i\u0107, Mislav \u017ditko, \u201eSocialist Economics in Yugoslavia: A Critical History\u201c","author":"Branimir Jankovi\u0107","date":"17. travnja 2026.","format":false,"excerpt":"This book presents a critical history of Yugoslav socialist economics, from its inception in the late 1940s to its dissolution in the late 1980s. After the dramatic break with the Soviet Union in 1948, Yugoslavia found itself in urgent need of a third way: A socialist trajectory which would not\u2026","rel":"","context":"U &quot;Knjige&quot;","block_context":{"text":"Knjige","link":"https:\/\/historiografija.hr\/?cat=8"},"img":{"alt_text":"","src":"https:\/\/i0.wp.com\/historiografija.hr\/wp-content\/uploads\/2026\/04\/Zitko_Grdesic.jpg?fit=350%2C535&ssl=1&resize=350%2C200","width":350,"height":200},"classes":[]},{"id":52586,"url":"https:\/\/historiografija.hr\/?p=52586","url_meta":{"origin":20598,"position":1},"title":"Aur\u00e9lie Daher, \u201eHezbollah: Mobilisation and Power\u201c","author":"Branimir Jankovi\u0107","date":"22. travnja 2026.","format":false,"excerpt":"Morning Star \u2018Book of the Year\u2019 Social movement, liberation party or terrorist group? With Hezbollah\u2019s growing involvement in the war in Syria, this study of its impact on Lebanon, drawing heavily on first-hand interviews, could not be more timely. Description Almost forty years after its foundation, Hezbollah remains an enigma.\u2026","rel":"","context":"U &quot;Knjige&quot;","block_context":{"text":"Knjige","link":"https:\/\/historiografija.hr\/?cat=8"},"img":{"alt_text":"","src":"https:\/\/i0.wp.com\/historiografija.hr\/wp-content\/uploads\/2026\/04\/Daher-Hezbollah.jpg?fit=600%2C931&ssl=1&resize=350%2C200","width":350,"height":200,"srcset":"https:\/\/i0.wp.com\/historiografija.hr\/wp-content\/uploads\/2026\/04\/Daher-Hezbollah.jpg?fit=600%2C931&ssl=1&resize=350%2C200 1x, https:\/\/i0.wp.com\/historiografija.hr\/wp-content\/uploads\/2026\/04\/Daher-Hezbollah.jpg?fit=600%2C931&ssl=1&resize=525%2C300 1.5x"},"classes":[]},{"id":52643,"url":"https:\/\/historiografija.hr\/?p=52643","url_meta":{"origin":20598,"position":2},"title":"BRACEWELL TRAVELLING SCHOLARSHIP\u202fFOR PHD STUDENTS (DEADLINE: 30TH APRIL 2026)","author":"Branimir Jankovi\u0107","date":"24. travnja 2026.","format":false,"excerpt":"The Bracewell Travelling Scholarship\u202fis funded by a gift from SSEES Emeritus Professor of History Wendy Bracewell, whose research examines South Slav history, and travel writing in eastern Europe. The Scholarship honours the long tradition of mutual curiosity between the UK and eastern, central and southeastern Europe by supporting PhD students\u2026","rel":"","context":"U &quot;Novosti&quot;","block_context":{"text":"Novosti","link":"https:\/\/historiografija.hr\/?cat=3"},"img":{"alt_text":"","src":"https:\/\/i0.wp.com\/historiografija.hr\/wp-content\/uploads\/2026\/04\/Bracewell-Travelling-Scholarship-.webp?fit=980%2C700&ssl=1&resize=350%2C200","width":350,"height":200,"srcset":"https:\/\/i0.wp.com\/historiografija.hr\/wp-content\/uploads\/2026\/04\/Bracewell-Travelling-Scholarship-.webp?fit=980%2C700&ssl=1&resize=350%2C200 1x, https:\/\/i0.wp.com\/historiografija.hr\/wp-content\/uploads\/2026\/04\/Bracewell-Travelling-Scholarship-.webp?fit=980%2C700&ssl=1&resize=525%2C300 1.5x, https:\/\/i0.wp.com\/historiografija.hr\/wp-content\/uploads\/2026\/04\/Bracewell-Travelling-Scholarship-.webp?fit=980%2C700&ssl=1&resize=700%2C400 2x"},"classes":[]},{"id":52664,"url":"https:\/\/historiografija.hr\/?p=52664","url_meta":{"origin":20598,"position":3},"title":"CfP: CONFERENCE OF THE HISTORY OF CONCEPTS GROUP, HELSINKI, 19TH\u201321ST AUGUST 2026 (DEADLINE: 30TH APRIL 2026)","author":"Branimir Jankovi\u0107","date":"24. travnja 2026.","format":false,"excerpt":"The annual conference of the History of Concepts Group is held at the University of Helsinki, 19-21 August 2026. Conference of the History of Concepts Group Conceptual history studies the use of concepts and tries to understand how historical actors have linguistically articulated views of the world. Studying concepts from\u2026","rel":"","context":"U &quot;Novosti&quot;","block_context":{"text":"Novosti","link":"https:\/\/historiografija.hr\/?cat=3"},"img":{"alt_text":"","src":"https:\/\/i0.wp.com\/historiografija.hr\/wp-content\/uploads\/2017\/10\/hsozkult.png?fit=1006%2C241&ssl=1&resize=350%2C200","width":350,"height":200,"srcset":"https:\/\/i0.wp.com\/historiografija.hr\/wp-content\/uploads\/2017\/10\/hsozkult.png?fit=1006%2C241&ssl=1&resize=350%2C200 1x, https:\/\/i0.wp.com\/historiografija.hr\/wp-content\/uploads\/2017\/10\/hsozkult.png?fit=1006%2C241&ssl=1&resize=525%2C300 1.5x, https:\/\/i0.wp.com\/historiografija.hr\/wp-content\/uploads\/2017\/10\/hsozkult.png?fit=1006%2C241&ssl=1&resize=700%2C400 2x"},"classes":[]},{"id":52622,"url":"https:\/\/historiografija.hr\/?p=52622","url_meta":{"origin":20598,"position":4},"title":"Annual CAPONEU conference: Political Novel in Europe Between Democracy and Authoritarianism","author":"Branimir Jankovi\u0107","date":"23. travnja 2026.","format":false,"excerpt":"Caponeu event 22.04.2026 - 24.04.2026 Location: The Faculty of Polish and Classical Philology AMU (Fredry 10, Pozna\u0144)Organized by: Tomasz Mizerkiewicz, Krystyna Pieni\u0105\u017cek-Markovi\u0107, Anna Gawarecka, Ewa Szperlik, Magda Potok, B\u0142a\u017cej Warkocki, Gerard Ronge (all Adam Mickiewicz University in Pozna\u0144)Contact: gerron@amu.edu.pl The Adam Mickiewicz University team, as part of the international CAPONEU\u2026","rel":"","context":"U &quot;Novosti&quot;","block_context":{"text":"Novosti","link":"https:\/\/historiografija.hr\/?cat=3"},"img":{"alt_text":"","src":"https:\/\/i0.wp.com\/historiografija.hr\/wp-content\/uploads\/2026\/04\/Caponeu-political-novel.jpg?fit=500%2C261&ssl=1&resize=350%2C200","width":350,"height":200},"classes":[]},{"id":52641,"url":"https:\/\/historiografija.hr\/?p=52641","url_meta":{"origin":20598,"position":5},"title":"CfP: WHO OWNS THE PAST? VERNACULAR MEMORY, STATE MEMORY, AND THE POLITICS OF OWNERSHIP","author":"Branimir Jankovi\u0107","date":"24. travnja 2026.","format":false,"excerpt":"VIENNA, 31ST AUGUST\u20133RD SEPTEMBER 2026 (DEADLINE: 24TH APRIL 2026) The Center for Austrian Studies at the European Forum at the Hebrew University and the Austrian Academy of Sciences\/Institute of Culture Studies invite early postdocs, PhD candidates, and advanced Master\u2019s students from the Hebrew University of Jerusalem and universities and academic\u2026","rel":"","context":"U &quot;Novosti&quot;","block_context":{"text":"Novosti","link":"https:\/\/historiografija.hr\/?cat=3"},"img":{"alt_text":"","src":"https:\/\/i0.wp.com\/historiografija.hr\/wp-content\/uploads\/2017\/10\/hsozkult.png?fit=1006%2C241&ssl=1&resize=350%2C200","width":350,"height":200,"srcset":"https:\/\/i0.wp.com\/historiografija.hr\/wp-content\/uploads\/2017\/10\/hsozkult.png?fit=1006%2C241&ssl=1&resize=350%2C200 1x, https:\/\/i0.wp.com\/historiografija.hr\/wp-content\/uploads\/2017\/10\/hsozkult.png?fit=1006%2C241&ssl=1&resize=525%2C300 1.5x, https:\/\/i0.wp.com\/historiografija.hr\/wp-content\/uploads\/2017\/10\/hsozkult.png?fit=1006%2C241&ssl=1&resize=700%2C400 2x"},"classes":[]}],"_links":{"self":[{"href":"https:\/\/historiografija.hr\/index.php?rest_route=\/wp\/v2\/posts\/20598","targetHints":{"allow":["GET"]}}],"collection":[{"href":"https:\/\/historiografija.hr\/index.php?rest_route=\/wp\/v2\/posts"}],"about":[{"href":"https:\/\/historiografija.hr\/index.php?rest_route=\/wp\/v2\/types\/post"}],"author":[{"embeddable":true,"href":"https:\/\/historiografija.hr\/index.php?rest_route=\/wp\/v2\/users\/2"}],"replies":[{"embeddable":true,"href":"https:\/\/historiografija.hr\/index.php?rest_route=%2Fwp%2Fv2%2Fcomments&post=20598"}],"version-history":[{"count":1,"href":"https:\/\/historiografija.hr\/index.php?rest_route=\/wp\/v2\/posts\/20598\/revisions"}],"predecessor-version":[{"id":20600,"href":"https:\/\/historiografija.hr\/index.php?rest_route=\/wp\/v2\/posts\/20598\/revisions\/20600"}],"wp:featuredmedia":[{"embeddable":true,"href":"https:\/\/historiografija.hr\/index.php?rest_route=\/wp\/v2\/media\/20599"}],"wp:attachment":[{"href":"https:\/\/historiografija.hr\/index.php?rest_route=%2Fwp%2Fv2%2Fmedia&parent=20598"}],"wp:term":[{"taxonomy":"category","embeddable":true,"href":"https:\/\/historiografija.hr\/index.php?rest_route=%2Fwp%2Fv2%2Fcategories&post=20598"},{"taxonomy":"post_tag","embeddable":true,"href":"https:\/\/historiografija.hr\/index.php?rest_route=%2Fwp%2Fv2%2Ftags&post=20598"}],"curies":[{"name":"wp","href":"https:\/\/api.w.org\/{rel}","templated":true}]}}