{"id":20570,"date":"2020-04-28T20:16:31","date_gmt":"2020-04-28T20:16:31","guid":{"rendered":"http:\/\/historiografija.hr\/?p=20570"},"modified":"2020-04-28T20:16:49","modified_gmt":"2020-04-28T20:16:49","slug":"poziv-za-prijavu-na-znanstveni-skup-za-grgu-gamulina-povodom-stotinu-i-desete-obljetnice-rodenja-grge-gamulina-1910-1997","status":"publish","type":"post","link":"https:\/\/historiografija.hr\/?p=20570","title":{"rendered":"Poziv za prijavu na znanstveni skup \u201cZa Grgu Gamulina\u201d \u2013 povodom stotinu i desete obljetnice ro\u0111enja Grge Gamulina (1910.\u20131997.)"},"content":{"rendered":"<p>Godine 2020. navr\u0161ava se stotinu i deseta obljetnica ro\u0111enja <strong><a href=\"https:\/\/www.ipu.hr\/article\/hr\/398\/grgo-gamulin\">Grge Gamulina<\/a> <\/strong>(1910.\u20131997.), dugogodi\u0161\u00adnjega profesora na Odsjeku za povijest umjetnosti Filozofskog fakulteta Sveu\u010dili\u0161ta u Zagrebu te jednog od utemeljitelja Instituta za povijest umjetnosti u Zagrebu.<\/p>\n<p>Prije deset godina u Zagrebu je odr\u017ean znanstveni skup <a href=\"https:\/\/www.ipu.hr\/article\/hr\/477\/znanstveni-skup-posvecen-grgi-gamulinu\">\u201eOd atribucije do filozofije umjetnosti\u201c<\/a> u prigodi stote obljetnice ro\u0111enja Grge Gamulina. Tada se okupilo vi\u0161e od dvadeset uglednih stru\u010dnjaka \u2013 povjesni\u010dara umjetnosti i drugih kolega \u2013 koji su svojim izlaganjima protuma\u010dili Gamulinovu va\u017enost za povijesnoumjetni\u010dku struku te analizirali njegov prinos u istra\u017eivanjima nacionalne umjetnosti od srednjega vijeka do dvadesetoga stolje\u0107a. Tako\u0111er, nije se zaobi\u0161lo niti njegovo nastavni\u010dko djelovanje na Filozofskom fakultetu, pisanje likovne kritike i teorijsko promi\u0161ljanje o umjetnosti te knji\u017eevni opus.<\/p>\n<p>Danas, deset godina nakon toga skupa, mo\u017ee se zaklju\u010diti da je golem povijesnoumjetni\u010dki opus Grge Gamulina postao predmetom sve sustavnijeg izu\u010davanja i tuma\u010denja, a povjesni\u010dari umjetnosti mla\u0111ih nara\u0161taja \u2013 oni kojima Gamulin nije bio profesor, kolega ili suradnik \u2013 u njegovu djelu i nadalje prona\u00adlaze temelje i poticaje za vlastita istra\u017eivanja te sagledavanja pojedinih fenomena, opusa ili povijesnou\u00admjetni\u010dkih problema. Stoga je ovaj skup \u2013 nazvan <em><strong>Za Grgu Gamulina <\/strong><\/em>(prema formulaciji koju je sam \u010desto koristio u naslovima mnogih svojih tekstova, primjerice \u201eZa Lovru Dobri\u010devi\u0107a\u201c, \u201eZa Ordana Petlevskog\u201c, \u201eZa Josipa Ra\u010di\u0107a\u201c\u2026) \u2013 zami\u0161ljen kao svojevrstan zagovor za klju\u010dnu figuru nacionalne povijesti umjetnosti i kao mjesto na kojemu \u0107e se iznova afirmirati njegovo djelo, promi\u0161ljati njegove ideje i povijesnoumjetni\u010dke metode te sagledati aktualnost njegovih teorijskih teza unutar novih meto\u00addolo\u0161kih usmjerenja suvremene povijesti umjetnosti.<\/p>\n<p>Izlaganja na ovome skupu ograni\u010dit \u0107e se isklju\u010divo na Gamulinovo povijesnoumjetni\u010dko djelovanje, a o\u010dekuje se da se njihove teme prona\u0111u u \u0161irokom opsegu Gamulinovih interesa \u2013 od arhitekture i urbanizma, medijevisti\u010dkih istra\u017eivanja, tuma\u010denja renesansnog i baroknog slikarstva, sve do korpusa slikarstva i kiparstva 19. stolje\u0107a te, naposljetku, moderne umjetnosti. Znanstveni i organizacijski odbor skupa prikladnim \u0107e smatrati teme koje u svome sredi\u0161tu imaju prije svega Gamulinov opus, ali su dobrodo\u0161la i nova istra\u017eivanja utemeljena na Gamulinovim tuma\u010denjima te novi prinosi poznavanju njegove biografije.<\/p>\n<p>U tom smislu, sljede\u0107e tematske cjeline mogu poslu\u017eiti kao okvir za prijedloge tema izlaganja:<\/p>\n<ol>\n<li><strong>Arhitektura u regiji<\/strong> \u2014 osvrti na Gamulinova razmi\u0161ljanja o arhitekturi, urbanizmu i za\u0161titi arhitektonskih spomenika<\/li>\n<li><strong>Tragom starih majstora<\/strong> \u2014 Gamulinova tuma\u010denja \u201estarijih\u201c razdoblja, a ponajprije renesansnog i baroknog slikarstva i kiparstva te problemi atribucije<\/li>\n<li><strong>Iz nepoznate riznice<\/strong> \u2014 nova istra\u017eivanja temeljena na Gamulinovim tuma\u010denjima<\/li>\n<li><strong>Biografija \u2013 monografija \u2013 sinteza<\/strong> \u2014 osvrti na Gamulinove monografske i sintezne studije te njegove metodolo\u0161ke odabire<\/li>\n<li><strong>Prema teoriji moderne umjetnosti<\/strong> \u2014 tuma\u010denja Gamulinovih teorijskih prinosa prou\u010davanju moderne umjetnosti<\/li>\n<li><strong>Kritika i polemika<\/strong> \u2014 osvrti na Gamulinovo djelovanje kao likovnog kriti\u010dara te na polemike, kao va\u017eno ishodi\u0161te novih tuma\u010denja pojedinih pojava<\/li>\n<li><strong>Pabirci iz biografije<\/strong> \u2014 novi prinosi poznavanju Gamulinove biografije<\/li>\n<\/ol>\n<p>Skup organiziraju <strong>Institut za povijest umjetnosti <\/strong>i <strong>Odsjek za povijest umjetnosti Filozofskog fakulteta Sveu\u010dili\u0161ta u Zagrebu<\/strong>, a odr\u017eat \u0107e se <strong>12. i 13. studenoga 2020. <\/strong>u Konferencijskoj dvorani Knji\u017enice Filozofskog fakulteta (Ivana Lu\u010di\u0107a 3, 10000 Zagreb).<\/p>\n<p>Prijedlozi izlaganja s imenom, prezimenom i afilijacijom izlaga\u010da te naslovom i sa\u017eetkom izlaganja (1200 do 1500 znakova s razmacima) \u0161alju se do <strong>30. svibnja 2020. <\/strong>dr. sc. Petru Prelogu, koordinatoru Znanstvenog i organizacijskog odbora skupa, na e-mail adresu: <a href=\"mailto:pprelog@ipu.hr\"><strong>pprelog@ipu.hr <\/strong><\/a><\/p>\n<p>Slu\u017ebeni jezik skupa je hrvatski, a predvi\u0111eno trajanje izlaganja je do 20 minuta.<\/p>\n<p>O prihva\u0107anju izlaganja sudionici \u0107e biti obavije\u0161teni do <strong>19. lipnja 2020. <\/strong><\/p>\n<p>Organizatori skupa nisu u mogu\u0107nosti sudionicima nadoknaditi putne tro\u0161kove i boravak u Zagrebu. Kotizacije za sudjelovanje na skupu nema.<\/p>\n<p>Od sudionika se o\u010dekuje i da svoja izlaganja pripreme za objavljivanje u zborniku radova skupa do <strong>1. travnja 2021. <\/strong>O na\u010dinu predaje tekstova sudionici \u0107e biti obavije\u0161teni nakon prihva\u0107anja izlaganja.<\/p>\n<p>&#8211;<br \/>\nZnanstveni i organizacijski odbor skupa:<\/p>\n<ul>\n<li>prof. dr. sc. <strong>Sanja Cvetni\u0107<\/strong>, Odsjek za povijest umjetnosti Filozofskog fakulteta Sveu\u010dili\u0161ta u Zagrebu<\/li>\n<li>prof. dr. sc. <strong>Miljenko Jurkovi\u0107<\/strong>, Odsjek za povijest umjetnosti Filozofskog fakulteta Sveu\u010dili\u0161ta u Zagrebu<\/li>\n<li>dr. sc. <strong>Ivana Mance<\/strong>, vi\u0161a znanstvena suradnica, Institut za povijest umjetnosti, Zagreb<\/li>\n<li>dr. sc. <strong>Petar Prelog<\/strong>, vi\u0161i znanstveni suradnik, Institut za povijest umjetnosti, Zagreb \u2013 koordinator odbora<\/li>\n<li><strong>Irena \u0160imi\u0107<\/strong>, vi\u0161a stru\u010dna suradnica u znanosti \u2013 dokumentaristica, Institut za povijest umjetnosti, Zagreb<\/li>\n<li>akademik <strong>Radoslav Tomi\u0107<\/strong>, znanstveni savjetnik u trajnom zvanju, Institut za povijest umjetnosti, Zagreb<\/li>\n<li>doc. dr. sc. <strong>Tanja Tr\u0161ka<\/strong>, Odsjek za povijest umjetnosti Filozofskog fakulteta Sveu\u010dili\u0161ta u Zagrebu<\/li>\n<\/ul>\n<p>&nbsp;<\/p>\n<p>Izvor: <a href=\"https:\/\/www.ipu.hr\/article\/hr\/895\/za-grgu-gamulina\">https:\/\/www.ipu.hr\/article\/hr\/895\/za-grgu-gamulina<\/a><\/p>\n<p>&nbsp;<\/p>\n<p>&nbsp;<\/p>\n<p>&nbsp;<\/p>\n","protected":false},"excerpt":{"rendered":"","protected":false},"author":2,"featured_media":20571,"comment_status":"open","ping_status":"open","sticky":false,"template":"","format":"standard","meta":{"_acf_changed":false,"jetpack_post_was_ever_published":false,"_jetpack_newsletter_access":"","_jetpack_dont_email_post_to_subs":false,"_jetpack_newsletter_tier_id":0,"_jetpack_memberships_contains_paywalled_content":false,"_jetpack_memberships_contains_paid_content":false,"footnotes":"","jetpack_publicize_message":"","jetpack_publicize_feature_enabled":true,"jetpack_social_post_already_shared":true,"jetpack_social_options":{"image_generator_settings":{"template":"highway","default_image_id":0,"font":"","enabled":false},"version":2}},"categories":[3,9],"tags":[],"class_list":["post-20570","post","type-post","status-publish","format-standard","has-post-thumbnail","hentry","category-novosti","category-skupovi"],"acf":{"facebook_opis":""},"jetpack_publicize_connections":[],"jetpack_featured_media_url":"https:\/\/i0.wp.com\/historiografija.hr\/wp-content\/uploads\/2020\/04\/za-grgu-gamulina-skup-2020-poziv.jpg?fit=900%2C563&ssl=1","jetpack_sharing_enabled":true,"jetpack-related-posts":[{"id":52578,"url":"https:\/\/historiografija.hr\/?p=52578","url_meta":{"origin":20570,"position":0},"title":"Poziv za sudjelovanje: XXII. Dani Julija Bene\u0161i\u0107a u Iloku","author":"Branimir Jankovi\u0107","date":"21. travnja 2026.","format":false,"excerpt":"Zavod za lingvisti\u010dka istra\u017eivanja Hrvatske akademije znanosti i umjetnosti, zajedno s Muzejom grada Iloka, organizira XXII. Dane Julija Bene\u0161i\u0107a, koji \u0107e se odr\u017eati od 28. do 30. listopada 2026. u Iloku.\u00a0Teme ovogodi\u0161njih Dana podijeljene su u dvije cjeline: Knji\u017eevno-jezikoslovni d\u00ecv\u0101n s Bene\u0161i\u0107em te Ilok i Srijem u povijesnim stalnicama i\u2026","rel":"","context":"U &quot;Novosti&quot;","block_context":{"text":"Novosti","link":"https:\/\/historiografija.hr\/?cat=3"},"img":{"alt_text":"","src":"https:\/\/i0.wp.com\/historiografija.hr\/wp-content\/uploads\/2019\/10\/HE2_Benesic.jpg?fit=413%2C591&ssl=1&resize=350%2C200","width":350,"height":200},"classes":[]},{"id":52563,"url":"https:\/\/historiografija.hr\/?p=52563","url_meta":{"origin":20570,"position":1},"title":"Predavanje Nenada Fabijani\u0107a o stadionu Poljud u Splitu","author":"Branimir Jankovi\u0107","date":"21. travnja 2026.","format":false,"excerpt":"Znanstveno vije\u0107e za arhitekturu, urbanizam i ure\u0111enje prostora Hrvatske akademije znanosti i umjetnosti organizira predavanje \u201cPo Poljudu\u201d koje \u0107e u srijedu 22. travnja 2026. s po\u010detkom u 14 sati u Knji\u017enici HAZU, Strossmayerov trg 14 u Zagrebu, odr\u017eati\u00a0prof. emerit. dr. art. Nenad Fabijani\u0107,\u00a0\u010dlan suradnik HAZU. Predavanje \u201ePo Poljudu\u201c (Projekt obnove)\u2026","rel":"","context":"U &quot;Novosti&quot;","block_context":{"text":"Novosti","link":"https:\/\/historiografija.hr\/?cat=3"},"img":{"alt_text":"","src":"https:\/\/i0.wp.com\/historiografija.hr\/wp-content\/uploads\/2026\/04\/Poljud-scaled.jpeg?fit=1200%2C800&ssl=1&resize=350%2C200","width":350,"height":200,"srcset":"https:\/\/i0.wp.com\/historiografija.hr\/wp-content\/uploads\/2026\/04\/Poljud-scaled.jpeg?fit=1200%2C800&ssl=1&resize=350%2C200 1x, https:\/\/i0.wp.com\/historiografija.hr\/wp-content\/uploads\/2026\/04\/Poljud-scaled.jpeg?fit=1200%2C800&ssl=1&resize=525%2C300 1.5x, https:\/\/i0.wp.com\/historiografija.hr\/wp-content\/uploads\/2026\/04\/Poljud-scaled.jpeg?fit=1200%2C800&ssl=1&resize=700%2C400 2x, https:\/\/i0.wp.com\/historiografija.hr\/wp-content\/uploads\/2026\/04\/Poljud-scaled.jpeg?fit=1200%2C800&ssl=1&resize=1050%2C600 3x"},"classes":[]},{"id":52559,"url":"https:\/\/historiografija.hr\/?p=52559","url_meta":{"origin":20570,"position":2},"title":"Dobitnici dr\u017eavne nagrade za znanost za 2024. godinu","author":"Branimir Jankovi\u0107","date":"20. travnja 2026.","format":false,"excerpt":"Na sjednici Odbora za podjelu dr\u017eavnih nagrada za znanost odr\u017eanoj 16. travnja 2026. godine donesena je Odluka o dodjeli dr\u017eavnih nagrada za znanost za 2024. godinu. Godi\u0161njom nagradom za popularizaciju i promid\u017ebu znanosti nagra\u0111eni su u podru\u010dju humanisti\u010dkih znanosti znanstveni suradnici dr. sc. Josip Mihaljevi\u0107 i dr. sc. Gordan Ravan\u010di\u0107,\u2026","rel":"","context":"U &quot;Novosti&quot;","block_context":{"text":"Novosti","link":"https:\/\/historiografija.hr\/?cat=3"},"img":{"alt_text":"","src":"https:\/\/i0.wp.com\/historiografija.hr\/wp-content\/uploads\/2021\/12\/povijesne-kontroverze.jpg?fit=1200%2C675&ssl=1&resize=350%2C200","width":350,"height":200,"srcset":"https:\/\/i0.wp.com\/historiografija.hr\/wp-content\/uploads\/2021\/12\/povijesne-kontroverze.jpg?fit=1200%2C675&ssl=1&resize=350%2C200 1x, https:\/\/i0.wp.com\/historiografija.hr\/wp-content\/uploads\/2021\/12\/povijesne-kontroverze.jpg?fit=1200%2C675&ssl=1&resize=525%2C300 1.5x, https:\/\/i0.wp.com\/historiografija.hr\/wp-content\/uploads\/2021\/12\/povijesne-kontroverze.jpg?fit=1200%2C675&ssl=1&resize=700%2C400 2x, https:\/\/i0.wp.com\/historiografija.hr\/wp-content\/uploads\/2021\/12\/povijesne-kontroverze.jpg?fit=1200%2C675&ssl=1&resize=1050%2C600 3x"},"classes":[]},{"id":52654,"url":"https:\/\/historiografija.hr\/?p=52654","url_meta":{"origin":20570,"position":3},"title":"Gostuju\u0107e predavanje &#8211; Danijel D\u017eino \u201eKasnoanti\u010dke i ranosrednjovjekovne gra\u0111evine u Brezi: Spomenici nepotpune biografije\u201c","author":"Branimir Jankovi\u0107","date":"24. travnja 2026.","format":false,"excerpt":"Doktorski studij predmoderne povijesti poziva na predavanje \"Kasnoanti\u010dke i ranosrednjovjekovne gra\u0111evine u Brezi: Spomenici nepotpune biografije\u201d koje \u0107e odr\u017eati profesor Danijel D\u017eino sa Sveu\u010dili\u0161ta Macquarie u Sydneyu u\u00a0utorak 28. travnja 2026. u 17h u Konferencijskoj dvorani Knji\u017enice Filozofskog fakulteta u Zagrebu. Predavanje \u0107e predo\u010diti nova saznanja dobivena kroz arhivsko-dokumentarna istra\u017eivanja\u2026","rel":"","context":"U &quot;Novosti&quot;","block_context":{"text":"Novosti","link":"https:\/\/historiografija.hr\/?cat=3"},"img":{"alt_text":"","src":"https:\/\/i0.wp.com\/historiografija.hr\/wp-content\/uploads\/2026\/04\/Dzino.jpg?fit=980%2C819&ssl=1&resize=350%2C200","width":350,"height":200,"srcset":"https:\/\/i0.wp.com\/historiografija.hr\/wp-content\/uploads\/2026\/04\/Dzino.jpg?fit=980%2C819&ssl=1&resize=350%2C200 1x, https:\/\/i0.wp.com\/historiografija.hr\/wp-content\/uploads\/2026\/04\/Dzino.jpg?fit=980%2C819&ssl=1&resize=525%2C300 1.5x, https:\/\/i0.wp.com\/historiografija.hr\/wp-content\/uploads\/2026\/04\/Dzino.jpg?fit=980%2C819&ssl=1&resize=700%2C400 2x"},"classes":[]},{"id":52502,"url":"https:\/\/historiografija.hr\/?p=52502","url_meta":{"origin":20570,"position":4},"title":"Novi znanstveni projekt Hrvatskog instituta za povijest: \u201c\u017drtve ratova i dr\u017eavnog\/politi\u010dkog nasilja u hrvatskoj povijesti 20. stolje\u0107a\u201d","author":"Branimir Jankovi\u0107","date":"17. travnja 2026.","format":false,"excerpt":"Na redovitoj sjednici Vlade RH, 16. travnja 2026., donijet je Zaklju\u010dak kojim se pokre\u0107e znanstveni projekt \u201c\u017drtve ratova i dr\u017eavnog\/politi\u010dkog nasilja u hrvatskoj povijesti 20. stolje\u0107a\u201d. Projekt \u0107e provoditi i koordinirati Hrvatski institut za povijest u razdoblju trajanja projekta od pet godina. Zakljucak Vlade RH Iz teksta projektnog prijedloga: Problematika\u2026","rel":"","context":"U &quot;Novosti&quot;","block_context":{"text":"Novosti","link":"https:\/\/historiografija.hr\/?cat=3"},"img":{"alt_text":"","src":"https:\/\/i0.wp.com\/historiografija.hr\/wp-content\/uploads\/2026\/04\/Vlada-RH.jpg?fit=1200%2C557&ssl=1&resize=350%2C200","width":350,"height":200,"srcset":"https:\/\/i0.wp.com\/historiografija.hr\/wp-content\/uploads\/2026\/04\/Vlada-RH.jpg?fit=1200%2C557&ssl=1&resize=350%2C200 1x, https:\/\/i0.wp.com\/historiografija.hr\/wp-content\/uploads\/2026\/04\/Vlada-RH.jpg?fit=1200%2C557&ssl=1&resize=525%2C300 1.5x, https:\/\/i0.wp.com\/historiografija.hr\/wp-content\/uploads\/2026\/04\/Vlada-RH.jpg?fit=1200%2C557&ssl=1&resize=700%2C400 2x, https:\/\/i0.wp.com\/historiografija.hr\/wp-content\/uploads\/2026\/04\/Vlada-RH.jpg?fit=1200%2C557&ssl=1&resize=1050%2C600 3x"},"classes":[]},{"id":52660,"url":"https:\/\/historiografija.hr\/?p=52660","url_meta":{"origin":20570,"position":5},"title":"Medijski odjeci \u010dlanka Steve \u0110ura\u0161kovi\u0107a \u201e\u017dupanovljeva ne\u017eeljena djeca: ideolo\u0161ko pribli\u017eavanje neoliberala i kr\u0161\u0107anske radikalne desnice u Hrvatskoj\u201c","author":"Branimir Jankovi\u0107","date":"24. travnja 2026.","format":false,"excerpt":"U sklopu projekta \u201eIzazovi intelektualne povijesti: recepcije, preobrazbe i upotrebe politi\u010dkih ideja\u201c objavljen je polemi\u010dki \u010dlanak Steve \u0110ura\u0161kovi\u0107a \u201e\u017dupanovljeva ne\u017eeljena djeca: ideolo\u0161ko pribli\u017eavanje neoliberala i kr\u0161\u0107anske radikalne desnice u Hrvatskoj\u201c, koji je izazvao odre\u0111ene medijske reakcije. Stevo \u0110ura\u0161kovi\u0107 \u017dupanovljeva ne\u017eeljena djeca: ideolo\u0161ko pribli\u017eavanje neoliberala i kr\u0161\u0107anske radikalne desnice u Hrvatskoj\u2026","rel":"","context":"U &quot;Novosti&quot;","block_context":{"text":"Novosti","link":"https:\/\/historiografija.hr\/?cat=3"},"img":{"alt_text":"","src":"https:\/\/i0.wp.com\/historiografija.hr\/wp-content\/uploads\/2026\/04\/SD.png?fit=809%2C821&ssl=1&resize=350%2C200","width":350,"height":200,"srcset":"https:\/\/i0.wp.com\/historiografija.hr\/wp-content\/uploads\/2026\/04\/SD.png?fit=809%2C821&ssl=1&resize=350%2C200 1x, https:\/\/i0.wp.com\/historiografija.hr\/wp-content\/uploads\/2026\/04\/SD.png?fit=809%2C821&ssl=1&resize=525%2C300 1.5x, https:\/\/i0.wp.com\/historiografija.hr\/wp-content\/uploads\/2026\/04\/SD.png?fit=809%2C821&ssl=1&resize=700%2C400 2x"},"classes":[]}],"_links":{"self":[{"href":"https:\/\/historiografija.hr\/index.php?rest_route=\/wp\/v2\/posts\/20570","targetHints":{"allow":["GET"]}}],"collection":[{"href":"https:\/\/historiografija.hr\/index.php?rest_route=\/wp\/v2\/posts"}],"about":[{"href":"https:\/\/historiografija.hr\/index.php?rest_route=\/wp\/v2\/types\/post"}],"author":[{"embeddable":true,"href":"https:\/\/historiografija.hr\/index.php?rest_route=\/wp\/v2\/users\/2"}],"replies":[{"embeddable":true,"href":"https:\/\/historiografija.hr\/index.php?rest_route=%2Fwp%2Fv2%2Fcomments&post=20570"}],"version-history":[{"count":2,"href":"https:\/\/historiografija.hr\/index.php?rest_route=\/wp\/v2\/posts\/20570\/revisions"}],"predecessor-version":[{"id":20573,"href":"https:\/\/historiografija.hr\/index.php?rest_route=\/wp\/v2\/posts\/20570\/revisions\/20573"}],"wp:featuredmedia":[{"embeddable":true,"href":"https:\/\/historiografija.hr\/index.php?rest_route=\/wp\/v2\/media\/20571"}],"wp:attachment":[{"href":"https:\/\/historiografija.hr\/index.php?rest_route=%2Fwp%2Fv2%2Fmedia&parent=20570"}],"wp:term":[{"taxonomy":"category","embeddable":true,"href":"https:\/\/historiografija.hr\/index.php?rest_route=%2Fwp%2Fv2%2Fcategories&post=20570"},{"taxonomy":"post_tag","embeddable":true,"href":"https:\/\/historiografija.hr\/index.php?rest_route=%2Fwp%2Fv2%2Ftags&post=20570"}],"curies":[{"name":"wp","href":"https:\/\/api.w.org\/{rel}","templated":true}]}}