{"id":20539,"date":"2020-04-27T13:40:52","date_gmt":"2020-04-27T13:40:52","guid":{"rendered":"http:\/\/historiografija.hr\/?p=20539"},"modified":"2020-04-27T14:14:13","modified_gmt":"2020-04-27T14:14:13","slug":"film-gepard-htv3-27-04-2020-2005-0340","status":"publish","type":"post","link":"https:\/\/historiografija.hr\/?p=20539","title":{"rendered":"Film \u201eGepard\u201c (HTV3 27.04.2020. 20:05, 03:40)"},"content":{"rendered":"<p>Film &#8220;Gepard&#8221;, talijanskog redatelja Luchina Viscontija, ekranizacija je istoimenog poznatog romana Giuseppea Tomasija di Lampeduse o talijanskoj povijesti 19. stolje\u0107a iz kojeg se \u010desto spominje re\u010denica \u201eAko \u017eelimo da sve ostane kako jest, treba da se sve promijeni.\u201c<\/p>\n<p>&nbsp;<\/p>\n<p>&#8212;<\/p>\n<p>&nbsp;<\/p>\n<p><strong>Gepard, talijansko-francuski (1963.)<\/strong><\/p>\n<p><strong>IL GATTOPARDO<\/strong><\/p>\n<p>&nbsp;<\/p>\n<p>Drama. \u0160ezdesetih godina 19. stolje\u0107a, u vrijeme talijanske borbe za ujedinjenje zemlje, propadaju\u0107a aristokracija poku\u0161ava odr\u017eati svoj ugled koji je dotad ba\u0161tinila. To osobito te\u0161ko pada sicilijanskom princu Fabriziju Corberu zvanom Gepard (B. Lancaster), a tome najvi\u0161e doprinosi istodoban rast vlasti i mo\u0107i imu\u0107noga seljaka don Calogera Sedare (P. Stoppa). Odbija poduzeti bilo \u0161to da zaustavi pad vlastitoga imetka ili da pomogne izgraditi novu Siciliju, no njegov ne\u0107ak, princ Tancredi Falconeri (A. Delon), odu\u0161evljen revolucionarnim idejama, dobro se snalazi u novoj situaciji i osigurava si visok polo\u017eaj u dru\u0161tvu zaprosiv\u0161i bogatu don Calogerovu k\u0107er Angelicu (C. Cardinale). Fabrizio nije u potpunosti u stanju prihvatiti njegov izbor&#8230;<\/p>\n<p>&#8220;Gepard&#8221;, film velikoga talijanskoga redatelja Luchina Viscontija (Zemlja drhti, Sumrak bogova, Smrt u Veneciji), adaptacija je proslavljenoga istoimenoga romana Giuseppea Tomasija di Lampeduse. Pri\u010da je to o situaciji u kojoj su se iznenada na\u0161li sicilijanski plemi\u0107i u vrijeme ujedinjavanja Italije, u kojemu je do\u0161lo do brojnih preokreta u tada\u0161njoj socijalnoj i politi\u010dkoj strukturi zemlje. Viscontijevo djelo re\u017eijski je vrlo kompleksno; odlikuje se pomno biranom kostimografijom i scenografijom, dugim i relativno sporim prizorima u kojima je naglasak na psihologiji likova ocrtanoj upravo u sna\u017enoj vizualnosti prizora i odmjerenim, suzdr\u017eanim dijalozima. Uz nominaciju za Oscara za najbolji strani film, &#8220;Gepard&#8221; je osvojio Zlatnu palmu na festival u Cannesu.<\/p>\n<p>&nbsp;<\/p>\n<ul>\n<li>Uloge:\u00a0 <strong>Burt Lancaster, Alain Delon, Claudia Cardinale, Paolo Stoppa, Rina Morelli, Romolo Valli<\/strong><\/li>\n<li>Scenarij:\u00a0 <strong>Suso Cecchi d&#8217;Amico, Pasquale Festa Campanile, Enrico Medioli, Massimo Franciosa, Luchino Visconti<\/strong><\/li>\n<li>Re\u017eija:\u00a0 <strong>Luchino Visconti<\/strong><\/li>\n<li>Godina proizvodnje:\u00a0 <strong>1963.<\/strong><\/li>\n<li>Urednik:\u00a0 <strong>Dean \u0160o\u0161a<\/strong><\/li>\n<\/ul>\n<p>&nbsp;<\/p>\n<p>Izvor: <a href=\"https:\/\/raspored.hrt.hr\/\">https:\/\/raspored.hrt.hr\/<\/a><\/p>\n<p>&nbsp;<\/p>\n<p>Dodatne informacije:<\/p>\n<p><a href=\"http:\/\/film.lzmk.hr\/clanak.aspx?id=539\">http:\/\/film.lzmk.hr\/clanak.aspx?id=539<\/a><\/p>\n<p>&nbsp;<\/p>\n<p>&nbsp;<\/p>\n","protected":false},"excerpt":{"rendered":"","protected":false},"author":2,"featured_media":20540,"comment_status":"open","ping_status":"open","sticky":false,"template":"","format":"standard","meta":{"_acf_changed":false,"jetpack_post_was_ever_published":false,"_jetpack_newsletter_access":"","_jetpack_dont_email_post_to_subs":false,"_jetpack_newsletter_tier_id":0,"_jetpack_memberships_contains_paywalled_content":false,"_jetpack_memberships_contains_paid_content":false,"footnotes":"","jetpack_publicize_message":"","jetpack_publicize_feature_enabled":true,"jetpack_social_post_already_shared":true,"jetpack_social_options":{"image_generator_settings":{"template":"highway","default_image_id":0,"font":"","enabled":false},"version":2}},"categories":[13,3],"tags":[],"class_list":["post-20539","post","type-post","status-publish","format-standard","has-post-thumbnail","hentry","category-filmovi-i-serije","category-novosti"],"acf":{"facebook_opis":""},"jetpack_publicize_connections":[],"jetpack_featured_media_url":"https:\/\/i0.wp.com\/historiografija.hr\/wp-content\/uploads\/2020\/04\/gepard.jpg?fit=512%2C401&ssl=1","jetpack_sharing_enabled":true,"jetpack-related-posts":[{"id":52539,"url":"https:\/\/historiografija.hr\/?p=52539","url_meta":{"origin":20539,"position":0},"title":"Drugi po redu studentski simpozij &#8220;In fonte veritas&#8221;","author":"Branimir Jankovi\u0107","date":"20. travnja 2026.","format":false,"excerpt":"U srijedu, 22. travnja 2026. godine, u dvorani C 0.4 na Hrvatskom katoli\u010dkom sveu\u010dili\u0161tu odr\u017eat \u0107e se drugi studentski simpozij \u201eIn fonte veritas\". Ovogodi\u0161nja sredi\u0161nja tema simpozija je Papinstvo. Kroz istra\u017eiva\u010dko suo\u010davanje s povijesnim izvorima deset \u0107e studenata predstaviti rezultate svojih istra\u017eivanja o instituciji koja je stolje\u0107ima oblikovala europsku i\u2026","rel":"","context":"U &quot;Novosti&quot;","block_context":{"text":"Novosti","link":"https:\/\/historiografija.hr\/?cat=3"},"img":{"alt_text":"","src":"https:\/\/i0.wp.com\/historiografija.hr\/wp-content\/uploads\/2026\/04\/Papinstvo.png?fit=1024%2C500&ssl=1&resize=350%2C200","width":350,"height":200,"srcset":"https:\/\/i0.wp.com\/historiografija.hr\/wp-content\/uploads\/2026\/04\/Papinstvo.png?fit=1024%2C500&ssl=1&resize=350%2C200 1x, https:\/\/i0.wp.com\/historiografija.hr\/wp-content\/uploads\/2026\/04\/Papinstvo.png?fit=1024%2C500&ssl=1&resize=525%2C300 1.5x, https:\/\/i0.wp.com\/historiografija.hr\/wp-content\/uploads\/2026\/04\/Papinstvo.png?fit=1024%2C500&ssl=1&resize=700%2C400 2x"},"classes":[]},{"id":52733,"url":"https:\/\/historiografija.hr\/?p=52733","url_meta":{"origin":20539,"position":1},"title":"Vlado Raji\u0107 \u201eGranica na kraju stolje\u0107a\u201c","author":"Filip \u0160imunjak","date":"29. travnja 2026.","format":false,"excerpt":"U suizdanju Durieuxa i Beletre objavljena je 2025. godine knjiga Granica na kraju stolje\u0107a autora Vlade Raji\u0107a.\u00a0 O knjizi\u00a0 Romansirana biografija Vladimira Iblera mnogo je vi\u0161e od zanimljive pri\u010de o privatnom \u017eivotu i impresivnoj profesionalnoj karijeri istaknutog stru\u010dnjaka za me\u0111unarodno pravo i dugo\u00adgodi\u0161njeg profesora na zagreba\u010dkom Pravnom fakultetu, akademika, koji\u2026","rel":"","context":"U &quot;Knjige&quot;","block_context":{"text":"Knjige","link":"https:\/\/historiografija.hr\/?cat=8"},"img":{"alt_text":"","src":"https:\/\/i0.wp.com\/historiografija.hr\/wp-content\/uploads\/2026\/04\/VLADO-RAJIC-GRANICA-NA-KRAJU-STOLJECA.jpg?fit=450%2C650&ssl=1&resize=350%2C200","width":350,"height":200},"classes":[]},{"id":52502,"url":"https:\/\/historiografija.hr\/?p=52502","url_meta":{"origin":20539,"position":2},"title":"Novi znanstveni projekt Hrvatskog instituta za povijest: \u201c\u017drtve ratova i dr\u017eavnog\/politi\u010dkog nasilja u hrvatskoj povijesti 20. stolje\u0107a\u201d","author":"Branimir Jankovi\u0107","date":"17. travnja 2026.","format":false,"excerpt":"Na redovitoj sjednici Vlade RH, 16. travnja 2026., donijet je Zaklju\u010dak kojim se pokre\u0107e znanstveni projekt \u201c\u017drtve ratova i dr\u017eavnog\/politi\u010dkog nasilja u hrvatskoj povijesti 20. stolje\u0107a\u201d. Projekt \u0107e provoditi i koordinirati Hrvatski institut za povijest u razdoblju trajanja projekta od pet godina. Zakljucak Vlade RH Iz teksta projektnog prijedloga: Problematika\u2026","rel":"","context":"U &quot;Novosti&quot;","block_context":{"text":"Novosti","link":"https:\/\/historiografija.hr\/?cat=3"},"img":{"alt_text":"","src":"https:\/\/i0.wp.com\/historiografija.hr\/wp-content\/uploads\/2026\/04\/Vlada-RH.jpg?fit=1200%2C557&ssl=1&resize=350%2C200","width":350,"height":200,"srcset":"https:\/\/i0.wp.com\/historiografija.hr\/wp-content\/uploads\/2026\/04\/Vlada-RH.jpg?fit=1200%2C557&ssl=1&resize=350%2C200 1x, https:\/\/i0.wp.com\/historiografija.hr\/wp-content\/uploads\/2026\/04\/Vlada-RH.jpg?fit=1200%2C557&ssl=1&resize=525%2C300 1.5x, https:\/\/i0.wp.com\/historiografija.hr\/wp-content\/uploads\/2026\/04\/Vlada-RH.jpg?fit=1200%2C557&ssl=1&resize=700%2C400 2x, https:\/\/i0.wp.com\/historiografija.hr\/wp-content\/uploads\/2026\/04\/Vlada-RH.jpg?fit=1200%2C557&ssl=1&resize=1050%2C600 3x"},"classes":[]},{"id":52746,"url":"https:\/\/historiografija.hr\/?p=52746","url_meta":{"origin":20539,"position":3},"title":"Predstavljanje djelatnosti povjesni\u010dara: \u201ePisma kao izvor za povijest 18.stolje\u0107a \u2013 iskustva rada na HRZZ projektu LIGHT\u201c","author":"Filip \u0160imunjak","date":"30. travnja 2026.","format":false,"excerpt":"Predstavljanje djelatnosti povjesni\u010dara: \u201ePisma kao izvor za povijest 18. stolje\u0107a \u2013 iskustva rada na HRZZ projektu LIGHT\u201c odr\u017eat \u0107e se u sklopu ovogodi\u0161njega Festivala povijesti Kliofest u Nacionalnoj i sveu\u010dili\u0161noj knji\u017enici u Zagrebu, u utorak 5. svibnja, s po\u010detkom u 16 sati. Sudjeluju: Teodora Shek Brnardi\u0107, Marta Jurkovi\u0107, Matea Maru\u0161i\u0107,\u2026","rel":"","context":"U &quot;Novosti&quot;","block_context":{"text":"Novosti","link":"https:\/\/historiografija.hr\/?cat=3"},"img":{"alt_text":"","src":"https:\/\/i0.wp.com\/historiografija.hr\/wp-content\/uploads\/2026\/04\/Kliofest-01-utorak-I-03-PDP-Pisma-kao-izvor.jpg?fit=1200%2C566&ssl=1&resize=350%2C200","width":350,"height":200,"srcset":"https:\/\/i0.wp.com\/historiografija.hr\/wp-content\/uploads\/2026\/04\/Kliofest-01-utorak-I-03-PDP-Pisma-kao-izvor.jpg?fit=1200%2C566&ssl=1&resize=350%2C200 1x, https:\/\/i0.wp.com\/historiografija.hr\/wp-content\/uploads\/2026\/04\/Kliofest-01-utorak-I-03-PDP-Pisma-kao-izvor.jpg?fit=1200%2C566&ssl=1&resize=525%2C300 1.5x, https:\/\/i0.wp.com\/historiografija.hr\/wp-content\/uploads\/2026\/04\/Kliofest-01-utorak-I-03-PDP-Pisma-kao-izvor.jpg?fit=1200%2C566&ssl=1&resize=700%2C400 2x, https:\/\/i0.wp.com\/historiografija.hr\/wp-content\/uploads\/2026\/04\/Kliofest-01-utorak-I-03-PDP-Pisma-kao-izvor.jpg?fit=1200%2C566&ssl=1&resize=1050%2C600 3x"},"classes":[]},{"id":52631,"url":"https:\/\/historiografija.hr\/?p=52631","url_meta":{"origin":20539,"position":4},"title":"Predavanje Ivana Tepe\u0161a: Djelovanje hrvatske politi\u010dke emigracije","author":"Branimir Jankovi\u0107","date":"23. travnja 2026.","format":false,"excerpt":"Odjel za me\u0111unarodnu suradnju i iseljeni\u0161tvo Matice hrvatske Predavanje Ivana Tepe\u0161a: Djelovanje hrvatske politi\u010dke emigracije Utorak, 28. travnja 2026. u 18:00 sati, Dvorana Ljudevita Jonkea (Mala dvorana MH), Strossmayerov trg 4, Zagreb dr. sc. Ivan Tepe\u0161, Institut za istra\u017eivanje migracija Hrvatska politi\u010dka emigracija obilje\u017eila je polustoljetnu hrvatsku povijest u drugoj\u2026","rel":"","context":"U &quot;Novosti&quot;","block_context":{"text":"Novosti","link":"https:\/\/historiografija.hr\/?cat=3"},"img":{"alt_text":"","src":"","width":0,"height":0},"classes":[]},{"id":52589,"url":"https:\/\/historiografija.hr\/?p=52589","url_meta":{"origin":20539,"position":5},"title":"Predstavljena knjiga Miomira \u017du\u017eula &#8220;Dayton: Diplomacija &#8211; druga strana rata&#8221;","author":"Branimir Jankovi\u0107","date":"22. travnja 2026.","format":false,"excerpt":"Knjiga Miomira \u017du\u017eula \u201eDayton: Diplomacija \u2013 druga strana rata\u201d predstavljena je u srijedu, 22. travnja 2026. godine u foajeu Hrvatskoga narodnog kazali\u0161ta u Zagrebu. Op\u0161irnije: https:\/\/vijesti.hrt.hr\/hrvatska\/predstavljena-knjiga-miomira-zuzula-dayton-diplomacija-druga-strana-rata-12683259 https:\/\/www.vecernji.ba\/amp\/vijesti\/zuzulova-knjiga-o-daytonu-predstavljena-u-zagrebu-diplomacija-kao-druga-strana-rata-1953700 https:\/\/www.tportal.hr\/vijesti\/clanak\/bivsi-sanaderov-ministar-odrzao-promociju-evo-tko-je-sve-dosao-na-predstavljanje-knjige-miomira-zuzula-foto-20260422 https:\/\/direktno.hr\/zivot\/kultura\/zuzul-otkrio-sve-o-drugoj-strani-rata-za-hrvatsku-se-nije-libio-povuci-nekoga-i-za-kosu-395042 https:\/\/www.24sata.hr\/news\/miomir-zuzul-predstavio-je-knjigu-o-daytonu-diplomacija-je-bila-druga-strana-rata-1123152 https:\/\/www.vecernji.hr\/kultura\/kolinda-grabar-kitarovic-otvoreno-miomir-zuzul-nije-vukao-samo-za-rukav-nego-i-za-kosu-1953722 https:\/\/www.vecernji.hr\/kultura\/i-papa-lav-xiv-eksplicitno-je-daytonski-sporazum-istaknuo-kao-primjer-uspjesna-rjesavanja-sukoba-1952215","rel":"","context":"U &quot;Novosti&quot;","block_context":{"text":"Novosti","link":"https:\/\/historiografija.hr\/?cat=3"},"img":{"alt_text":"","src":"https:\/\/i0.wp.com\/historiografija.hr\/wp-content\/uploads\/2026\/04\/Dayton.jpg?fit=1024%2C683&ssl=1&resize=350%2C200","width":350,"height":200,"srcset":"https:\/\/i0.wp.com\/historiografija.hr\/wp-content\/uploads\/2026\/04\/Dayton.jpg?fit=1024%2C683&ssl=1&resize=350%2C200 1x, https:\/\/i0.wp.com\/historiografija.hr\/wp-content\/uploads\/2026\/04\/Dayton.jpg?fit=1024%2C683&ssl=1&resize=525%2C300 1.5x, https:\/\/i0.wp.com\/historiografija.hr\/wp-content\/uploads\/2026\/04\/Dayton.jpg?fit=1024%2C683&ssl=1&resize=700%2C400 2x"},"classes":[]}],"_links":{"self":[{"href":"https:\/\/historiografija.hr\/index.php?rest_route=\/wp\/v2\/posts\/20539","targetHints":{"allow":["GET"]}}],"collection":[{"href":"https:\/\/historiografija.hr\/index.php?rest_route=\/wp\/v2\/posts"}],"about":[{"href":"https:\/\/historiografija.hr\/index.php?rest_route=\/wp\/v2\/types\/post"}],"author":[{"embeddable":true,"href":"https:\/\/historiografija.hr\/index.php?rest_route=\/wp\/v2\/users\/2"}],"replies":[{"embeddable":true,"href":"https:\/\/historiografija.hr\/index.php?rest_route=%2Fwp%2Fv2%2Fcomments&post=20539"}],"version-history":[{"count":4,"href":"https:\/\/historiografija.hr\/index.php?rest_route=\/wp\/v2\/posts\/20539\/revisions"}],"predecessor-version":[{"id":20544,"href":"https:\/\/historiografija.hr\/index.php?rest_route=\/wp\/v2\/posts\/20539\/revisions\/20544"}],"wp:featuredmedia":[{"embeddable":true,"href":"https:\/\/historiografija.hr\/index.php?rest_route=\/wp\/v2\/media\/20540"}],"wp:attachment":[{"href":"https:\/\/historiografija.hr\/index.php?rest_route=%2Fwp%2Fv2%2Fmedia&parent=20539"}],"wp:term":[{"taxonomy":"category","embeddable":true,"href":"https:\/\/historiografija.hr\/index.php?rest_route=%2Fwp%2Fv2%2Fcategories&post=20539"},{"taxonomy":"post_tag","embeddable":true,"href":"https:\/\/historiografija.hr\/index.php?rest_route=%2Fwp%2Fv2%2Ftags&post=20539"}],"curies":[{"name":"wp","href":"https:\/\/api.w.org\/{rel}","templated":true}]}}