{"id":20487,"date":"2020-04-24T13:48:26","date_gmt":"2020-04-24T13:48:26","guid":{"rendered":"http:\/\/historiografija.hr\/?p=20487"},"modified":"2020-04-24T13:50:36","modified_gmt":"2020-04-24T13:50:36","slug":"polemika-o-totalitarnosti-socijalisticke-jugoslavije","status":"publish","type":"post","link":"https:\/\/historiografija.hr\/?p=20487","title":{"rendered":"Polemika o totalitarnosti socijalisti\u010dke Jugoslavije"},"content":{"rendered":"<p>U \u010dasopisu \u201cIstorija 20. veka\u201d (br. 1, 2020) povjesni\u010dari Josip Mihaljevi\u0107 i Goran Miljan u \u010dlanku \u201cWas Tito\u2019s Yugoslavia not totalitarian?\u201d polemiziraju s \u010dlankom Rudija Klanj\u0161eka i Sergeja Flerea \u201cWas Tito\u2019s Yugoslavia totalitarian?\u201d. U istom broju \u010dasopisa o broju srpskih \u017ertava usta\u0161kih zlo\u010dina polemizira Srdja Trifkovi\u0107.<\/p>\n<p>&nbsp;<\/p>\n<p>&#8212;<\/p>\n<p>&nbsp;<\/p>\n<p><strong><em>Istorija 20. veka<\/em><\/strong><\/p>\n<p>&nbsp;<\/p>\n<p>1\/2020<\/p>\n<p>&nbsp;<\/p>\n<p>Polemike<\/p>\n<p>&nbsp;<\/p>\n<p>Josip Mihaljevi\u0107, Goran Miljan<\/p>\n<p><strong>WAS TITO\u2019S YUGOSLAVIA NOT TOTALITARIAN?<\/strong> (223\u2013248)<\/p>\n<p>This paper is a response to an article \u201cWas Tito\u2019s Yugoslavia totalitarian?\u201d published in the journal Communist and Post-Communist Studies 47 (2014). The two authors indicate the inadequate theoretical framework and untenable interpretations made by Flere and Klanj\u0161ek, who provided a distorted picture of former Yugoslav society and the position of an individual in it. Their reduced theory of totalitarianism combined with their simplified interpretations served their aim of proving that the system established by the Yugoslav communists was not totalitarian nor did it strive to become one. Flere and Klanj\u0161ek\u2019s main argument for the absence of totalitarianism is that of a federal state concept of Yugoslavia, which is not in correlation with contemporary understanding of totalitarianism. By deconstructing their arguments, this article argues for a more elaborated and up-to-date conceptual understanding of Tito\u2019s Yugoslavia and its relation to the concept of totalitarianism.<\/p>\n<p><a href=\"https:\/\/istorija20veka.rs\/1-2020\/\">https:\/\/istorija20veka.rs\/1-2020\/<\/a><\/p>\n<p>&nbsp;<\/p>\n<p>Tezu slovena\u010dkih raziskovaleca (nau\u010dnika) Rudija Klajn\u0161eka i Sergeja Flere da socijalisti\u010dka Jugoslavija nije bila totalitarna dr\u017eava osporili su dr Josip Mihaljevi\u0107, istra\u017eiva\u010d saradnik Instituta za povijest i Goran Miljan, doktorand na Univerzitetu u Upsali. Kolege Mihaljevi\u0107 i Miljan ukazuju da uzimanje federalisti\u010dkog ure\u0111enja kao krunskog dokaza netotalitarnosti re\u017eima nije metodolo\u0161ki ispravno i da slovena\u010dki istra\u017eiva\u010di zanemaruju \u010dinjenicu da je klju\u010dna komponenta jugoslovenske totalitarnosti bila &#8211; nametanje jedne ideologije (komunisti\u010dke) celokupnom dru\u0161tvu i svakom pojedincu.<\/p>\n<p><a href=\"https:\/\/www.facebook.com\/pg\/istorija20veka\/posts\/\">https:\/\/www.facebook.com\/pg\/istorija20veka\/posts\/<\/a><\/p>\n<p>&nbsp;<\/p>\n<p>&nbsp;<\/p>\n<p>Srdja Trifkovi\u0107<\/p>\n<p><strong>USTA\u0160A CRIMES, SERBIAN VICTIMS, NUMBERS AND POLITICS: TOWARD A RATIONAL DEBATE<\/strong> (203\u2013222)<\/p>\n<p>The number of Serbs who were murdered by the Croatian Usta\u0161a regime is still contentious, even though there is broad agreement on the figures among expert historians. The issue is blurred by authors who ignore the canon of scientific discovery. Usta\u0161a terror was awful enough, the author argues. Distorted numbers trivialize debate and degrade the victims.<\/p>\n<p><a href=\"https:\/\/istorija20veka.rs\/1-2020\/\">https:\/\/istorija20veka.rs\/1-2020\/<\/a><\/p>\n<p>&nbsp;<\/p>\n<p>Problem kvantifikacije broja srpskih \u017ertava na teritoriji Nezavisne Dr\u017eave Hrvatske izaziva polemike i danas u stru\u010dnoj i nestru\u010dnoj javnosti. Prilog sveobuhvatnijem sagledavanju ovog fenomena pru\u017eio je u svom najnovijem radu dr Sr\u0111a Trifkovi\u0107, vanredni profesor na Fakultetu politi\u010dkih nauka u Banja Luci.<\/p>\n<p><a href=\"https:\/\/www.facebook.com\/pg\/istorija20veka\/posts\/\">https:\/\/www.facebook.com\/pg\/istorija20veka\/posts\/<\/a><\/p>\n<p>&nbsp;<\/p>\n<p>&nbsp;<\/p>\n<p>&nbsp;<\/p>\n","protected":false},"excerpt":{"rendered":"","protected":false},"author":2,"featured_media":20488,"comment_status":"open","ping_status":"open","sticky":false,"template":"","format":"standard","meta":{"_acf_changed":false,"jetpack_post_was_ever_published":false,"_jetpack_newsletter_access":"","_jetpack_dont_email_post_to_subs":false,"_jetpack_newsletter_tier_id":0,"_jetpack_memberships_contains_paywalled_content":false,"_jetpack_memberships_contains_paid_content":false,"footnotes":"","jetpack_publicize_message":"","jetpack_publicize_feature_enabled":true,"jetpack_social_post_already_shared":true,"jetpack_social_options":{"image_generator_settings":{"template":"highway","default_image_id":0,"font":"","enabled":false},"version":2}},"categories":[3,17],"tags":[],"class_list":["post-20487","post","type-post","status-publish","format-standard","has-post-thumbnail","hentry","category-novosti","category-rasprave"],"acf":{"facebook_opis":""},"jetpack_publicize_connections":[],"jetpack_featured_media_url":"https:\/\/i0.wp.com\/historiografija.hr\/wp-content\/uploads\/2020\/04\/2020_1.jpg?fit=344%2C500&ssl=1","jetpack_sharing_enabled":true,"jetpack-related-posts":[{"id":52520,"url":"https:\/\/historiografija.hr\/?p=52520","url_meta":{"origin":20487,"position":0},"title":"Predstavljanje knjige &#8220;Socialist Economics in Yugoslavia: A Critical History&#8221; u Zagrebu","author":"Branimir Jankovi\u0107","date":"17. travnja 2026.","format":false,"excerpt":"Pozivamo vas na predstavljanje knjige \"Socialist Economics in Yugoslavia: A Critical History\", autora Mislava \u00a0\u017ditka i Marka Grde\u0161i\u0107a (Routledge, 2026). Na predstavljanju \u0107e govoriti Branko Milanovi\u0107 (CUNY), Milica Uvali\u0107 (EUI), Zdravko Petak (FPZG) te autori.\u00a0 Predstavljanje \u0107e se odr\u017eati u srijedu 22. travnja u 16:00 sati na Fakultetu politi\u010dkih znanosti\u2026","rel":"","context":"U &quot;Novosti&quot;","block_context":{"text":"Novosti","link":"https:\/\/historiografija.hr\/?cat=3"},"img":{"alt_text":"","src":"https:\/\/i0.wp.com\/historiografija.hr\/wp-content\/uploads\/2026\/04\/Poziv-na-predstavljanje.png?fit=800%2C652&ssl=1&resize=350%2C200","width":350,"height":200,"srcset":"https:\/\/i0.wp.com\/historiografija.hr\/wp-content\/uploads\/2026\/04\/Poziv-na-predstavljanje.png?fit=800%2C652&ssl=1&resize=350%2C200 1x, https:\/\/i0.wp.com\/historiografija.hr\/wp-content\/uploads\/2026\/04\/Poziv-na-predstavljanje.png?fit=800%2C652&ssl=1&resize=525%2C300 1.5x, https:\/\/i0.wp.com\/historiografija.hr\/wp-content\/uploads\/2026\/04\/Poziv-na-predstavljanje.png?fit=800%2C652&ssl=1&resize=700%2C400 2x"},"classes":[]},{"id":52516,"url":"https:\/\/historiografija.hr\/?p=52516","url_meta":{"origin":20487,"position":1},"title":"Marko Grde\u0161i\u0107, Mislav \u017ditko, \u201eSocialist Economics in Yugoslavia: A Critical History\u201c","author":"Branimir Jankovi\u0107","date":"17. travnja 2026.","format":false,"excerpt":"This book presents a critical history of Yugoslav socialist economics, from its inception in the late 1940s to its dissolution in the late 1980s. After the dramatic break with the Soviet Union in 1948, Yugoslavia found itself in urgent need of a third way: A socialist trajectory which would not\u2026","rel":"","context":"U &quot;Knjige&quot;","block_context":{"text":"Knjige","link":"https:\/\/historiografija.hr\/?cat=8"},"img":{"alt_text":"","src":"https:\/\/i0.wp.com\/historiografija.hr\/wp-content\/uploads\/2026\/04\/Zitko_Grdesic.jpg?fit=350%2C535&ssl=1&resize=350%2C200","width":350,"height":200},"classes":[]},{"id":52580,"url":"https:\/\/historiografija.hr\/?p=52580","url_meta":{"origin":20487,"position":2},"title":"Conference &#8220;Living in the aftermaths: Trauma, politics and survival in Yugoslavia and successor states, 1945 \u2013 present&#8221;","author":"Branimir Jankovi\u0107","date":"21. travnja 2026.","format":false,"excerpt":"The conference aims to explore how war-related psychological distress was experienced, narrated, debated and reframed in Yugoslavia in the second half of the twentieth century. It asks how the theme of wounded psyche and wartime suffering was addressed and acknowledged in political, psychiatric and broader cultural discourses of socialist Yugoslavia,\u2026","rel":"","context":"U &quot;Novosti&quot;","block_context":{"text":"Novosti","link":"https:\/\/historiografija.hr\/?cat=3"},"img":{"alt_text":"","src":"https:\/\/i0.wp.com\/historiografija.hr\/wp-content\/uploads\/2026\/04\/Battle_of_Neretva_Picasso_poster-Conference-Living-in-the-aftermaths.webp?fit=564%2C954&ssl=1&resize=350%2C200","width":350,"height":200,"srcset":"https:\/\/i0.wp.com\/historiografija.hr\/wp-content\/uploads\/2026\/04\/Battle_of_Neretva_Picasso_poster-Conference-Living-in-the-aftermaths.webp?fit=564%2C954&ssl=1&resize=350%2C200 1x, https:\/\/i0.wp.com\/historiografija.hr\/wp-content\/uploads\/2026\/04\/Battle_of_Neretva_Picasso_poster-Conference-Living-in-the-aftermaths.webp?fit=564%2C954&ssl=1&resize=525%2C300 1.5x"},"classes":[]},{"id":52439,"url":"https:\/\/historiografija.hr\/?p=52439","url_meta":{"origin":20487,"position":3},"title":"Tribina &#8220;Ahmi\u0107i 33 godine kasnije: Ne u na\u0161e ime&#8221;","author":"Branimir Jankovi\u0107","date":"16. travnja 2026.","format":false,"excerpt":"U \u010detvrtak, 16. travnja 2026. u 17 sati u Knji\u017enici i \u010ditaonici Bogdana Ogrizovi\u0107a u Zagrebu odr\u017eat \u0107e se tribina pod nazivom Ahmi\u0107i 33 godine kasnije: Ne u na\u0161e ime. Na tribini \u0107e govoriti Ivica \u0110iki\u0107, novinar, Mubera Masli\u0107 \u2013 \u017ddralovi\u0107, aktivistikinja, prevoditeljica za arapski, Domagoj Fuk, student politologije, \u010dlan\u2026","rel":"","context":"U &quot;Novosti&quot;","block_context":{"text":"Novosti","link":"https:\/\/historiografija.hr\/?cat=3"},"img":{"alt_text":"","src":"https:\/\/i0.wp.com\/historiografija.hr\/wp-content\/uploads\/2026\/04\/Zagreb_2026.jpeg?fit=1200%2C900&ssl=1&resize=350%2C200","width":350,"height":200,"srcset":"https:\/\/i0.wp.com\/historiografija.hr\/wp-content\/uploads\/2026\/04\/Zagreb_2026.jpeg?fit=1200%2C900&ssl=1&resize=350%2C200 1x, https:\/\/i0.wp.com\/historiografija.hr\/wp-content\/uploads\/2026\/04\/Zagreb_2026.jpeg?fit=1200%2C900&ssl=1&resize=525%2C300 1.5x, https:\/\/i0.wp.com\/historiografija.hr\/wp-content\/uploads\/2026\/04\/Zagreb_2026.jpeg?fit=1200%2C900&ssl=1&resize=700%2C400 2x, https:\/\/i0.wp.com\/historiografija.hr\/wp-content\/uploads\/2026\/04\/Zagreb_2026.jpeg?fit=1200%2C900&ssl=1&resize=1050%2C600 3x"},"classes":[]},{"id":52660,"url":"https:\/\/historiografija.hr\/?p=52660","url_meta":{"origin":20487,"position":4},"title":"Medijski odjeci \u010dlanka Steve \u0110ura\u0161kovi\u0107a \u201e\u017dupanovljeva ne\u017eeljena djeca: ideolo\u0161ko pribli\u017eavanje neoliberala i kr\u0161\u0107anske radikalne desnice u Hrvatskoj\u201c","author":"Branimir Jankovi\u0107","date":"24. travnja 2026.","format":false,"excerpt":"U sklopu projekta \u201eIzazovi intelektualne povijesti: recepcije, preobrazbe i upotrebe politi\u010dkih ideja\u201c objavljen je polemi\u010dki \u010dlanak Steve \u0110ura\u0161kovi\u0107a \u201e\u017dupanovljeva ne\u017eeljena djeca: ideolo\u0161ko pribli\u017eavanje neoliberala i kr\u0161\u0107anske radikalne desnice u Hrvatskoj\u201c, koji je izazvao odre\u0111ene medijske reakcije. Stevo \u0110ura\u0161kovi\u0107 \u017dupanovljeva ne\u017eeljena djeca: ideolo\u0161ko pribli\u017eavanje neoliberala i kr\u0161\u0107anske radikalne desnice u Hrvatskoj\u2026","rel":"","context":"U &quot;Novosti&quot;","block_context":{"text":"Novosti","link":"https:\/\/historiografija.hr\/?cat=3"},"img":{"alt_text":"","src":"https:\/\/i0.wp.com\/historiografija.hr\/wp-content\/uploads\/2026\/04\/SD.png?fit=809%2C821&ssl=1&resize=350%2C200","width":350,"height":200,"srcset":"https:\/\/i0.wp.com\/historiografija.hr\/wp-content\/uploads\/2026\/04\/SD.png?fit=809%2C821&ssl=1&resize=350%2C200 1x, https:\/\/i0.wp.com\/historiografija.hr\/wp-content\/uploads\/2026\/04\/SD.png?fit=809%2C821&ssl=1&resize=525%2C300 1.5x, https:\/\/i0.wp.com\/historiografija.hr\/wp-content\/uploads\/2026\/04\/SD.png?fit=809%2C821&ssl=1&resize=700%2C400 2x"},"classes":[]},{"id":52559,"url":"https:\/\/historiografija.hr\/?p=52559","url_meta":{"origin":20487,"position":5},"title":"Dobitnici dr\u017eavne nagrade za znanost za 2024. godinu","author":"Branimir Jankovi\u0107","date":"20. travnja 2026.","format":false,"excerpt":"Na sjednici Odbora za podjelu dr\u017eavnih nagrada za znanost odr\u017eanoj 16. travnja 2026. godine donesena je Odluka o dodjeli dr\u017eavnih nagrada za znanost za 2024. godinu. Godi\u0161njom nagradom za popularizaciju i promid\u017ebu znanosti nagra\u0111eni su u podru\u010dju humanisti\u010dkih znanosti znanstveni suradnici dr. sc. Josip Mihaljevi\u0107 i dr. sc. Gordan Ravan\u010di\u0107,\u2026","rel":"","context":"U &quot;Novosti&quot;","block_context":{"text":"Novosti","link":"https:\/\/historiografija.hr\/?cat=3"},"img":{"alt_text":"","src":"https:\/\/i0.wp.com\/historiografija.hr\/wp-content\/uploads\/2021\/12\/povijesne-kontroverze.jpg?fit=1200%2C675&ssl=1&resize=350%2C200","width":350,"height":200,"srcset":"https:\/\/i0.wp.com\/historiografija.hr\/wp-content\/uploads\/2021\/12\/povijesne-kontroverze.jpg?fit=1200%2C675&ssl=1&resize=350%2C200 1x, https:\/\/i0.wp.com\/historiografija.hr\/wp-content\/uploads\/2021\/12\/povijesne-kontroverze.jpg?fit=1200%2C675&ssl=1&resize=525%2C300 1.5x, https:\/\/i0.wp.com\/historiografija.hr\/wp-content\/uploads\/2021\/12\/povijesne-kontroverze.jpg?fit=1200%2C675&ssl=1&resize=700%2C400 2x, https:\/\/i0.wp.com\/historiografija.hr\/wp-content\/uploads\/2021\/12\/povijesne-kontroverze.jpg?fit=1200%2C675&ssl=1&resize=1050%2C600 3x"},"classes":[]}],"_links":{"self":[{"href":"https:\/\/historiografija.hr\/index.php?rest_route=\/wp\/v2\/posts\/20487","targetHints":{"allow":["GET"]}}],"collection":[{"href":"https:\/\/historiografija.hr\/index.php?rest_route=\/wp\/v2\/posts"}],"about":[{"href":"https:\/\/historiografija.hr\/index.php?rest_route=\/wp\/v2\/types\/post"}],"author":[{"embeddable":true,"href":"https:\/\/historiografija.hr\/index.php?rest_route=\/wp\/v2\/users\/2"}],"replies":[{"embeddable":true,"href":"https:\/\/historiografija.hr\/index.php?rest_route=%2Fwp%2Fv2%2Fcomments&post=20487"}],"version-history":[{"count":4,"href":"https:\/\/historiografija.hr\/index.php?rest_route=\/wp\/v2\/posts\/20487\/revisions"}],"predecessor-version":[{"id":20492,"href":"https:\/\/historiografija.hr\/index.php?rest_route=\/wp\/v2\/posts\/20487\/revisions\/20492"}],"wp:featuredmedia":[{"embeddable":true,"href":"https:\/\/historiografija.hr\/index.php?rest_route=\/wp\/v2\/media\/20488"}],"wp:attachment":[{"href":"https:\/\/historiografija.hr\/index.php?rest_route=%2Fwp%2Fv2%2Fmedia&parent=20487"}],"wp:term":[{"taxonomy":"category","embeddable":true,"href":"https:\/\/historiografija.hr\/index.php?rest_route=%2Fwp%2Fv2%2Fcategories&post=20487"},{"taxonomy":"post_tag","embeddable":true,"href":"https:\/\/historiografija.hr\/index.php?rest_route=%2Fwp%2Fv2%2Ftags&post=20487"}],"curies":[{"name":"wp","href":"https:\/\/api.w.org\/{rel}","templated":true}]}}