{"id":2045,"date":"2013-03-21T23:00:05","date_gmt":"2013-03-21T23:00:05","guid":{"rendered":"http:\/\/historiografija.hr\/?p=2045"},"modified":"2013-03-21T23:00:05","modified_gmt":"2013-03-21T23:00:05","slug":"nenad-vekaric-komentar-pravilnika-o-znanstvenom-napredovanju-i-njegova-utjecaja-na-razvoj-humanistickih-znanosti-u-hrvatskoj","status":"publish","type":"post","link":"https:\/\/historiografija.hr\/?p=2045","title":{"rendered":"Nenad Vekari\u0107 &#8211; Komentar Pravilnika o znanstvenom napredovanju i njegova utjecaja na razvoj humanisti\u010dkih znanosti u Hrvatskoj"},"content":{"rendered":"<p><!--[if gte mso 9]><xml>  <w:WordDocument>   <w:View>Normal<\/w:View>   <w:Zoom>0<\/w:Zoom>   <w:HyphenationZone>21<\/w:HyphenationZone>   <w:PunctuationKerning\/>   <w:ValidateAgainstSchemas\/>   <w:SaveIfXMLInvalid>false<\/w:SaveIfXMLInvalid>   <w:IgnoreMixedContent>false<\/w:IgnoreMixedContent>   <w:AlwaysShowPlaceholderText>false<\/w:AlwaysShowPlaceholderText>   <w:Compatibility>    <w:BreakWrappedTables\/>    <w:SnapToGridInCell\/>    <w:WrapTextWithPunct\/>    <w:UseAsianBreakRules\/>    <w:DontGrowAutofit\/>   <\/w:Compatibility>   <w:BrowserLevel>MicrosoftInternetExplorer4<\/w:BrowserLevel>  <\/w:WordDocument> <\/xml><![endif]-->  <\/p>\n<p class=\"MsoNormal\" style=\"text-align:center\" align=\"center\"><b style=\"mso-bidi-font-weight: normal\"><span style=\"mso-ansi-language:PL\" lang=\"PL\">SADA\u0160NJOST I BUDU\u0106NOST HUMANISTI\u010cKIH ZNANOSTI <\/span><\/b><\/p>\n<p class=\"MsoNormal\" style=\"text-align:center\" align=\"center\"><b style=\"mso-bidi-font-weight: normal\"><span style=\"mso-ansi-language:PL\" lang=\"PL\">U HRVATSKOM DRU\u0160TVU<\/span><\/b><span style=\"mso-ansi-language:PL\" lang=\"PL\"><\/span><\/p>\n<p class=\"MsoNormal\" style=\"text-align:center\" align=\"center\"><span style=\"mso-ansi-language:PL\" lang=\"PL\">&nbsp;Tribina, Zlatna dvorana Hrvatskog instituta za povijest, Zagreb, 21. o\u017eujka 2013.<\/span><\/p>\n<p class=\"MsoNormal\" style=\"text-align:center\" align=\"center\"><span style=\"mso-ansi-language:PL\" lang=\"PL\">&nbsp;<\/span><\/p>\n<p class=\"MsoNormal\" style=\"text-align:center\" align=\"center\"><span style=\"mso-ansi-language:PL\" lang=\"PL\">KOMENTAR PRAVILNIKA O ZNANSTVENOM NAPREDOVANJU I NJEGOVA UTJECAJA NA RAZVOJ HUMANISTI\u010cKIH ZNANOSTI U HRVATSKOJ<\/span><\/p>\n<p class=\"MsoNormal\"><span style=\"mso-ansi-language:PL\" lang=\"PL\">&nbsp;<\/span><\/p>\n<p class=\"MsoNormal\"><span style=\"mso-ansi-language:PL\" lang=\"PL\"><span style=\"mso-tab-count:1\">&nbsp;&nbsp;&nbsp;&nbsp;&nbsp;&nbsp;&nbsp;&nbsp;&nbsp;&nbsp;&nbsp; <\/span>Po\u0161tovane dame i gospodo,<\/span><\/p>\n<p class=\"MsoNormal\" style=\"text-align:justify\"><span style=\"mso-ansi-language: PL\" lang=\"PL\">&nbsp;&nbsp;<span style=\"mso-tab-count:1\"> &nbsp;&nbsp; <\/span>Pravilnik o znanstvenom napredovanju, govorim isklju\u010divo iz perspektive humanisti\u010dkih znanosti, dokument je koji ne\u0107e pridonijeti onome \u0161to je opravdani cilj tog dokumenta, a to je da se podigne kvaliteta humanisti\u010dkih znanosti, sprije\u010di inflacija znanstvenih zvanja i postigne me\u0111unarodna vidljivost hrvatskih znanstvenika u humanisti\u010dkim znanostima. Naprotiv, mislim da \u0107e taj dokument nanijeti veliku \u0161tetu i to bih poku\u0161ao argumentirati. Osnovne slabosti Pravilnika po mom sudu su sljede\u0107e:<\/span><\/p>\n<p class=\"MsoNormal\" style=\"text-align:justify\"><span style=\"mso-ansi-language: PL\" lang=\"PL\">&nbsp;<\/span><\/p>\n<p class=\"MsoNormal\" style=\"text-align:justify\"><span style=\"mso-ansi-language: PL\" lang=\"PL\"><span style=\"mso-tab-count:1\">&nbsp;&nbsp;&nbsp;&nbsp;&nbsp;&nbsp;&nbsp;&nbsp;&nbsp;&nbsp;&nbsp; <\/span>1) <b style=\"mso-bidi-font-weight: normal\">Pravilnik je koncepcijski gledano proma\u0161en<\/b>. Umjesto da <b style=\"mso-bidi-font-weight:normal\">integrira<\/b> hrvatsku humanisti\u010dku znanost u europski prostor on je <b style=\"mso-bidi-font-weight:normal\">izdvaja<\/b> od europskog prostora. I zbog toga \u0107e donijeti nesagledivu \u0161tetu i to ne toliko znanstvenicima koji trebaju napredovati &#8211; jer kvantitativne norme uop\u0107e nisu visoke i lako \u0107e se izigrati &#8211; nego prvenstveno hrvatskoj znanstvenoj produkciji i hrvatskoj humanisti\u010dkoj znanosti uop\u0107e. Umjesto da promocijom hrvatskih institucija i hrvatskih izdava\u010da u europskom prostoru pomogne da one stanu na \u201ceuropske\u201d noge, izbore se za svoju presti\u017enost i budu ravnopravne s europskim institucijama i izdava\u010dima &#8211; i tim putem onda u\u010dini vidljivijim i na\u0161u humanisti\u010dku znanost u me\u0111unarodnim okvirima &#8211; ovaj ih Pravilnik do te mjere obezvrje\u0111uje da ih dr\u017ei potpuno irelevantnim za znanstveno napredovanje. HAZU je, primjerice, u svojih 150 godina postojanja izdala na desetke tisu\u0107a relevantnih znanstvenih radova iz podru\u010dja humanisti\u010dkih znanosti. Broj izdanih svezaka je toliki da bi se samo s njima mogla osnovati posebna knji\u017enica. Mno\u0161tvo kapitalnih djela. No, one nisu respektabilan izdava\u010d po ovom Pravilniku. Dakako, ne samo HAZU nego i neke druge znanstvene institucije u Hrvatskoj. <\/span><\/p>\n<p class=\"MsoNormal\" style=\"text-align:justify;tab-stops:0cm 35.4pt 70.8pt 106.2pt 141.6pt 177.0pt 212.4pt 247.8pt 283.2pt 318.6pt 354.0pt 389.4pt 424.8pt 460.2pt\"><span style=\"mso-ansi-language:PL\" lang=\"PL\"><span style=\"mso-tab-count:1\">&nbsp;&nbsp;&nbsp;&nbsp;&nbsp;&nbsp;&nbsp;&nbsp;&nbsp;&nbsp;&nbsp; <\/span>\u0160to \u0107e se dogoditi? Gasit \u0107e se hrvatski \u010dasopisi s vi\u0161edesetljetnom tradicijom i velikim doprinosom razvoju humanisti\u010dkih <span style=\"background:white; mso-highlight:white\">znanosti &#8211; osim 3 po polju koji \u0107e ste\u0107i monopol. U nekim je znanstvenim poljima dovoljan i jedan \u010dasopis, u nekim poljima Hrvatskoj nije potreban nijedan &#8211; ali u povijesnim znanostima ili u znanosti o jeziku 3 \u010dasopisa &#8211; pa to je ridikulozno! U Hrvatskoj vrlo redovito izlazi prili\u010dan broj vrlo kvalitetnih povijesnih \u010dasopisa, od kojih je svaki okrenut drugom segmentu discipline, koji redovito izlaze u \u201cpapirnatome mediju\u201d i \u010desto su posje\u0107ivani na portalu \u201cHr\u010dak\u201d. Treba li ih eutanazirati?<\/span><\/span><\/p>\n<p class=\"MsoNormal\" style=\"text-align:justify;tab-stops:0cm 35.4pt 70.8pt 106.2pt 141.6pt 177.0pt 212.4pt 247.8pt 283.2pt 318.6pt 354.0pt 389.4pt 424.8pt 460.2pt\"><span style=\"mso-ansi-language:PL\" lang=\"PL\">&nbsp;<\/span><\/p>\n<p class=\"MsoNormal\" style=\"text-align:justify;tab-stops:0cm 35.4pt 70.8pt 106.2pt 141.6pt 177.0pt 212.4pt 247.8pt 283.2pt 318.6pt 354.0pt 389.4pt 424.8pt 460.2pt\"><span style=\"mso-ansi-language:PL\" lang=\"PL\"><span style=\"mso-tab-count:1\">&nbsp;&nbsp;&nbsp;&nbsp;&nbsp;&nbsp;&nbsp;&nbsp;&nbsp;&nbsp;&nbsp; <\/span>2) <b style=\"mso-bidi-font-weight:normal\">Potpuni debalans kriterija za znanstveno vrednovanje<\/b>. <\/span><\/p>\n<p class=\"MsoNormal\" style=\"text-align:justify;tab-stops:0cm 35.4pt 70.8pt 106.2pt 141.6pt 177.0pt 212.4pt 247.8pt 283.2pt 318.6pt 354.0pt 389.4pt 424.8pt 460.2pt\"><span style=\"mso-ansi-language:PL\" lang=\"PL\"><span style=\"mso-tab-count:1\">&nbsp;&nbsp;&nbsp;&nbsp;&nbsp;&nbsp;&nbsp;&nbsp;&nbsp;&nbsp;&nbsp; <\/span>Smatram da ne\u010diji znanstveni u\u010dinak treba sagledavati i mjeriti iz nekoliko kutova:<\/span><\/p>\n<p class=\"MsoNormal\" style=\"text-align:justify;tab-stops:0cm 35.4pt 70.8pt 106.2pt 141.6pt 177.0pt 212.4pt 247.8pt 283.2pt 318.6pt 354.0pt 389.4pt 424.8pt 460.2pt\"><span style=\"mso-ansi-language:PL\" lang=\"PL\"><span style=\"mso-tab-count:1\">&nbsp;&nbsp;&nbsp;&nbsp;&nbsp;&nbsp;&nbsp;&nbsp;&nbsp;&nbsp;&nbsp; <\/span>a) kvaliteta ne\u010dijeg znanstvenog u\u010dinka &#8211; po meni prvi i najva\u017eniji kriterij, <\/span><\/p>\n<p class=\"MsoNormal\" style=\"text-align:justify;tab-stops:0cm 35.4pt 70.8pt 106.2pt 141.6pt 177.0pt 212.4pt 247.8pt 283.2pt 318.6pt 354.0pt 389.4pt 424.8pt 460.2pt\"><span style=\"mso-ansi-language:PL\" lang=\"PL\"><span style=\"mso-tab-count:1\">&nbsp;&nbsp;&nbsp;&nbsp;&nbsp;&nbsp;&nbsp;&nbsp;&nbsp;&nbsp;&nbsp; <\/span>b) kvantiteta &#8211; ne mislim da se znanost dobro mo\u017ee mjeriti metrima &#8211; ali nije svejedno ho\u0107ete li napisati samo jedan rad u nekoliko godina ili \u0107e va\u0161a produkcija biti plodna<\/span><\/p>\n<p class=\"MsoNormal\" style=\"text-align:justify;tab-stops:0cm 35.4pt 70.8pt 106.2pt 141.6pt 177.0pt 212.4pt 247.8pt 283.2pt 318.6pt 354.0pt 389.4pt 424.8pt 460.2pt\"><span style=\"mso-ansi-language:PL\" lang=\"PL\"><span style=\"mso-tab-count:1\">&nbsp;&nbsp;&nbsp;&nbsp;&nbsp;&nbsp;&nbsp;&nbsp;&nbsp;&nbsp;&nbsp; <\/span>c) vidljivost u vlastitoj znanstvenoj sredini &#8211; kriterij koji je u humanisti\u010dkim znanostima mo\u017eda va\u017eniji nego u bilo kojem drugom podru\u010dju znanosti<\/span><\/p>\n<p class=\"MsoNormal\" style=\"text-align:justify;tab-stops:0cm 35.4pt 70.8pt 106.2pt 141.6pt 177.0pt 212.4pt 247.8pt 283.2pt 318.6pt 354.0pt 389.4pt 424.8pt 460.2pt\"><span style=\"mso-ansi-language:PL\" lang=\"PL\"><span style=\"mso-tab-count:1\">&nbsp;&nbsp;&nbsp;&nbsp;&nbsp;&nbsp;&nbsp;&nbsp;&nbsp;&nbsp;&nbsp; <\/span>d) me\u0111unarodna vidljivost &#8211; kriterij koji je samorazumljiv i kojemu uvijek treba te\u017eiti<\/span><\/p>\n<p class=\"MsoNormal\" style=\"text-align:justify;tab-stops:0cm 35.4pt 70.8pt 106.2pt 141.6pt 177.0pt 212.4pt 247.8pt 283.2pt 318.6pt 354.0pt 389.4pt 424.8pt 460.2pt\"><span style=\"mso-ansi-language:PL\" lang=\"PL\"><span style=\"mso-tab-count:1\">&nbsp;&nbsp;&nbsp;&nbsp;&nbsp;&nbsp;&nbsp;&nbsp;&nbsp;&nbsp;&nbsp; <\/span>Prvi, najva\u017eniji kriterij &#8211; <b style=\"mso-bidi-font-weight:normal\">kvalitetu<\/b> &#8211; ovaj je Pravilnik potpuno ignorirao. Nema ama ba\u0161 nijednog elementa vrednovanja kvalitete ne\u010dijeg znanstvenog u\u010dinka.<\/span><\/p>\n<p class=\"MsoNormal\" style=\"text-align:justify;tab-stops:0cm 35.4pt 70.8pt 106.2pt 141.6pt 177.0pt 212.4pt 247.8pt 283.2pt 318.6pt 354.0pt 389.4pt 424.8pt 460.2pt\"><span style=\"mso-ansi-language:PL\" lang=\"PL\"><span style=\"mso-tab-count:1\">&nbsp;&nbsp;&nbsp;&nbsp;&nbsp;&nbsp;&nbsp;&nbsp;&nbsp;&nbsp;&nbsp; <\/span>Drugi kriterij, <b style=\"mso-bidi-font-weight:normal\">kvantitetu<\/b>, Pravilnik je tako\u0111er zanemario. Prema ovom Pravilniku znanstveni savjetnik mo\u017eete postati s ukupno 12 \u010dlanaka &#8211; samo ako \u010dlanke objavite na \u201cpravom\u201d mjestu! Sa stotinjak stranica mo\u017eete izgraditi cijelu znanstvenu karijeru. U matematici ili fizici to mo\u017ee biti jako puno, ali u ve\u0107ini humanisti\u010dkih disciplina, koje zbog prirode predmeta istra\u017eivanja i prirode izri\u010daja &#8211; to je ipak neznatna koli\u010dina.<\/span><\/p>\n<p class=\"MsoNormal\" style=\"text-align:justify;tab-stops:0cm 35.4pt 70.8pt 106.2pt 141.6pt 177.0pt 212.4pt 247.8pt 283.2pt 318.6pt 354.0pt 389.4pt 424.8pt 460.2pt\"><span style=\"mso-ansi-language:PL\" lang=\"PL\"><span style=\"mso-tab-count:1\">&nbsp;&nbsp;&nbsp;&nbsp;&nbsp;&nbsp;&nbsp;&nbsp;&nbsp;&nbsp;&nbsp; <\/span>Tre\u0107i kriterij &#8211; <b style=\"mso-bidi-font-weight:normal\">vidljivost u vlastitoj sredini<\/b> &#8211; u ovome Pravilniku uop\u0107e ne postoji. Nijedan hrvatski izdava\u010d ne smatra se \u201crespektabilnim\u201d izdava\u010dem. Slijedite li ovaj Pravilnik, ako \u017eelite napredovati &#8211; najbolje je da prestanete pisati na hrvatskom jeziku i objavljivati u hrvatskim \u010dasopisima. Logika je, gospodo, vrlo jednostavna &#8211; ako \u0107u u Berlinu dobiti 3 EURA za kilo krumpira, a u Zagrebu 1 EURO (to su omjeri ovog Pravilnika) &#8211; idem u Berlin! A u sljede\u0107em koraku ne\u0107u vi\u0161e ni saditi ovdje &#8211; jer \u0107e mi biti jeftinije da to \u010dinim u okolici Berlina.<\/span><\/p>\n<p class=\"MsoNormal\" style=\"text-align:justify;tab-stops:0cm 35.4pt 70.8pt 106.2pt 141.6pt 177.0pt 212.4pt 247.8pt 283.2pt 318.6pt 354.0pt 389.4pt 424.8pt 460.2pt\"><span style=\"mso-ansi-language:PL\" lang=\"PL\"><span style=\"mso-tab-count:1\">&nbsp;&nbsp;&nbsp;&nbsp;&nbsp;&nbsp;&nbsp;&nbsp;&nbsp;&nbsp;&nbsp; <\/span>\u010cetvrti kriterij &#8211; <b style=\"mso-bidi-font-weight:normal\">vidljivost na me\u0111unarodnoj sceni<\/b> &#8211; stavljen je na pijedestal. Ako se rad objavi vani, bez obzira na vrijednost onoga \u0161to je u njemu napisano, dovoljno je da se \u201cpogodi\u201d \u010dasopis s neke \u201cliste\u201d &#8211; i eto od Vas velikog znanstvenika.<\/span><\/p>\n<p class=\"MsoNormal\" style=\"text-align:justify;tab-stops:0cm 35.4pt 70.8pt 106.2pt 141.6pt 177.0pt 212.4pt 247.8pt 283.2pt 318.6pt 354.0pt 389.4pt 424.8pt 460.2pt\"><span style=\"mso-ansi-language:PL\" lang=\"PL\">&nbsp;<\/span><\/p>\n<p class=\"MsoNormal\" style=\"text-align:justify;tab-stops:0cm 35.4pt 70.8pt 106.2pt 141.6pt 177.0pt 212.4pt 247.8pt 283.2pt 318.6pt 354.0pt 389.4pt 424.8pt 460.2pt\"><span style=\"mso-ansi-language:PL\" lang=\"PL\"><span style=\"mso-tab-count:1\">&nbsp;&nbsp;&nbsp;&nbsp;&nbsp;&nbsp;&nbsp;&nbsp;&nbsp;&nbsp;&nbsp; <\/span>3) <b style=\"mso-bidi-font-weight:normal\"><span style=\"background:white; mso-highlight:white\">Jednostranost kriterija za znanstveno vrednovanje<\/span><\/b><span style=\"background:white;mso-highlight:white\"> <b style=\"mso-bidi-font-weight: normal\">pru\u017ea mogu\u0107nost da se Pravilnik na vrlo jednostavan na\u010din izigra<\/b>. Gospodo, ako smo u ne\u010demu talentirani onda smo u tome kako izigrati zakon. \u0160to nije ni \u010dudo &#8211; jer smo stalno izlo\u017eeni zakonskim improvizacijama koji se rade u laboratorijima ne po\u0161tuju\u0107i stvarni \u017eivot, a ne promi\u0161ljenim rje\u0161enjima koja sagledavaju stvarni \u017eivot. \u0160to \u0107e se dogoditi? U prve dvije godine zaustavit \u0107e se logi\u010dno napredovanje onih <\/span>koji su to zaslu\u017eili, a nakon samo dvije godine imat \u0107emo inflaciju znanstvenih radova sumnjive kvalitete objavljenih u CC i drugim \u010dasopisima &#8211; sna\u0107i \u0107e se humanisti, nisu budale. <span style=\"background:white;mso-highlight:white\">No<\/span>, \u0161to \u0107e se dogoditi primjerice u povijesnoj znanosti? U toj borbi za znanstveno pre\u017eivljavanje mladi \u0107e se znanstvenici okrenuti trenutno modernim, pomodnim <span style=\"background:white;mso-highlight:white\">temama kojima \u0107e lak\u0161e osigurati mjesto u nekom stranom \u010dasopisu, a zapostaviti \u0107e fundamentalna povijesna istra\u017eivanja koja su tematski manje atraktivna, a tra\u017ee dugotrajni arhivski rad i koja zapravo jedina mogu donijeti bitne interpretativne pomake. Ve\u0107 sad imamo problem s istra\u017eivanjem srednjovjekovne povijesti<\/span><\/span><span style=\"background:white;mso-highlight:white;mso-ansi-language:NL\" lang=\"NL\"> kod koje je potrebna velika \u201cinvesticija\u201d u rad na izvorima<\/span><span style=\"mso-ansi-language:PL\" lang=\"PL\">. S ovim Pravilnikom mislim da na srednjovjekovnu povijest mo\u017eemo zaboraviti. Vjerojatno ste imali prilike vidjeti kakvu su me\u0111unarodnu vidljivost dobile ma\u010dje \u0161ape iz 14. stolje\u0107a prona\u0111ene u jednoj arhivskoj knjizi Dubrova\u010dkoga arhiva. Preko milijun klikova. Dospjeli su na japanski dnevnik. Prona\u0111e li se jo\u0161 i izmet mi\u0161a iz 14. stolje\u0107a, kad je ugledao tu macu, pri\u010da \u0107e biti zaokru\u017eena. Duhoviti znanstvenik Emir Filipovi\u0107, koji je prona\u0161ao trag te ma\u010dje \u0161ape, rekao je negdje na facebooku &#8211; ja eto postao poznat po \u0161api, a za doktorat \u0161to bude. Upravo to \u0107e nam se dogoditi s ovim Pravilnikom &#8211; \u201csindrom ma\u010dje \u0161ape\u201d. Nastat \u0107e \u0161etnja po Europi. Meni svake godine iz tranzicijskih zemalja u Institut dolazi 5-6 mladih znanstvenika kojima je birokracija propisala boravke u institutima i sveu\u010dili\u0161tima u inozemstvu, a zapravo se turisti\u010dki provode u Dubrovniku. To \u0107e nam se dogoditi.<\/span><\/p>\n<p class=\"MsoNormal\" style=\"text-align:justify;tab-stops:0cm 35.4pt 70.8pt 106.2pt 141.6pt 177.0pt 212.4pt 247.8pt 283.2pt 318.6pt 354.0pt 389.4pt 424.8pt 460.2pt\"><span style=\"mso-ansi-language:PL\" lang=\"PL\">&nbsp;<\/span><\/p>\n<p class=\"MsoNormal\" style=\"text-align:justify;tab-stops:0cm 35.4pt 70.8pt 106.2pt 141.6pt 177.0pt 212.4pt 247.8pt 283.2pt 318.6pt 354.0pt 389.4pt 424.8pt 460.2pt\"><span style=\"mso-ansi-language:PL\" lang=\"PL\"><span style=\"mso-tab-count:1\">&nbsp;&nbsp;&nbsp;&nbsp;&nbsp;&nbsp;&nbsp;&nbsp;&nbsp;&nbsp;&nbsp; <\/span>4) <b style=\"mso-bidi-font-weight:normal\">Pravilnik je potpuno izvan vremena i prostora i u potpunom neskladu s uvjetima u kojima djeluju hrvatski znanstvenici iz podru\u010dja humanisti\u010dkih znanosti<\/b>. Jer, postavljati tako visoko kriterij \u201cme\u0111unarodnosti\u201d, a da pritom potpora Ministarstva za znanstvene projekte po istra\u017eiva\u010du iznosi manje od mjese\u010dne pretplate za gradski prijevoz, gdje nema nikakve potpore za prijevode ili lekturu radova na stranim jezicima, koji su zbog prirode znanstvenih radova u humanisti\u010dkim znanostima vrlo zahtjevni, zahtjevaju vrhunske prevodioce, koji su opsegom obimni i skupi. Gdje uspostavljeni \u010dasopisi na engleskom jeziku ne dobivaju nikakvu potporu Ministarstva s obrazlo\u017eenjem koje je van zdravog razuma. Ovaj je Pravilnik potpuno izvan vremena i prostora i u potpunom neskladu s uvjetima u kojima djeluju hrvatski znanstvenici iz podru\u010dja humanisti\u010dkih znanosti. Kao da se onaj jure\u0107i vlak koji ide 400 km na sat stavi na na\u0161e tra\u010dnice. Rezultat jedino mo\u017ee biti nesre\u0107a.<\/span><\/p>\n<p class=\"MsoNormal\" style=\"text-align:justify;tab-stops:0cm 35.4pt 70.8pt 106.2pt 141.6pt 177.0pt 212.4pt 247.8pt 283.2pt 318.6pt 354.0pt 389.4pt 424.8pt 460.2pt\"><span style=\"mso-ansi-language:PL\" lang=\"PL\">&nbsp;<\/span><\/p>\n<p class=\"MsoNormal\" style=\"text-align:justify;tab-stops:0cm 35.4pt 70.8pt 106.2pt 141.6pt 177.0pt 212.4pt 247.8pt 283.2pt 318.6pt 354.0pt 389.4pt 424.8pt 460.2pt\"><span style=\"mso-ansi-language:PL\" lang=\"PL\"><span style=\"mso-tab-count:1\">&nbsp;&nbsp;&nbsp;&nbsp;&nbsp;&nbsp;&nbsp;&nbsp;&nbsp;&nbsp;&nbsp; <\/span>Ciljevi &#8211; opravdani ciljevi koji se \u017eele posti\u0107i, ne\u0107e se posti\u0107i restriktivnim Pravilnicima. Ti ciljevi mogu se posti\u0107i jedino stimulativnim mjerama:<\/span><\/p>\n<p class=\"MsoNormal\" style=\"text-align:justify;tab-stops:0cm 35.4pt 70.8pt 106.2pt 141.6pt 177.0pt 212.4pt 247.8pt 283.2pt 318.6pt 354.0pt 389.4pt 424.8pt 460.2pt\"><span style=\"mso-ansi-language:PL\" lang=\"PL\"><span style=\"mso-tab-count:1\">&nbsp;&nbsp;&nbsp;&nbsp;&nbsp;&nbsp;&nbsp;&nbsp;&nbsp;&nbsp;&nbsp; <\/span>1) Potporom ja\u010danju na\u0161ih institucija &#8211; pa i kroz ovaj Pravilnik<\/span><\/p>\n<p class=\"MsoNormal\" style=\"text-align:justify;tab-stops:0cm 35.4pt 70.8pt 106.2pt 141.6pt 177.0pt 212.4pt 247.8pt 283.2pt 318.6pt 354.0pt 389.4pt 424.8pt 460.2pt\"><span style=\"mso-ansi-language:PL\" lang=\"PL\"><span style=\"mso-tab-count:1\">&nbsp;&nbsp;&nbsp;&nbsp;&nbsp;&nbsp;&nbsp;&nbsp;&nbsp;&nbsp;&nbsp; <\/span>2) Potporom ja\u010danju na\u0161ih \u010dasopisa &#8211; pa i kroz ovaj Pravilnik<\/span><\/p>\n<p class=\"MsoNormal\" style=\"text-align:justify;tab-stops:0cm 35.4pt 70.8pt 106.2pt 141.6pt 177.0pt 212.4pt 247.8pt 283.2pt 318.6pt 354.0pt 389.4pt 424.8pt 460.2pt\"><span style=\"mso-ansi-language:PL\" lang=\"PL\"><span style=\"mso-tab-count:1\">&nbsp;&nbsp;&nbsp;&nbsp;&nbsp;&nbsp;&nbsp;&nbsp;&nbsp;&nbsp;&nbsp; <\/span>3) Potporom prijevoda<\/span><\/p>\n<p class=\"MsoNormal\" style=\"text-align:justify;tab-stops:0cm 35.4pt 70.8pt 106.2pt 141.6pt 177.0pt 212.4pt 247.8pt 283.2pt 318.6pt 354.0pt 389.4pt 424.8pt 460.2pt\"><span style=\"mso-ansi-language:PL\" lang=\"PL\"><span style=\"mso-tab-count:1\">&nbsp;&nbsp;&nbsp;&nbsp;&nbsp;&nbsp;&nbsp;&nbsp;&nbsp;&nbsp;&nbsp; <\/span>4) Uspostavljanjem slu\u017ebe (mo\u017eda u krilu NSB) koja \u0107e se brinuti da na\u0161i \u010dasopisi budu \u0161to bolje podastrti vani (a ne da svako uredni\u0161tvo mora otkrivati na\u010dine, time se baviti i tro\u0161iti silnu energiju). Jedan izvrstan potez Ministarstva znanosti bio je uspostavljanje baze \u201chr\u010dak\u201d koja je bitno pridonijela vidljivosti na\u0161ih \u010dasopisa &#8211; takve poteze treba vu\u0107i Ministarstvo znanosti.<\/span><\/p>\n<p class=\"MsoNormal\" style=\"text-align:justify;tab-stops:0cm 35.4pt 70.8pt 106.2pt 141.6pt 177.0pt 212.4pt 247.8pt 283.2pt 318.6pt 354.0pt 389.4pt 424.8pt 460.2pt\"><span style=\"mso-ansi-language:PL\" lang=\"PL\"><span style=\"mso-tab-count:1\">&nbsp;&nbsp;&nbsp;&nbsp;&nbsp;&nbsp;&nbsp;&nbsp;&nbsp;&nbsp;&nbsp; <\/span>5) Sna\u017enijom potporom sudjelovanja na me\u0111unarodnim konferencijama i potporom organizacijama me\u0111unarodnih konferencija u Hrvatskoj<\/span><\/p>\n<p class=\"MsoNormal\" style=\"text-align:justify;tab-stops:0cm 35.4pt 70.8pt 106.2pt 141.6pt 177.0pt 212.4pt 247.8pt 283.2pt 318.6pt 354.0pt 389.4pt 424.8pt 460.2pt\"><span style=\"mso-ansi-language:PL\" lang=\"PL\">&nbsp;<\/span><\/p>\n<p class=\"MsoNormal\" style=\"text-align:justify;tab-stops:0cm 35.4pt 70.8pt 106.2pt 141.6pt 177.0pt 212.4pt 247.8pt 283.2pt 318.6pt 354.0pt 389.4pt 424.8pt 460.2pt\"><span style=\"mso-ansi-language:PL\" lang=\"PL\"><span style=\"mso-tab-count:1\">&nbsp;&nbsp;&nbsp;&nbsp;&nbsp;&nbsp;&nbsp;&nbsp;&nbsp;&nbsp;&nbsp; <\/span>Takvim potezima mi \u0107emo ostvariti cilj. Postat \u0107emo me\u0111unarodno vidljivi, a da pritom nismo uni\u0161tili vlastitu supstancu. Na na\u010din ovog Pravilnika &#8211; mi \u0107emo kratkoro\u010dno mo\u017eda postati me\u0111unarodno vidljiviji, ali \u0107emo se dugoro\u010dno izgubiti jer \u0107emo uni\u0161titi vlastitu supstancu. <\/span><\/p>\n<p class=\"MsoNormal\" style=\"text-align:justify;tab-stops:0cm 35.4pt 70.8pt 106.2pt 141.6pt 177.0pt 212.4pt 247.8pt 283.2pt 318.6pt 354.0pt 389.4pt 424.8pt 460.2pt\"><span style=\"mso-ansi-language:PL\" lang=\"PL\"><span style=\"mso-tab-count:1\">&nbsp;&nbsp;&nbsp;&nbsp;&nbsp;&nbsp;&nbsp;&nbsp;&nbsp;&nbsp;&nbsp; <\/span>Ovaj Pravilnik je, kazao bih, jedan takti\u010dki poku\u0161aj da se sprije\u010di inflacija znanstvenih zvanja u humanisti\u010dkim znanostima &#8211; s \u010dime bih se u potpunosti slo\u017eio &#8211; jer, nemojmo kritikom Pravilnika zaboraviti na probleme koje u humanisti\u010dkoj znanosti imamo, a jedan od problema jest i taj &#8211; i mi se s tim problemom trebamo suo\u010davati. No, na drugi na\u010din &#8211; ne na taj na\u010din da taj opravdani takti\u010dki cilj bude suprotan strate\u0161kim ciljevima humanisti\u010dkih znanosti u Hrvatskoj. Ovaj Pravilnik je \u201cnapao\u201d strate\u0161ke ciljeve humanisti\u010dkih znanosti u Hrvatskoj, a ne neproduktivne znanstvenike &#8211; i to je moj osnovni prigovor ovom Pravilniku. <\/span><\/p>\n<p class=\"MsoNormal\" style=\"text-align:justify;tab-stops:0cm 35.4pt 70.8pt 106.2pt 141.6pt 177.0pt 212.4pt 247.8pt 283.2pt 318.6pt 354.0pt 389.4pt 424.8pt 460.2pt\"><span style=\"mso-ansi-language:PL\" lang=\"PL\">&nbsp;<\/span><\/p>\n<p class=\"MsoNormal\" style=\"text-align:justify;tab-stops:0cm 35.4pt 70.8pt 106.2pt 141.6pt 177.0pt 212.4pt 247.8pt 283.2pt 318.6pt 354.0pt 389.4pt 424.8pt 460.2pt\"><span style=\"mso-ansi-language:PL\" lang=\"PL\"><span style=\"mso-tab-count:1\">&nbsp;&nbsp;&nbsp;&nbsp;&nbsp;&nbsp;&nbsp;&nbsp;&nbsp;&nbsp;&nbsp; <\/span>I zbog toga apeliram i na Nacionalno vije\u0107e za znanost i na Ministarstvo znanosti da uva\u017ei argumente koji dolaze iz redova znanstvenika humanisti\u010dkih znanosti i da promijeni Pravilnik bar kad su humanisti\u010dke znanosti u pitanju &#8211; jer cilj nam je isti &#8211; podizanje kvalitete posla s kojim se bavimo.<\/span><\/p>\n<p class=\"MsoNormal\" style=\"text-align:justify;tab-stops:0cm 35.4pt 70.8pt 106.2pt 141.6pt 177.0pt 212.4pt 247.8pt 283.2pt 318.6pt 354.0pt 389.4pt 424.8pt 460.2pt\"><span style=\"mso-ansi-language:PL\" lang=\"PL\">&nbsp;<\/span><\/p>\n<p class=\"MsoNormal\" style=\"text-align:right;tab-stops:0cm 35.4pt 70.8pt 106.2pt 141.6pt 177.0pt 212.4pt 247.8pt 283.2pt 318.6pt 354.0pt 389.4pt 424.8pt 460.2pt\" align=\"right\"><span style=\"mso-ansi-language:PL\" lang=\"PL\"><span style=\"mso-tab-count:9\">&nbsp;&nbsp;&nbsp;&nbsp;&nbsp;&nbsp;&nbsp;&nbsp;&nbsp;&nbsp;&nbsp;&nbsp;&nbsp;&nbsp;&nbsp;&nbsp;&nbsp;&nbsp;&nbsp;&nbsp;&nbsp;&nbsp;&nbsp;&nbsp;&nbsp;&nbsp;&nbsp;&nbsp;&nbsp;&nbsp;&nbsp;&nbsp;&nbsp;&nbsp;&nbsp;&nbsp;&nbsp;&nbsp;&nbsp;&nbsp;&nbsp;&nbsp;&nbsp;&nbsp;&nbsp;&nbsp;&nbsp;&nbsp;&nbsp;&nbsp;&nbsp;&nbsp;&nbsp;&nbsp;&nbsp;&nbsp;&nbsp;&nbsp;&nbsp;&nbsp;&nbsp;&nbsp;&nbsp;&nbsp;&nbsp;&nbsp;&nbsp;&nbsp;&nbsp;&nbsp;&nbsp;&nbsp;&nbsp;&nbsp;&nbsp;&nbsp;&nbsp;&nbsp;&nbsp;&nbsp;&nbsp;&nbsp;&nbsp;&nbsp;&nbsp;&nbsp;&nbsp;&nbsp;&nbsp;&nbsp;&nbsp;&nbsp;&nbsp;&nbsp;&nbsp;&nbsp;&nbsp;&nbsp;&nbsp;&nbsp;&nbsp;&nbsp;&nbsp;&nbsp;&nbsp; <\/span><\/span><span lang=\"EN-US\">Nenad Vekari\u0107<\/span><\/p>\n<p>  <!--[if gte mso 9]><xml>  <w:LatentStyles DefLockedState=\"false\" LatentStyleCount=\"156\">  <\/w:LatentStyles> <\/xml><![endif]--><!--[if gte mso 10]> \n\n<style>  \/* Style Definitions *\/  table.MsoNormalTable \t{mso-style-name:\"Table Normal\"; \tmso-tstyle-rowband-size:0; \tmso-tstyle-colband-size:0; \tmso-style-noshow:yes; \tmso-style-parent:\"\"; \tmso-padding-alt:0cm 5.4pt 0cm 5.4pt; \tmso-para-margin:0cm; \tmso-para-margin-bottom:.0001pt; \tmso-pagination:widow-orphan; \tfont-size:10.0pt; \tfont-family:\"Times New Roman\"; \tmso-ansi-language:#0400; \tmso-fareast-language:#0400; \tmso-bidi-language:#0400;} <\/style>\n\n <![endif]--><\/p>\n","protected":false},"excerpt":{"rendered":"","protected":false},"author":1,"featured_media":0,"comment_status":"open","ping_status":"open","sticky":false,"template":"","format":"standard","meta":{"_acf_changed":false,"jetpack_post_was_ever_published":false,"_jetpack_newsletter_access":"","_jetpack_dont_email_post_to_subs":false,"_jetpack_newsletter_tier_id":0,"_jetpack_memberships_contains_paywalled_content":false,"_jetpack_memberships_contains_paid_content":false,"footnotes":"","jetpack_publicize_message":"","jetpack_publicize_feature_enabled":true,"jetpack_social_post_already_shared":false,"jetpack_social_options":{"image_generator_settings":{"template":"highway","default_image_id":0,"font":"","enabled":false},"version":2}},"categories":[4],"tags":[],"class_list":["post-2045","post","type-post","status-publish","format-standard","hentry","category-osvrti"],"acf":{"facebook_opis":""},"jetpack_publicize_connections":[],"jetpack_featured_media_url":"","jetpack_sharing_enabled":true,"jetpack-related-posts":[{"id":52559,"url":"https:\/\/historiografija.hr\/?p=52559","url_meta":{"origin":2045,"position":0},"title":"Dobitnici dr\u017eavne nagrade za znanost za 2024. godinu","author":"Branimir Jankovi\u0107","date":"20. travnja 2026.","format":false,"excerpt":"Na sjednici Odbora za podjelu dr\u017eavnih nagrada za znanost odr\u017eanoj 16. travnja 2026. godine donesena je Odluka o dodjeli dr\u017eavnih nagrada za znanost za 2024. godinu. Godi\u0161njom nagradom za popularizaciju i promid\u017ebu znanosti nagra\u0111eni su u podru\u010dju humanisti\u010dkih znanosti znanstveni suradnici dr. sc. Josip Mihaljevi\u0107 i dr. sc. Gordan Ravan\u010di\u0107,\u2026","rel":"","context":"U &quot;Novosti&quot;","block_context":{"text":"Novosti","link":"https:\/\/historiografija.hr\/?cat=3"},"img":{"alt_text":"","src":"https:\/\/i0.wp.com\/historiografija.hr\/wp-content\/uploads\/2021\/12\/povijesne-kontroverze.jpg?fit=1200%2C675&ssl=1&resize=350%2C200","width":350,"height":200,"srcset":"https:\/\/i0.wp.com\/historiografija.hr\/wp-content\/uploads\/2021\/12\/povijesne-kontroverze.jpg?fit=1200%2C675&ssl=1&resize=350%2C200 1x, https:\/\/i0.wp.com\/historiografija.hr\/wp-content\/uploads\/2021\/12\/povijesne-kontroverze.jpg?fit=1200%2C675&ssl=1&resize=525%2C300 1.5x, https:\/\/i0.wp.com\/historiografija.hr\/wp-content\/uploads\/2021\/12\/povijesne-kontroverze.jpg?fit=1200%2C675&ssl=1&resize=700%2C400 2x, https:\/\/i0.wp.com\/historiografija.hr\/wp-content\/uploads\/2021\/12\/povijesne-kontroverze.jpg?fit=1200%2C675&ssl=1&resize=1050%2C600 3x"},"classes":[]},{"id":52660,"url":"https:\/\/historiografija.hr\/?p=52660","url_meta":{"origin":2045,"position":1},"title":"Medijski odjeci \u010dlanka Steve \u0110ura\u0161kovi\u0107a \u201e\u017dupanovljeva ne\u017eeljena djeca: ideolo\u0161ko pribli\u017eavanje neoliberala i kr\u0161\u0107anske radikalne desnice u Hrvatskoj\u201c","author":"Branimir Jankovi\u0107","date":"24. travnja 2026.","format":false,"excerpt":"U sklopu projekta \u201eIzazovi intelektualne povijesti: recepcije, preobrazbe i upotrebe politi\u010dkih ideja\u201c objavljen je polemi\u010dki \u010dlanak Steve \u0110ura\u0161kovi\u0107a \u201e\u017dupanovljeva ne\u017eeljena djeca: ideolo\u0161ko pribli\u017eavanje neoliberala i kr\u0161\u0107anske radikalne desnice u Hrvatskoj\u201c, koji je izazvao odre\u0111ene medijske reakcije. Stevo \u0110ura\u0161kovi\u0107 \u017dupanovljeva ne\u017eeljena djeca: ideolo\u0161ko pribli\u017eavanje neoliberala i kr\u0161\u0107anske radikalne desnice u Hrvatskoj\u2026","rel":"","context":"U &quot;Novosti&quot;","block_context":{"text":"Novosti","link":"https:\/\/historiografija.hr\/?cat=3"},"img":{"alt_text":"","src":"https:\/\/i0.wp.com\/historiografija.hr\/wp-content\/uploads\/2026\/04\/SD.png?fit=809%2C821&ssl=1&resize=350%2C200","width":350,"height":200,"srcset":"https:\/\/i0.wp.com\/historiografija.hr\/wp-content\/uploads\/2026\/04\/SD.png?fit=809%2C821&ssl=1&resize=350%2C200 1x, https:\/\/i0.wp.com\/historiografija.hr\/wp-content\/uploads\/2026\/04\/SD.png?fit=809%2C821&ssl=1&resize=525%2C300 1.5x, https:\/\/i0.wp.com\/historiografija.hr\/wp-content\/uploads\/2026\/04\/SD.png?fit=809%2C821&ssl=1&resize=700%2C400 2x"},"classes":[]},{"id":52646,"url":"https:\/\/historiografija.hr\/?p=52646","url_meta":{"origin":2045,"position":2},"title":"5. MALI FESTIVAL POVIJESTI U LASTOVU","author":"Branimir Jankovi\u0107","date":"24. travnja 2026.","format":false,"excerpt":"Peti Mali festival povijesti odr\u017eava se od 25. do 27. travnja 2026. na Lastovu, u suradnji Zavoda za povijesne znanosti HAZU u Dubrovniku, Op\u0107ine Lastovo i Turisti\u010dke zajednice te uz potporu Dubrova\u010dko-neretvanske \u017eupanije. Predavanja: Dr. sc. Jasna \u010capo \u201eKu\u0107a kao zalog budu\u0107nosti i most izme\u0111u iseljenika i domovine\u201c Dr. sc.\u2026","rel":"","context":"U &quot;Novosti&quot;","block_context":{"text":"Novosti","link":"https:\/\/historiografija.hr\/?cat=3"},"img":{"alt_text":"","src":"https:\/\/i0.wp.com\/historiografija.hr\/wp-content\/uploads\/2026\/04\/Lastovo.jpg?fit=1200%2C700&ssl=1&resize=350%2C200","width":350,"height":200,"srcset":"https:\/\/i0.wp.com\/historiografija.hr\/wp-content\/uploads\/2026\/04\/Lastovo.jpg?fit=1200%2C700&ssl=1&resize=350%2C200 1x, https:\/\/i0.wp.com\/historiografija.hr\/wp-content\/uploads\/2026\/04\/Lastovo.jpg?fit=1200%2C700&ssl=1&resize=525%2C300 1.5x, https:\/\/i0.wp.com\/historiografija.hr\/wp-content\/uploads\/2026\/04\/Lastovo.jpg?fit=1200%2C700&ssl=1&resize=700%2C400 2x, https:\/\/i0.wp.com\/historiografija.hr\/wp-content\/uploads\/2026\/04\/Lastovo.jpg?fit=1200%2C700&ssl=1&resize=1050%2C600 3x"},"classes":[]},{"id":52520,"url":"https:\/\/historiografija.hr\/?p=52520","url_meta":{"origin":2045,"position":3},"title":"Predstavljanje knjige &#8220;Socialist Economics in Yugoslavia: A Critical History&#8221; u Zagrebu","author":"Branimir Jankovi\u0107","date":"17. travnja 2026.","format":false,"excerpt":"Pozivamo vas na predstavljanje knjige \"Socialist Economics in Yugoslavia: A Critical History\", autora Mislava \u00a0\u017ditka i Marka Grde\u0161i\u0107a (Routledge, 2026). Na predstavljanju \u0107e govoriti Branko Milanovi\u0107 (CUNY), Milica Uvali\u0107 (EUI), Zdravko Petak (FPZG) te autori.\u00a0 Predstavljanje \u0107e se odr\u017eati u srijedu 22. travnja u 16:00 sati na Fakultetu politi\u010dkih znanosti\u2026","rel":"","context":"U &quot;Novosti&quot;","block_context":{"text":"Novosti","link":"https:\/\/historiografija.hr\/?cat=3"},"img":{"alt_text":"","src":"https:\/\/i0.wp.com\/historiografija.hr\/wp-content\/uploads\/2026\/04\/Poziv-na-predstavljanje.png?fit=800%2C652&ssl=1&resize=350%2C200","width":350,"height":200,"srcset":"https:\/\/i0.wp.com\/historiografija.hr\/wp-content\/uploads\/2026\/04\/Poziv-na-predstavljanje.png?fit=800%2C652&ssl=1&resize=350%2C200 1x, https:\/\/i0.wp.com\/historiografija.hr\/wp-content\/uploads\/2026\/04\/Poziv-na-predstavljanje.png?fit=800%2C652&ssl=1&resize=525%2C300 1.5x, https:\/\/i0.wp.com\/historiografija.hr\/wp-content\/uploads\/2026\/04\/Poziv-na-predstavljanje.png?fit=800%2C652&ssl=1&resize=700%2C400 2x"},"classes":[]},{"id":52578,"url":"https:\/\/historiografija.hr\/?p=52578","url_meta":{"origin":2045,"position":4},"title":"Poziv za sudjelovanje: XXII. Dani Julija Bene\u0161i\u0107a u Iloku","author":"Branimir Jankovi\u0107","date":"21. travnja 2026.","format":false,"excerpt":"Zavod za lingvisti\u010dka istra\u017eivanja Hrvatske akademije znanosti i umjetnosti, zajedno s Muzejom grada Iloka, organizira XXII. Dane Julija Bene\u0161i\u0107a, koji \u0107e se odr\u017eati od 28. do 30. listopada 2026. u Iloku.\u00a0Teme ovogodi\u0161njih Dana podijeljene su u dvije cjeline: Knji\u017eevno-jezikoslovni d\u00ecv\u0101n s Bene\u0161i\u0107em te Ilok i Srijem u povijesnim stalnicama i\u2026","rel":"","context":"U &quot;Novosti&quot;","block_context":{"text":"Novosti","link":"https:\/\/historiografija.hr\/?cat=3"},"img":{"alt_text":"","src":"https:\/\/i0.wp.com\/historiografija.hr\/wp-content\/uploads\/2019\/10\/HE2_Benesic.jpg?fit=413%2C591&ssl=1&resize=350%2C200","width":350,"height":200},"classes":[]},{"id":52666,"url":"https:\/\/historiografija.hr\/?p=52666","url_meta":{"origin":2045,"position":5},"title":"Najava programa Festivala povijesti Kliofest (5-8. V. 2026)","author":"Branimir Jankovi\u0107","date":"24. travnja 2026.","format":false,"excerpt":"Po trinaesti put odr\u017eava se Festival povijesti Kliofest! Do petka \u0107emo odr\u017eati osam okruglih stolova i dva kolokvija te niz predstavljanja knjiga i projekata razli\u010dite tematike, od antike do suvremenosti. Bit \u0107e predstavljeno i nekoliko izlo\u017ebi te odr\u017ean jedan povijesni kviz. Prikazat \u0107emo i jedan film \u2013 o generalu Boroevi\u0107u.\u2026","rel":"","context":"U &quot;Novosti&quot;","block_context":{"text":"Novosti","link":"https:\/\/historiografija.hr\/?cat=3"},"img":{"alt_text":"","src":"https:\/\/i0.wp.com\/historiografija.hr\/wp-content\/uploads\/2026\/04\/Kliofest-2026.jpg?fit=526%2C526&ssl=1&resize=350%2C200","width":350,"height":200,"srcset":"https:\/\/i0.wp.com\/historiografija.hr\/wp-content\/uploads\/2026\/04\/Kliofest-2026.jpg?fit=526%2C526&ssl=1&resize=350%2C200 1x, https:\/\/i0.wp.com\/historiografija.hr\/wp-content\/uploads\/2026\/04\/Kliofest-2026.jpg?fit=526%2C526&ssl=1&resize=525%2C300 1.5x"},"classes":[]}],"_links":{"self":[{"href":"https:\/\/historiografija.hr\/index.php?rest_route=\/wp\/v2\/posts\/2045","targetHints":{"allow":["GET"]}}],"collection":[{"href":"https:\/\/historiografija.hr\/index.php?rest_route=\/wp\/v2\/posts"}],"about":[{"href":"https:\/\/historiografija.hr\/index.php?rest_route=\/wp\/v2\/types\/post"}],"author":[{"embeddable":true,"href":"https:\/\/historiografija.hr\/index.php?rest_route=\/wp\/v2\/users\/1"}],"replies":[{"embeddable":true,"href":"https:\/\/historiografija.hr\/index.php?rest_route=%2Fwp%2Fv2%2Fcomments&post=2045"}],"version-history":[{"count":0,"href":"https:\/\/historiografija.hr\/index.php?rest_route=\/wp\/v2\/posts\/2045\/revisions"}],"wp:attachment":[{"href":"https:\/\/historiografija.hr\/index.php?rest_route=%2Fwp%2Fv2%2Fmedia&parent=2045"}],"wp:term":[{"taxonomy":"category","embeddable":true,"href":"https:\/\/historiografija.hr\/index.php?rest_route=%2Fwp%2Fv2%2Fcategories&post=2045"},{"taxonomy":"post_tag","embeddable":true,"href":"https:\/\/historiografija.hr\/index.php?rest_route=%2Fwp%2Fv2%2Ftags&post=2045"}],"curies":[{"name":"wp","href":"https:\/\/api.w.org\/{rel}","templated":true}]}}