{"id":20437,"date":"2020-04-21T16:50:31","date_gmt":"2020-04-21T16:50:31","guid":{"rendered":"http:\/\/historiografija.hr\/?p=20437"},"modified":"2020-04-21T16:58:40","modified_gmt":"2020-04-21T16:58:40","slug":"televizijsko-prikazivanje-filma-dnevnik-diane-budisavljevic","status":"publish","type":"post","link":"https:\/\/historiografija.hr\/?p=20437","title":{"rendered":"Televizijsko prikazivanje filma &#8216;Dnevnik Diane Budisavljevi\u0107&#8217;"},"content":{"rendered":"<p>Film &#8216;Dnevnik Diane Budisavljevi\u0107&#8217; bit \u0107e prikazan u srijedu, 22. travnja 2020. u 20:05 sati na Prvom programu Hrvatske radiotelevizije (HRT), a u 21:05 sati na prvom programu Radio Televizije Srbije (RTS). Istog dana u Jasenovcu odr\u017eat \u0107e se \u201djedinstvena komemoracija za \u017ertve usta\u0161kog logora na kojoj bi, i to nakon pune \u010detiri godine, po\u010dast \u017ertvama zajedni\u010dki dali predstavnici svih triju grana vlasti, te predstavnici \u017ertava stradalih u Jasenovcu\u201d.<\/p>\n<p>&nbsp;<\/p>\n<p>&#8212;<\/p>\n<p>&nbsp;<\/p>\n<p><strong>Dnevnik Diane Budisavljevi\u0107<\/strong><\/p>\n<p><strong>\u00a0<\/strong><\/p>\n<p><strong>22. travnja na HRT &#8211; HTV 1 u 20:05<\/strong><\/p>\n<p><strong><br \/>\n<\/strong>Nagra\u0111ivani film Dnevnik Diane Budisavljevi\u0107, dugometra\u017eni igrani prvijenac redateljice Dane Budisavljevi\u0107, pri\u010da je o zaboravljenoj heroini iz Drugog svjetskog rata, ne onoj koja je bacala bombe i nosila pi\u0161tolj, ve\u0107 je kao pripadnica gra\u0111anskog sloja pokrenula akciju u kojoj je iz logora spa\u0161eno vi\u0161e od deset tisu\u0107a djece. Glavnu ulogu tuma\u010di Alma Prica.<\/p>\n<p>Po rije\u010dima redateljice, film prikazuje i predratnu gra\u0111ansku klasu u Zagrebu koja je bila multietni\u010dka i multikonfesionalna i koja je dala veliki otpor usta\u0161ama i fa\u0161izmu, a nakon &#8217;45. je postala nevidljiva.<\/p>\n<p>Dnevnik Diane Budisavljevi\u0107 premijerno je prikazan pro\u0161le godine na Pulskom filmskom festivalu, gdje je osvojio \u0161est nagrada, me\u0111u kojima i nagradu za najbolji hrvatski film.<\/p>\n<p>Diana Budisavljevi\u0107 sa suprugom lije\u010dnikom, k\u0107erima i tek ro\u0111enom unukom \u017eivi \u017eivotom zagreba\u010dke visoke gra\u0111anske klase. U jesen 1941. doznaje da se \u017didovke i Srpkinje s djecom odvode u logore gdje umiru od gladi i bolesti. \u017didovska op\u0107ina \u0161alje pomo\u0107 \u017didovkama, ali za Srpkinje se nitko ne brine. Koriste\u0107i svoje austrijsko podrijetlo, Diana apelira na vlast, crkvu i Crveni kri\u017e da spase barem djecu. Nitko od njih ne \u017eeli preuzeti odgovornost.<\/p>\n<p>S nekolicinom prijatelja u svom stanu prikuplja pomo\u0107 i organizira akciju kojom \u0107e do kraja rata od sigurne smrti biti spa\u0161eno vi\u0161e od 10.000 djece. Me\u0111u njima su i \u017divko, Milorad, Zorka i Nada koji se gotovo 80 godina kasnije vra\u0107aju u logore svog djetinjstva i tek tada spoznaju da \u017eivot duguju nepokolebljivoj snazi jedne \u017eene.<\/p>\n<p>Svjesna da \u0107e i rat jednom pro\u0107i, Diana je pomno vodila kartoteku dje\u010djih sudbina, no nju \u0107e joj bespovratno otu\u0111iti komunisti\u010dka vlast 1945. kada njeno germansko i gra\u0111ansko podrijetlo postaju nepo\u017eeljni. Zahvaljuju\u0107i Dianinom dnevniku, koji je nakon njezine smrti prona\u0161la unuka, rasvijetljena je herojska uloga \u017eene uvjerene da njezin \u017eivot nije vredniji od \u017eivota nedu\u017eno progonjenih.<\/p>\n<p>U filmu glume i <strong>Igor Samobor<\/strong>, <strong>Ermin Bravo<\/strong>, <strong>Mirjana Karanovi\u0107<\/strong>, <strong>Areta \u0106urkovi\u0107<\/strong> te drugi. Scenaristice su <strong>Dana Budisavljevi\u0107<\/strong> i <strong>Jelena Paljan<\/strong>, a urednica <strong>Lada D\u017eidi\u0107 Bari\u0107<\/strong>.<\/p>\n<p>Nagrade:<\/p>\n<p>MEDIJSKA NAGRADA JUTARNJEG LISTA &#8220;ZLATNI STUDIO&#8221; &#8211; Najbolji igrani film; Najbolja filmska glumica (Alma Prica)<br \/>\nOKTAVIJAN &#8211; Nagrada Hrvatskog dru\u0161tva filmskih kriti\u010dara; Najbolji hrvatski dugometra\u017eni igrani film<br \/>\nJERUSALEM JEWISH FILM FESTIVAL &#8211; Najbolji dugometra\u017eni film<br \/>\nZAGREB FILM FESTIVAL &#8211; Najbolji film za mlade u programu PLUS<br \/>\nSLOBODNA ZONA BEOGRAD &#8211; Nagrada publike; Nagrada Human Rights<br \/>\nFILM FESTIVAL COTTBUS &#8211; Najbolji debitantski film<br \/>\nFILMSKI FESTIVAL GLUMCA VINKOVCI &#8211; Zlatni Orion za najbolju \u017eensku ulogu (Alma Prica)<br \/>\nPULSKI FILMSKI FESTIVAL &#8211; Velika Zlatna arena za najbolji film (Produkcijska ku\u0107a HULAHOP d.o.o., producentice: Miljenka \u010cogelja i Olinka Vi\u0161tica); Zlatna arena za re\u017eiju (Dana Budisavljevi\u0107)<br \/>\nNagrada ocjenjiva\u010dkog suda Federacije filmskih kriti\u010dara Europe i Mediterana &#8211; FEDEORA za najbolji hrvatski dugometra\u017eni film<br \/>\nNagrada publike Zlatna vrata Pule; Zlatna arena za glazbu (Alen Sinkauz i Nenad Sinkauz); Zlatna arena za monta\u017eu (Marko Ferkovi\u0107)<\/p>\n<p>&nbsp;<\/p>\n<p>Izvor: <a href=\"https:\/\/hrtprikazuje.hrt.hr\/605252\/dnevnik-diane-budisavljevic\">https:\/\/hrtprikazuje.hrt.hr\/605252\/dnevnik-diane-budisavljevic<\/a><\/p>\n<p>&nbsp;<\/p>\n<p>&#8212;<\/p>\n<p>&nbsp;<\/p>\n<p><strong>RTS<\/strong><\/p>\n<p>sreda, 22.\u00a0apr\u00a02020, 21:05<\/p>\n<p><strong>Dnevnik Diane Budisavljevi\u0107<\/strong><\/p>\n<p>&nbsp;<\/p>\n<p>Povodom obele\u017eavanja Nacionalnog dana se\u0107anja na \u017ertve Holokausta, Radio-televizija Srbije u sredu, 22. aprila od 21.00 na Prvom programu, prikazuje film &#8220;Dnevnik Diane Budisavljevi\u0107&#8221;, rediteljke Dane Budisavljevi\u0107. (2019)<\/p>\n<p>Potresan igrano-dokumentarni film koji je do\u017eiveo veliki uspeh na festivalima i u bioskopima \u0161irom regiona i apsolutni pobednik Pulskog filmskog festivala, sa \u0161est osvojenih priznanja, istinita je pri\u010da o dr\u017eavljanki austrijskog porekla udatoj za lekara pravoslavne veroispovesti u Zagrebu, koja je za vreme Drugog svetskog rata, sigurne smrti spasila vi\u0161e od 10.000 srpske dece iz NDH logora.<\/p>\n<p>Me\u0111u njima su i \u017divko, Milorad, Zorka i Nada koji se gotovo 80 godina kasnije vra\u0107aju u logore svog detinjstva i tek tada saznaju da \u017eivot duguju nepokolebljivoj snazi jedne \u017eene.<\/p>\n<p>Diana je vodila detaljnu kartoteku de\u010dijih sudbina, koju \u0107e joj nakon rata nepovratno oduzeti komunisti\u010dka vlast 1945. godine, kada njeno germansko i gra\u0111ansko poreklo postaju nepo\u017eeljni. Zahvaljuju\u0107i Dianinom dnevniku, koji je nakon njene smrti prona\u0161la unuka, rasvetljena je herojska uloga \u017eene uverene da njen \u017eivot nije vredniji od \u017eivota nedu\u017eno progonjenih.<\/p>\n<p>U naslovnoj ulozi gleda\u0107emo Almu Pricu, dok su ostale uloge poverene Igoru Samoboru, Mirjani Karanovi\u0107, Tihomiru Stani\u0107u, Kre\u0161imiru Miki\u0107u&#8230;<\/p>\n<p>&nbsp;<\/p>\n<p>Izvor: <a href=\"https:\/\/www.rts.rs\/page\/tv\/sr\/story\/20\/rts-1\/3926174\/.html\">https:\/\/www.rts.rs\/page\/tv\/sr\/story\/20\/rts-1\/3926174\/.html<\/a><\/p>\n<p>&nbsp;<\/p>\n<p>Iz medija:<\/p>\n<p><a href=\"http:\/\/www.dnevnikdianebudisavljevic.com\/blog\/2020\/04\/18\/televizijskom-premijerom-filma-dnevnik-diane-budisavljevic-obiljezava-se-sjecanje-na-proboj-zatocenika-iz-jasenovca\/\">http:\/\/www.dnevnikdianebudisavljevic.com\/blog\/2020\/04\/18\/televizijskom-premijerom-filma-dnevnik-diane-budisavljevic-obiljezava-se-sjecanje-na-proboj-zatocenika-iz-jasenovca\/<\/a><\/p>\n<p><a href=\"https:\/\/www.tportal.hr\/kultura\/clanak\/televizijskom-premijerom-filma-dnevnik-diane-budisavljevic-obiljezava-se-sjecanje-na-proboj-zatocenika-iz-jasenovca-foto-20200420\">https:\/\/www.tportal.hr\/kultura\/clanak\/televizijskom-premijerom-filma-dnevnik-diane-budisavljevic-obiljezava-se-sjecanje-na-proboj-zatocenika-iz-jasenovca-foto-20200420<\/a><\/p>\n<p><a href=\"https:\/\/www.portalnovosti.com\/hrt-i-rts-emitiraju-dnevnik-diane-budisavljevic\">https:\/\/www.portalnovosti.com\/hrt-i-rts-emitiraju-dnevnik-diane-budisavljevic<\/a><\/p>\n<p><a href=\"https:\/\/direktno.hr\/zivot\/kultura\/priprema-se-virtualni-muzej-o-diani-budisavljevic-htv-22-travnja-emitira-film-191217\/\">https:\/\/direktno.hr\/zivot\/kultura\/priprema-se-virtualni-muzej-o-diani-budisavljevic-htv-22-travnja-emitira-film-191217\/<\/a><\/p>\n<p><a href=\"http:\/\/rs.n1info.com\/Kultura\/a591090\/TV-premijera-filma-Dnevnik-Diane-Budisavljevic-isto-vece-u-Srbiji-i-Hrvatskoj.html\">http:\/\/rs.n1info.com\/Kultura\/a591090\/TV-premijera-filma-Dnevnik-Diane-Budisavljevic-isto-vece-u-Srbiji-i-Hrvatskoj.html<\/a><\/p>\n<p><a href=\"https:\/\/www.rts.rs\/page\/magazine\/sr\/story\/411\/film-i-tv\/3928804\/dana-budisavljevic-intervju.html\">https:\/\/www.rts.rs\/page\/magazine\/sr\/story\/411\/film-i-tv\/3928804\/dana-budisavljevic-intervju.html<\/a><\/p>\n<p><a href=\"https:\/\/www.danas.rs\/kultura\/televizijska-premijera-filma-dnevnik-diane-budisavljevic-22-aprila-na-rts-u\/\">https:\/\/www.danas.rs\/kultura\/televizijska-premijera-filma-dnevnik-diane-budisavljevic-22-aprila-na-rts-u\/<\/a><\/p>\n<p>&nbsp;<\/p>\n<p>&#8212;<\/p>\n<p><strong>\u00a0<\/strong><\/p>\n<p><strong>O komemoraciji u Jasenovcu<\/strong><\/p>\n<p>&nbsp;<\/p>\n<p><a href=\"https:\/\/www.jutarnji.hr\/vijesti\/hrvatska\/sljedeceg-tjedna-komemoracija-u-jasenovcu-nakon-pune-4-godine-zajednicki-dolaze-premijer-predsjednik-sef-sabora-ali-i-predstavnici-zrtava\/10219024\/\">https:\/\/www.jutarnji.hr\/vijesti\/hrvatska\/sljedeceg-tjedna-komemoracija-u-jasenovcu-nakon-pune-4-godine-zajednicki-dolaze-premijer-predsjednik-sef-sabora-ali-i-predstavnici-zrtava\/10219024\/<\/a><\/p>\n<p>&nbsp;<\/p>\n<p><a href=\"https:\/\/www.hina.hr\/vijest\/10345370\">https:\/\/www.hina.hr\/vijest\/10345370<\/a><\/p>\n<p><a href=\"https:\/\/www.hina.hr\/vijest\/10345673\">https:\/\/www.hina.hr\/vijest\/10345673<\/a><\/p>\n<p><a href=\"https:\/\/www.hina.hr\/vijest\/10346184\">https:\/\/www.hina.hr\/vijest\/10346184<\/a><\/p>\n<p><a href=\"https:\/\/www.hina.hr\/vijest\/10346238\">https:\/\/www.hina.hr\/vijest\/10346238<\/a><\/p>\n<p>&nbsp;<\/p>\n<p><a href=\"https:\/\/www.telegram.hr\/price\/u-jasenovcu-ce-nakon-cetiri-godine-biti-odrzana-zajednicka-komemoracija-je-li-to-znak-normalizacije-drustva\/\">https:\/\/www.telegram.hr\/price\/u-jasenovcu-ce-nakon-cetiri-godine-biti-odrzana-zajednicka-komemoracija-je-li-to-znak-normalizacije-drustva\/<\/a><\/p>\n<p>&nbsp;<\/p>\n<p><a href=\"https:\/\/www.jutarnji.hr\/komentari\/komentar-roberta-bajrusija-zajednicka-komemoracija-u-jasenovcu-ili-trenutak-kad-se-hrvatska-barem-nakratko-normalizirala\/10224451\/\">https:\/\/www.jutarnji.hr\/komentari\/komentar-roberta-bajrusija-zajednicka-komemoracija-u-jasenovcu-ili-trenutak-kad-se-hrvatska-barem-nakratko-normalizirala\/10224451\/<\/a><\/p>\n<p>&nbsp;<\/p>\n<p><a href=\"https:\/\/vijesti.hrt.hr\/606631\/dan-sjecanja-na-zrtve-holokausta-dan-proboja-logora-u-jasenovcu\">https:\/\/vijesti.hrt.hr\/606631\/dan-sjecanja-na-zrtve-holokausta-dan-proboja-logora-u-jasenovcu<\/a><\/p>\n<p>&nbsp;<\/p>\n<p><a href=\"https:\/\/www.tportal.hr\/vijesti\/clanak\/manjine-i-antifasisti-o-jasenovcu-zajednicka-komemoracija-pruzanje-je-ruke-vlastima-20200421\">https:\/\/www.tportal.hr\/vijesti\/clanak\/manjine-i-antifasisti-o-jasenovcu-zajednicka-komemoracija-pruzanje-je-ruke-vlastima-20200421<\/a><\/p>\n<p>&nbsp;<\/p>\n<p><a href=\"http:\/\/hr.n1info.com\/Vijesti\/a501749\/Kraus-o-Jasenovcu-Pruzili-smo-ruku-ali-nismo-zaboravili-sto-se-dogadja.html\">http:\/\/hr.n1info.com\/Vijesti\/a501749\/Kraus-o-Jasenovcu-Pruzili-smo-ruku-ali-nismo-zaboravili-sto-se-dogadja.html<\/a><\/p>\n<p>&nbsp;<\/p>\n<p><a href=\"https:\/\/direktno.hr\/domovina\/predstavnici-manjina-i-antifasista-prihvatili-sluzbeni-poziv-na-zajednicku-komemoraciju-u-jasenovcu-u-znak-dobre-volje-191396\/\">https:\/\/direktno.hr\/domovina\/predstavnici-manjina-i-antifasista-prihvatili-sluzbeni-poziv-na-zajednicku-komemoraciju-u-jasenovcu-u-znak-dobre-volje-191396\/<\/a><\/p>\n<p>&nbsp;<\/p>\n<p><a href=\"https:\/\/direktno.hr\/domovina\/objavljeni-novi-detalji-oko-komemoracije-u-jasenovcu-neki-povjesnicari-prozvali-leljaka-191305\/\">https:\/\/direktno.hr\/domovina\/objavljeni-novi-detalji-oko-komemoracije-u-jasenovcu-neki-povjesnicari-prozvali-leljaka-191305\/<\/a><\/p>\n<p>&nbsp;<\/p>\n<p>&nbsp;<\/p>\n<p>&nbsp;<\/p>\n","protected":false},"excerpt":{"rendered":"","protected":false},"author":2,"featured_media":20440,"comment_status":"open","ping_status":"open","sticky":false,"template":"","format":"standard","meta":{"_acf_changed":false,"jetpack_post_was_ever_published":false,"_jetpack_newsletter_access":"","_jetpack_dont_email_post_to_subs":false,"_jetpack_newsletter_tier_id":0,"_jetpack_memberships_contains_paywalled_content":false,"_jetpack_memberships_contains_paid_content":false,"footnotes":"","jetpack_publicize_message":"","jetpack_publicize_feature_enabled":true,"jetpack_social_post_already_shared":true,"jetpack_social_options":{"image_generator_settings":{"template":"highway","default_image_id":0,"font":"","enabled":false},"version":2}},"categories":[13,3],"tags":[],"class_list":["post-20437","post","type-post","status-publish","format-standard","has-post-thumbnail","hentry","category-filmovi-i-serije","category-novosti"],"acf":{"facebook_opis":""},"jetpack_publicize_connections":[],"jetpack_featured_media_url":"https:\/\/i0.wp.com\/historiografija.hr\/wp-content\/uploads\/2020\/04\/TV-DIANA.jpg?fit=1140%2C500&ssl=1","jetpack_sharing_enabled":true,"jetpack-related-posts":[{"id":52547,"url":"https:\/\/historiografija.hr\/?p=52547","url_meta":{"origin":20437,"position":0},"title":"ISHA Zagreb \u2013 Filmska ve\u010der: Povratak Martina Guerrea","author":"Branimir Jankovi\u0107","date":"20. travnja 2026.","format":false,"excerpt":"Klub studenata povijesti \u2013 ISHA Zagreb poziva Vas na filmsku ve\u010der na kojoj \u0107e se prikazivati \u201ePovratak Martina Guerrea\u201c, povijesna drama iz 1982. godine s radnjom smje\u0161tenom u 16. stolje\u0107u. Radnja je utemeljena na stvarnoj povijesnoj li\u010dnosti Martina Guerrea koji se nakon mnogo godina izbivanja vra\u0107a u svoje rodno mjesto\u2026","rel":"","context":"U &quot;Filmovi i serije&quot;","block_context":{"text":"Filmovi i serije","link":"https:\/\/historiografija.hr\/?cat=13"},"img":{"alt_text":"","src":"https:\/\/i0.wp.com\/historiografija.hr\/wp-content\/uploads\/2026\/04\/M-Guerre.png?fit=702%2C1006&ssl=1&resize=350%2C200","width":350,"height":200,"srcset":"https:\/\/i0.wp.com\/historiografija.hr\/wp-content\/uploads\/2026\/04\/M-Guerre.png?fit=702%2C1006&ssl=1&resize=350%2C200 1x, https:\/\/i0.wp.com\/historiografija.hr\/wp-content\/uploads\/2026\/04\/M-Guerre.png?fit=702%2C1006&ssl=1&resize=525%2C300 1.5x, https:\/\/i0.wp.com\/historiografija.hr\/wp-content\/uploads\/2026\/04\/M-Guerre.png?fit=702%2C1006&ssl=1&resize=700%2C400 2x"},"classes":[]},{"id":52628,"url":"https:\/\/historiografija.hr\/?p=52628","url_meta":{"origin":20437,"position":1},"title":"Predavanje dopisnog \u010dlana HAZU Alaina Finkielkrauta Izrael, Europa, antisemitizam","author":"Branimir Jankovi\u0107","date":"23. travnja 2026.","format":false,"excerpt":"Francuski filozof Alain Finkielkraut, redoviti \u010dlan Francuske akademije i dopisni \u010dlan HAZU, odr\u017eat \u0107e predavanje\u00a0Izrael, Europa, antisemitizam u utorak 28. travnja 2026. u 13 sati u Knji\u017enici HAZU,\u00a0Strossmayerov trg 14 u Zagrebu. Uvodne rije\u010di odr\u017eat \u0107e\u00a0akademkinja \u017deljka \u010corak i\u00a0akademik Dra\u017een Katunari\u0107. Predavanje \u0107e se odr\u017eati na francuskom jeziku uz konsekutivno\u2026","rel":"","context":"U &quot;Novosti&quot;","block_context":{"text":"Novosti","link":"https:\/\/historiografija.hr\/?cat=3"},"img":{"alt_text":"","src":"https:\/\/i0.wp.com\/historiografija.hr\/wp-content\/uploads\/2026\/04\/Alain_Finkielkraut.jpg?fit=350%2C407&ssl=1&resize=350%2C200","width":350,"height":200},"classes":[]},{"id":52508,"url":"https:\/\/historiografija.hr\/?p=52508","url_meta":{"origin":20437,"position":2},"title":"Glazbena radionica \u201eDUGMETARA REVISITED\u201c","author":"Branimir Jankovi\u0107","date":"17. travnja 2026.","format":false,"excerpt":"DUGMETARA REVISITED glazbena radionica vodi: Ana Horvat 13., 20. i 27. travnja, od 18 do 20 sati Radiona, Nova cesta 186 Na tri radioni\u010dka susreta uranjamo u naslje\u0111e Dugmetare, biv\u0161e tvornice dugmadi na Savskoj cesti koja je po\u010detkom 2000-ih igrom slu\u010daja postala \u017eivo, jedinstveno mjesto glazbene proizvodnje. Svoje su probe\u2026","rel":"","context":"U &quot;Novosti&quot;","block_context":{"text":"Novosti","link":"https:\/\/historiografija.hr\/?cat=3"},"img":{"alt_text":"","src":"https:\/\/i0.wp.com\/historiografija.hr\/wp-content\/uploads\/2026\/04\/TRESNJA_TRESTI.jpg?fit=380%2C475&ssl=1&resize=350%2C200","width":350,"height":200},"classes":[]},{"id":52669,"url":"https:\/\/historiografija.hr\/?p=52669","url_meta":{"origin":20437,"position":3},"title":"Predavanje Igora Dude &#8220;Odmor kao \u017eivotna potreba: o slobodnom vremenu u socijalisti\u010dkoj Jugoslaviji&#8221;","author":"Branimir Jankovi\u0107","date":"27. travnja 2026.","format":false,"excerpt":"U sklopu proljetnog ciklusa programa\u00a0Kriti\u010dka dramaturgija: pauza, u\u00a0subotu, 25. travnja 2026. u 19 sati\u00a0u prostoru Udru\u017eenja hrvatskih arhitekata povjesni\u010dar Igor Duda\u00a0odr\u017eao je predavanje naslovljeno\u00a0Odmor kao \u017eivotna potreba: o slobodnom vremenu u socijalisti\u010dkoj Jugoslaviji. Industrijalizacija i urbanizacija dru\u0161tava u povijesti su zna\u010dile i prelazak s predindustrijskog na industrijsko shva\u0107anje vremena. Ono\u2026","rel":"","context":"U &quot;Novosti&quot;","block_context":{"text":"Novosti","link":"https:\/\/historiografija.hr\/?cat=3"},"img":{"alt_text":"","src":"https:\/\/i0.wp.com\/historiografija.hr\/wp-content\/uploads\/2026\/04\/Duda.png?fit=1200%2C628&ssl=1&resize=350%2C200","width":350,"height":200,"srcset":"https:\/\/i0.wp.com\/historiografija.hr\/wp-content\/uploads\/2026\/04\/Duda.png?fit=1200%2C628&ssl=1&resize=350%2C200 1x, https:\/\/i0.wp.com\/historiografija.hr\/wp-content\/uploads\/2026\/04\/Duda.png?fit=1200%2C628&ssl=1&resize=525%2C300 1.5x, https:\/\/i0.wp.com\/historiografija.hr\/wp-content\/uploads\/2026\/04\/Duda.png?fit=1200%2C628&ssl=1&resize=700%2C400 2x, https:\/\/i0.wp.com\/historiografija.hr\/wp-content\/uploads\/2026\/04\/Duda.png?fit=1200%2C628&ssl=1&resize=1050%2C600 3x"},"classes":[]},{"id":52573,"url":"https:\/\/historiografija.hr\/?p=52573","url_meta":{"origin":20437,"position":4},"title":"Znanstvena konferencija &#8220;Filozofija odgoja: povijest, praksa, perspektive&#8221;","author":"Branimir Jankovi\u0107","date":"21. travnja 2026.","format":false,"excerpt":"Znanstvena konferencija \"Filozofija odgoja: povijest, praksa, perspektive\" odr\u017eat \u0107e se 23. i 24. travnja 2026. u Konferencijskoj dvorani Knji\u017enice Filozofskog fakulteta u Zagrebu (2. kat).\u00a0Konferencija je organizirana u okviru projekta\u00a0SUMKOS (voditeljica prof. dr. sc. Ivana Zagorac, financiran\u00a0sredstvima NextGenerationEU), uz potporu Odsjeka za filozofiju.\u00a0 Uz izlaga\u010dki dio, konferencija obuhva\u0107a i izlo\u017ebu\u2026","rel":"","context":"U &quot;Novosti&quot;","block_context":{"text":"Novosti","link":"https:\/\/historiografija.hr\/?cat=3"},"img":{"alt_text":"","src":"","width":0,"height":0},"classes":[]},{"id":52603,"url":"https:\/\/historiografija.hr\/?p=52603","url_meta":{"origin":20437,"position":5},"title":"No\u0107 knjige: Carska i kraljevska kuhinja","author":"Branimir Jankovi\u0107","date":"22. travnja 2026.","format":false,"excerpt":"Pozivamo vas da nam se pridru\u017eite 23. travnja 2026. u 18 sati u obilje\u017eavanju No\u0107i knjige u Pivnici Bobi&Rudi na Trgu Ivana Me\u0161trovi\u0107a u Zapru\u0111u u Zagrebu gdje uz kavu \u010ditamo recepte iz zemalja Austro-Ugarske Monarhije iz knjige Carska i kraljevska kuhinja, autora Roberta Mak\u0142owicza, u prijevodu Damira Agi\u010di\u0107a. Izvor:\u2026","rel":"","context":"U &quot;Novosti&quot;","block_context":{"text":"Novosti","link":"https:\/\/historiografija.hr\/?cat=3"},"img":{"alt_text":"","src":"https:\/\/i0.wp.com\/historiografija.hr\/wp-content\/uploads\/2026\/04\/Noc-knjige-Carska-i-kraljevska.jpg?fit=1200%2C1200&ssl=1&resize=350%2C200","width":350,"height":200,"srcset":"https:\/\/i0.wp.com\/historiografija.hr\/wp-content\/uploads\/2026\/04\/Noc-knjige-Carska-i-kraljevska.jpg?fit=1200%2C1200&ssl=1&resize=350%2C200 1x, https:\/\/i0.wp.com\/historiografija.hr\/wp-content\/uploads\/2026\/04\/Noc-knjige-Carska-i-kraljevska.jpg?fit=1200%2C1200&ssl=1&resize=525%2C300 1.5x, https:\/\/i0.wp.com\/historiografija.hr\/wp-content\/uploads\/2026\/04\/Noc-knjige-Carska-i-kraljevska.jpg?fit=1200%2C1200&ssl=1&resize=700%2C400 2x, https:\/\/i0.wp.com\/historiografija.hr\/wp-content\/uploads\/2026\/04\/Noc-knjige-Carska-i-kraljevska.jpg?fit=1200%2C1200&ssl=1&resize=1050%2C600 3x"},"classes":[]}],"_links":{"self":[{"href":"https:\/\/historiografija.hr\/index.php?rest_route=\/wp\/v2\/posts\/20437","targetHints":{"allow":["GET"]}}],"collection":[{"href":"https:\/\/historiografija.hr\/index.php?rest_route=\/wp\/v2\/posts"}],"about":[{"href":"https:\/\/historiografija.hr\/index.php?rest_route=\/wp\/v2\/types\/post"}],"author":[{"embeddable":true,"href":"https:\/\/historiografija.hr\/index.php?rest_route=\/wp\/v2\/users\/2"}],"replies":[{"embeddable":true,"href":"https:\/\/historiografija.hr\/index.php?rest_route=%2Fwp%2Fv2%2Fcomments&post=20437"}],"version-history":[{"count":3,"href":"https:\/\/historiografija.hr\/index.php?rest_route=\/wp\/v2\/posts\/20437\/revisions"}],"predecessor-version":[{"id":20442,"href":"https:\/\/historiografija.hr\/index.php?rest_route=\/wp\/v2\/posts\/20437\/revisions\/20442"}],"wp:featuredmedia":[{"embeddable":true,"href":"https:\/\/historiografija.hr\/index.php?rest_route=\/wp\/v2\/media\/20440"}],"wp:attachment":[{"href":"https:\/\/historiografija.hr\/index.php?rest_route=%2Fwp%2Fv2%2Fmedia&parent=20437"}],"wp:term":[{"taxonomy":"category","embeddable":true,"href":"https:\/\/historiografija.hr\/index.php?rest_route=%2Fwp%2Fv2%2Fcategories&post=20437"},{"taxonomy":"post_tag","embeddable":true,"href":"https:\/\/historiografija.hr\/index.php?rest_route=%2Fwp%2Fv2%2Ftags&post=20437"}],"curies":[{"name":"wp","href":"https:\/\/api.w.org\/{rel}","templated":true}]}}