{"id":20427,"date":"2020-04-21T15:36:40","date_gmt":"2020-04-21T15:36:40","guid":{"rendered":"http:\/\/historiografija.hr\/?p=20427"},"modified":"2020-04-21T15:37:04","modified_gmt":"2020-04-21T15:37:04","slug":"henry-rousso-le-regime-de-vichy","status":"publish","type":"post","link":"https:\/\/historiografija.hr\/?p=20427","title":{"rendered":"Henry Rousso, &#8220;Le r\u00e9gime de Vichy&#8221;"},"content":{"rendered":"<p>Francuski izdava\u010d Puf objavio je 2019. godine knjigu povjesni\u010dara Henryja Roussoa o Vi\u0161ijevskoj Francuskoj, prikazuju\u0107i kolaboracijski vi\u0161ijevski re\u017eim i odnos prema njemu, \u0161to mo\u017ee biti komparativno poticajno i u kontekstu hrvatske povijesti.<\/p>\n<p>&nbsp;<\/p>\n<p>&#8212;<\/p>\n<p>&nbsp;<\/p>\n<p><strong>Le r\u00e9gime de Vichy<\/strong><\/p>\n<p>Henry Rousso<\/p>\n<p>&nbsp;<\/p>\n<p>Collection: <strong>Que sais-je?<\/strong><\/p>\n<p>Discipline: Histoire et Art<\/p>\n<p>Cat\u00e9gorie: Livre<\/p>\n<p>Date de parution: 27\/11\/2019<\/p>\n<p>&nbsp;<\/p>\n<p><strong>R\u00e9sum\u00e9<\/strong><\/p>\n<p>Le r\u00e9gime de Vichy est n\u00e9 de la d\u00e9faite brutale de juin\u00a01940 devant l\u2019Allemagne nazie. De juillet\u00a01940 \u00e0 ao\u00fbt\u00a01944, le nouvel \u00ab\u00a0\u00c9tat fran\u00e7ais\u00a0\u00bb a \u00e9t\u00e9 tributaire de l\u2019occupation partielle puis totale de la France. Cependant, cette dictature charismatique dont la l\u00e9gitimit\u00e9 reposait presque enti\u00e8rement sur le mar\u00e9chal P\u00e9tain\u00a0a tent\u00e9 d\u2019imposer, sans l\u2019intervention des occupants, un nouvel ordre politique, social et moral en rupture avec la R\u00e9publique, d\u00e9fendant le principe d\u2019une \u00ab\u00a0communaut\u00e9 nationale\u00a0\u00bb dont devaient \u00eatre exclus les \u00e9l\u00e9ments \u00ab\u00a0inassimilables\u00a0\u00bb (juifs, communistes, francs-ma\u00e7ons, \u00e9trangers). Il a par ailleurs fait le choix d\u2019une collaboration strat\u00e9gique avec le III<sup>e<\/sup>\u00a0Reich, dans l\u2019espoir de voir la France se m\u00e9nager une place dans l\u2019horizon d\u2019une Europe allemande.<\/p>\n<p>Henry Rousso retrace l\u2019\u00e9volution de cette dictature en s\u2019appuyant sur une historiographie qui a enti\u00e8rement renouvel\u00e9 le sujet depuis une quinzaine d\u2019ann\u00e9es.<\/p>\n<p>&nbsp;<\/p>\n<p><strong>Caract\u00e9ristiques<\/strong><\/p>\n<p>Nombre de pages:\u00a0128<\/p>\n<p>Code ISBN:\u00a0978-2-7154-0153-2<\/p>\n<p>Num\u00e9ro de tome:\u00a01720<\/p>\n<p>Num\u00e9ro d&#8217;\u00e9dition:\u00a04<\/p>\n<p>Format\u00a0: 11.5 x 17.6 cm<\/p>\n<p>&nbsp;<\/p>\n<p><strong>Sommaire<\/strong><\/p>\n<p><strong>Introduction<\/strong><\/p>\n<p>Chapitre premier \u2013 <strong>Un nouveau r\u00e9gime<\/strong><br \/>\nI. \u00c9trange d\u00e9faite, \u00e9trange victoire<br \/>\nII. L\u2019exode, la peur et le d\u00e9sordre<br \/>\nIII. Le choix de l\u2019armistice<br \/>\nIV. Une g\u00e9n\u00e9alogie<br \/>\nV. Le 10\u00a0juillet 1940<br \/>\nVI. L\u2019\u00ab\u00a0\u00c9tat fran\u00e7ais\u00a0\u00bb<br \/>\nVII. La R\u00e9volution nationale<br \/>\nVIII. P\u00e9tain et Laval<\/p>\n<p>Chapitre II \u2013 <strong>La strat\u00e9gie de la collaboration (1940-1942)<\/strong><br \/>\nI. Les objectifs<br \/>\nII. Une demande fran\u00e7aise<br \/>\nIII. La politique des occupants<br \/>\nIV. L\u2019engrenage<\/p>\n<p>Chapitre III \u2013 <strong>La France nouvelle<\/strong><br \/>\nI. Les contradictions internes<br \/>\nII. La dictature charismatique<br \/>\nIII. L\u2019organisation \u00e9conomique et sociale<br \/>\nIV. Le nouvel ordre moral<\/p>\n<p>Chapitre IV \u2013<strong> La violence d\u2019\u00c9tat<\/strong><br \/>\nI. L\u2019\u00c9tat policier<br \/>\nII. R\u00e9pression et exclusion<br \/>\nIII. La x\u00e9nophobie, les camps d\u2019internement<br \/>\nIV. La pers\u00e9cution des Juifs<\/p>\n<p>Chapitre V \u2013<strong> Dans la guerre totale nazie (1942-1944)<\/strong><br \/>\nI. Guerre mondiale, guerre totale<br \/>\nII. Le d\u00e9barquement en Afrique du Nord<br \/>\nIII. La collaboration sans contreparties<br \/>\nIV. La participation au g\u00e9nocide<br \/>\nV. La politique de la main d\u2019\u0153uvre<br \/>\nVI. La Milice et la lutte contre la R\u00e9sistance<br \/>\nVII. Le gouvernement de Sigmaringen<br \/>\nVIII. L\u2019\u00e9puration du r\u00e9gime<\/p>\n<p>Chapitre VI \u2013\u00a0<strong>Les Fran\u00e7ais sous Vichy<\/strong><br \/>\nI. L\u2019\u00c9tat et l\u2019opinion publique<br \/>\nII. Un spectre de r\u00e9actions<br \/>\nIII. Un espace national et colonial \u00e9clat\u00e9<br \/>\nIV. L\u2019\u00e9volution de l\u2019opinion<br \/>\nV. Forces sociales et soutiens du r\u00e9gime<\/p>\n<p><strong>Conclusion<\/strong><\/p>\n<p><strong>Bibliographie<\/strong><\/p>\n<p><strong>\u00a0<\/strong><\/p>\n<p><strong>Autour de l&#8217;auteur<\/strong><\/p>\n<p>Henry Rousso est directeur de recherches (CNRS) \u00e0 l\u2019Institut d\u2019histoire du temps pr\u00e9sent, qu\u2019il a dirig\u00e9 de 1994 \u00e0 2005. Il est l\u2019auteur de nombreux ouvrages dont<em> Le Syndrome de Vichy<\/em> (Seuil, 1987), <em>Vichy, un pass\u00e9 qui ne passe pas<\/em>, avec \u00c9ric Conan (Fayard, 1994), ou encore<em> Vichy : l\u2019\u00e9v\u00e9nement, la m\u00e9moire, l\u2019histoire<\/em> (Gallimard, \u00ab\u00a0Folio histoire\u00a0\u00bb, 2001).<\/p>\n<p><a href=\"https:\/\/www.puf.com\/content\/Le_r%C3%A9gime_de_Vichy\">https:\/\/www.puf.com\/content\/Le_r%C3%A9gime_de_Vichy<\/a><\/p>\n<p>&nbsp;<\/p>\n<p>&nbsp;<\/p>\n","protected":false},"excerpt":{"rendered":"","protected":false},"author":2,"featured_media":20428,"comment_status":"open","ping_status":"open","sticky":false,"template":"","format":"standard","meta":{"_acf_changed":false,"jetpack_post_was_ever_published":false,"_jetpack_newsletter_access":"","_jetpack_dont_email_post_to_subs":false,"_jetpack_newsletter_tier_id":0,"_jetpack_memberships_contains_paywalled_content":false,"_jetpack_memberships_contains_paid_content":false,"footnotes":"","jetpack_publicize_message":"","jetpack_publicize_feature_enabled":true,"jetpack_social_post_already_shared":true,"jetpack_social_options":{"image_generator_settings":{"template":"highway","default_image_id":0,"font":"","enabled":false},"version":2}},"categories":[8,3],"tags":[],"class_list":["post-20427","post","type-post","status-publish","format-standard","has-post-thumbnail","hentry","category-knjige","category-novosti"],"acf":{"facebook_opis":""},"jetpack_publicize_connections":[],"jetpack_featured_media_url":"https:\/\/i0.wp.com\/historiografija.hr\/wp-content\/uploads\/2020\/04\/Vichy.jpg?fit=292%2C446&ssl=1","jetpack_sharing_enabled":true,"jetpack-related-posts":[{"id":52625,"url":"https:\/\/historiografija.hr\/?p=52625","url_meta":{"origin":20427,"position":0},"title":"Omer Bartov, \u201eIsrael: What Went Wrong?\u201c","author":"Branimir Jankovi\u0107","date":"23. travnja 2026.","format":false,"excerpt":"Professor Omer Bartov was born on a kibbutz, grew up in Tel Aviv and served in the Israel Defence Forces during the Yom Kippur War. He went on to become an expert on the German army and the Holocaust, before turning his attention to his native country.In Israel: What Went\u2026","rel":"","context":"U &quot;Knjige&quot;","block_context":{"text":"Knjige","link":"https:\/\/historiografija.hr\/?cat=8"},"img":{"alt_text":"","src":"https:\/\/i0.wp.com\/historiografija.hr\/wp-content\/uploads\/2026\/04\/Bartov.jpeg?fit=320%2C500&ssl=1&resize=350%2C200","width":350,"height":200},"classes":[]},{"id":52628,"url":"https:\/\/historiografija.hr\/?p=52628","url_meta":{"origin":20427,"position":1},"title":"Predavanje dopisnog \u010dlana HAZU Alaina Finkielkrauta Izrael, Europa, antisemitizam","author":"Branimir Jankovi\u0107","date":"23. travnja 2026.","format":false,"excerpt":"Francuski filozof Alain Finkielkraut, redoviti \u010dlan Francuske akademije i dopisni \u010dlan HAZU, odr\u017eat \u0107e predavanje\u00a0Izrael, Europa, antisemitizam u utorak 28. travnja 2026. u 13 sati u Knji\u017enici HAZU,\u00a0Strossmayerov trg 14 u Zagrebu. Uvodne rije\u010di odr\u017eat \u0107e\u00a0akademkinja \u017deljka \u010corak i\u00a0akademik Dra\u017een Katunari\u0107. Predavanje \u0107e se odr\u017eati na francuskom jeziku uz konsekutivno\u2026","rel":"","context":"U &quot;Novosti&quot;","block_context":{"text":"Novosti","link":"https:\/\/historiografija.hr\/?cat=3"},"img":{"alt_text":"","src":"https:\/\/i0.wp.com\/historiografija.hr\/wp-content\/uploads\/2026\/04\/Alain_Finkielkraut.jpg?fit=350%2C407&ssl=1&resize=350%2C200","width":350,"height":200},"classes":[]},{"id":52631,"url":"https:\/\/historiografija.hr\/?p=52631","url_meta":{"origin":20427,"position":2},"title":"Predavanje Ivana Tepe\u0161a: Djelovanje hrvatske politi\u010dke emigracije","author":"Branimir Jankovi\u0107","date":"23. travnja 2026.","format":false,"excerpt":"Odjel za me\u0111unarodnu suradnju i iseljeni\u0161tvo Matice hrvatske Predavanje Ivana Tepe\u0161a: Djelovanje hrvatske politi\u010dke emigracije Utorak, 28. travnja 2026. u 18:00 sati, Dvorana Ljudevita Jonkea (Mala dvorana MH), Strossmayerov trg 4, Zagreb dr. sc. Ivan Tepe\u0161, Institut za istra\u017eivanje migracija Hrvatska politi\u010dka emigracija obilje\u017eila je polustoljetnu hrvatsku povijest u drugoj\u2026","rel":"","context":"U &quot;Novosti&quot;","block_context":{"text":"Novosti","link":"https:\/\/historiografija.hr\/?cat=3"},"img":{"alt_text":"","src":"","width":0,"height":0},"classes":[]},{"id":52505,"url":"https:\/\/historiografija.hr\/?p=52505","url_meta":{"origin":20427,"position":3},"title":"Izlo\u017eba &#8220;Eschenstock \/ Jasenov prut&#8221;","author":"Branimir Jankovi\u0107","date":"17. travnja 2026.","format":false,"excerpt":"Srpsko narodno vije\u0107e (SNV) i Vizura aperta postavljaju izlo\u017ebu \u0161vicarskog slikara Velimira Ili\u0161evi\u0107a: Eschenstock \/ Jasenov prut. Izlo\u017eba se uz prisustvo autora otvara povodom 81. godi\u0161njice proboja logora\u0161a iz usta\u0161kog logora smrti Jasenovac 22. aprila 2026. u 19 sati u Srpskom kulturnom centru (SKC) u Preradovi\u0107evoj ulici 21 u Zagrebu.\u2026","rel":"","context":"U &quot;Izlo\u017ebe&quot;","block_context":{"text":"Izlo\u017ebe","link":"https:\/\/historiografija.hr\/?cat=10"},"img":{"alt_text":"","src":"https:\/\/i0.wp.com\/historiografija.hr\/wp-content\/uploads\/2026\/04\/Jasenov_prut.jpg?fit=1024%2C640&ssl=1&resize=350%2C200","width":350,"height":200,"srcset":"https:\/\/i0.wp.com\/historiografija.hr\/wp-content\/uploads\/2026\/04\/Jasenov_prut.jpg?fit=1024%2C640&ssl=1&resize=350%2C200 1x, https:\/\/i0.wp.com\/historiografija.hr\/wp-content\/uploads\/2026\/04\/Jasenov_prut.jpg?fit=1024%2C640&ssl=1&resize=525%2C300 1.5x, https:\/\/i0.wp.com\/historiografija.hr\/wp-content\/uploads\/2026\/04\/Jasenov_prut.jpg?fit=1024%2C640&ssl=1&resize=700%2C400 2x"},"classes":[]},{"id":52508,"url":"https:\/\/historiografija.hr\/?p=52508","url_meta":{"origin":20427,"position":4},"title":"Glazbena radionica \u201eDUGMETARA REVISITED\u201c","author":"Branimir Jankovi\u0107","date":"17. travnja 2026.","format":false,"excerpt":"DUGMETARA REVISITED glazbena radionica vodi: Ana Horvat 13., 20. i 27. travnja, od 18 do 20 sati Radiona, Nova cesta 186 Na tri radioni\u010dka susreta uranjamo u naslje\u0111e Dugmetare, biv\u0161e tvornice dugmadi na Savskoj cesti koja je po\u010detkom 2000-ih igrom slu\u010daja postala \u017eivo, jedinstveno mjesto glazbene proizvodnje. Svoje su probe\u2026","rel":"","context":"U &quot;Novosti&quot;","block_context":{"text":"Novosti","link":"https:\/\/historiografija.hr\/?cat=3"},"img":{"alt_text":"","src":"https:\/\/i0.wp.com\/historiografija.hr\/wp-content\/uploads\/2026\/04\/TRESNJA_TRESTI.jpg?fit=380%2C475&ssl=1&resize=350%2C200","width":350,"height":200},"classes":[]},{"id":52592,"url":"https:\/\/historiografija.hr\/?p=52592","url_meta":{"origin":20427,"position":5},"title":"Predstavljanje knjige &#8220;Turska ku\u0107a u Rijeci&#8221; u Zagrebu","author":"Branimir Jankovi\u0107","date":"22. travnja 2026.","format":false,"excerpt":"U prostorijama Turskog kulturnog centra Yunus Emre u Zagrebu, u utorak 21. travnja 2026. godine, odr\u017eano je sve\u010dano predstavljanje dopunjenog izdanja knjige Turska ku\u0107a u Rijeci, u organizaciji Hrvatsko-turskog dru\u0161tva Rijeka i partnerstvu sa Skupinom prijateljstva Hrvatska-Turska Hrvatskog sabora, Veleposlanstvom Republike Turske u Republici Hrvatskoj te Turskim kulturnim centrom Yunus\u2026","rel":"","context":"U &quot;Novosti&quot;","block_context":{"text":"Novosti","link":"https:\/\/historiografija.hr\/?cat=3"},"img":{"alt_text":"","src":"https:\/\/i0.wp.com\/historiografija.hr\/wp-content\/uploads\/2026\/04\/Turska-kuca-ZG.jpg?fit=1200%2C800&ssl=1&resize=350%2C200","width":350,"height":200,"srcset":"https:\/\/i0.wp.com\/historiografija.hr\/wp-content\/uploads\/2026\/04\/Turska-kuca-ZG.jpg?fit=1200%2C800&ssl=1&resize=350%2C200 1x, https:\/\/i0.wp.com\/historiografija.hr\/wp-content\/uploads\/2026\/04\/Turska-kuca-ZG.jpg?fit=1200%2C800&ssl=1&resize=525%2C300 1.5x, https:\/\/i0.wp.com\/historiografija.hr\/wp-content\/uploads\/2026\/04\/Turska-kuca-ZG.jpg?fit=1200%2C800&ssl=1&resize=700%2C400 2x, https:\/\/i0.wp.com\/historiografija.hr\/wp-content\/uploads\/2026\/04\/Turska-kuca-ZG.jpg?fit=1200%2C800&ssl=1&resize=1050%2C600 3x"},"classes":[]}],"_links":{"self":[{"href":"https:\/\/historiografija.hr\/index.php?rest_route=\/wp\/v2\/posts\/20427","targetHints":{"allow":["GET"]}}],"collection":[{"href":"https:\/\/historiografija.hr\/index.php?rest_route=\/wp\/v2\/posts"}],"about":[{"href":"https:\/\/historiografija.hr\/index.php?rest_route=\/wp\/v2\/types\/post"}],"author":[{"embeddable":true,"href":"https:\/\/historiografija.hr\/index.php?rest_route=\/wp\/v2\/users\/2"}],"replies":[{"embeddable":true,"href":"https:\/\/historiografija.hr\/index.php?rest_route=%2Fwp%2Fv2%2Fcomments&post=20427"}],"version-history":[{"count":2,"href":"https:\/\/historiografija.hr\/index.php?rest_route=\/wp\/v2\/posts\/20427\/revisions"}],"predecessor-version":[{"id":20430,"href":"https:\/\/historiografija.hr\/index.php?rest_route=\/wp\/v2\/posts\/20427\/revisions\/20430"}],"wp:featuredmedia":[{"embeddable":true,"href":"https:\/\/historiografija.hr\/index.php?rest_route=\/wp\/v2\/media\/20428"}],"wp:attachment":[{"href":"https:\/\/historiografija.hr\/index.php?rest_route=%2Fwp%2Fv2%2Fmedia&parent=20427"}],"wp:term":[{"taxonomy":"category","embeddable":true,"href":"https:\/\/historiografija.hr\/index.php?rest_route=%2Fwp%2Fv2%2Fcategories&post=20427"},{"taxonomy":"post_tag","embeddable":true,"href":"https:\/\/historiografija.hr\/index.php?rest_route=%2Fwp%2Fv2%2Ftags&post=20427"}],"curies":[{"name":"wp","href":"https:\/\/api.w.org\/{rel}","templated":true}]}}