{"id":20416,"date":"2020-04-21T14:24:16","date_gmt":"2020-04-21T14:24:16","guid":{"rendered":"http:\/\/historiografija.hr\/?p=20416"},"modified":"2020-04-21T14:24:52","modified_gmt":"2020-04-21T14:24:52","slug":"poziv-na-covid-19-u-humanistickoj-perspektivi-mutacije-straha-i-kulturne-promjene","status":"publish","type":"post","link":"https:\/\/historiografija.hr\/?p=20416","title":{"rendered":"Poziv za prijavu na skup &#8220;Covid-19 u humanisti\u010dkoj perspektivi: mutacije straha i kulturne promjene&#8221;"},"content":{"rendered":"<p>Institut za etnologiju i folkloristiku i projekt HRZZ-a \u201cNaracije straha: Od starih zapisa do nove usmenosti\u201d pozivaju na prijavu panela i pojedina\u010dnih izlaganja za znanstveni skup s me\u0111unarodnim sudjelovanjem \u201cCOVID-19 u humanisti\u010dkoj perspektivi: mutacije straha i kulturne promjene\u201d (Zagreb, 28. i 29. rujna 2020.).<\/p>\n<p>&nbsp;<\/p>\n<p>Skup \u0107e se odr\u017eati u Institutu za etnologiju i folkloristiku u Zagrebu, \u0160ubi\u0107eva 42, 28. i 29. rujna 2020. godine. Predvi\u0111eno trajanje pojedina\u010dnih izlaganja je najdu\u017ee 15, a sesija do 60 minuta. U prijavi mora biti navedeno ime i prezime autora, institucija iz koje dolazi te naslov i sa\u017eetak izlaganja (do 300 rije\u010di), a u najavi tematske sesije\/panela treba prijaviti podatke o svakome izlaga\u010du te naslov i sa\u017eetak svakog izlaganja.<\/p>\n<p>&nbsp;<\/p>\n<p>Molimo da prijave po\u0161aljete na adresu jelena@ief.hr i ivana@ief.hr do 25. lipnja 2020. godine.<\/p>\n<p>&nbsp;<\/p>\n<p>Napominjemo da \u0107e se Organizacijski odbor strogo dr\u017eati preporuka nadle\u017enih tijela o sprje\u010davanju \u0161irenja zaraze te da \u0107e sukladno njima omogu\u0107iti i online sudjelovanja ukoliko to bude potrebno.<\/p>\n<p>&nbsp;<\/p>\n<p>Poziv:<\/p>\n<p><a href=\"http:\/\/www.ief.hr\/\">http:\/\/www.ief.hr\/<\/a><\/p>\n<p><a href=\"http:\/\/www.ief.hr\/wp-content\/uploads\/2020\/04\/POZIV-ZA-SKUP-COVID19.pdf\">http:\/\/www.ief.hr\/wp-content\/uploads\/2020\/04\/POZIV-ZA-SKUP-COVID19.pdf<\/a><\/p>\n<p><a href=\"https:\/\/www.hina.hr\/vijest\/10346066\">https:\/\/www.hina.hr\/vijest\/10346066<\/a><\/p>\n<p><a href=\"https:\/\/www.culturenet.hr\/default.aspx?id=97248\">https:\/\/www.culturenet.hr\/default.aspx?id=97248<\/a><\/p>\n<p>&nbsp;<\/p>\n<p>&nbsp;<\/p>\n","protected":false},"excerpt":{"rendered":"","protected":false},"author":2,"featured_media":18116,"comment_status":"open","ping_status":"open","sticky":false,"template":"","format":"standard","meta":{"_acf_changed":false,"jetpack_post_was_ever_published":false,"_jetpack_newsletter_access":"","_jetpack_dont_email_post_to_subs":false,"_jetpack_newsletter_tier_id":0,"_jetpack_memberships_contains_paywalled_content":false,"_jetpack_memberships_contains_paid_content":false,"footnotes":"","jetpack_publicize_message":"","jetpack_publicize_feature_enabled":true,"jetpack_social_post_already_shared":true,"jetpack_social_options":{"image_generator_settings":{"template":"highway","default_image_id":0,"font":"","enabled":false},"version":2}},"categories":[3,9],"tags":[],"class_list":["post-20416","post","type-post","status-publish","format-standard","has-post-thumbnail","hentry","category-novosti","category-skupovi"],"acf":{"facebook_opis":""},"jetpack_publicize_connections":[],"jetpack_featured_media_url":"https:\/\/i0.wp.com\/historiografija.hr\/wp-content\/uploads\/2019\/12\/ief-logo.jpg?fit=600%2C280&ssl=1","jetpack_sharing_enabled":true,"jetpack-related-posts":[{"id":52148,"url":"https:\/\/historiografija.hr\/?p=52148","url_meta":{"origin":20416,"position":0},"title":"Poziv za prijavu na me\u0111unarodnu znanstvenu konferenciju \u201eGranice (ne)slobode: Zadarski krug 1966. Intelektualna opozicija u totalitarnom dru\u0161tvu\u201c","author":"Branimir Jankovi\u0107","date":"27. o\u017eujka 2026.","format":false,"excerpt":"\u00a0\u00a0\u00a0\u00a0 Povodom \u0161ezdesete obljetnice poku\u0161aja osnivanja \u010dasopisa Slobodan glas u Zadru 1966. godine, pozivamo vas na znanstvenu konferenciju posve\u0107enu istra\u017eivanju disidentstva, intelektualne opozicije i granica divergentnog mi\u0161ljenja nasuprot slu\u017ebenoj ideologiji u komunisti\u010dkoj Jugoslaviji. Ideja konferencije je analizirati konkretan fenomen zadarskog slu\u010daja razloge i okolnosti njegove pojave, ali uz otvaranje komparativnih\u2026","rel":"","context":"U &quot;Novosti&quot;","block_context":{"text":"Novosti","link":"https:\/\/historiografija.hr\/?cat=3"},"img":{"alt_text":"","src":"https:\/\/i0.wp.com\/historiografija.hr\/wp-content\/uploads\/2026\/03\/Poziv-konferencija-Zadar.jpg?fit=1200%2C509&ssl=1&resize=350%2C200","width":350,"height":200,"srcset":"https:\/\/i0.wp.com\/historiografija.hr\/wp-content\/uploads\/2026\/03\/Poziv-konferencija-Zadar.jpg?fit=1200%2C509&ssl=1&resize=350%2C200 1x, https:\/\/i0.wp.com\/historiografija.hr\/wp-content\/uploads\/2026\/03\/Poziv-konferencija-Zadar.jpg?fit=1200%2C509&ssl=1&resize=525%2C300 1.5x, https:\/\/i0.wp.com\/historiografija.hr\/wp-content\/uploads\/2026\/03\/Poziv-konferencija-Zadar.jpg?fit=1200%2C509&ssl=1&resize=700%2C400 2x, https:\/\/i0.wp.com\/historiografija.hr\/wp-content\/uploads\/2026\/03\/Poziv-konferencija-Zadar.jpg?fit=1200%2C509&ssl=1&resize=1050%2C600 3x"},"classes":[]},{"id":52543,"url":"https:\/\/historiografija.hr\/?p=52543","url_meta":{"origin":20416,"position":1},"title":"Znanstveno-stru\u010dni skup \u201eOto\u010dne pu\u010dke pobo\u017enosti: kontinuiteti i transformacije\u201c","author":"Branimir Jankovi\u0107","date":"20. travnja 2026.","format":false,"excerpt":"Najavljujemo\u00a0znanstveno-stru\u010dni skup \u201eOto\u010dne pu\u010dke pobo\u017enosti: kontinuiteti i transformacije\u201c,\u00a0koji \u0107e se odr\u017eati\u00a0u Rabu od 24. do 26. travnja 2026.,\u00a0u organizaciji i uz potporu\u00a0Instituta za etnologiju i folkloristiku, Zagreb, \u00a0Grada Raba, Pu\u010dkog otvorenog u\u010dili\u0161ta Rab i Centra za istra\u017eivanje srednjovjekovne ba\u0161tine Jadrana RIMAH. Skup okuplja vode\u0107e doma\u0107e stru\u010dnjake koji \u0107e kroz niz\u2026","rel":"","context":"U &quot;Novosti&quot;","block_context":{"text":"Novosti","link":"https:\/\/historiografija.hr\/?cat=3"},"img":{"alt_text":"","src":"https:\/\/i0.wp.com\/historiografija.hr\/wp-content\/uploads\/2026\/04\/Skup_Rab.jpg?fit=848%2C1200&ssl=1&resize=350%2C200","width":350,"height":200,"srcset":"https:\/\/i0.wp.com\/historiografija.hr\/wp-content\/uploads\/2026\/04\/Skup_Rab.jpg?fit=848%2C1200&ssl=1&resize=350%2C200 1x, https:\/\/i0.wp.com\/historiografija.hr\/wp-content\/uploads\/2026\/04\/Skup_Rab.jpg?fit=848%2C1200&ssl=1&resize=525%2C300 1.5x, https:\/\/i0.wp.com\/historiografija.hr\/wp-content\/uploads\/2026\/04\/Skup_Rab.jpg?fit=848%2C1200&ssl=1&resize=700%2C400 2x"},"classes":[]},{"id":52578,"url":"https:\/\/historiografija.hr\/?p=52578","url_meta":{"origin":20416,"position":2},"title":"Poziv za sudjelovanje: XXII. Dani Julija Bene\u0161i\u0107a u Iloku","author":"Branimir Jankovi\u0107","date":"21. travnja 2026.","format":false,"excerpt":"Zavod za lingvisti\u010dka istra\u017eivanja Hrvatske akademije znanosti i umjetnosti, zajedno s Muzejom grada Iloka, organizira XXII. Dane Julija Bene\u0161i\u0107a, koji \u0107e se odr\u017eati od 28. do 30. listopada 2026. u Iloku.\u00a0Teme ovogodi\u0161njih Dana podijeljene su u dvije cjeline: Knji\u017eevno-jezikoslovni d\u00ecv\u0101n s Bene\u0161i\u0107em te Ilok i Srijem u povijesnim stalnicama i\u2026","rel":"","context":"U &quot;Novosti&quot;","block_context":{"text":"Novosti","link":"https:\/\/historiografija.hr\/?cat=3"},"img":{"alt_text":"","src":"https:\/\/i0.wp.com\/historiografija.hr\/wp-content\/uploads\/2019\/10\/HE2_Benesic.jpg?fit=413%2C591&ssl=1&resize=350%2C200","width":350,"height":200},"classes":[]},{"id":52502,"url":"https:\/\/historiografija.hr\/?p=52502","url_meta":{"origin":20416,"position":3},"title":"Novi znanstveni projekt Hrvatskog instituta za povijest: \u201c\u017drtve ratova i dr\u017eavnog\/politi\u010dkog nasilja u hrvatskoj povijesti 20. stolje\u0107a\u201d","author":"Branimir Jankovi\u0107","date":"17. travnja 2026.","format":false,"excerpt":"Na redovitoj sjednici Vlade RH, 16. travnja 2026., donijet je Zaklju\u010dak kojim se pokre\u0107e znanstveni projekt \u201c\u017drtve ratova i dr\u017eavnog\/politi\u010dkog nasilja u hrvatskoj povijesti 20. stolje\u0107a\u201d. Projekt \u0107e provoditi i koordinirati Hrvatski institut za povijest u razdoblju trajanja projekta od pet godina. Zakljucak Vlade RH Iz teksta projektnog prijedloga: Problematika\u2026","rel":"","context":"U &quot;Novosti&quot;","block_context":{"text":"Novosti","link":"https:\/\/historiografija.hr\/?cat=3"},"img":{"alt_text":"","src":"https:\/\/i0.wp.com\/historiografija.hr\/wp-content\/uploads\/2026\/04\/Vlada-RH.jpg?fit=1200%2C557&ssl=1&resize=350%2C200","width":350,"height":200,"srcset":"https:\/\/i0.wp.com\/historiografija.hr\/wp-content\/uploads\/2026\/04\/Vlada-RH.jpg?fit=1200%2C557&ssl=1&resize=350%2C200 1x, https:\/\/i0.wp.com\/historiografija.hr\/wp-content\/uploads\/2026\/04\/Vlada-RH.jpg?fit=1200%2C557&ssl=1&resize=525%2C300 1.5x, https:\/\/i0.wp.com\/historiografija.hr\/wp-content\/uploads\/2026\/04\/Vlada-RH.jpg?fit=1200%2C557&ssl=1&resize=700%2C400 2x, https:\/\/i0.wp.com\/historiografija.hr\/wp-content\/uploads\/2026\/04\/Vlada-RH.jpg?fit=1200%2C557&ssl=1&resize=1050%2C600 3x"},"classes":[]},{"id":52616,"url":"https:\/\/historiografija.hr\/?p=52616","url_meta":{"origin":20416,"position":4},"title":"No\u0107 knjige 2026.","author":"Branimir Jankovi\u0107","date":"22. travnja 2026.","format":false,"excerpt":"Slavljeni\u010dka 15. No\u0107 knjige odr\u017eat \u0107e se 23. travnja diljem Hrvatske u povodu Svjetskog dana knjige i autorskih prava te Dana hrvatske knjige. S vi\u0161e od 1.000 prijavljenih programa i akcija s pravom nosi epitet najmasovnije doma\u0107e kulturne manifestacije, a ove \u0107e godine prote\u0107i u znaku mira, razumijevanja, tolerancije, srodnosti\u2026","rel":"","context":"U &quot;Novosti&quot;","block_context":{"text":"Novosti","link":"https:\/\/historiografija.hr\/?cat=3"},"img":{"alt_text":"","src":"https:\/\/i0.wp.com\/historiografija.hr\/wp-content\/uploads\/2026\/04\/noc_knjige_2026.jpg?fit=680%2C276&ssl=1&resize=350%2C200","width":350,"height":200,"srcset":"https:\/\/i0.wp.com\/historiografija.hr\/wp-content\/uploads\/2026\/04\/noc_knjige_2026.jpg?fit=680%2C276&ssl=1&resize=350%2C200 1x, https:\/\/i0.wp.com\/historiografija.hr\/wp-content\/uploads\/2026\/04\/noc_knjige_2026.jpg?fit=680%2C276&ssl=1&resize=525%2C300 1.5x"},"classes":[]},{"id":52592,"url":"https:\/\/historiografija.hr\/?p=52592","url_meta":{"origin":20416,"position":5},"title":"Predstavljanje knjige &#8220;Turska ku\u0107a u Rijeci&#8221; u Zagrebu","author":"Branimir Jankovi\u0107","date":"22. travnja 2026.","format":false,"excerpt":"U prostorijama Turskog kulturnog centra Yunus Emre u Zagrebu, u utorak 21. travnja 2026. godine, odr\u017eano je sve\u010dano predstavljanje dopunjenog izdanja knjige Turska ku\u0107a u Rijeci, u organizaciji Hrvatsko-turskog dru\u0161tva Rijeka i partnerstvu sa Skupinom prijateljstva Hrvatska-Turska Hrvatskog sabora, Veleposlanstvom Republike Turske u Republici Hrvatskoj te Turskim kulturnim centrom Yunus\u2026","rel":"","context":"U &quot;Novosti&quot;","block_context":{"text":"Novosti","link":"https:\/\/historiografija.hr\/?cat=3"},"img":{"alt_text":"","src":"https:\/\/i0.wp.com\/historiografija.hr\/wp-content\/uploads\/2026\/04\/Turska-kuca-ZG.jpg?fit=1200%2C800&ssl=1&resize=350%2C200","width":350,"height":200,"srcset":"https:\/\/i0.wp.com\/historiografija.hr\/wp-content\/uploads\/2026\/04\/Turska-kuca-ZG.jpg?fit=1200%2C800&ssl=1&resize=350%2C200 1x, https:\/\/i0.wp.com\/historiografija.hr\/wp-content\/uploads\/2026\/04\/Turska-kuca-ZG.jpg?fit=1200%2C800&ssl=1&resize=525%2C300 1.5x, https:\/\/i0.wp.com\/historiografija.hr\/wp-content\/uploads\/2026\/04\/Turska-kuca-ZG.jpg?fit=1200%2C800&ssl=1&resize=700%2C400 2x, https:\/\/i0.wp.com\/historiografija.hr\/wp-content\/uploads\/2026\/04\/Turska-kuca-ZG.jpg?fit=1200%2C800&ssl=1&resize=1050%2C600 3x"},"classes":[]}],"_links":{"self":[{"href":"https:\/\/historiografija.hr\/index.php?rest_route=\/wp\/v2\/posts\/20416","targetHints":{"allow":["GET"]}}],"collection":[{"href":"https:\/\/historiografija.hr\/index.php?rest_route=\/wp\/v2\/posts"}],"about":[{"href":"https:\/\/historiografija.hr\/index.php?rest_route=\/wp\/v2\/types\/post"}],"author":[{"embeddable":true,"href":"https:\/\/historiografija.hr\/index.php?rest_route=\/wp\/v2\/users\/2"}],"replies":[{"embeddable":true,"href":"https:\/\/historiografija.hr\/index.php?rest_route=%2Fwp%2Fv2%2Fcomments&post=20416"}],"version-history":[{"count":2,"href":"https:\/\/historiografija.hr\/index.php?rest_route=\/wp\/v2\/posts\/20416\/revisions"}],"predecessor-version":[{"id":20418,"href":"https:\/\/historiografija.hr\/index.php?rest_route=\/wp\/v2\/posts\/20416\/revisions\/20418"}],"wp:featuredmedia":[{"embeddable":true,"href":"https:\/\/historiografija.hr\/index.php?rest_route=\/wp\/v2\/media\/18116"}],"wp:attachment":[{"href":"https:\/\/historiografija.hr\/index.php?rest_route=%2Fwp%2Fv2%2Fmedia&parent=20416"}],"wp:term":[{"taxonomy":"category","embeddable":true,"href":"https:\/\/historiografija.hr\/index.php?rest_route=%2Fwp%2Fv2%2Fcategories&post=20416"},{"taxonomy":"post_tag","embeddable":true,"href":"https:\/\/historiografija.hr\/index.php?rest_route=%2Fwp%2Fv2%2Ftags&post=20416"}],"curies":[{"name":"wp","href":"https:\/\/api.w.org\/{rel}","templated":true}]}}