{"id":20411,"date":"2020-04-20T11:26:00","date_gmt":"2020-04-20T11:26:00","guid":{"rendered":"http:\/\/historiografija.hr\/?p=20411"},"modified":"2020-04-20T11:26:00","modified_gmt":"2020-04-20T11:26:00","slug":"cfp-flows-histories-and-politics-of-pollution-in-europe-17-20-century","status":"publish","type":"post","link":"https:\/\/historiografija.hr\/?p=20411","title":{"rendered":"CfP: Flows, Histories, and Politics of Pollution in Europe (17\u201320 Century)"},"content":{"rendered":"<p>The contamination of air and water with industrial and residual wastes has in many ways influenced the birth of environmental movements across the world and the formation of environmental history as a discipline. It was the need to deal with the undesirable consequences of economic growth that aroused an academic interest in studying the histories of pollution. Works in this field started to appear already in the late 1950s, and then steadily increased\u2014not least due to Rachel Carson\u2019s book \u201cSilent Spring,\u201d which had a significant impact on popularization of environmentalist ideas in both Europe and the United States. Since the 1970s, many accounts detailing the struggles of air and water pollution caused by industrial waste were written from a national perspective: they primarily considered interrelations between industrialists, citizens, experts, and officials, and the formation of comprehensive environmental policies and anti-pollution legislation. Today, the history of pollution is one of the most elaborated topics in European environmental history. A number of established narratives have been formed about the gradual \u201cscientification\u201d and institutionalization of environmental policies and transitions, including those based around conflicts and collaborations between different social groups.<\/p>\n<p>The time has now come to view environmental pollution from a new angle. First of all, the current state of research provides good opportunities for new transcultural and transnational studies in this field. The comparison between different European states could promote deeper understandings of anti-pollution policies, features of environmental legislation, transfers of dangerous industrial and \u201cgreen\u201d technologies, and perspectives of collaboration on an international level.<\/p>\n<p>Secondly, the rapid development of the environmental humanities has opened up new methodological approaches to studying pollution, including perspectives from the field of new materiality: in historical studies, pollution has rarely been considered as a social and cultural construct that could have different meanings in different cultures. \u201cHow have you managed to resist and survive?\u201d\u2014this question, which Bruno Latour proposes to ask in his recent manifesto \u201cDown to Earth\u201d of those who had been subjected to the impact of modernization and economic development, should also be asked of those who have faced pollution crises in the past. In previous centuries, single types of pollution were understood, estimated, and fought in different ways depending on a place, social milieu, and official and informal borders. Understanding these differences across cultures and boundaries would shed more light on the perspectives of global environmental and anti-pollution policies. In this context, place means not only a geographical point, but rather a location together with its social and cultural background, which affected perceptions and spatial distributions of pollution in the past. Borders between different locations\u2014for example states, regions, urban territories, and countryside\u2014undoubtedly influenced anti-pollution policies and environmental impacts.<\/p>\n<p>The workshop aims to answer the following questions:<\/p>\n<p>&#8211; How did different European countries understand and fight environmental pollution? How did these perspectives and strategies influence each other and European environmental politics?<br \/>\n&#8211; How did people perceive the concept of waste and pollution in different times and cultures?<br \/>\n&#8211; Which places were considered acceptable and most effective for waste disposal and waste management practices?<br \/>\n&#8211; How is the history of environmental pollution written in different political and cultural contexts?<\/p>\n<p>This call for papers addresses historians and scholars in related fields. Both transnational and comparative presentations, as well as contributions to individual aspects of the history of pollution are welcomed. We ask for a short abstract (about 300 words) for papers to be presented (with a length of max. 20 minutes), which address the above questions. The conference language is English, but abstracts can be submitted in English, Russian, or German. The publication of a special issue of a journal is planned.<\/p>\n<p>Please send your proposal to Andrei Vinogradov by 1 June 2020, via email: AndreiVinogradov@gmail.com.<\/p>\n<p>Please note that the workshop may have to be postponed to a later date due to measures against COVID-19. Applicants will be informed in advance.<\/p>\n<p>&nbsp;<\/p>\n<p>Rachel Carson Center for Environment and Society, LMU M\u00fcnchen<\/p>\n<p>Datum: 28.08.2020 &#8211; 29.08.2020<\/p>\n<p>Bewerbungsschluss: 01.06.2020<\/p>\n<p>&nbsp;<\/p>\n<p><a href=\"https:\/\/www.hsozkult.de\/event\/id\/termine-42870\">https:\/\/www.hsozkult.de\/event\/id\/termine-42870<\/a><\/p>\n<p>&nbsp;<\/p>\n<p>&nbsp;<\/p>\n","protected":false},"excerpt":{"rendered":"","protected":false},"author":2,"featured_media":20412,"comment_status":"open","ping_status":"open","sticky":false,"template":"","format":"standard","meta":{"_acf_changed":false,"jetpack_post_was_ever_published":false,"_jetpack_newsletter_access":"","_jetpack_dont_email_post_to_subs":false,"_jetpack_newsletter_tier_id":0,"_jetpack_memberships_contains_paywalled_content":false,"_jetpack_memberships_contains_paid_content":false,"footnotes":"","jetpack_publicize_message":"","jetpack_publicize_feature_enabled":true,"jetpack_social_post_already_shared":true,"jetpack_social_options":{"image_generator_settings":{"template":"highway","default_image_id":0,"font":"","enabled":false},"version":2}},"categories":[3,9],"tags":[],"class_list":["post-20411","post","type-post","status-publish","format-standard","has-post-thumbnail","hentry","category-novosti","category-skupovi"],"acf":{"facebook_opis":""},"jetpack_publicize_connections":[],"jetpack_featured_media_url":"https:\/\/i0.wp.com\/historiografija.hr\/wp-content\/uploads\/2020\/04\/rachelcarson.jpg?fit=498%2C339&ssl=1","jetpack_sharing_enabled":true,"jetpack-related-posts":[{"id":52641,"url":"https:\/\/historiografija.hr\/?p=52641","url_meta":{"origin":20411,"position":0},"title":"CfP: WHO OWNS THE PAST? VERNACULAR MEMORY, STATE MEMORY, AND THE POLITICS OF OWNERSHIP","author":"Branimir Jankovi\u0107","date":"24. travnja 2026.","format":false,"excerpt":"VIENNA, 31ST AUGUST\u20133RD SEPTEMBER 2026 (DEADLINE: 24TH APRIL 2026) The Center for Austrian Studies at the European Forum at the Hebrew University and the Austrian Academy of Sciences\/Institute of Culture Studies invite early postdocs, PhD candidates, and advanced Master\u2019s students from the Hebrew University of Jerusalem and universities and academic\u2026","rel":"","context":"U &quot;Novosti&quot;","block_context":{"text":"Novosti","link":"https:\/\/historiografija.hr\/?cat=3"},"img":{"alt_text":"","src":"https:\/\/i0.wp.com\/historiografija.hr\/wp-content\/uploads\/2017\/10\/hsozkult.png?fit=1006%2C241&ssl=1&resize=350%2C200","width":350,"height":200,"srcset":"https:\/\/i0.wp.com\/historiografija.hr\/wp-content\/uploads\/2017\/10\/hsozkult.png?fit=1006%2C241&ssl=1&resize=350%2C200 1x, https:\/\/i0.wp.com\/historiografija.hr\/wp-content\/uploads\/2017\/10\/hsozkult.png?fit=1006%2C241&ssl=1&resize=525%2C300 1.5x, https:\/\/i0.wp.com\/historiografija.hr\/wp-content\/uploads\/2017\/10\/hsozkult.png?fit=1006%2C241&ssl=1&resize=700%2C400 2x"},"classes":[]},{"id":52622,"url":"https:\/\/historiografija.hr\/?p=52622","url_meta":{"origin":20411,"position":1},"title":"Annual CAPONEU conference: Political Novel in Europe Between Democracy and Authoritarianism","author":"Branimir Jankovi\u0107","date":"23. travnja 2026.","format":false,"excerpt":"Caponeu event 22.04.2026 - 24.04.2026 Location: The Faculty of Polish and Classical Philology AMU (Fredry 10, Pozna\u0144)Organized by: Tomasz Mizerkiewicz, Krystyna Pieni\u0105\u017cek-Markovi\u0107, Anna Gawarecka, Ewa Szperlik, Magda Potok, B\u0142a\u017cej Warkocki, Gerard Ronge (all Adam Mickiewicz University in Pozna\u0144)Contact: gerron@amu.edu.pl The Adam Mickiewicz University team, as part of the international CAPONEU\u2026","rel":"","context":"U &quot;Novosti&quot;","block_context":{"text":"Novosti","link":"https:\/\/historiografija.hr\/?cat=3"},"img":{"alt_text":"","src":"https:\/\/i0.wp.com\/historiografija.hr\/wp-content\/uploads\/2026\/04\/Caponeu-political-novel.jpg?fit=500%2C261&ssl=1&resize=350%2C200","width":350,"height":200},"classes":[]},{"id":52643,"url":"https:\/\/historiografija.hr\/?p=52643","url_meta":{"origin":20411,"position":2},"title":"BRACEWELL TRAVELLING SCHOLARSHIP\u202fFOR PHD STUDENTS (DEADLINE: 30TH APRIL 2026)","author":"Branimir Jankovi\u0107","date":"24. travnja 2026.","format":false,"excerpt":"The Bracewell Travelling Scholarship\u202fis funded by a gift from SSEES Emeritus Professor of History Wendy Bracewell, whose research examines South Slav history, and travel writing in eastern Europe. The Scholarship honours the long tradition of mutual curiosity between the UK and eastern, central and southeastern Europe by supporting PhD students\u2026","rel":"","context":"U &quot;Novosti&quot;","block_context":{"text":"Novosti","link":"https:\/\/historiografija.hr\/?cat=3"},"img":{"alt_text":"","src":"https:\/\/i0.wp.com\/historiografija.hr\/wp-content\/uploads\/2026\/04\/Bracewell-Travelling-Scholarship-.webp?fit=980%2C700&ssl=1&resize=350%2C200","width":350,"height":200,"srcset":"https:\/\/i0.wp.com\/historiografija.hr\/wp-content\/uploads\/2026\/04\/Bracewell-Travelling-Scholarship-.webp?fit=980%2C700&ssl=1&resize=350%2C200 1x, https:\/\/i0.wp.com\/historiografija.hr\/wp-content\/uploads\/2026\/04\/Bracewell-Travelling-Scholarship-.webp?fit=980%2C700&ssl=1&resize=525%2C300 1.5x, https:\/\/i0.wp.com\/historiografija.hr\/wp-content\/uploads\/2026\/04\/Bracewell-Travelling-Scholarship-.webp?fit=980%2C700&ssl=1&resize=700%2C400 2x"},"classes":[]},{"id":52148,"url":"https:\/\/historiografija.hr\/?p=52148","url_meta":{"origin":20411,"position":3},"title":"Poziv za prijavu na me\u0111unarodnu znanstvenu konferenciju \u201eGranice (ne)slobode: Zadarski krug 1966. Intelektualna opozicija u totalitarnom dru\u0161tvu\u201c","author":"Branimir Jankovi\u0107","date":"27. o\u017eujka 2026.","format":false,"excerpt":"\u00a0\u00a0\u00a0\u00a0 Povodom \u0161ezdesete obljetnice poku\u0161aja osnivanja \u010dasopisa Slobodan glas u Zadru 1966. godine, pozivamo vas na znanstvenu konferenciju posve\u0107enu istra\u017eivanju disidentstva, intelektualne opozicije i granica divergentnog mi\u0161ljenja nasuprot slu\u017ebenoj ideologiji u komunisti\u010dkoj Jugoslaviji. Ideja konferencije je analizirati konkretan fenomen zadarskog slu\u010daja razloge i okolnosti njegove pojave, ali uz otvaranje komparativnih\u2026","rel":"","context":"U &quot;Novosti&quot;","block_context":{"text":"Novosti","link":"https:\/\/historiografija.hr\/?cat=3"},"img":{"alt_text":"","src":"https:\/\/i0.wp.com\/historiografija.hr\/wp-content\/uploads\/2026\/03\/Poziv-konferencija-Zadar.jpg?fit=1200%2C509&ssl=1&resize=350%2C200","width":350,"height":200,"srcset":"https:\/\/i0.wp.com\/historiografija.hr\/wp-content\/uploads\/2026\/03\/Poziv-konferencija-Zadar.jpg?fit=1200%2C509&ssl=1&resize=350%2C200 1x, https:\/\/i0.wp.com\/historiografija.hr\/wp-content\/uploads\/2026\/03\/Poziv-konferencija-Zadar.jpg?fit=1200%2C509&ssl=1&resize=525%2C300 1.5x, https:\/\/i0.wp.com\/historiografija.hr\/wp-content\/uploads\/2026\/03\/Poziv-konferencija-Zadar.jpg?fit=1200%2C509&ssl=1&resize=700%2C400 2x, https:\/\/i0.wp.com\/historiografija.hr\/wp-content\/uploads\/2026\/03\/Poziv-konferencija-Zadar.jpg?fit=1200%2C509&ssl=1&resize=1050%2C600 3x"},"classes":[]}],"_links":{"self":[{"href":"https:\/\/historiografija.hr\/index.php?rest_route=\/wp\/v2\/posts\/20411","targetHints":{"allow":["GET"]}}],"collection":[{"href":"https:\/\/historiografija.hr\/index.php?rest_route=\/wp\/v2\/posts"}],"about":[{"href":"https:\/\/historiografija.hr\/index.php?rest_route=\/wp\/v2\/types\/post"}],"author":[{"embeddable":true,"href":"https:\/\/historiografija.hr\/index.php?rest_route=\/wp\/v2\/users\/2"}],"replies":[{"embeddable":true,"href":"https:\/\/historiografija.hr\/index.php?rest_route=%2Fwp%2Fv2%2Fcomments&post=20411"}],"version-history":[{"count":1,"href":"https:\/\/historiografija.hr\/index.php?rest_route=\/wp\/v2\/posts\/20411\/revisions"}],"predecessor-version":[{"id":20413,"href":"https:\/\/historiografija.hr\/index.php?rest_route=\/wp\/v2\/posts\/20411\/revisions\/20413"}],"wp:featuredmedia":[{"embeddable":true,"href":"https:\/\/historiografija.hr\/index.php?rest_route=\/wp\/v2\/media\/20412"}],"wp:attachment":[{"href":"https:\/\/historiografija.hr\/index.php?rest_route=%2Fwp%2Fv2%2Fmedia&parent=20411"}],"wp:term":[{"taxonomy":"category","embeddable":true,"href":"https:\/\/historiografija.hr\/index.php?rest_route=%2Fwp%2Fv2%2Fcategories&post=20411"},{"taxonomy":"post_tag","embeddable":true,"href":"https:\/\/historiografija.hr\/index.php?rest_route=%2Fwp%2Fv2%2Ftags&post=20411"}],"curies":[{"name":"wp","href":"https:\/\/api.w.org\/{rel}","templated":true}]}}