{"id":20368,"date":"2020-04-17T09:51:11","date_gmt":"2020-04-17T09:51:11","guid":{"rendered":"http:\/\/historiografija.hr\/?p=20368"},"modified":"2020-04-17T09:51:11","modified_gmt":"2020-04-17T09:51:11","slug":"mate-nikola-tokic-croatian-radical-separatism-and-diaspora-terrorism-during-the-cold-war","status":"publish","type":"post","link":"https:\/\/historiografija.hr\/?p=20368","title":{"rendered":"Mate Nikola Toki\u0107, \u201cCroatian Radical Separatism and Diaspora Terrorism During the Cold War\u201d"},"content":{"rendered":"<p><em>Croatian Radical Separatism and Diaspora Terrorism During the Cold War<\/em> examines one of the most active but least remembered groups of terrorists of the Cold War: radical anti-Yugoslav Croatian separatists. Operating in countries as widely dispersed as Sweden, Australia, Argentina, West Germany, and the United States, Croatian extremists were responsible for scores of bombings, numerous attempted and successful assassinations, two guerilla incursions into socialist Yugoslavia, and two airplane hijackings during the height of the Cold War. In Australia alone, Croatian separatists carried out no less than sixty-five significant acts of violence in one ten-year period. Diaspora Croats developed one of the most far-reaching terrorist networks of the Cold War and, in total, committed on average one act of terror every five weeks worldwide between 1962 and 1980.<\/p>\n<p>&nbsp;<\/p>\n<p>Toki\u0107 focuses on the social and political factors that radicalized certain segments of the Croatian diaspora population during the Cold War and the conditions that led them to embrace terrorism as an acceptable form of political expression. At its core, this book is concerned with the discourses and practices of radicalization\u2014the ways in which both individuals and groups who engage in terrorism construct a particular image of the world to justify their actions. Drawing on exhaustive evidence from seventeen archives in ten countries on three continents\u2014including diplomatic communiqu\u00e9s, political pamphlets and manifestos, manuals on bomb-making, transcripts of police interrogations of terror suspects, and personal letters among terrorists\u2014Toki\u0107 tells the comprehensive story of one of the Cold War\u2019s most compelling global political movements.<\/p>\n<p>&nbsp;<\/p>\n<p><strong>Mate Nikola Toki\u0107<\/strong> is Humanities Initiative Visiting Professor in the Department of History and School of Public Policy at the Central European University (CEU). He received his PhD in history from the University of Pennsylvania. Prior to joining the CEU, Toki\u0107 was an assistant professor of European and East European history at the American University in Cairo. He has also held positions at a number of Europe\u2019s leading research institutes: the Robert Schuman Centre for Advanced Studies at the European University Institute in Florence, the Berlin Program for Advanced German and European Studies at the Freie Universit\u00e4t Berlin, the Institute for Advanced Study at the Central European University in Budapest, the Imre Kert\u00e9sz Kolleg at the Friedrich Schiller Universit\u00e4t Jena, and most recently, the Center for Advanced Studies of Southeastern Europe at the University of Rijeka. In addition to his work on political violence and radicalization among diaspora Croats, he has worked extensively on the relationship between social memory and political legitimacy in socialist Yugoslavia.<\/p>\n<p>&nbsp;<\/p>\n<p>publisher: Purdue University Press<\/p>\n<p>pub. date: 04\/15\/2020<\/p>\n<p>page count: 314pp<\/p>\n<p>&nbsp;<\/p>\n<p><a href=\"http:\/\/www.thepress.purdue.edu\/titles\/format\/9781557538918\">http:\/\/www.thepress.purdue.edu\/titles\/format\/9781557538918<\/a><\/p>\n<p>&nbsp;<\/p>\n<p>&nbsp;<\/p>\n","protected":false},"excerpt":{"rendered":"","protected":false},"author":2,"featured_media":20369,"comment_status":"open","ping_status":"open","sticky":false,"template":"","format":"standard","meta":{"_acf_changed":false,"jetpack_post_was_ever_published":false,"_jetpack_newsletter_access":"","_jetpack_dont_email_post_to_subs":false,"_jetpack_newsletter_tier_id":0,"_jetpack_memberships_contains_paywalled_content":false,"_jetpack_memberships_contains_paid_content":false,"footnotes":"","jetpack_publicize_message":"","jetpack_publicize_feature_enabled":true,"jetpack_social_post_already_shared":true,"jetpack_social_options":{"image_generator_settings":{"template":"highway","default_image_id":0,"font":"","enabled":false},"version":2}},"categories":[8,3],"tags":[],"class_list":["post-20368","post","type-post","status-publish","format-standard","has-post-thumbnail","hentry","category-knjige","category-novosti"],"acf":{"facebook_opis":""},"jetpack_publicize_connections":[],"jetpack_featured_media_url":"https:\/\/i0.wp.com\/historiografija.hr\/wp-content\/uploads\/2020\/04\/Tokic.jpg?fit=1707%2C2560&ssl=1","jetpack_sharing_enabled":true,"jetpack-related-posts":[{"id":52673,"url":"https:\/\/historiografija.hr\/?p=52673","url_meta":{"origin":20368,"position":0},"title":"TWO POSTDOCTORAL POSITIONS IN THE &#8220;PROLETGARD ERC STARTING GRANT PROJECT&#8221;, KASS\u00c1K FOUNDATION, BUDAPEST (DEADLINE: 1ST MAY 2026)","author":"Branimir Jankovi\u0107","date":"27. travnja 2026.","format":false,"excerpt":"This five-year ERC-funded project examines how avant-garde art contributed to the formation of a workers\u2019 movement counterculture in East Central Europe after 1918. It argues that socialist and avant-garde periodicals, groups, and figures shaped both avant-garde culture and transnational workers\u2019 movements. Focusing on the successor states of the Austro\u2013Hungarian Empire\u2026","rel":"","context":"U &quot;Novosti&quot;","block_context":{"text":"Novosti","link":"https:\/\/historiografija.hr\/?cat=3"},"img":{"alt_text":"","src":"https:\/\/i0.wp.com\/historiografija.hr\/wp-content\/uploads\/2017\/10\/hsozkult.png?fit=1006%2C241&ssl=1&resize=350%2C200","width":350,"height":200,"srcset":"https:\/\/i0.wp.com\/historiografija.hr\/wp-content\/uploads\/2017\/10\/hsozkult.png?fit=1006%2C241&ssl=1&resize=350%2C200 1x, https:\/\/i0.wp.com\/historiografija.hr\/wp-content\/uploads\/2017\/10\/hsozkult.png?fit=1006%2C241&ssl=1&resize=525%2C300 1.5x, https:\/\/i0.wp.com\/historiografija.hr\/wp-content\/uploads\/2017\/10\/hsozkult.png?fit=1006%2C241&ssl=1&resize=700%2C400 2x"},"classes":[]},{"id":52580,"url":"https:\/\/historiografija.hr\/?p=52580","url_meta":{"origin":20368,"position":1},"title":"Conference &#8220;Living in the aftermaths: Trauma, politics and survival in Yugoslavia and successor states, 1945 \u2013 present&#8221;","author":"Branimir Jankovi\u0107","date":"21. travnja 2026.","format":false,"excerpt":"The conference aims to explore how war-related psychological distress was experienced, narrated, debated and reframed in Yugoslavia in the second half of the twentieth century. It asks how the theme of wounded psyche and wartime suffering was addressed and acknowledged in political, psychiatric and broader cultural discourses of socialist Yugoslavia,\u2026","rel":"","context":"U &quot;Novosti&quot;","block_context":{"text":"Novosti","link":"https:\/\/historiografija.hr\/?cat=3"},"img":{"alt_text":"","src":"https:\/\/i0.wp.com\/historiografija.hr\/wp-content\/uploads\/2026\/04\/Battle_of_Neretva_Picasso_poster-Conference-Living-in-the-aftermaths.webp?fit=564%2C954&ssl=1&resize=350%2C200","width":350,"height":200,"srcset":"https:\/\/i0.wp.com\/historiografija.hr\/wp-content\/uploads\/2026\/04\/Battle_of_Neretva_Picasso_poster-Conference-Living-in-the-aftermaths.webp?fit=564%2C954&ssl=1&resize=350%2C200 1x, https:\/\/i0.wp.com\/historiografija.hr\/wp-content\/uploads\/2026\/04\/Battle_of_Neretva_Picasso_poster-Conference-Living-in-the-aftermaths.webp?fit=564%2C954&ssl=1&resize=525%2C300 1.5x"},"classes":[]},{"id":52516,"url":"https:\/\/historiografija.hr\/?p=52516","url_meta":{"origin":20368,"position":2},"title":"Marko Grde\u0161i\u0107, Mislav \u017ditko, \u201eSocialist Economics in Yugoslavia: A Critical History\u201c","author":"Branimir Jankovi\u0107","date":"17. travnja 2026.","format":false,"excerpt":"This book presents a critical history of Yugoslav socialist economics, from its inception in the late 1940s to its dissolution in the late 1980s. After the dramatic break with the Soviet Union in 1948, Yugoslavia found itself in urgent need of a third way: A socialist trajectory which would not\u2026","rel":"","context":"U &quot;Knjige&quot;","block_context":{"text":"Knjige","link":"https:\/\/historiografija.hr\/?cat=8"},"img":{"alt_text":"","src":"https:\/\/i0.wp.com\/historiografija.hr\/wp-content\/uploads\/2026\/04\/Zitko_Grdesic.jpg?fit=350%2C535&ssl=1&resize=350%2C200","width":350,"height":200},"classes":[]},{"id":52664,"url":"https:\/\/historiografija.hr\/?p=52664","url_meta":{"origin":20368,"position":3},"title":"CfP: CONFERENCE OF THE HISTORY OF CONCEPTS GROUP, HELSINKI, 19TH\u201321ST AUGUST 2026 (DEADLINE: 30TH APRIL 2026)","author":"Branimir Jankovi\u0107","date":"24. travnja 2026.","format":false,"excerpt":"The annual conference of the History of Concepts Group is held at the University of Helsinki, 19-21 August 2026. Conference of the History of Concepts Group Conceptual history studies the use of concepts and tries to understand how historical actors have linguistically articulated views of the world. Studying concepts from\u2026","rel":"","context":"U &quot;Novosti&quot;","block_context":{"text":"Novosti","link":"https:\/\/historiografija.hr\/?cat=3"},"img":{"alt_text":"","src":"https:\/\/i0.wp.com\/historiografija.hr\/wp-content\/uploads\/2017\/10\/hsozkult.png?fit=1006%2C241&ssl=1&resize=350%2C200","width":350,"height":200,"srcset":"https:\/\/i0.wp.com\/historiografija.hr\/wp-content\/uploads\/2017\/10\/hsozkult.png?fit=1006%2C241&ssl=1&resize=350%2C200 1x, https:\/\/i0.wp.com\/historiografija.hr\/wp-content\/uploads\/2017\/10\/hsozkult.png?fit=1006%2C241&ssl=1&resize=525%2C300 1.5x, https:\/\/i0.wp.com\/historiografija.hr\/wp-content\/uploads\/2017\/10\/hsozkult.png?fit=1006%2C241&ssl=1&resize=700%2C400 2x"},"classes":[]},{"id":52625,"url":"https:\/\/historiografija.hr\/?p=52625","url_meta":{"origin":20368,"position":4},"title":"Omer Bartov, \u201eIsrael: What Went Wrong?\u201c","author":"Branimir Jankovi\u0107","date":"23. travnja 2026.","format":false,"excerpt":"Professor Omer Bartov was born on a kibbutz, grew up in Tel Aviv and served in the Israel Defence Forces during the Yom Kippur War. He went on to become an expert on the German army and the Holocaust, before turning his attention to his native country.In Israel: What Went\u2026","rel":"","context":"U &quot;Knjige&quot;","block_context":{"text":"Knjige","link":"https:\/\/historiografija.hr\/?cat=8"},"img":{"alt_text":"","src":"https:\/\/i0.wp.com\/historiografija.hr\/wp-content\/uploads\/2026\/04\/Bartov.jpeg?fit=320%2C500&ssl=1&resize=350%2C200","width":350,"height":200},"classes":[]},{"id":52677,"url":"https:\/\/historiografija.hr\/?p=52677","url_meta":{"origin":20368,"position":5},"title":"CfP: NAVIGATING THE PAST, FACING THE PRESENT: CHALLENGES AND OPPORTUNITIES IN RE-PRESENTING CONFLICTS AND VIOLENCE IN MEMORY AND EDUCATION INSTITUTIONS, WARSAW, 22ND\u201324TH OCTOBER 2026 (DEADLINE: 30TH APRIL 2026)","author":"Branimir Jankovi\u0107","date":"27. travnja 2026.","format":false,"excerpt":"The conference and graduate workshop (October 22-24, 2026, Warsaw) addresses the representation of history in public and institutional contexts, with a focus beyond the often-studied field of \u201cmemory culture\u201d. Rather than emphasizing the politicization of memory and cultural institutions, the discussion shifts toward new methods, media, and challenges in historical\u2026","rel":"","context":"U &quot;Novosti&quot;","block_context":{"text":"Novosti","link":"https:\/\/historiografija.hr\/?cat=3"},"img":{"alt_text":"","src":"https:\/\/i0.wp.com\/historiografija.hr\/wp-content\/uploads\/2017\/10\/hsozkult.png?fit=1006%2C241&ssl=1&resize=350%2C200","width":350,"height":200,"srcset":"https:\/\/i0.wp.com\/historiografija.hr\/wp-content\/uploads\/2017\/10\/hsozkult.png?fit=1006%2C241&ssl=1&resize=350%2C200 1x, https:\/\/i0.wp.com\/historiografija.hr\/wp-content\/uploads\/2017\/10\/hsozkult.png?fit=1006%2C241&ssl=1&resize=525%2C300 1.5x, https:\/\/i0.wp.com\/historiografija.hr\/wp-content\/uploads\/2017\/10\/hsozkult.png?fit=1006%2C241&ssl=1&resize=700%2C400 2x"},"classes":[]}],"_links":{"self":[{"href":"https:\/\/historiografija.hr\/index.php?rest_route=\/wp\/v2\/posts\/20368","targetHints":{"allow":["GET"]}}],"collection":[{"href":"https:\/\/historiografija.hr\/index.php?rest_route=\/wp\/v2\/posts"}],"about":[{"href":"https:\/\/historiografija.hr\/index.php?rest_route=\/wp\/v2\/types\/post"}],"author":[{"embeddable":true,"href":"https:\/\/historiografija.hr\/index.php?rest_route=\/wp\/v2\/users\/2"}],"replies":[{"embeddable":true,"href":"https:\/\/historiografija.hr\/index.php?rest_route=%2Fwp%2Fv2%2Fcomments&post=20368"}],"version-history":[{"count":1,"href":"https:\/\/historiografija.hr\/index.php?rest_route=\/wp\/v2\/posts\/20368\/revisions"}],"predecessor-version":[{"id":20370,"href":"https:\/\/historiografija.hr\/index.php?rest_route=\/wp\/v2\/posts\/20368\/revisions\/20370"}],"wp:featuredmedia":[{"embeddable":true,"href":"https:\/\/historiografija.hr\/index.php?rest_route=\/wp\/v2\/media\/20369"}],"wp:attachment":[{"href":"https:\/\/historiografija.hr\/index.php?rest_route=%2Fwp%2Fv2%2Fmedia&parent=20368"}],"wp:term":[{"taxonomy":"category","embeddable":true,"href":"https:\/\/historiografija.hr\/index.php?rest_route=%2Fwp%2Fv2%2Fcategories&post=20368"},{"taxonomy":"post_tag","embeddable":true,"href":"https:\/\/historiografija.hr\/index.php?rest_route=%2Fwp%2Fv2%2Ftags&post=20368"}],"curies":[{"name":"wp","href":"https:\/\/api.w.org\/{rel}","templated":true}]}}