{"id":20361,"date":"2020-04-17T09:25:38","date_gmt":"2020-04-17T09:25:38","guid":{"rendered":"http:\/\/historiografija.hr\/?p=20361"},"modified":"2020-04-17T09:29:08","modified_gmt":"2020-04-17T09:29:08","slug":"rethinking-serbian-albanian-relations-figuring-out-the-enemy-edited-by-aleksandar-pavlovic-gazela-pudar-drasko-rigels-halili","status":"publish","type":"post","link":"https:\/\/historiografija.hr\/?p=20361","title":{"rendered":"Rethinking Serbian-Albanian Relations: Figuring out the Enemy. Edited by Aleksandar Pavlovi\u0107, Gazela Pudar Dra\u0161ko and Rigels Halili"},"content":{"rendered":"<p>Identifying and explaining common views, ideas and traditions, this volume challenges the concept of Serbian-Albanian hostility by reinvestigating recent and historical events in the region. The contributors put forward critically oriented initiatives and alternatives to shed light on a range of relations and perspectives.<\/p>\n<p>The central aim of the book is to \u2018figure out\u2019 the problematic relations between Serbs and Albanians \u2013 that is, to comprehend its origins and the actors involved, and to find ways to resolve and deal with this enmity. Treating the hostility as a construct of a long-running discourse about the Serbian or Albanian \u2018Other\u2019, scholars and intellectuals from Serbia, Kosovo and Albania examine the origins, channels, agents and mediums of this discourse from the 18th century to the present. Tracing the roots of the two ethnic groups&#8217; political divisions, contemporary practices and actions allows the contributors to reconsider mutually held negative perceptions and identify elements of a common, shared history. Examples of past and current cooperation are used to offer a critical analysis of all three societies.<\/p>\n<p>This interdisciplinary publication brings together historiographical, literary, sociological, political, anthropological and philosophical analyses and enquiries and will be of interest to researchers in the fields of sociology, politics, cultural studies, history or anthropology; and to academics working in Slavonic and East European studies.<\/p>\n<p>&nbsp;<\/p>\n<p><strong>Table of Contents<\/strong><\/p>\n<p>Chapter 1 \u2013 Forging the Enemy: the Transformation of Common Serbian-Albanian Traits into Enmity and Political Hostility<\/p>\n<p><em>Aleksandar Pavlovi\u0107<\/em><\/p>\n<p>Chapter 2 \u2013 Producing Old Serbia: in the Footsteps of Travel Writers, on the Path of Folklore<\/p>\n<p><em>Sr\u0111an Atanasovski<\/em><\/p>\n<p>Chapter 3 \u2013 &#8220;Reconquista of Old Serbia&#8221;<\/p>\n<p>On the Continuity of Territorial and Demographic Policy in Kosovo<\/p>\n<p><em>Vladan Jovanovi\u0107<\/em><\/p>\n<p>Chapter 4 The Burden of Systemic Legitimization in Socialist Yugoslavia: Discursive Reduction of Kosovo Protests<\/p>\n<p><em>Marjan Ivkovi\u0107, Tamara Petrovi\u0107 Trifunovi\u0107 and Sr\u0111an Prodanovi\u0107<\/em><\/p>\n<p>Chapter 5 Seeing Each Other: Nesting Orientalisms and Internal Balkanism among the Albanians and South Slavs in the Former Yugoslavia<\/p>\n<p><em>Atdhe Hetemi<\/em><\/p>\n<p>Chapter 6 \u2013 Conflicted Narratives: The 1998-1999 Kosovo War in History Textbooks in Kosovo and Serbia<\/p>\n<p><em>Shk\u00eblzen Gashi<\/em><\/p>\n<p>Chapter 7 \u2013 Figure of the Other as an Open Project: Literary Works of Albanian Authors from Albania and Kosovo Translated in Serbia<\/p>\n<p><em>Sa\u0161a \u0106iri\u0107<\/em><\/p>\n<p>Chapter 8 \u2013<em> We, Sons<\/em> <em>of the Nation<\/em>: Intellectuals as Generators of Albanian and Serbian National Ideas and Programs<\/p>\n<p><em>Rigels Halili<\/em><\/p>\n<p>Chapter 9 \u2013 The Symbolism of Impotence: Intellectuals and Serbian-Albanian Relations in the Post-Yugoslav Period<\/p>\n<p><em>Gazela Pudar Dra\u0161ko<\/em><\/p>\n<p>Chapter 10 \u2013 Serbian-Albanian Mixed Marriages: When Patriarchy Breaks Nationalist Barriers<\/p>\n<p><em>Armanda Hysa<\/em><\/p>\n<p>Chapter 11 \u2013 Cultural Heritage in Kosovo:<\/p>\n<p>Strengthening Exclusion through Inclusive Legislation<\/p>\n<p><em>Jelena Lon\u010dar<\/em><\/p>\n<p>Chapter 12 \u2013 &#8220;Face to Face:&#8221; Serbian-Albanian Cultural Cooperation in the Media<\/p>\n<p><em>Ana Bire\u0161ev<\/em><\/p>\n<p>Chapter 13 \u2013 The Community of the Dispossessed: Women&#8217;s Peace Coalition<\/p>\n<p><em>Adriana Zaharijevi\u0107<\/em><\/p>\n<p><em>\u00a0<\/em><\/p>\n<p><strong>Editor(s)<\/strong><\/p>\n<p><strong>Biography<\/strong><\/p>\n<p><strong>Aleksandar Pavlovi\u0107<\/strong> is a researcher at the Institute for Philosophy and Social Theory of the University of Belgrade. He obtained his PhD in Southeast European Studies from the University of Nottingham, and got his BA and MA in Comparative literature and literary theory from the University of Belgrade. He published Epika i politika, and co-edited Politics of Enmity: Can Nation Ever be Emancipatory (2018) and a volume on Serbian-Albanian relations in Serbian and Albanian.<\/p>\n<p><strong>Gazela Pudar Dra\u0161ko<\/strong> works as a Research Associate at the Institute for Philosophy and Social Theory, University of Belgrade. She was a visiting researcher at the Centre for Southeast European Studies in Graz and the Centre for East European Studies in Warsaw. She writes on the intellectual engagement, movements and gender.<\/p>\n<p><strong>Rigels Halili<\/strong> is an assistant professor at Centre for East European Studies at University of Warsaw. He has studied philology, cultural anthropology and international relations at the University of Warsaw, where he has also earned his PhD. His research interests include orality and literacy, especially in the Balkans, history of modern nationalism, interaction between memory and culture, and normative customary practices in the Balkans and Central Europe. His latest research project was focused on social and cultural memory of communism in Central and South-east Europe. He published a monograph based on his PhD dissertation in 2012 and co-edited four books in Polish, Serbian and Albanian.<\/p>\n<p>&nbsp;<\/p>\n<p>Published June 25, 2019 by Routledge<\/p>\n<p>234 Pages &#8211; 4 B\/W Illustrations<\/p>\n<p>&nbsp;<\/p>\n<p><a href=\"https:\/\/www.routledge.com\/Rethinking-Serbian-Albanian-Relations-Figuring-out-the-Enemy\/Pavlovic-Drasko-Halili\/p\/book\/9781138574830\">https:\/\/www.routledge.com\/Rethinking-Serbian-Albanian-Relations-Figuring-out-the-Enemy\/Pavlovic-Drasko-Halili\/p\/book\/9781138574830<\/a><\/p>\n<p>&nbsp;<\/p>\n<p>&nbsp;<\/p>\n<p>&nbsp;<\/p>\n","protected":false},"excerpt":{"rendered":"","protected":false},"author":2,"featured_media":20362,"comment_status":"open","ping_status":"open","sticky":false,"template":"","format":"standard","meta":{"_acf_changed":false,"jetpack_post_was_ever_published":false,"_jetpack_newsletter_access":"","_jetpack_dont_email_post_to_subs":false,"_jetpack_newsletter_tier_id":0,"_jetpack_memberships_contains_paywalled_content":false,"_jetpack_memberships_contains_paid_content":false,"footnotes":"","jetpack_publicize_message":"","jetpack_publicize_feature_enabled":true,"jetpack_social_post_already_shared":true,"jetpack_social_options":{"image_generator_settings":{"template":"highway","default_image_id":0,"font":"","enabled":false},"version":2}},"categories":[8,3],"tags":[],"class_list":["post-20361","post","type-post","status-publish","format-standard","has-post-thumbnail","hentry","category-knjige","category-novosti"],"acf":{"facebook_opis":""},"jetpack_publicize_connections":[],"jetpack_featured_media_url":"https:\/\/i0.wp.com\/historiografija.hr\/wp-content\/uploads\/2020\/04\/Serbian-Albanian-Relations.jpg?fit=424%2C648&ssl=1","jetpack_sharing_enabled":true,"jetpack-related-posts":[{"id":52531,"url":"https:\/\/historiografija.hr\/?p=52531","url_meta":{"origin":20361,"position":0},"title":"Jonathan G. Leslie, \u201eFear and Insecurity: Israel and the Iran Threat Narrative\u201c","author":"Branimir Jankovi\u0107","date":"17. travnja 2026.","format":false,"excerpt":"Why is Israel\u2019s former ally Iran now perceived as the country\u2019s greatest threat? Description To observers of the Iran-Israel conflict, its vitriolic rhetoric might suggest an ancient hatred between Jews and Muslims\u2013a biblical feud dating back hundreds, or thousands, of years. But this rivalry is a far more modern development.\u2026","rel":"","context":"U &quot;Knjige&quot;","block_context":{"text":"Knjige","link":"https:\/\/historiografija.hr\/?cat=8"},"img":{"alt_text":"","src":"https:\/\/i0.wp.com\/historiografija.hr\/wp-content\/uploads\/2026\/04\/Leslie.jpg?fit=391%2C612&ssl=1&resize=350%2C200","width":350,"height":200},"classes":[]},{"id":52673,"url":"https:\/\/historiografija.hr\/?p=52673","url_meta":{"origin":20361,"position":1},"title":"TWO POSTDOCTORAL POSITIONS IN THE &#8220;PROLETGARD ERC STARTING GRANT PROJECT&#8221;, KASS\u00c1K FOUNDATION, BUDAPEST (DEADLINE: 1ST MAY 2026)","author":"Branimir Jankovi\u0107","date":"27. travnja 2026.","format":false,"excerpt":"This five-year ERC-funded project examines how avant-garde art contributed to the formation of a workers\u2019 movement counterculture in East Central Europe after 1918. It argues that socialist and avant-garde periodicals, groups, and figures shaped both avant-garde culture and transnational workers\u2019 movements. Focusing on the successor states of the Austro\u2013Hungarian Empire\u2026","rel":"","context":"U &quot;Novosti&quot;","block_context":{"text":"Novosti","link":"https:\/\/historiografija.hr\/?cat=3"},"img":{"alt_text":"","src":"https:\/\/i0.wp.com\/historiografija.hr\/wp-content\/uploads\/2017\/10\/hsozkult.png?fit=1006%2C241&ssl=1&resize=350%2C200","width":350,"height":200,"srcset":"https:\/\/i0.wp.com\/historiografija.hr\/wp-content\/uploads\/2017\/10\/hsozkult.png?fit=1006%2C241&ssl=1&resize=350%2C200 1x, https:\/\/i0.wp.com\/historiografija.hr\/wp-content\/uploads\/2017\/10\/hsozkult.png?fit=1006%2C241&ssl=1&resize=525%2C300 1.5x, https:\/\/i0.wp.com\/historiografija.hr\/wp-content\/uploads\/2017\/10\/hsozkult.png?fit=1006%2C241&ssl=1&resize=700%2C400 2x"},"classes":[]},{"id":52586,"url":"https:\/\/historiografija.hr\/?p=52586","url_meta":{"origin":20361,"position":2},"title":"Aur\u00e9lie Daher, \u201eHezbollah: Mobilisation and Power\u201c","author":"Branimir Jankovi\u0107","date":"22. travnja 2026.","format":false,"excerpt":"Morning Star \u2018Book of the Year\u2019 Social movement, liberation party or terrorist group? With Hezbollah\u2019s growing involvement in the war in Syria, this study of its impact on Lebanon, drawing heavily on first-hand interviews, could not be more timely. Description Almost forty years after its foundation, Hezbollah remains an enigma.\u2026","rel":"","context":"U &quot;Knjige&quot;","block_context":{"text":"Knjige","link":"https:\/\/historiografija.hr\/?cat=8"},"img":{"alt_text":"","src":"https:\/\/i0.wp.com\/historiografija.hr\/wp-content\/uploads\/2026\/04\/Daher-Hezbollah.jpg?fit=600%2C931&ssl=1&resize=350%2C200","width":350,"height":200,"srcset":"https:\/\/i0.wp.com\/historiografija.hr\/wp-content\/uploads\/2026\/04\/Daher-Hezbollah.jpg?fit=600%2C931&ssl=1&resize=350%2C200 1x, https:\/\/i0.wp.com\/historiografija.hr\/wp-content\/uploads\/2026\/04\/Daher-Hezbollah.jpg?fit=600%2C931&ssl=1&resize=525%2C300 1.5x"},"classes":[]}],"_links":{"self":[{"href":"https:\/\/historiografija.hr\/index.php?rest_route=\/wp\/v2\/posts\/20361","targetHints":{"allow":["GET"]}}],"collection":[{"href":"https:\/\/historiografija.hr\/index.php?rest_route=\/wp\/v2\/posts"}],"about":[{"href":"https:\/\/historiografija.hr\/index.php?rest_route=\/wp\/v2\/types\/post"}],"author":[{"embeddable":true,"href":"https:\/\/historiografija.hr\/index.php?rest_route=\/wp\/v2\/users\/2"}],"replies":[{"embeddable":true,"href":"https:\/\/historiografija.hr\/index.php?rest_route=%2Fwp%2Fv2%2Fcomments&post=20361"}],"version-history":[{"count":2,"href":"https:\/\/historiografija.hr\/index.php?rest_route=\/wp\/v2\/posts\/20361\/revisions"}],"predecessor-version":[{"id":20364,"href":"https:\/\/historiografija.hr\/index.php?rest_route=\/wp\/v2\/posts\/20361\/revisions\/20364"}],"wp:featuredmedia":[{"embeddable":true,"href":"https:\/\/historiografija.hr\/index.php?rest_route=\/wp\/v2\/media\/20362"}],"wp:attachment":[{"href":"https:\/\/historiografija.hr\/index.php?rest_route=%2Fwp%2Fv2%2Fmedia&parent=20361"}],"wp:term":[{"taxonomy":"category","embeddable":true,"href":"https:\/\/historiografija.hr\/index.php?rest_route=%2Fwp%2Fv2%2Fcategories&post=20361"},{"taxonomy":"post_tag","embeddable":true,"href":"https:\/\/historiografija.hr\/index.php?rest_route=%2Fwp%2Fv2%2Ftags&post=20361"}],"curies":[{"name":"wp","href":"https:\/\/api.w.org\/{rel}","templated":true}]}}