{"id":2035,"date":"2013-01-10T23:00:05","date_gmt":"2013-01-10T23:00:05","guid":{"rendered":"http:\/\/historiografija.hr\/?p=2035"},"modified":"2013-01-10T23:00:05","modified_gmt":"2013-01-10T23:00:05","slug":"ivan-vuk-strucni-skup-radionica-za-suvremenu-povijest-pula-8-9-studenog-2012","status":"publish","type":"post","link":"https:\/\/historiografija.hr\/?p=2035","title":{"rendered":"Ivan Vuk &#8211; Stru\u010dni skup \u201eRadionica za suvremenu povijest\u201c, Pula, 8-9. studenog 2012."},"content":{"rendered":"<p><!--[if gte mso 9]><xml>  <w:WordDocument>   <w:View>Normal<\/w:View>   <w:Zoom>0<\/w:Zoom>   <w:HyphenationZone>21<\/w:HyphenationZone>   <w:PunctuationKerning\/>   <w:ValidateAgainstSchemas\/>   <w:SaveIfXMLInvalid>false<\/w:SaveIfXMLInvalid>   <w:IgnoreMixedContent>false<\/w:IgnoreMixedContent>   <w:AlwaysShowPlaceholderText>false<\/w:AlwaysShowPlaceholderText>   <w:Compatibility>    <w:BreakWrappedTables\/>    <w:SnapToGridInCell\/>    <w:WrapTextWithPunct\/>    <w:UseAsianBreakRules\/>    <w:DontGrowAutofit\/>   <\/w:Compatibility>   <w:BrowserLevel>MicrosoftInternetExplorer4<\/w:BrowserLevel>  <\/w:WordDocument> <\/xml><![endif]-->  <\/p>\n<p class=\"MsoNormal\" style=\"text-align:justify;line-height:150%\"><span style=\"font-family:&quot;Times New Roman&quot;\">Stru\u010dni skup \u201eRadionica za suvremenu povijest\u201c, Pula, 8-9. studenog 2012. <\/span><\/p>\n<p class=\"MsoNormal\" style=\"text-align:justify;line-height:150%\"><span style=\"font-family:&quot;Times New Roman&quot;\">&nbsp;<\/span><\/p>\n<p class=\"MsoNormal\" style=\"text-align:justify;text-indent:35.4pt;line-height: 150%\"><span style=\"font-family:&quot;Times New Roman&quot;\">U organizaciji Odjela za humanisti\u010dke znanosti, Odsjeka za povijest i Centra za kulturolo\u0161ka i povijesna istra\u017eivanja socijalizma (CKPIS-a) u Puli je 8. i 9. studenog 2012. na Sveu\u010dili\u0161tu Jurja Dobrile odr\u017ean stru\u010dni skup radnog naziva \u201eRadionica za suvremenu povijest\u201c. Inicijativa Igora Dude, koji je 2011. u sklopu diplomskog studija na Odsjeku za povijest pokrenuo predmet <i style=\"mso-bidi-font-style:normal\">Radionica za suvremenu povijest<\/i>, dovela je do odr\u017eavanja skupa istoimenog naziva. <\/span><\/p>\n<p class=\"MsoNormal\" style=\"text-align:justify;text-indent:35.4pt;line-height: 150%\"><span style=\"font-family:&quot;Times New Roman&quot;\">Skup je zami\u0161ljen kao mjesto na kojem \u0107e diplomanti i magistri povijesti ukratko izlo\u017eiti temu svojih diplomskih radova. Devet sudionika trebalo je predstavili teme svojih diplomskih radova koji se bave povije\u0161\u0107u dvadesetog stolje\u0107a. Vremenski raspon radova se\u017ee od kraja Prvoga svjetskog rada do kraja dvadesetog stolje\u0107a, a u njima su predstavljeni dru\u0161tveni, gospodarski, kulturni, politi\u010dki i vojni aspekti nacionalne povijesti. U Organizacijskom odboru ovog seminara uz Igora Dudu sudjelovali su Anita Buhin i Igor Stani\u0107. <\/span><\/p>\n<p class=\"MsoNormal\" style=\"text-align:justify;text-indent:35.4pt;line-height: 150%\"><span style=\"font-family:&quot;Times New Roman&quot;\">Nakon uvodne rije\u010di Igora Dude, nositelja predmeta <i style=\"mso-bidi-font-style:normal\">Radionica za suvremenu povijest<\/i> i voditelja CKPIS-a, okupljene je pozdravila predstojnica Odsjeka za povijest Klara Bur\u0161i\u0107-Matija\u0161i\u0107, a potom i prorektor za me\u0111unarodnu suradnju Sveu\u010dili\u0161ta Jurja Dobrile Ivan Jurkovi\u0107.<\/span><\/p>\n<p class=\"MsoNormal\" style=\"text-align:justify;text-indent:35.4pt;line-height: 150%\"><span style=\"font-family:&quot;Times New Roman&quot;\">U prvom dijelu skupa, koji je moderirala Anita Buhin, prvi je govorio Ivan Vuk, student poslijediplomskog doktorskog studija na Filozofskom fakultetu Sveu\u010dili\u0161ta u Zagrebu; predstavio je temu svoga diplomskog rada <i style=\"mso-bidi-font-style:normal\">Me\u0111imurje poslije Prvoga svjetskog rata 1918.-1919. <\/i>Autor je kroz prizmu dru\u0161tvenog, gospodarskog, politi\u010dkog i vojnog aspekta predstavio doga\u0111aje koji su uslijedili u Me\u0111imurju neposredno pri kraju i nakon Prvoga svjetskog rata. Provedeno istra\u017eivanje, uz doma\u0107u literaturu, temeljeno je na arhivskim spisima Fonda Narodnog vije\u0107a Slovenaca, Hrvata i Srba, a tako\u0111er je kori\u0161tena i izvorna Ostav\u0161tina Ivana Novaka.<\/span><\/p>\n<p class=\"MsoNormal\" style=\"text-align:justify;text-indent:35.4pt;line-height: 150%\"><span style=\"font-family:&quot;Times New Roman&quot;\">Potom je govorio Igor Stani\u0107, tako\u0111er student poslijediplomskog doktorskog studija na Filozofskom fakultetu Sveu\u010dili\u0161ta u Zagrebu. Svoje je istra\u017eivanje utemeljio na arhivskim i objavljenim dokumentima, kao i partijskim, dr\u017eavnim, statisti\u010dkim, novinskim i filmskim izvorima \u2013 ukratko je predstavio svoj rad <i style=\"mso-bidi-font-style: normal\">Radni\u010dka klasa u Hrvatskoj od diktature proletarijata do tr\u017ei\u0161noga socijalizma. <\/i>Nakon uspostave komunisti\u010dke vlasti u Jugoslaviji i uvo\u0111enja diktature proletarijata po sovjetskom modelu, radni\u0161tvo je izbilo u prvi plan, a upravo se ovaj dio nacionalne povijesti na\u0161ao u sredi\u0161tu izlaganja autora.<\/span><\/p>\n<p class=\"MsoNormal\" style=\"text-align:justify;text-indent:35.4pt;line-height: 150%\"><span style=\"font-family:&quot;Times New Roman&quot;\">Student diplomskoga studija na Srednjoeuropskom sveu\u010dili\u0161tu (Central European University) u Budimpe\u0161ti Sa\u0161a Vejzagi\u0107 trebao je predstaviti temu svoga diplomskog rada <i style=\"mso-bidi-font-style: normal\">Godine liberalizacije u Jugoslaviji 1964.-1971. <\/i>Me\u0111utim, zbog sprije\u010denosti, autor je opravdao svoj nedolazak. Njegov se rad bavi razdobljem od 1964. kada je odr\u017ean VIII. kongres SKJ do gu\u0161enja Hrvatskog prolje\u0107a 1971. godine. Istra\u017eivanje je temeljeno na novinskim napisima objavljenim<i style=\"mso-bidi-font-style:normal\"> <\/i>u <i style=\"mso-bidi-font-style:normal\">Vjesniku u srijedu<\/i>, kao i na materijalima partijskih kongresa, \u010dasopisu <i style=\"mso-bidi-font-style:normal\">Praxis <\/i>te statisti\u010dkim i drugim izvorima.<\/span><\/p>\n<p class=\"MsoNormal\" style=\"text-align:justify;text-indent:35.4pt;line-height: 150%\"><span style=\"font-family:&quot;Times New Roman&quot;\">Nakon kra\u0107e stanke drugi dio skupa otvorio je moderator Igor Stani\u0107, koji je predstavio Valentinu Gr\u017eini\u0107 i njezin diplomski rad <i style=\"mso-bidi-font-style:normal\">Rad, mladost i Republika. Obilje\u017eavanje socijalisti\u010dkih praznika u Istri. <\/i>Autorica je predstavila dio regionalne povijesti u kojoj je istra\u017eila na\u010din obilje\u017eavanja triju socijalisti\u010dkih praznika u Istri: Praznika rada, Dana mladosti i Dana Republike. Uz postoje\u0107u literaturu o povijesti socijalizma u Jugoslaviji, autorica je analizu temeljila na novinskim izvje\u0161tajima iz <i style=\"mso-bidi-font-style: normal\">Glasa Istre.<\/i><\/span><\/p>\n<p class=\"MsoNormal\" style=\"text-align:justify;text-indent:35.4pt;line-height: 150%\"><span style=\"font-family:&quot;Times New Roman&quot;\">Anita Buhin okupljenima je predstavila diplomski rad <i style=\"mso-bidi-font-style:normal\">Kulturna povijest nogometa u socijalisti\u010dkoj Hrvatskoj. <\/i>U radu je na zanimljiv na\u010din prikazan razvoj profesionalizacije i komercijalizacije jugoslavenskog nogometa, koji je u socijalisti\u010dkoj dr\u017eavi imao va\u017enu politi\u010dku i dru\u0161tvenu ulogu. Uz dostupnu literaturu, autorica je<\/span> <span style=\"font-family:&quot;Times New Roman&quot;\">u pisanju rada koristila memoare pojedinih igra\u010da, publicisti\u010dka izdanja sportskih novinara te novinske \u010dlanke iz <i style=\"mso-bidi-font-style:normal\">Vjesnika u srijedu <\/i>1960-1977,<i style=\"mso-bidi-font-style:normal\"> Studija <\/i>1964-1980. i<i style=\"mso-bidi-font-style:normal\"> Starta <\/i>1969-1980.<\/span><\/p>\n<p class=\"MsoNormal\" style=\"text-align:justify;text-indent:35.4pt;line-height: 150%\"><i style=\"mso-bidi-font-style:normal\"><span style=\"font-family:&quot;Times New Roman&quot;\">Povijest turizma u Istri 1945.-1990. <\/span><\/i><span style=\"font-family:&quot;Times New Roman&quot;\">autora Predraga Bosi\u0107a, apsolventa diplomskog studija, trebao je biti zaklju\u010dni dio drugog dijela prvoga dana skupa. Autor je zbog nenadanih obaveza bio prisiljen otkazati svoje sudjelovanje. Ina\u010de, Bosi\u0107 se u pisanju diplomskog rada namjerava dota\u0107i tematike masovnog turizma u Istri u \u0161ezdesetim godinama XX. stolje\u0107a, a svoje istra\u017eivanje temelji na novinama, stru\u010dnim \u010dasopisima i informativnim listovima hotelsko-turisti\u010dkih poduze\u0107a. <\/span><\/p>\n<p class=\"MsoNormal\" style=\"text-align:justify;text-indent:35.4pt;line-height: 150%\"><span style=\"font-family:&quot;Times New Roman&quot;\">Zavr\u0161ni dio prvoga dana skupa moderirao je Ivan Vuk. Rije\u010d je preuzela Ivana \u017dufi\u0107, koja je predstavila diplomski rad <i style=\"mso-bidi-font-style:normal\">Hrvatski i srpski pogled na posljednje desetlje\u0107e Jugoslavije. <\/i>Autorica se u izlaganju bavila problematikom osamdesetih godina XX. stolje\u0107a, kada nakon Titove smrti dolazi do postupnog ja\u010danja netrpeljivosti u Jugoslaviji. Tematika je obra\u0111ena kroz prizmu dvaju tjednika, jednog hrvatskog i jednog srpskog, gdje svaki tjednik aktualne doga\u0111aje komentira ovisno o nacionalnom gledi\u0161tu.<\/span><\/p>\n<p class=\"MsoNormal\" style=\"text-align:justify;text-indent:35.4pt;line-height: 150%\"><span style=\"font-family:&quot;Times New Roman&quot;\">Diplomski rad <i style=\"mso-bidi-font-style:normal\">Istra u Domovinskom ratu 1991. godine <\/i>Adriana Iveti\u0107a, studenta poslijediplomskoga studija na Filozofskom fakultetu Sveu\u010dili\u0161ta u Zagrebu, bavi se problematikom regionalne vojne povijesti. \u0160to zbog relativno kratkog vremenskog odmaka, a \u0161to zbog nedostatka primarnih izvora, ovaj dio istarske povijesti dosad nije bio detaljnije istra\u017eivan u doma\u0107oj literaturi. Zbog navedenih je razloga autor svoj rad odlu\u010dio temeljiti na kriti\u010dki obra\u0111enim \u010dlancima iz regionalnih novina <i style=\"mso-bidi-font-style: normal\">Glasa Istre<\/i>, koje su detaljno pratile onda\u0161nje doga\u0111aje u Istri. <\/span><\/p>\n<p class=\"MsoNormal\" style=\"text-align:justify;text-indent:35.4pt;line-height: 150%\"><span style=\"font-family:&quot;Times New Roman&quot;\">Posljednji je predstavljen diplomski rad <i style=\"mso-bidi-font-style:normal\">Utjecaj politi\u010dkih promjena na dru\u0161tvo u Hrvatskoj nakon raspada Jugoslavije<\/i>. Njegov autor Vedran Leutar nastoji prikazati doga\u0111aje koji su uslijedili nakon raspada Jugoslavije do smrti Franje Tu\u0111mana 1999, odnosno do 2000. kada nakon pobjede na izborima na vlast dolazi koalicija \u0161est stranaka. S aspekta dru\u0161tvene povijesti i povijesti svakodnevice, autor se u pisanju rada, uz objavljenu literaturu, koristi i \u010dlancima iz novina i tjednika te video i zvu\u010dnim zapisima.<span style=\"mso-spacerun:yes\">&nbsp; <\/span><\/span><\/p>\n<p class=\"MsoNormal\" style=\"text-align:justify;text-indent:35.4pt;line-height: 150%\"><span style=\"font-family:&quot;Times New Roman&quot;\">Nakon posljednjeg izlaganja i kra\u0107e stanke uslijedila je zavr\u0161na rasprava, na kojoj su okupljeni do\u0161li do zaklju\u010dka da je odr\u017eavanje skupa u potpunosti opravdalo o\u010dekivanja. Svi su se sudionici slo\u017eili da bi se skup ovakve vrste trebao odr\u017eavati i ubudu\u0107e, a na samom kraju rije\u010di zahvale sudionicima uputio je Igor Duda.<\/span><\/p>\n<p class=\"MsoNormal\" style=\"text-align:justify;text-indent:35.4pt;line-height: 150%\"><span style=\"font-family:&quot;Times New Roman&quot;\">\u201eRadionica za suvremenu povijest\u201c svoj je nastavak dobila drugog dana, 9. studenog, kada su izlaga\u010di organizirano posjetili Nacionalni park Brijuni. U skoroj budu\u0107nosti o\u010dekuje se objavljivanje zbornika radova kada \u0107e ovaj skup dobiti i svoj kona\u010dan epilog.<\/span><\/p>\n<p class=\"MsoNormal\" style=\"text-align:right;line-height:150%\" align=\"right\"><span style=\"font-family:&quot;Times New Roman&quot;\">Ivan Vuk<\/span><\/p>\n<p>  <!--[if gte mso 9]><xml>  <w:LatentStyles DefLockedState=\"false\" LatentStyleCount=\"156\">  <\/w:LatentStyles> <\/xml><![endif]--><!--[if gte mso 10]> \n\n<style>  \/* Style Definitions *\/  table.MsoNormalTable \t{mso-style-name:\"Table Normal\"; \tmso-tstyle-rowband-size:0; \tmso-tstyle-colband-size:0; \tmso-style-noshow:yes; \tmso-style-parent:\"\"; \tmso-padding-alt:0cm 5.4pt 0cm 5.4pt; \tmso-para-margin:0cm; \tmso-para-margin-bottom:.0001pt; \tmso-pagination:widow-orphan; \tfont-size:10.0pt; \tfont-family:\"Times New Roman\"; \tmso-ansi-language:#0400; \tmso-fareast-language:#0400; \tmso-bidi-language:#0400;} <\/style>\n\n <![endif]--><\/p>\n","protected":false},"excerpt":{"rendered":"","protected":false},"author":1,"featured_media":0,"comment_status":"open","ping_status":"open","sticky":false,"template":"","format":"standard","meta":{"_acf_changed":false,"jetpack_post_was_ever_published":false,"_jetpack_newsletter_access":"","_jetpack_dont_email_post_to_subs":false,"_jetpack_newsletter_tier_id":0,"_jetpack_memberships_contains_paywalled_content":false,"_jetpack_memberships_contains_paid_content":false,"footnotes":"","jetpack_publicize_message":"","jetpack_publicize_feature_enabled":true,"jetpack_social_post_already_shared":false,"jetpack_social_options":{"image_generator_settings":{"template":"highway","default_image_id":0,"font":"","enabled":false},"version":2}},"categories":[4],"tags":[],"class_list":["post-2035","post","type-post","status-publish","format-standard","hentry","category-osvrti"],"acf":{"facebook_opis":""},"jetpack_publicize_connections":[],"jetpack_featured_media_url":"","jetpack_sharing_enabled":true,"jetpack-related-posts":[{"id":52543,"url":"https:\/\/historiografija.hr\/?p=52543","url_meta":{"origin":2035,"position":0},"title":"Znanstveno-stru\u010dni skup \u201eOto\u010dne pu\u010dke pobo\u017enosti: kontinuiteti i transformacije\u201c","author":"Branimir Jankovi\u0107","date":"20. travnja 2026.","format":false,"excerpt":"Najavljujemo\u00a0znanstveno-stru\u010dni skup \u201eOto\u010dne pu\u010dke pobo\u017enosti: kontinuiteti i transformacije\u201c,\u00a0koji \u0107e se odr\u017eati\u00a0u Rabu od 24. do 26. travnja 2026.,\u00a0u organizaciji i uz potporu\u00a0Instituta za etnologiju i folkloristiku, Zagreb, \u00a0Grada Raba, Pu\u010dkog otvorenog u\u010dili\u0161ta Rab i Centra za istra\u017eivanje srednjovjekovne ba\u0161tine Jadrana RIMAH. Skup okuplja vode\u0107e doma\u0107e stru\u010dnjake koji \u0107e kroz niz\u2026","rel":"","context":"U &quot;Novosti&quot;","block_context":{"text":"Novosti","link":"https:\/\/historiografija.hr\/?cat=3"},"img":{"alt_text":"","src":"https:\/\/i0.wp.com\/historiografija.hr\/wp-content\/uploads\/2026\/04\/Skup_Rab.jpg?fit=848%2C1200&ssl=1&resize=350%2C200","width":350,"height":200,"srcset":"https:\/\/i0.wp.com\/historiografija.hr\/wp-content\/uploads\/2026\/04\/Skup_Rab.jpg?fit=848%2C1200&ssl=1&resize=350%2C200 1x, https:\/\/i0.wp.com\/historiografija.hr\/wp-content\/uploads\/2026\/04\/Skup_Rab.jpg?fit=848%2C1200&ssl=1&resize=525%2C300 1.5x, https:\/\/i0.wp.com\/historiografija.hr\/wp-content\/uploads\/2026\/04\/Skup_Rab.jpg?fit=848%2C1200&ssl=1&resize=700%2C400 2x"},"classes":[]},{"id":52578,"url":"https:\/\/historiografija.hr\/?p=52578","url_meta":{"origin":2035,"position":1},"title":"Poziv za sudjelovanje: XXII. Dani Julija Bene\u0161i\u0107a u Iloku","author":"Branimir Jankovi\u0107","date":"21. travnja 2026.","format":false,"excerpt":"Zavod za lingvisti\u010dka istra\u017eivanja Hrvatske akademije znanosti i umjetnosti, zajedno s Muzejom grada Iloka, organizira XXII. Dane Julija Bene\u0161i\u0107a, koji \u0107e se odr\u017eati od 28. do 30. listopada 2026. u Iloku.\u00a0Teme ovogodi\u0161njih Dana podijeljene su u dvije cjeline: Knji\u017eevno-jezikoslovni d\u00ecv\u0101n s Bene\u0161i\u0107em te Ilok i Srijem u povijesnim stalnicama i\u2026","rel":"","context":"U &quot;Novosti&quot;","block_context":{"text":"Novosti","link":"https:\/\/historiografija.hr\/?cat=3"},"img":{"alt_text":"","src":"https:\/\/i0.wp.com\/historiografija.hr\/wp-content\/uploads\/2019\/10\/HE2_Benesic.jpg?fit=413%2C591&ssl=1&resize=350%2C200","width":350,"height":200},"classes":[]},{"id":52508,"url":"https:\/\/historiografija.hr\/?p=52508","url_meta":{"origin":2035,"position":2},"title":"Glazbena radionica \u201eDUGMETARA REVISITED\u201c","author":"Branimir Jankovi\u0107","date":"17. travnja 2026.","format":false,"excerpt":"DUGMETARA REVISITED glazbena radionica vodi: Ana Horvat 13., 20. i 27. travnja, od 18 do 20 sati Radiona, Nova cesta 186 Na tri radioni\u010dka susreta uranjamo u naslje\u0111e Dugmetare, biv\u0161e tvornice dugmadi na Savskoj cesti koja je po\u010detkom 2000-ih igrom slu\u010daja postala \u017eivo, jedinstveno mjesto glazbene proizvodnje. Svoje su probe\u2026","rel":"","context":"U &quot;Novosti&quot;","block_context":{"text":"Novosti","link":"https:\/\/historiografija.hr\/?cat=3"},"img":{"alt_text":"","src":"https:\/\/i0.wp.com\/historiografija.hr\/wp-content\/uploads\/2026\/04\/TRESNJA_TRESTI.jpg?fit=380%2C475&ssl=1&resize=350%2C200","width":350,"height":200},"classes":[]},{"id":52746,"url":"https:\/\/historiografija.hr\/?p=52746","url_meta":{"origin":2035,"position":3},"title":"Predstavljanje djelatnosti povjesni\u010dara: \u201ePisma kao izvor za povijest 18.stolje\u0107a \u2013 iskustva rada na HRZZ projektu LIGHT\u201c","author":"Filip \u0160imunjak","date":"30. travnja 2026.","format":false,"excerpt":"Predstavljanje djelatnosti povjesni\u010dara: \u201ePisma kao izvor za povijest 18. stolje\u0107a \u2013 iskustva rada na HRZZ projektu LIGHT\u201c odr\u017eat \u0107e se u sklopu ovogodi\u0161njega Festivala povijesti Kliofest u Nacionalnoj i sveu\u010dili\u0161noj knji\u017enici u Zagrebu, u utorak 5. svibnja, s po\u010detkom u 16 sati. Sudjeluju: Teodora Shek Brnardi\u0107, Marta Jurkovi\u0107, Matea Maru\u0161i\u0107,\u2026","rel":"","context":"U &quot;Novosti&quot;","block_context":{"text":"Novosti","link":"https:\/\/historiografija.hr\/?cat=3"},"img":{"alt_text":"","src":"https:\/\/i0.wp.com\/historiografija.hr\/wp-content\/uploads\/2026\/04\/Kliofest-01-utorak-I-03-PDP-Pisma-kao-izvor.jpg?fit=1200%2C566&ssl=1&resize=350%2C200","width":350,"height":200,"srcset":"https:\/\/i0.wp.com\/historiografija.hr\/wp-content\/uploads\/2026\/04\/Kliofest-01-utorak-I-03-PDP-Pisma-kao-izvor.jpg?fit=1200%2C566&ssl=1&resize=350%2C200 1x, https:\/\/i0.wp.com\/historiografija.hr\/wp-content\/uploads\/2026\/04\/Kliofest-01-utorak-I-03-PDP-Pisma-kao-izvor.jpg?fit=1200%2C566&ssl=1&resize=525%2C300 1.5x, https:\/\/i0.wp.com\/historiografija.hr\/wp-content\/uploads\/2026\/04\/Kliofest-01-utorak-I-03-PDP-Pisma-kao-izvor.jpg?fit=1200%2C566&ssl=1&resize=700%2C400 2x, https:\/\/i0.wp.com\/historiografija.hr\/wp-content\/uploads\/2026\/04\/Kliofest-01-utorak-I-03-PDP-Pisma-kao-izvor.jpg?fit=1200%2C566&ssl=1&resize=1050%2C600 3x"},"classes":[]},{"id":52496,"url":"https:\/\/historiografija.hr\/?p=52496","url_meta":{"origin":2035,"position":4},"title":"30 godina Podru\u017enice \u2013 Javno predavanje Matea \u010calu\u0161i\u0107a \u201eSlavonski Brod u Domovinskom ratu\u201c","author":"Branimir Jankovi\u0107","date":"17. travnja 2026.","format":false,"excerpt":"U 2026. navr\u0161ava se trideset godina od osnutka Podru\u017enice za povijest Slavonije, Srijema i Baranje Hrvatskoga instituta za povijest. Obilje\u017eavanje ove zna\u010dajne obljetnice zapo\u010dinje ciklusom javnih povijesnih predavanja znanstvenika Instituta. Tre\u0107e po redu je predavanje Matea \u010calu\u0161i\u0107a \u2013 \u201eSLAVONSKI BROD U DOMOVINSKOM RATU\u201c. Predavanje \u0107e se odr\u017eati 21. travnja 2026.\u2026","rel":"","context":"U &quot;Novosti&quot;","block_context":{"text":"Novosti","link":"https:\/\/historiografija.hr\/?cat=3"},"img":{"alt_text":"","src":"https:\/\/i0.wp.com\/historiografija.hr\/wp-content\/uploads\/2026\/04\/Predavanje-Calusic.png?fit=860%2C1200&ssl=1&resize=350%2C200","width":350,"height":200,"srcset":"https:\/\/i0.wp.com\/historiografija.hr\/wp-content\/uploads\/2026\/04\/Predavanje-Calusic.png?fit=860%2C1200&ssl=1&resize=350%2C200 1x, https:\/\/i0.wp.com\/historiografija.hr\/wp-content\/uploads\/2026\/04\/Predavanje-Calusic.png?fit=860%2C1200&ssl=1&resize=525%2C300 1.5x, https:\/\/i0.wp.com\/historiografija.hr\/wp-content\/uploads\/2026\/04\/Predavanje-Calusic.png?fit=860%2C1200&ssl=1&resize=700%2C400 2x"},"classes":[]},{"id":52669,"url":"https:\/\/historiografija.hr\/?p=52669","url_meta":{"origin":2035,"position":5},"title":"Predavanje Igora Dude &#8220;Odmor kao \u017eivotna potreba: o slobodnom vremenu u socijalisti\u010dkoj Jugoslaviji&#8221;","author":"Branimir Jankovi\u0107","date":"27. travnja 2026.","format":false,"excerpt":"U sklopu proljetnog ciklusa programa\u00a0Kriti\u010dka dramaturgija: pauza, u\u00a0subotu, 25. travnja 2026. u 19 sati\u00a0u prostoru Udru\u017eenja hrvatskih arhitekata povjesni\u010dar Igor Duda\u00a0odr\u017eao je predavanje naslovljeno\u00a0Odmor kao \u017eivotna potreba: o slobodnom vremenu u socijalisti\u010dkoj Jugoslaviji. Industrijalizacija i urbanizacija dru\u0161tava u povijesti su zna\u010dile i prelazak s predindustrijskog na industrijsko shva\u0107anje vremena. Ono\u2026","rel":"","context":"U &quot;Novosti&quot;","block_context":{"text":"Novosti","link":"https:\/\/historiografija.hr\/?cat=3"},"img":{"alt_text":"","src":"https:\/\/i0.wp.com\/historiografija.hr\/wp-content\/uploads\/2026\/04\/Duda.png?fit=1200%2C628&ssl=1&resize=350%2C200","width":350,"height":200,"srcset":"https:\/\/i0.wp.com\/historiografija.hr\/wp-content\/uploads\/2026\/04\/Duda.png?fit=1200%2C628&ssl=1&resize=350%2C200 1x, https:\/\/i0.wp.com\/historiografija.hr\/wp-content\/uploads\/2026\/04\/Duda.png?fit=1200%2C628&ssl=1&resize=525%2C300 1.5x, https:\/\/i0.wp.com\/historiografija.hr\/wp-content\/uploads\/2026\/04\/Duda.png?fit=1200%2C628&ssl=1&resize=700%2C400 2x, https:\/\/i0.wp.com\/historiografija.hr\/wp-content\/uploads\/2026\/04\/Duda.png?fit=1200%2C628&ssl=1&resize=1050%2C600 3x"},"classes":[]}],"_links":{"self":[{"href":"https:\/\/historiografija.hr\/index.php?rest_route=\/wp\/v2\/posts\/2035","targetHints":{"allow":["GET"]}}],"collection":[{"href":"https:\/\/historiografija.hr\/index.php?rest_route=\/wp\/v2\/posts"}],"about":[{"href":"https:\/\/historiografija.hr\/index.php?rest_route=\/wp\/v2\/types\/post"}],"author":[{"embeddable":true,"href":"https:\/\/historiografija.hr\/index.php?rest_route=\/wp\/v2\/users\/1"}],"replies":[{"embeddable":true,"href":"https:\/\/historiografija.hr\/index.php?rest_route=%2Fwp%2Fv2%2Fcomments&post=2035"}],"version-history":[{"count":0,"href":"https:\/\/historiografija.hr\/index.php?rest_route=\/wp\/v2\/posts\/2035\/revisions"}],"wp:attachment":[{"href":"https:\/\/historiografija.hr\/index.php?rest_route=%2Fwp%2Fv2%2Fmedia&parent=2035"}],"wp:term":[{"taxonomy":"category","embeddable":true,"href":"https:\/\/historiografija.hr\/index.php?rest_route=%2Fwp%2Fv2%2Fcategories&post=2035"},{"taxonomy":"post_tag","embeddable":true,"href":"https:\/\/historiografija.hr\/index.php?rest_route=%2Fwp%2Fv2%2Ftags&post=2035"}],"curies":[{"name":"wp","href":"https:\/\/api.w.org\/{rel}","templated":true}]}}