{"id":20306,"date":"2020-04-14T10:11:28","date_gmt":"2020-04-14T10:11:28","guid":{"rendered":"http:\/\/historiografija.hr\/?p=20306"},"modified":"2020-04-14T13:07:16","modified_gmt":"2020-04-14T13:07:16","slug":"routledge-handbook-of-conspiracy-theories-edited-by-by-michael-butter-and-peter-knight","status":"publish","type":"post","link":"https:\/\/historiografija.hr\/?p=20306","title":{"rendered":"Routledge Handbook of Conspiracy Theories. Edited by Michael Butter and Peter Knight"},"content":{"rendered":"<p>Taking a global and interdisciplinary approach, the <em>Routledge Handbook of Conspiracy Theories<\/em> provides a comprehensive overview of conspiracy theories as an important social, cultural and political phenomenon in contemporary life.<\/p>\n<p>This handbook\u00a0provides the most complete analysis of the phenomenon to date. It analyses conspiracy theories from a variety of perspectives, using both qualitative and quantitative methods. It maps out the key debates, and includes chapters on the historical origins of conspiracy theories, as well as their political significance in a broad range of countries and regions. Other chapters consider the psychology and the sociology of conspiracy beliefs, in addition to their changing cultural forms, functions and modes of transmission. This handbook examines where conspiracy theories come from, who believes in them and what their consequences are.<\/p>\n<p>This book presents an important resource for students and scholars from a range of disciplines interested in the societal and political impact of conspiracy theories, including Area Studies, Anthropology, History, Media and Cultural Studies, Political Science, Psychology and Sociology.<\/p>\n<p>&nbsp;<\/p>\n<p>Published February 26, 2020 by Routledge<\/p>\n<p>680 Pages &#8211; 17 B\/W Illustrations<\/p>\n<p><a href=\"https:\/\/www.routledge.com\/Routledge-Handbook-of-Conspiracy-Theories-1st-Edition\/Butter-Knight\/p\/book\/9780815361749\">https:\/\/www.routledge.com\/Routledge-Handbook-of-Conspiracy-Theories-1st-Edition\/Butter-Knight\/p\/book\/9780815361749<\/a><\/p>\n<p>&nbsp;<\/p>\n<p>&nbsp;<\/p>\n<p><strong>Table of Contents<\/strong><\/p>\n<p><strong>Part I<br \/>\nDefinitions and approaches<br \/>\n<\/strong>Introduction<br \/>\n<em>Todor Hristov, Andrew McKenzie-McHarg and Alejandro Romero Reche<br \/>\n<\/em>1. Conceptual history and conspiracy theory<br \/>\n<em>Andrew McKenzie-McHarg<br \/>\n<\/em>2<em>. <\/em>Conspiracy theory in historical, cultural and literary studies<br \/>\n<em>Peter Knight and Michael Butter<br \/>\n<\/em>3<em>. <\/em>Semiotic Approaches to Conspiracy Theories<br \/>\n<em>Massimo Leone, Mari-Liis Madison and Andreas Ventsel<br \/>\n<\/em>4. Philosophy and conspiracy theories<br \/>\n<em>Juha R\u00e4ikk\u00e4<\/em><em>\u2028<\/em><em> and Juho Ritola<br \/>\n<\/em>5. Psychoanalysis, critical theory and conspiracy theory<br \/>\n<em>Neboj\u0161a Blanu\u0161a and Todor Hristov<br \/>\n<\/em>6. Conspiracy theory as occult cosmology in anthropology<br \/>\n<em>Annika Rabo<br \/>\n<\/em>7. Sociology, social theory and conspiracy theory<br \/>\n<em>T\u00fcrkay Salim Nefes and Alejandro Romero Reche<br \/>\n<\/em>8. Conspiracy theories in political science and political theory<br \/>\n<em>Julien Giry and Pranvera Tika<br \/>\n<\/em>9. Social psychology of conspiracy theory<br \/>\n<em>Olivier Klein and Kenzo Nera<br \/>\n<\/em>10. Social network analysis, social big data and conspiracy theories<br \/>\n<em>Estrella Gualda Caballero<\/em><\/p>\n<p><strong>Part II<br \/>\nPsychological factors<br \/>\n<\/strong>Introduction<br \/>\n<em>Jan-Willem van Prooijen, Karen Douglas, Aleksandra Cichocka and Micha\u0142 Bilewicz<br \/>\n<\/em>1. Personality traits, cognitive styles and worldviews associated with beliefs in conspiracy theories<br \/>\n<em>Anthony Lantian, Michael Wood and Biljana Gjoneska<br \/>\n<\/em>2. Social-cognitive processes underlying belief in conspiracy theories<br \/>\n<em>Jan-Willem van Prooijen, Olivier Klein and Jasna Milo\u0161evi\u0107 \u0110or\u0111evi\u0107z<br \/>\n<\/em>3. Motivations, emotions and belief in conspiracy theories<br \/>\n<em>Karen M. Douglas, Aleksandra Cichocka and Robbie M. Sutton<br \/>\n<\/em>4. Conspiracy theories as psycho-political reactions to perceived power<br \/>\n<em>Roland Imhoff and Pia Lamberty<br \/>\n<\/em>5. How conspiracy theories spread<br \/>\n<em>Adrian Bangerter, Pascal Wagner-Egger and Sylvain Delouv\u00e9e<br \/>\n<\/em>6. Conspiracy theories and intergroup relations<br \/>\n<em>Mikey Biddlestone, Aleksandra Cichocka, Iris \u017de\u017eelj and Micha\u0142 Bilewicz<br \/>\n<\/em>7. Consequences of conspiracy theories<br \/>\n<em>Daniel Jolley, Silvia Mari and Karen Douglas<br \/>\n<\/em>8. Countering conspiracy theories and misinformation<br \/>\n<em>P\u00e9ter Krek\u00f3<\/em><\/p>\n<p><strong>Part III<br \/>\nSociety and politics<br \/>\n<\/strong>Introduction<br \/>\n<em>Eir\u00edkur Bergmann, Asbj\u00f8rn Dyrendal, Jaron Harambam and Hulda Th\u00f3risd\u00f3ttir<br \/>\n<\/em>1. Who are the conspiracy theorists? Demographics and conspiracy theories<br \/>\n<em>Steven M. Smallpage, Hugo Drochon, Joseph E. Uscinski and Casey Klofstad<br \/>\n<\/em>2. Conspiracy theory entrepreneurs, movements and individuals<br \/>\n<em>Jaron Harambam<br \/>\n<\/em>3. Conspiracy theories and gender and sexuality<br \/>\n<em>Annika Thiem<br \/>\n<\/em>4. Conspiracy theories, political ideology and political behaviour<br \/>\n<em>Hulda Th\u00f3risd\u00f3ttir, Silvia Mari and Andr\u00e9 Krouwel<br \/>\n<\/em>5. Functions and uses of conspiracy theories in authoritarian regimes<br \/>\n<em>Julien Giry and Do\u011fan G\u00fcrp\u0131nar<br \/>\n<\/em>6. Conspiracy theory and populism<br \/>\n<em>Eir\u00edkur Bergman and Michael Butter<br \/>\n<\/em>7. Radicalisation and conspiracy theories<br \/>\n<em>Benjamin Lee<br \/>\n<\/em>8. Antisemitism and conspiracism<br \/>\n<em>Kjetil Braut Simonsen<br \/>\n<\/em>9. Conspiracy theory and religion<br \/>\n<em>Asbj\u00f8rn Dyrendal<\/em><\/p>\n<p><strong>Part IV<br \/>\nMedia and transmission<br \/>\n<\/strong>Introduction<br \/>\n<em>Stef Aupers, Dana Cr\u0103ciun and Andreas \u00d6nnerfors<br \/>\n<\/em>1. Rumours, urban legends and the verbal transmission of conspiracy theories<br \/>\n<em>Anastasiya Astapova<br \/>\n<\/em>2. Conspiracy theorising and the history of media in the eighteenth century<br \/>\n<em>Andrew McKenzie-McHarg and Claus Oberhauser<br \/>\n<\/em>3. Genres of conspiracy in nineteenth-century British writing<br \/>\n<em>Ben Carver<br \/>\n<\/em>4. Conspiracy in American narrative<br \/>\n<em>Timothy Melley<br \/>\n<\/em>5. Conspiracy theories and visual culture<br \/>\n<em>Ute Caumanns and Andreas \u00d6nnerfors<br \/>\n<\/em>6. Conspiracy theories in film and television shows<br \/>\n<em>Michael Butter<br \/>\n7. <\/em>Decoding mass media \/ encoding conspiracy theory<br \/>\n<em>Stef Aupers<br \/>\n8. <\/em>The Internet and the spread of conspiracy content<br \/>\n<em>Simona Stano<br \/>\n<\/em>9. Networked disinformation and the lifecycle of online conspiracy theories<br \/>\n<em>Hugo Leal<br \/>\n<\/em>10. Conspiracy theories and fake news<br \/>\n<em>Kiril Avramov, Vasily Gatov and Ilya Yablokov <\/em><\/p>\n<p><strong>Part V<br \/>\nHistories and regions<br \/>\n<\/strong>Introduction<br \/>\n<em>Ilya Yablokov, Pascal Girard, Neboj\u0161a Blanu\u0161a and Annika Rabo<br \/>\n<\/em>1. Conspiracy theories in the Roman empire<br \/>\n<em>Victoria Emma Pag\u00e1n<br \/>\n<\/em>2. Conspiracy theories in the Middle Ages and the early modern period<br \/>\n<em>Cornel Zwierlein<br \/>\n<\/em>3. Freemasons, Illuminati and Jews: Conspiracy theories and the French Revolution<br \/>\n<em>Claus Oberhauser<br \/>\n<\/em>4. Conspiracy Theories in Europe during the twentieth century<br \/>\n<em>Pascal Girard<br \/>\n<\/em>5. Conspiracy theories in Putin\u2019s Russia: the case of the \u2018New World Order\u2019<br \/>\n<em>Ilya Yablokov<br \/>\n<\/em>6. Conspiracy theories in and about the Balkans<br \/>\n<em>Neboj\u0161a Blanu\u0161a<\/em><br \/>\n7. Conspiracy theories in Turkey<br \/>\n<em>Do\u011fan G\u00fcrp\u0131nar and T\u00fcrkay Salim Nefes<br \/>\n<\/em>8. Conspiracy theories in the Middle East<br \/>\n<em>Matthew Gray<br \/>\n<\/em>9. Conspiracy theories in Southeast Asia<br \/>\n<em>Viren Swami, Hanoor Syahirah Zahari and David Barron<br \/>\n<\/em>10. Conspiracy theories in American history<br \/>\n<em>Michael Butter<br \/>\n<\/em>11. Populism and conspiracy theory in Latin America: a case study of Venezuela<br \/>\n<em>Rosanne Norris Hooper<\/em><\/p>\n<p>&nbsp;<\/p>\n<p><strong>Editor(s)<\/strong><\/p>\n<p><strong>Biography<\/strong><\/p>\n<p><strong>Michael Butter<\/strong> is professor of American Studies at the University of T\u00fcbingen, Germany. He is the author of <em>Plots, Designs, and Schemes: American Conspiracy Theories from the Puritans to the Present<\/em> (2014) and <em>The Nature of Conspiracy Theories<\/em> (2020).<\/p>\n<p><strong>Peter Knight<\/strong> is professor of American Studies at the University of Manchester, UK. He is the author of <em>Conspiracy Culture<\/em> (2000), <em>The Kennedy Assassination<\/em> (2007) and <em>Reading the Market<\/em> (2016) and editor of <em>Conspiracy Nation<\/em> (2002) and <em>Conspiracy Theories in American History: An Encyclopedia<\/em> (2004).<\/p>\n<p>Together they directed the COST Action COMPACT [Comparative Analysis of Conspiracy Theories].<\/p>\n<p>&nbsp;<\/p>\n<p>&nbsp;<\/p>\n","protected":false},"excerpt":{"rendered":"","protected":false},"author":2,"featured_media":20307,"comment_status":"open","ping_status":"open","sticky":false,"template":"","format":"standard","meta":{"_acf_changed":false,"jetpack_post_was_ever_published":false,"_jetpack_newsletter_access":"","_jetpack_dont_email_post_to_subs":false,"_jetpack_newsletter_tier_id":0,"_jetpack_memberships_contains_paywalled_content":false,"_jetpack_memberships_contains_paid_content":false,"footnotes":"","jetpack_publicize_message":"","jetpack_publicize_feature_enabled":true,"jetpack_social_post_already_shared":true,"jetpack_social_options":{"image_generator_settings":{"template":"highway","default_image_id":0,"font":"","enabled":false},"version":2}},"categories":[8,3],"tags":[],"class_list":["post-20306","post","type-post","status-publish","format-standard","has-post-thumbnail","hentry","category-knjige","category-novosti"],"acf":{"facebook_opis":""},"jetpack_publicize_connections":[],"jetpack_featured_media_url":"https:\/\/i0.wp.com\/historiografija.hr\/wp-content\/uploads\/2020\/04\/Conspiracy.jpg?fit=451%2C648&ssl=1","jetpack_sharing_enabled":true,"jetpack-related-posts":[{"id":52580,"url":"https:\/\/historiografija.hr\/?p=52580","url_meta":{"origin":20306,"position":0},"title":"Conference &#8220;Living in the aftermaths: Trauma, politics and survival in Yugoslavia and successor states, 1945 \u2013 present&#8221;","author":"Branimir Jankovi\u0107","date":"21. travnja 2026.","format":false,"excerpt":"The conference aims to explore how war-related psychological distress was experienced, narrated, debated and reframed in Yugoslavia in the second half of the twentieth century. It asks how the theme of wounded psyche and wartime suffering was addressed and acknowledged in political, psychiatric and broader cultural discourses of socialist Yugoslavia,\u2026","rel":"","context":"U &quot;Novosti&quot;","block_context":{"text":"Novosti","link":"https:\/\/historiografija.hr\/?cat=3"},"img":{"alt_text":"","src":"https:\/\/i0.wp.com\/historiografija.hr\/wp-content\/uploads\/2026\/04\/Battle_of_Neretva_Picasso_poster-Conference-Living-in-the-aftermaths.webp?fit=564%2C954&ssl=1&resize=350%2C200","width":350,"height":200,"srcset":"https:\/\/i0.wp.com\/historiografija.hr\/wp-content\/uploads\/2026\/04\/Battle_of_Neretva_Picasso_poster-Conference-Living-in-the-aftermaths.webp?fit=564%2C954&ssl=1&resize=350%2C200 1x, https:\/\/i0.wp.com\/historiografija.hr\/wp-content\/uploads\/2026\/04\/Battle_of_Neretva_Picasso_poster-Conference-Living-in-the-aftermaths.webp?fit=564%2C954&ssl=1&resize=525%2C300 1.5x"},"classes":[]},{"id":52520,"url":"https:\/\/historiografija.hr\/?p=52520","url_meta":{"origin":20306,"position":1},"title":"Predstavljanje knjige &#8220;Socialist Economics in Yugoslavia: A Critical History&#8221; u Zagrebu","author":"Branimir Jankovi\u0107","date":"17. travnja 2026.","format":false,"excerpt":"Pozivamo vas na predstavljanje knjige \"Socialist Economics in Yugoslavia: A Critical History\", autora Mislava \u00a0\u017ditka i Marka Grde\u0161i\u0107a (Routledge, 2026). Na predstavljanju \u0107e govoriti Branko Milanovi\u0107 (CUNY), Milica Uvali\u0107 (EUI), Zdravko Petak (FPZG) te autori.\u00a0 Predstavljanje \u0107e se odr\u017eati u srijedu 22. travnja u 16:00 sati na Fakultetu politi\u010dkih znanosti\u2026","rel":"","context":"U &quot;Novosti&quot;","block_context":{"text":"Novosti","link":"https:\/\/historiografija.hr\/?cat=3"},"img":{"alt_text":"","src":"https:\/\/i0.wp.com\/historiografija.hr\/wp-content\/uploads\/2026\/04\/Poziv-na-predstavljanje.png?fit=800%2C652&ssl=1&resize=350%2C200","width":350,"height":200,"srcset":"https:\/\/i0.wp.com\/historiografija.hr\/wp-content\/uploads\/2026\/04\/Poziv-na-predstavljanje.png?fit=800%2C652&ssl=1&resize=350%2C200 1x, https:\/\/i0.wp.com\/historiografija.hr\/wp-content\/uploads\/2026\/04\/Poziv-na-predstavljanje.png?fit=800%2C652&ssl=1&resize=525%2C300 1.5x, https:\/\/i0.wp.com\/historiografija.hr\/wp-content\/uploads\/2026\/04\/Poziv-na-predstavljanje.png?fit=800%2C652&ssl=1&resize=700%2C400 2x"},"classes":[]},{"id":52516,"url":"https:\/\/historiografija.hr\/?p=52516","url_meta":{"origin":20306,"position":2},"title":"Marko Grde\u0161i\u0107, Mislav \u017ditko, \u201eSocialist Economics in Yugoslavia: A Critical History\u201c","author":"Branimir Jankovi\u0107","date":"17. travnja 2026.","format":false,"excerpt":"This book presents a critical history of Yugoslav socialist economics, from its inception in the late 1940s to its dissolution in the late 1980s. After the dramatic break with the Soviet Union in 1948, Yugoslavia found itself in urgent need of a third way: A socialist trajectory which would not\u2026","rel":"","context":"U &quot;Knjige&quot;","block_context":{"text":"Knjige","link":"https:\/\/historiografija.hr\/?cat=8"},"img":{"alt_text":"","src":"https:\/\/i0.wp.com\/historiografija.hr\/wp-content\/uploads\/2026\/04\/Zitko_Grdesic.jpg?fit=350%2C535&ssl=1&resize=350%2C200","width":350,"height":200},"classes":[]},{"id":52677,"url":"https:\/\/historiografija.hr\/?p=52677","url_meta":{"origin":20306,"position":3},"title":"CfP: NAVIGATING THE PAST, FACING THE PRESENT: CHALLENGES AND OPPORTUNITIES IN RE-PRESENTING CONFLICTS AND VIOLENCE IN MEMORY AND EDUCATION INSTITUTIONS, WARSAW, 22ND\u201324TH OCTOBER 2026 (DEADLINE: 30TH APRIL 2026)","author":"Branimir Jankovi\u0107","date":"27. travnja 2026.","format":false,"excerpt":"The conference and graduate workshop (October 22-24, 2026, Warsaw) addresses the representation of history in public and institutional contexts, with a focus beyond the often-studied field of \u201cmemory culture\u201d. Rather than emphasizing the politicization of memory and cultural institutions, the discussion shifts toward new methods, media, and challenges in historical\u2026","rel":"","context":"U &quot;Novosti&quot;","block_context":{"text":"Novosti","link":"https:\/\/historiografija.hr\/?cat=3"},"img":{"alt_text":"","src":"https:\/\/i0.wp.com\/historiografija.hr\/wp-content\/uploads\/2017\/10\/hsozkult.png?fit=1006%2C241&ssl=1&resize=350%2C200","width":350,"height":200,"srcset":"https:\/\/i0.wp.com\/historiografija.hr\/wp-content\/uploads\/2017\/10\/hsozkult.png?fit=1006%2C241&ssl=1&resize=350%2C200 1x, https:\/\/i0.wp.com\/historiografija.hr\/wp-content\/uploads\/2017\/10\/hsozkult.png?fit=1006%2C241&ssl=1&resize=525%2C300 1.5x, https:\/\/i0.wp.com\/historiografija.hr\/wp-content\/uploads\/2017\/10\/hsozkult.png?fit=1006%2C241&ssl=1&resize=700%2C400 2x"},"classes":[]},{"id":52586,"url":"https:\/\/historiografija.hr\/?p=52586","url_meta":{"origin":20306,"position":4},"title":"Aur\u00e9lie Daher, \u201eHezbollah: Mobilisation and Power\u201c","author":"Branimir Jankovi\u0107","date":"22. travnja 2026.","format":false,"excerpt":"Morning Star \u2018Book of the Year\u2019 Social movement, liberation party or terrorist group? With Hezbollah\u2019s growing involvement in the war in Syria, this study of its impact on Lebanon, drawing heavily on first-hand interviews, could not be more timely. Description Almost forty years after its foundation, Hezbollah remains an enigma.\u2026","rel":"","context":"U &quot;Knjige&quot;","block_context":{"text":"Knjige","link":"https:\/\/historiografija.hr\/?cat=8"},"img":{"alt_text":"","src":"https:\/\/i0.wp.com\/historiografija.hr\/wp-content\/uploads\/2026\/04\/Daher-Hezbollah.jpg?fit=600%2C931&ssl=1&resize=350%2C200","width":350,"height":200,"srcset":"https:\/\/i0.wp.com\/historiografija.hr\/wp-content\/uploads\/2026\/04\/Daher-Hezbollah.jpg?fit=600%2C931&ssl=1&resize=350%2C200 1x, https:\/\/i0.wp.com\/historiografija.hr\/wp-content\/uploads\/2026\/04\/Daher-Hezbollah.jpg?fit=600%2C931&ssl=1&resize=525%2C300 1.5x"},"classes":[]},{"id":52622,"url":"https:\/\/historiografija.hr\/?p=52622","url_meta":{"origin":20306,"position":5},"title":"Annual CAPONEU conference: Political Novel in Europe Between Democracy and Authoritarianism","author":"Branimir Jankovi\u0107","date":"23. travnja 2026.","format":false,"excerpt":"Caponeu event 22.04.2026 - 24.04.2026 Location: The Faculty of Polish and Classical Philology AMU (Fredry 10, Pozna\u0144)Organized by: Tomasz Mizerkiewicz, Krystyna Pieni\u0105\u017cek-Markovi\u0107, Anna Gawarecka, Ewa Szperlik, Magda Potok, B\u0142a\u017cej Warkocki, Gerard Ronge (all Adam Mickiewicz University in Pozna\u0144)Contact: gerron@amu.edu.pl The Adam Mickiewicz University team, as part of the international CAPONEU\u2026","rel":"","context":"U &quot;Novosti&quot;","block_context":{"text":"Novosti","link":"https:\/\/historiografija.hr\/?cat=3"},"img":{"alt_text":"","src":"https:\/\/i0.wp.com\/historiografija.hr\/wp-content\/uploads\/2026\/04\/Caponeu-political-novel.jpg?fit=500%2C261&ssl=1&resize=350%2C200","width":350,"height":200},"classes":[]}],"_links":{"self":[{"href":"https:\/\/historiografija.hr\/index.php?rest_route=\/wp\/v2\/posts\/20306","targetHints":{"allow":["GET"]}}],"collection":[{"href":"https:\/\/historiografija.hr\/index.php?rest_route=\/wp\/v2\/posts"}],"about":[{"href":"https:\/\/historiografija.hr\/index.php?rest_route=\/wp\/v2\/types\/post"}],"author":[{"embeddable":true,"href":"https:\/\/historiografija.hr\/index.php?rest_route=\/wp\/v2\/users\/2"}],"replies":[{"embeddable":true,"href":"https:\/\/historiografija.hr\/index.php?rest_route=%2Fwp%2Fv2%2Fcomments&post=20306"}],"version-history":[{"count":2,"href":"https:\/\/historiografija.hr\/index.php?rest_route=\/wp\/v2\/posts\/20306\/revisions"}],"predecessor-version":[{"id":20313,"href":"https:\/\/historiografija.hr\/index.php?rest_route=\/wp\/v2\/posts\/20306\/revisions\/20313"}],"wp:featuredmedia":[{"embeddable":true,"href":"https:\/\/historiografija.hr\/index.php?rest_route=\/wp\/v2\/media\/20307"}],"wp:attachment":[{"href":"https:\/\/historiografija.hr\/index.php?rest_route=%2Fwp%2Fv2%2Fmedia&parent=20306"}],"wp:term":[{"taxonomy":"category","embeddable":true,"href":"https:\/\/historiografija.hr\/index.php?rest_route=%2Fwp%2Fv2%2Fcategories&post=20306"},{"taxonomy":"post_tag","embeddable":true,"href":"https:\/\/historiografija.hr\/index.php?rest_route=%2Fwp%2Fv2%2Ftags&post=20306"}],"curies":[{"name":"wp","href":"https:\/\/api.w.org\/{rel}","templated":true}]}}