{"id":20297,"date":"2020-04-14T09:17:43","date_gmt":"2020-04-14T09:17:43","guid":{"rendered":"http:\/\/historiografija.hr\/?p=20297"},"modified":"2020-04-14T09:17:43","modified_gmt":"2020-04-14T09:17:43","slug":"virtualna-setnja-muzejsko-memorijalnim-centrom-drazen-petrovic","status":"publish","type":"post","link":"https:\/\/historiografija.hr\/?p=20297","title":{"rendered":"Virtualna \u0161etnja Muzejsko-memorijalnim centrom Dra\u017een Petrovi\u0107"},"content":{"rendered":"<p>Stalni postav zagreba\u010dkog Muzejsko-memorijalnog centra Dra\u017een Petrovi\u0107 mogu\u0107e je razgledati putem 3D virtualne \u0161etnje.<\/p>\n<p>&nbsp;<\/p>\n<p>Virtualnu \u0161etnju za Muzej izradio Goran Vidakovi\u0107 (Tornado 360), a dostupna je putem poveznice &#8211; <a href=\"https:\/\/my.matterport.com\/show\/?m=WRACwfDCNcr\">https:\/\/my.matterport.com\/show\/?m=WRACwfDCNcr<\/a><\/p>\n<p>&nbsp;<\/p>\n<p>Muzejsko-memorijalni centar Dra\u017een Petrovi\u0107 otvoren je 2006. godine u mezaninu Ciboninog tornja. Autori arhitektonskog rje\u0161enja su Ante Nik\u0161a Bili\u0107 i Andrija Rusan, a sam Muzej smje\u0161ten je na Trgu Dra\u017eena Petrovi\u0107a kojeg krasi spomenik, djelo Kuzme Kova\u010di\u0107a i preko puta kojeg se nalazi Ko\u0161arka\u0161ki centar Dra\u017een Petrovi\u0107. Cijeli prostor znakovito je obilje\u017een Dra\u017eenovim likom i djelom uvode\u0107i posjetitelja u njegovu ostav\u0161tinu koju \u0107e prona\u0107i u izlo\u017ebenom prostoru muzeja. Osim po tematici kojom se razlikuje od ostalih muzeja Grada Zagreba, specifi\u010dan je i po tome \u0161to je u cijelosti posve\u0107en jednom ko\u0161arka\u0161u \u0161to ga \u010dini unikatnim \u010dak i u svjetskim okvirima.<\/p>\n<p>Muzejsko-memorijalni centar Dra\u017een Petrovi\u0107 broji preko 4.000 inventariziranih muzejskih predmeta podijeljenih u osam zbirki \u2013 Zbirka akreditacija, Zbirka medalja, plaketa i priznanja, Zbirka opreme i rekvizita, Zbirka plakata, Zbirka pokala, Zbirka slika i fotografija, Zbirka zastavica i Zbirka dokumenata.<\/p>\n<p>Izlo\u017ebeni koncept stalnog postava osmislio je Zdenko Jaj\u010devi\u0107, prvi ravnatelj Hrvatskog \u0161portskog muzeja koji je svojim radom uvelike doprinio kako kineziologiji, tako i povijesti sporta i sportskoj muzeologiji.<\/p>\n<p>Muzej se prostire na dvije eta\u017ee, a izlo\u017eeni muzejski predmeti kronolo\u0161ki prate Dra\u017eenovu karijeru u klubovima \u0160ibenka, Cibona, Real Madrid te naposljetku kratke, ali zna\u010dajne karijere u NBA ligi u kojoj je igrao za Portland Trail Blazerse i NJ Netse. Uz stubi\u0161te koje vodi do druge eta\u017ee Muzeja izlo\u017eeni su Dra\u017eenovi dresovi iz svih faza njegove karijere te brojne nagrade koje je dobio, a me\u0111u kojima bismo izdvojili nagrade Me\u0111unarodnog olimpijskog odbora, Red Danice Hrvatske i Dr\u017eavnu nagradu za sport Franjo Bu\u010dar \u2013 koju je primio za uspjeh reprezentacije u Barceloni 1992. i posthumno za \u017eivotno djelo. Gornja eta\u017ea posjetiteljima predstavlja uspjehe koje je Dra\u017een ostvario s reprezentacijama, a tu posebno treba izdvojiti tri olimpijske medalje, zlato sa svjetskog prvenstva u Argentini i Eurobasketa u Zagrebu. Uz to, posjetitelji mogu vidjeti i prsten iz ko\u0161arka\u0161ke Ku\u0107e slavnih u koju je Dra\u017een primljen posthumno 2002. godine \u0161to je jedno od najve\u0107ih priznanja za karijeru ko\u0161arka\u0161a.<\/p>\n<p>Stalni postav zavr\u0161ava razli\u010ditim priznanjima za najboljeg sporta\u0161a i ko\u0161arka\u0161a kojima je Dra\u017een nagra\u0111en u svojoj plodonosnoj, ali iznimno kratkoj karijeri.<\/p>\n<p>Epilog pri\u010de o Dra\u017eenu Petrovi\u0107u u stalnom postavu predstavljen je kroz sat kojemu su kazaljke stale u 17.20 , to\u010dno u trenutku nesre\u0107e na njema\u010dkoj autocesti u kojoj je izgubio \u017eivot 7. lipnja 1993., samo jedan dan nakon posljednje utakmice koju je s hrvatskom reprezentacijom odigrao u poljskom gradu Wroc\u0142awu.<\/p>\n<p>Osim stalnog postava u Muzeju su izlo\u017eene i povremene, edukativno-informativne izlo\u017ebe koje \u010desto prate obljetnice velikih prvenstava ili bitne momente iz povijesti ko\u0161arke.<\/p>\n<p>S obzirom na to da su najmnogobrojnija publika djeca \u0161kolskog uzrasta, za pojedine izlo\u017ebe osmi\u0161ljeni su i izra\u0111eni dodatni materijali poput knji\u017eica i bro\u0161ura. Posebno treba istaknuti edukativno-radnu knji\u017eicu \u201eDra\u017eenove tri Olimpijade\u201c u kojoj su na pristupa\u010dan na\u010din predstavljene Olimpijske igre s naglaskom na one na kojima je Dra\u017een sudjelovao.<\/p>\n<p>Na kraju obilaska Muzeja posjetiteljima je dostupan dodatan sadr\u017eaj na info-pultovima \u2013 dokumentarni film Nevena Berti\u010devi\u0107a o Dra\u017eenovom \u017eivotu i karijeri te druge crtice iz biografije popra\u0107ene fotografijama i video isje\u010dcima s utakmica.<\/p>\n<p>Za \u0161kolske grupe i ve\u0107i broj posjetitelja dostupna je projekcija kratkog filma o Dra\u017eenu, autora Ivana Maru\u0161i\u0107a Klifa, kojim redovito zavr\u0161avaju stru\u010dna vodstva zaokru\u017euju\u0107i tako cijelu pri\u010du koju je ostavio za budu\u0107e nara\u0161taje.<\/p>\n<p>&nbsp;<\/p>\n<p>Izvor:<\/p>\n<p><a href=\"http:\/\/www.drazenpetrovic.net\/pocetna\/\">http:\/\/www.drazenpetrovic.net\/pocetna\/<\/a><\/p>\n<p><a href=\"https:\/\/www.culturenet.hr\/default.aspx?id=96917\">https:\/\/www.culturenet.hr\/default.aspx?id=96917<\/a><\/p>\n<p>&nbsp;<\/p>\n<p>&nbsp;<\/p>\n<p>&nbsp;<\/p>\n<p>&nbsp;<\/p>\n<p>&nbsp;<\/p>\n","protected":false},"excerpt":{"rendered":"","protected":false},"author":2,"featured_media":20298,"comment_status":"open","ping_status":"open","sticky":false,"template":"","format":"standard","meta":{"_acf_changed":false,"jetpack_post_was_ever_published":false,"_jetpack_newsletter_access":"","_jetpack_dont_email_post_to_subs":false,"_jetpack_newsletter_tier_id":0,"_jetpack_memberships_contains_paywalled_content":false,"_jetpack_memberships_contains_paid_content":false,"footnotes":"","jetpack_publicize_message":"","jetpack_publicize_feature_enabled":true,"jetpack_social_post_already_shared":true,"jetpack_social_options":{"image_generator_settings":{"template":"highway","default_image_id":0,"font":"","enabled":false},"version":2}},"categories":[10,3],"tags":[],"class_list":["post-20297","post","type-post","status-publish","format-standard","has-post-thumbnail","hentry","category-izlozbe","category-novosti"],"acf":{"facebook_opis":""},"jetpack_publicize_connections":[],"jetpack_featured_media_url":"https:\/\/i0.wp.com\/historiografija.hr\/wp-content\/uploads\/2020\/04\/Petrovic.jpg?fit=1152%2C768&ssl=1","jetpack_sharing_enabled":true,"jetpack-related-posts":[{"id":52633,"url":"https:\/\/historiografija.hr\/?p=52633","url_meta":{"origin":20297,"position":0},"title":"POVIJEST TRE\u0160NJEVA\u010cKE GLAZBE: prikupljanje virtualnog fundusa Muzeja susjedstva Tre\u0161njevka","author":"Branimir Jankovi\u0107","date":"23. travnja 2026.","format":false,"excerpt":"utorak 28. 4. 2026. 14 - 18 h Nova BAZA, Nova cesta 66, Zagreb Prvi su dani ljeta 1957. godine. Bo\u017eica Kalafati\u0107 poha\u0111a drugi razred Osnovne \u0161kole Bratstvo i jedinstvo, danas kralja Tomislava, a ide i na muzi\u010dke satove u Mo\u0161\u0107eni\u010dkoj ulici. Na fotografiji s harmonikom u rukama stoji u\u2026","rel":"","context":"U &quot;Novosti&quot;","block_context":{"text":"Novosti","link":"https:\/\/historiografija.hr\/?cat=3"},"img":{"alt_text":"","src":"https:\/\/i0.wp.com\/historiografija.hr\/wp-content\/uploads\/2026\/04\/MST_prikupljanje.jpg?fit=380%2C475&ssl=1&resize=350%2C200","width":350,"height":200},"classes":[]},{"id":52760,"url":"https:\/\/historiografija.hr\/?p=52760","url_meta":{"origin":20297,"position":1},"title":"Izlo\u017eba \u201cLo\u0161injski brodovi, njihove zastave i ljudi\u201d, 4. svibnja u 19h","author":"Filip \u0160imunjak","date":"30. travnja 2026.","format":false,"excerpt":"Hrvatski pomorski muzej Split, Glagolja\u0161a 18 (Tvr\u0111ava Gripe) Nakon \u0161to je u rujnu 2025. godine na otoku Lo\u0161inju, u suradnji Lo\u0161injskog muzeja i Hrvatskog pomorskog muzeja Split, predstavljena izlo\u017eba posve\u0107ena bogatoj pomorskoj ba\u0161tini otoka, njezino pro\u0161ireno izdanje postavlja se u Splitu. Uo\u010di blagdana svetog Dujma splitskoj \u0107e se publici predstaviti\u2026","rel":"","context":"U &quot;Izlo\u017ebe&quot;","block_context":{"text":"Izlo\u017ebe","link":"https:\/\/historiografija.hr\/?cat=10"},"img":{"alt_text":"","src":"https:\/\/i0.wp.com\/historiografija.hr\/wp-content\/uploads\/2026\/04\/Losinjski-brodovi-Izlozba-1-scaled.webp?fit=840%2C1200&ssl=1&resize=350%2C200","width":350,"height":200,"srcset":"https:\/\/i0.wp.com\/historiografija.hr\/wp-content\/uploads\/2026\/04\/Losinjski-brodovi-Izlozba-1-scaled.webp?fit=840%2C1200&ssl=1&resize=350%2C200 1x, https:\/\/i0.wp.com\/historiografija.hr\/wp-content\/uploads\/2026\/04\/Losinjski-brodovi-Izlozba-1-scaled.webp?fit=840%2C1200&ssl=1&resize=525%2C300 1.5x, https:\/\/i0.wp.com\/historiografija.hr\/wp-content\/uploads\/2026\/04\/Losinjski-brodovi-Izlozba-1-scaled.webp?fit=840%2C1200&ssl=1&resize=700%2C400 2x"},"classes":[]},{"id":52752,"url":"https:\/\/historiografija.hr\/?p=52752","url_meta":{"origin":20297,"position":2},"title":"Otvaranje izlo\u017ebe &#8220;Hrvati na So\u010danskom frontu&#8221; i predavanje &#8220;So\u010danska fronta u Prvome svjetskom ratu&#8221;","author":"Filip \u0160imunjak","date":"30. travnja 2026.","format":false,"excerpt":"Otvaranje izlo\u017ebe \u201eHrvati na So\u010danskom frontu\u201c, Kobari\u0161ki muzej Prvog svjetskog rata, Kobarid, odr\u017eat \u0107e se u sklopu ovogodi\u0161njega Festivala povijesti Kliofest u Nacionalnoj i sveu\u010dili\u0161noj knji\u017enici u Zagrebu, u utorak 5. svibnja, s po\u010detkom u 10 sati, uz sudjelovanje: Ga\u0161pera Dov\u017eana, veleposlanika Republike Slovenije u RH, te Martina \u0160olara, direktora\u2026","rel":"","context":"U &quot;Izlo\u017ebe&quot;","block_context":{"text":"Izlo\u017ebe","link":"https:\/\/historiografija.hr\/?cat=10"},"img":{"alt_text":"","src":"https:\/\/i0.wp.com\/historiografija.hr\/wp-content\/uploads\/2026\/04\/Kliofest-01-utorak-II-08-P-Socanska-fronta.jpg?fit=1200%2C566&ssl=1&resize=350%2C200","width":350,"height":200,"srcset":"https:\/\/i0.wp.com\/historiografija.hr\/wp-content\/uploads\/2026\/04\/Kliofest-01-utorak-II-08-P-Socanska-fronta.jpg?fit=1200%2C566&ssl=1&resize=350%2C200 1x, https:\/\/i0.wp.com\/historiografija.hr\/wp-content\/uploads\/2026\/04\/Kliofest-01-utorak-II-08-P-Socanska-fronta.jpg?fit=1200%2C566&ssl=1&resize=525%2C300 1.5x, https:\/\/i0.wp.com\/historiografija.hr\/wp-content\/uploads\/2026\/04\/Kliofest-01-utorak-II-08-P-Socanska-fronta.jpg?fit=1200%2C566&ssl=1&resize=700%2C400 2x, https:\/\/i0.wp.com\/historiografija.hr\/wp-content\/uploads\/2026\/04\/Kliofest-01-utorak-II-08-P-Socanska-fronta.jpg?fit=1200%2C566&ssl=1&resize=1050%2C600 3x"},"classes":[]},{"id":52578,"url":"https:\/\/historiografija.hr\/?p=52578","url_meta":{"origin":20297,"position":3},"title":"Poziv za sudjelovanje: XXII. Dani Julija Bene\u0161i\u0107a u Iloku","author":"Branimir Jankovi\u0107","date":"21. travnja 2026.","format":false,"excerpt":"Zavod za lingvisti\u010dka istra\u017eivanja Hrvatske akademije znanosti i umjetnosti, zajedno s Muzejom grada Iloka, organizira XXII. Dane Julija Bene\u0161i\u0107a, koji \u0107e se odr\u017eati od 28. do 30. listopada 2026. u Iloku.\u00a0Teme ovogodi\u0161njih Dana podijeljene su u dvije cjeline: Knji\u017eevno-jezikoslovni d\u00ecv\u0101n s Bene\u0161i\u0107em te Ilok i Srijem u povijesnim stalnicama i\u2026","rel":"","context":"U &quot;Novosti&quot;","block_context":{"text":"Novosti","link":"https:\/\/historiografija.hr\/?cat=3"},"img":{"alt_text":"","src":"https:\/\/i0.wp.com\/historiografija.hr\/wp-content\/uploads\/2019\/10\/HE2_Benesic.jpg?fit=413%2C591&ssl=1&resize=350%2C200","width":350,"height":200},"classes":[]},{"id":52712,"url":"https:\/\/historiografija.hr\/?p=52712","url_meta":{"origin":20297,"position":4},"title":"Okrugli stol &#8220;Proslava 1100 godina Hrvatskoga Kraljevstva \u2013 kako danas gledamo na hrvatski rani srednji vijek?&#8221;","author":"Filip \u0160imunjak","date":"29. travnja 2026.","format":false,"excerpt":"Godinu iza nas obilje\u017eile su brojne manifestacije posve\u0107ene 1100. obljetnici Hrvatskoga Kraljevstva, koje su privukle veliku pozornost javnosti i medija, pa tako i na\u0161ega portala. Nastavljaju\u0107i se na taj niz, pozivamo Vas na okrugli stol \u201eProslava 1100 godina Hrvatskoga Kraljevstva \u2013 kako danas gledamo na hrvatski rani srednji vijek?\u201d, koji\u2026","rel":"","context":"U &quot;Novosti&quot;","block_context":{"text":"Novosti","link":"https:\/\/historiografija.hr\/?cat=3"},"img":{"alt_text":"","src":"https:\/\/i0.wp.com\/historiografija.hr\/wp-content\/uploads\/2026\/04\/Kliofest-01-utorak-I-01-OS-1100-godina.jpg?fit=1200%2C566&ssl=1&resize=350%2C200","width":350,"height":200,"srcset":"https:\/\/i0.wp.com\/historiografija.hr\/wp-content\/uploads\/2026\/04\/Kliofest-01-utorak-I-01-OS-1100-godina.jpg?fit=1200%2C566&ssl=1&resize=350%2C200 1x, https:\/\/i0.wp.com\/historiografija.hr\/wp-content\/uploads\/2026\/04\/Kliofest-01-utorak-I-01-OS-1100-godina.jpg?fit=1200%2C566&ssl=1&resize=525%2C300 1.5x, https:\/\/i0.wp.com\/historiografija.hr\/wp-content\/uploads\/2026\/04\/Kliofest-01-utorak-I-01-OS-1100-godina.jpg?fit=1200%2C566&ssl=1&resize=700%2C400 2x, https:\/\/i0.wp.com\/historiografija.hr\/wp-content\/uploads\/2026\/04\/Kliofest-01-utorak-I-01-OS-1100-godina.jpg?fit=1200%2C566&ssl=1&resize=1050%2C600 3x"},"classes":[]},{"id":52628,"url":"https:\/\/historiografija.hr\/?p=52628","url_meta":{"origin":20297,"position":5},"title":"Predavanje dopisnog \u010dlana HAZU Alaina Finkielkrauta Izrael, Europa, antisemitizam","author":"Branimir Jankovi\u0107","date":"23. travnja 2026.","format":false,"excerpt":"Francuski filozof Alain Finkielkraut, redoviti \u010dlan Francuske akademije i dopisni \u010dlan HAZU, odr\u017eat \u0107e predavanje\u00a0Izrael, Europa, antisemitizam u utorak 28. travnja 2026. u 13 sati u Knji\u017enici HAZU,\u00a0Strossmayerov trg 14 u Zagrebu. Uvodne rije\u010di odr\u017eat \u0107e\u00a0akademkinja \u017deljka \u010corak i\u00a0akademik Dra\u017een Katunari\u0107. Predavanje \u0107e se odr\u017eati na francuskom jeziku uz konsekutivno\u2026","rel":"","context":"U &quot;Novosti&quot;","block_context":{"text":"Novosti","link":"https:\/\/historiografija.hr\/?cat=3"},"img":{"alt_text":"","src":"https:\/\/i0.wp.com\/historiografija.hr\/wp-content\/uploads\/2026\/04\/Alain_Finkielkraut.jpg?fit=350%2C407&ssl=1&resize=350%2C200","width":350,"height":200},"classes":[]}],"_links":{"self":[{"href":"https:\/\/historiografija.hr\/index.php?rest_route=\/wp\/v2\/posts\/20297","targetHints":{"allow":["GET"]}}],"collection":[{"href":"https:\/\/historiografija.hr\/index.php?rest_route=\/wp\/v2\/posts"}],"about":[{"href":"https:\/\/historiografija.hr\/index.php?rest_route=\/wp\/v2\/types\/post"}],"author":[{"embeddable":true,"href":"https:\/\/historiografija.hr\/index.php?rest_route=\/wp\/v2\/users\/2"}],"replies":[{"embeddable":true,"href":"https:\/\/historiografija.hr\/index.php?rest_route=%2Fwp%2Fv2%2Fcomments&post=20297"}],"version-history":[{"count":1,"href":"https:\/\/historiografija.hr\/index.php?rest_route=\/wp\/v2\/posts\/20297\/revisions"}],"predecessor-version":[{"id":20299,"href":"https:\/\/historiografija.hr\/index.php?rest_route=\/wp\/v2\/posts\/20297\/revisions\/20299"}],"wp:featuredmedia":[{"embeddable":true,"href":"https:\/\/historiografija.hr\/index.php?rest_route=\/wp\/v2\/media\/20298"}],"wp:attachment":[{"href":"https:\/\/historiografija.hr\/index.php?rest_route=%2Fwp%2Fv2%2Fmedia&parent=20297"}],"wp:term":[{"taxonomy":"category","embeddable":true,"href":"https:\/\/historiografija.hr\/index.php?rest_route=%2Fwp%2Fv2%2Fcategories&post=20297"},{"taxonomy":"post_tag","embeddable":true,"href":"https:\/\/historiografija.hr\/index.php?rest_route=%2Fwp%2Fv2%2Ftags&post=20297"}],"curies":[{"name":"wp","href":"https:\/\/api.w.org\/{rel}","templated":true}]}}