{"id":20215,"date":"2020-04-09T11:00:03","date_gmt":"2020-04-09T11:00:03","guid":{"rendered":"http:\/\/historiografija.hr\/?p=20215"},"modified":"2020-04-09T12:38:21","modified_gmt":"2020-04-09T12:38:21","slug":"cesare-catananti-il-vaticano-nella-tormenta-1940-1944-la-prospettiva-inedita-dellarchivio-della-gendarmeria","status":"publish","type":"post","link":"https:\/\/historiografija.hr\/?p=20215","title":{"rendered":"Cesare Catananti, &#8220;Il Vaticano nella tormenta. 1940-1944. La prospettiva inedita dell\u2019Archivio della Gendarmeria&#8221;"},"content":{"rendered":"<p>Objavljena je 2020. godine knjiga Cesarea Catanantija o Vatikanu 1940-1944. godine iz perspektive arhiva vatikanske \u017eandarmerije koja mo\u017ee biti dodatno zanimljiva u kontekstu aktualnog otvaranja vatikanskih arhiva o pontifikatu pape Pija XII.<\/p>\n<p>&nbsp;<\/p>\n<p>&#8212;<\/p>\n<p>&nbsp;<\/p>\n<p><strong>&#8220;Il Vaticano nella tormenta&#8221; di Cesare Catananti<\/strong><\/p>\n<p>&nbsp;<\/p>\n<p>&#8220;1940-1944. La prospettiva inedita dell\u2019Archivio della Gendarmeria Vaticana&#8221;. Prefazione di Andrea Riccardi. In occasione dell\u2019apertura dei documenti segreti dell\u2019Archivio Storico Vaticano, un libro che fa luce sugli anni del pontificato di Pio XII<\/p>\n<p>&nbsp;<\/p>\n<p>&#8220;L\u2019ombra dei \u201csilenzi\u201d si \u00e8 sempre allungata sulla figura di papa Pacelli. Ma in che condizioni oper\u00f2 Pio XII? Qual era la realt\u00e0 del Vaticano in tempo di guerra? Non si pu\u00f2 rispondere alle domande sul comportamento di papa Pacelli durante il secondo conflitto mondiale senza considerare quali fossero i limiti posti al suo agire. Questo libro, fondato sull\u2019archivio della Gendarmeria Pontificia (ma non solamente), esamina con attenzione e in modo documentato quale fosse lo \u201cspazio\u201d del papa durante la Seconda guerra mondiale e nei nove mesi di occupazione nazista di Roma. \u00c8 un saggio di storia \u201cmateriale\u201d, importante anche perch\u00e9 il dibattito\u00a0 storiografico si \u00e8 troppo allontanato dalla realt\u00e0. Pio XII \u00e8 nel cuore della \u201ctormenta\u201d, protetto dalle fragili mura vaticane, che sono tanto poco capaci di difenderlo dalle infiltrazioni\u00a0delle spie, dalle connessioni con il mondo fascista, da un\u2019eventuale violenza contro la sua persona e i suoi collaboratori. Si pu\u00f2 dire che il Vaticano sia in ostaggio del governo fascista e, soprattutto nei mesi dell\u2019occupazione, dei nazisti. Questa \u00e8 la realt\u00e0 della minuscola enclave papale\u2026 Il Vaticano \u00e8 ostaggio dei regimi fascista e nazista, ma \u00e8 allo stesso tempo libero. \u00c8 una situazione insopportabile, specie per Hitler&#8221;.<\/p>\n<p><strong>(Dalla prefazione di Andrea Riccardi)<\/strong><\/p>\n<p>&nbsp;<\/p>\n<p>Sospetti, trattative, intrighi, spionaggio, soccorsi umanitari\u2026 di uno Stato da proteggere.<br \/>\nIl Vaticano, si sa, \u00e8 uno Stato molto particolare: pochi chilometri quadrati di chiese, palazzi, tesori d\u2019arte e giardini. Nel momento in cui l\u2019Europa \u00e8 lacerata da contrapposizioni ideologiche violentissime, lo staterello \u00e8 neutrale e potrebbe attendere, magari in preghiera, la fine della tempesta\u2026 Invece no.<br \/>\nIl Vaticano \u00e8 a Roma, nel cuore della capitale di un regime autoritario alleato con la Germania.<br \/>\nI rapporti con il regime fascista sono di reciproco sospetto: Mussolini fa spiare i monsignori, i cardinali e il papa stesso. Hitler odia la Chiesa cattolica perch\u00e9 la considera un potere trasversale, che pu\u00f2 sempre sfuggire al controllo assoluto dello Stato. Gli Alleati, invece, temono una Chiesa che acquisti troppa autorit\u00e0 morale in anni di sangue e acciaio.<br \/>\nCiascuno ha la sua posizione e il Vaticano \u00e8 in mezzo. Dunque, per prudenza, meglio porvi informatori, spie, doppiogiochisti. Meglio vigilare sui suoi confini, anche perch\u00e9 a volte ci scappano dentro prigionieri di guerra inglesi in fuga dai campi di prigionia, seguiti ben presto da giovani tedeschi sbandati.<br \/>\nE nel lungo inverno del \u201943 il Vaticano, oramai circondato dal III Reich, deve affrontare la fase pi\u00f9 dura della \u201ctormenta\u201d. In questo contesto proprio da dentro le \u201cSacre Mura\u201d la Legazione inglese, con il supporto del settore 9 del Military Intelligence, opera nell\u2019ombra.<br \/>\nA un certo punto abbiamo anche un piano di Hitler per rapire il papa e deportarlo in Germania o nel Liechtenstein e si elabora un contro-piano di \u201cdifesa passiva ma energica\u201d che prevede anche il sacrificio di tutti i militari che faranno \u201cscudo col proprio corpo alla Sacra ed Augusta Persona del Sommo Pontefice\u201d.<\/p>\n<p>&nbsp;<\/p>\n<p><strong>Cesare Catananti, Il Vaticano nella tormenta. 1940-1944. La prospettiva inedita dell\u2019Archivio della Gendarmeria Pontificia, Edizioni San Paolo 2020, pp. 368<\/strong><\/p>\n<p>&nbsp;<\/p>\n<p><strong>CESARE CATANANTI<\/strong>, medico, gi\u00e0 direttore generale del Policlinico \u201cA. Gemelli\u201d di Roma e docente di Storia della Medicina, ha da sempre orientato la sua ricerca e le relative pubblicazioni sulle tematiche dell\u2019organizzazione sanitaria e della riflessione storica. Tra i saggi si ricorda il volume <em>Medicina: valori e interessi. Dichiarati e nascosti<\/em> (Vita e Pensiero, 2002).<\/p>\n<p>In epoca pi\u00f9 recente i suoi interessi si sono rivolti alla storia contemporanea e su questo filone, nel 2017, insieme a Sandro Barbagallo, ha pubblicato per le Edizioni San Paolo <em>La Gendarmeria Vaticana: dalle origini ai giorni nostri<\/em>.<br \/>\n<em>Il Vaticano nella tormenta<\/em> nasce proprio da anni di ricerca presso l\u2019Archivio<\/p>\n<p>&nbsp;<\/p>\n<p><a href=\"https:\/\/www.gruppoeditorialesanpaolo.it\/area-stampa\/2020\/il-vaticano-nella-tormenta-di-cesare-catananti\">https:\/\/www.gruppoeditorialesanpaolo.it\/area-stampa\/2020\/il-vaticano-nella-tormenta-di-cesare-catananti<\/a><\/p>\n<p>&nbsp;<\/p>\n<p><a href=\"https:\/\/www.edizionisanpaolo.it\/varie_1\/attualita\/attualita--e-storia\/libro\/il-vaticano-nella-tormenta.aspx\">https:\/\/www.edizionisanpaolo.it\/varie_1\/attualita\/attualita&#8211;e-storia\/libro\/il-vaticano-nella-tormenta.aspx<\/a><\/p>\n<p>&nbsp;<\/p>\n<p><a href=\"https:\/\/www.vaticannews.va\/it\/vaticano\/news\/2020-01\/libro-catananti-vaticano-tormenta-1940-1944.html\">https:\/\/www.vaticannews.va\/it\/vaticano\/news\/2020-01\/libro-catananti-vaticano-tormenta-1940-1944.html<\/a><\/p>\n<p>&nbsp;<\/p>\n<p><strong>Vatikanska \u017eandarmerija in druga svetovna vojna<\/strong><\/p>\n<p><a href=\"http:\/\/www.druzina.si\/icd\/spletnastran.nsf\/clanek\/vatikanska-zandarmerija-in-druga-svetovna-vojna?Open\">http:\/\/www.druzina.si\/icd\/spletnastran.nsf\/clanek\/vatikanska-zandarmerija-in-druga-svetovna-vojna?Open<\/a><\/p>\n<p>&nbsp;<\/p>\n<p>&nbsp;<\/p>\n<p>&nbsp;<\/p>\n<p>&nbsp;<\/p>\n<p>&nbsp;<\/p>\n<p>&nbsp;<\/p>\n","protected":false},"excerpt":{"rendered":"","protected":false},"author":2,"featured_media":20216,"comment_status":"open","ping_status":"open","sticky":false,"template":"","format":"standard","meta":{"_acf_changed":false,"jetpack_post_was_ever_published":false,"_jetpack_newsletter_access":"","_jetpack_dont_email_post_to_subs":false,"_jetpack_newsletter_tier_id":0,"_jetpack_memberships_contains_paywalled_content":false,"_jetpack_memberships_contains_paid_content":false,"footnotes":"","jetpack_publicize_message":"","jetpack_publicize_feature_enabled":true,"jetpack_social_post_already_shared":true,"jetpack_social_options":{"image_generator_settings":{"template":"highway","default_image_id":0,"font":"","enabled":false},"version":2}},"categories":[8,3],"tags":[],"class_list":["post-20215","post","type-post","status-publish","format-standard","has-post-thumbnail","hentry","category-knjige","category-novosti"],"acf":{"facebook_opis":""},"jetpack_publicize_connections":[],"jetpack_featured_media_url":"https:\/\/i0.wp.com\/historiografija.hr\/wp-content\/uploads\/2020\/04\/il-vaticano-nella-tormenta_cover.jpg?fit=1378%2C2126&ssl=1","jetpack_sharing_enabled":true,"jetpack-related-posts":[],"_links":{"self":[{"href":"https:\/\/historiografija.hr\/index.php?rest_route=\/wp\/v2\/posts\/20215","targetHints":{"allow":["GET"]}}],"collection":[{"href":"https:\/\/historiografija.hr\/index.php?rest_route=\/wp\/v2\/posts"}],"about":[{"href":"https:\/\/historiografija.hr\/index.php?rest_route=\/wp\/v2\/types\/post"}],"author":[{"embeddable":true,"href":"https:\/\/historiografija.hr\/index.php?rest_route=\/wp\/v2\/users\/2"}],"replies":[{"embeddable":true,"href":"https:\/\/historiografija.hr\/index.php?rest_route=%2Fwp%2Fv2%2Fcomments&post=20215"}],"version-history":[{"count":2,"href":"https:\/\/historiografija.hr\/index.php?rest_route=\/wp\/v2\/posts\/20215\/revisions"}],"predecessor-version":[{"id":20222,"href":"https:\/\/historiografija.hr\/index.php?rest_route=\/wp\/v2\/posts\/20215\/revisions\/20222"}],"wp:featuredmedia":[{"embeddable":true,"href":"https:\/\/historiografija.hr\/index.php?rest_route=\/wp\/v2\/media\/20216"}],"wp:attachment":[{"href":"https:\/\/historiografija.hr\/index.php?rest_route=%2Fwp%2Fv2%2Fmedia&parent=20215"}],"wp:term":[{"taxonomy":"category","embeddable":true,"href":"https:\/\/historiografija.hr\/index.php?rest_route=%2Fwp%2Fv2%2Fcategories&post=20215"},{"taxonomy":"post_tag","embeddable":true,"href":"https:\/\/historiografija.hr\/index.php?rest_route=%2Fwp%2Fv2%2Ftags&post=20215"}],"curies":[{"name":"wp","href":"https:\/\/api.w.org\/{rel}","templated":true}]}}