{"id":20199,"date":"2020-04-08T14:25:49","date_gmt":"2020-04-08T14:25:49","guid":{"rendered":"http:\/\/historiografija.hr\/?p=20199"},"modified":"2020-04-08T14:25:49","modified_gmt":"2020-04-08T14:25:49","slug":"frank-m-snowden-epidemics-and-society-from-the-black-death-to-the-present","status":"publish","type":"post","link":"https:\/\/historiografija.hr\/?p=20199","title":{"rendered":"Frank M. Snowden, \u201cEpidemics and Society: From the Black Death to the Present\u201d"},"content":{"rendered":"<p>This sweeping exploration of the impact of epidemic diseases looks at how mass infectious outbreaks have shaped society, from the Black Death to today. In a clear and accessible style, Frank M. Snowden reveals the ways that diseases have not only influenced medical science and public health, but also transformed the arts, religion, intellectual history, and warfare.<\/p>\n<p>A multidisciplinary and comparative investigation of the medical and social history of the major epidemics, this volume touches on themes such as the evolution of medical therapy, plague literature, poverty, the environment, and mass hysteria. In addition to providing historical perspective on diseases such as smallpox, cholera, and tuberculosis, Snowden examines the fallout from recent epidemics such as HIV\/AIDS, SARS, and Ebola and the question of the world\u2019s preparedness for the next generation of diseases.<\/p>\n<p>&nbsp;<\/p>\n<p>Yale University Press<\/p>\n<p>October 22, 2019<\/p>\n<p>600 pages<\/p>\n<p>&nbsp;<\/p>\n<p><strong>Frank M. Snowden<\/strong> is Andrew Downey Orrick Professor Emeritus of History and History of Medicine at Yale University. His previous books include <em>The Conquest of Malaria: Italy, 1900\u20131962<\/em> and <em>Naples in the Time of Cholera, 1884\u20131911.<\/em><\/p>\n<p>&nbsp;<\/p>\n<p>\u201cBrilliant and sobering.\u201d\u2014Paul Kennedy,<em> Wall Street Journal<\/em><\/p>\n<p>&nbsp;<\/p>\n<p>&#8220;Essential reading for anyone who is concerned about society\u2019s preparedness to meet new microbial challenges and who appreciates the importance of history to develop effective and efficient responses.&#8221;\u2014Socrates Litsios, author of <em>The Tomorrow of Malaria<\/em><\/p>\n<p>&nbsp;<\/p>\n<p>\u201cA superb synthesis of a complex and important topic. Snowden brings to the subject a wealth of previous research on disease and brilliantly integrates his work into more general historical concerns. A major achievement.\u201d\u2014William Bynum, author of <em>A Little History of Science<\/em><\/p>\n<p>&nbsp;<\/p>\n<p>&#8220;Professor Snowden provides an authoritative and very readable historical account of several of the major the major infectious diseases epidemics that have afflicted mankind with a focus on their impact on society.&#8221;\u2014Brian Greenwood,\u00a0London School of Hygiene &amp; Tropical Medicine<\/p>\n<p>&nbsp;<\/p>\n<p>&#8220;In an era of rapidly emerging diseases, <em>Epidemics and Society<\/em> reminds us that in framing epidemics we are also, always, refiguring human life and fate in relation to ecology and society.&#8221;\u2014Warwick Anderson, author of <em>Colonial Pathologies: American Tropical Medicine, Race, and Hygiene in the Philippines<\/em><\/p>\n<p>&nbsp;<\/p>\n<p>\u201c[A] wide-ranging study\u201d\u2014Laura Spinney, <em>Nature<\/em><\/p>\n<p>&nbsp;<\/p>\n<p>\u201cA distinctive and very useful contribution to the public understanding of disease.&#8221;\u2014Mark Harrison, author of\u00a0<em>Contagion: How Commerce Has Spread Disease<\/em>\u00a0and Director, Wellcome Unit for the History of Medicine<\/p>\n<p>&nbsp;<\/p>\n<p>&#8220;Illuminating and instructive, jam-packed with fascinating details. . . . A splendid\u2014and scary\u2014account of a potent and still-present threat to humankind.&#8221;\u2014Glenn Altschuler, <em>Florida Courier<\/em><\/p>\n<p>&nbsp;<\/p>\n<p>&#8220;Snowden . . . examines the ways in which disease outbreaks have shaped politics, crushed revolutions, and entrenched racial and economic discrimination. . . . Gigantic in scope, stretching across centuries and continents, Snowden\u2019s account seeks to explain, too, the ways in which social structures have allowed diseases to flourish.&#8221;\u2014Isaac Chotiner, <em>New Yorker<\/em><\/p>\n<p>&nbsp;<\/p>\n<p>&#8220;A very useful, wide-ranging review of the multiple connections between epidemic disease and historical change and development. . . . A very readable book. Highly recommended. All readers.&#8221;\u2014<em>Choice<\/em><\/p>\n<p>&nbsp;<\/p>\n<p>#1 of &#8220;5 Books to Read for Context on the Coronavirus Outbreak&#8221;\u2014<em>World Economic Forum<\/em><\/p>\n<p>&nbsp;<\/p>\n<p>&#8220;Covering roughly a millennium on about 550 pages is no small task\u2026very readable&#8221;\u2014Christoph Gradmann, <em>The Lancet<\/em><\/p>\n<p>&nbsp;<\/p>\n<p>&nbsp;<\/p>\n<p><a href=\"https:\/\/yalebooks.yale.edu\/book\/9780300192216\/epidemics-and-society\">https:\/\/yalebooks.yale.edu\/book\/9780300192216\/epidemics-and-society<\/a><\/p>\n<p>&nbsp;<\/p>\n<p><a href=\"https:\/\/www.newyorker.com\/news\/q-and-a\/how-pandemics-change-history\">https:\/\/www.newyorker.com\/news\/q-and-a\/how-pandemics-change-history<\/a><\/p>\n<p>&nbsp;<\/p>\n<p><a href=\"https:\/\/www.tportal.hr\/kultura\/clanak\/kako-su-epidemije-oblikovale-drustvo-od-crne-smrti-do-danas-americki-povjesnicar-medicine-podsjeca-svi-smo-dio-iste-vrste-i-u-ovome-smo-svi-zajedno-foto-20200312\">https:\/\/www.tportal.hr\/kultura\/clanak\/kako-su-epidemije-oblikovale-drustvo-od-crne-smrti-do-danas-americki-povjesnicar-medicine-podsjeca-svi-smo-dio-iste-vrste-i-u-ovome-smo-svi-zajedno-foto-20200312<\/a><\/p>\n<p>&nbsp;<\/p>\n<p><a href=\"https:\/\/www.index.hr\/vijesti\/clanak\/kako-su-pandemije-mijenjale-povijest\/2165768.aspx\">https:\/\/www.index.hr\/vijesti\/clanak\/kako-su-pandemije-mijenjale-povijest\/2165768.aspx<\/a><\/p>\n<p>&nbsp;<\/p>\n<p>&nbsp;<\/p>\n<p>&nbsp;<\/p>\n","protected":false},"excerpt":{"rendered":"","protected":false},"author":2,"featured_media":20200,"comment_status":"open","ping_status":"open","sticky":false,"template":"","format":"standard","meta":{"_acf_changed":false,"jetpack_post_was_ever_published":false,"_jetpack_newsletter_access":"","_jetpack_dont_email_post_to_subs":false,"_jetpack_newsletter_tier_id":0,"_jetpack_memberships_contains_paywalled_content":false,"_jetpack_memberships_contains_paid_content":false,"footnotes":"","jetpack_publicize_message":"","jetpack_publicize_feature_enabled":true,"jetpack_social_post_already_shared":true,"jetpack_social_options":{"image_generator_settings":{"template":"highway","default_image_id":0,"font":"","enabled":false},"version":2}},"categories":[8,3],"tags":[],"class_list":["post-20199","post","type-post","status-publish","format-standard","has-post-thumbnail","hentry","category-knjige","category-novosti"],"acf":{"facebook_opis":""},"jetpack_publicize_connections":[],"jetpack_featured_media_url":"https:\/\/i0.wp.com\/historiografija.hr\/wp-content\/uploads\/2020\/04\/Epidemics.jpg?fit=220%2C332&ssl=1","jetpack_sharing_enabled":true,"jetpack-related-posts":[{"id":52516,"url":"https:\/\/historiografija.hr\/?p=52516","url_meta":{"origin":20199,"position":0},"title":"Marko Grde\u0161i\u0107, Mislav \u017ditko, \u201eSocialist Economics in Yugoslavia: A Critical History\u201c","author":"Branimir Jankovi\u0107","date":"17. travnja 2026.","format":false,"excerpt":"This book presents a critical history of Yugoslav socialist economics, from its inception in the late 1940s to its dissolution in the late 1980s. After the dramatic break with the Soviet Union in 1948, Yugoslavia found itself in urgent need of a third way: A socialist trajectory which would not\u2026","rel":"","context":"U &quot;Knjige&quot;","block_context":{"text":"Knjige","link":"https:\/\/historiografija.hr\/?cat=8"},"img":{"alt_text":"","src":"https:\/\/i0.wp.com\/historiografija.hr\/wp-content\/uploads\/2026\/04\/Zitko_Grdesic.jpg?fit=350%2C535&ssl=1&resize=350%2C200","width":350,"height":200},"classes":[]},{"id":52625,"url":"https:\/\/historiografija.hr\/?p=52625","url_meta":{"origin":20199,"position":1},"title":"Omer Bartov, \u201eIsrael: What Went Wrong?\u201c","author":"Branimir Jankovi\u0107","date":"23. travnja 2026.","format":false,"excerpt":"Professor Omer Bartov was born on a kibbutz, grew up in Tel Aviv and served in the Israel Defence Forces during the Yom Kippur War. He went on to become an expert on the German army and the Holocaust, before turning his attention to his native country.In Israel: What Went\u2026","rel":"","context":"U &quot;Knjige&quot;","block_context":{"text":"Knjige","link":"https:\/\/historiografija.hr\/?cat=8"},"img":{"alt_text":"","src":"https:\/\/i0.wp.com\/historiografija.hr\/wp-content\/uploads\/2026\/04\/Bartov.jpeg?fit=320%2C500&ssl=1&resize=350%2C200","width":350,"height":200},"classes":[]},{"id":52586,"url":"https:\/\/historiografija.hr\/?p=52586","url_meta":{"origin":20199,"position":2},"title":"Aur\u00e9lie Daher, \u201eHezbollah: Mobilisation and Power\u201c","author":"Branimir Jankovi\u0107","date":"22. travnja 2026.","format":false,"excerpt":"Morning Star \u2018Book of the Year\u2019 Social movement, liberation party or terrorist group? With Hezbollah\u2019s growing involvement in the war in Syria, this study of its impact on Lebanon, drawing heavily on first-hand interviews, could not be more timely. Description Almost forty years after its foundation, Hezbollah remains an enigma.\u2026","rel":"","context":"U &quot;Knjige&quot;","block_context":{"text":"Knjige","link":"https:\/\/historiografija.hr\/?cat=8"},"img":{"alt_text":"","src":"https:\/\/i0.wp.com\/historiografija.hr\/wp-content\/uploads\/2026\/04\/Daher-Hezbollah.jpg?fit=600%2C931&ssl=1&resize=350%2C200","width":350,"height":200,"srcset":"https:\/\/i0.wp.com\/historiografija.hr\/wp-content\/uploads\/2026\/04\/Daher-Hezbollah.jpg?fit=600%2C931&ssl=1&resize=350%2C200 1x, https:\/\/i0.wp.com\/historiografija.hr\/wp-content\/uploads\/2026\/04\/Daher-Hezbollah.jpg?fit=600%2C931&ssl=1&resize=525%2C300 1.5x"},"classes":[]},{"id":52664,"url":"https:\/\/historiografija.hr\/?p=52664","url_meta":{"origin":20199,"position":3},"title":"CfP: CONFERENCE OF THE HISTORY OF CONCEPTS GROUP, HELSINKI, 19TH\u201321ST AUGUST 2026 (DEADLINE: 30TH APRIL 2026)","author":"Branimir Jankovi\u0107","date":"24. travnja 2026.","format":false,"excerpt":"The annual conference of the History of Concepts Group is held at the University of Helsinki, 19-21 August 2026. Conference of the History of Concepts Group Conceptual history studies the use of concepts and tries to understand how historical actors have linguistically articulated views of the world. Studying concepts from\u2026","rel":"","context":"U &quot;Novosti&quot;","block_context":{"text":"Novosti","link":"https:\/\/historiografija.hr\/?cat=3"},"img":{"alt_text":"","src":"https:\/\/i0.wp.com\/historiografija.hr\/wp-content\/uploads\/2017\/10\/hsozkult.png?fit=1006%2C241&ssl=1&resize=350%2C200","width":350,"height":200,"srcset":"https:\/\/i0.wp.com\/historiografija.hr\/wp-content\/uploads\/2017\/10\/hsozkult.png?fit=1006%2C241&ssl=1&resize=350%2C200 1x, https:\/\/i0.wp.com\/historiografija.hr\/wp-content\/uploads\/2017\/10\/hsozkult.png?fit=1006%2C241&ssl=1&resize=525%2C300 1.5x, https:\/\/i0.wp.com\/historiografija.hr\/wp-content\/uploads\/2017\/10\/hsozkult.png?fit=1006%2C241&ssl=1&resize=700%2C400 2x"},"classes":[]},{"id":52520,"url":"https:\/\/historiografija.hr\/?p=52520","url_meta":{"origin":20199,"position":4},"title":"Predstavljanje knjige &#8220;Socialist Economics in Yugoslavia: A Critical History&#8221; u Zagrebu","author":"Branimir Jankovi\u0107","date":"17. travnja 2026.","format":false,"excerpt":"Pozivamo vas na predstavljanje knjige \"Socialist Economics in Yugoslavia: A Critical History\", autora Mislava \u00a0\u017ditka i Marka Grde\u0161i\u0107a (Routledge, 2026). Na predstavljanju \u0107e govoriti Branko Milanovi\u0107 (CUNY), Milica Uvali\u0107 (EUI), Zdravko Petak (FPZG) te autori.\u00a0 Predstavljanje \u0107e se odr\u017eati u srijedu 22. travnja u 16:00 sati na Fakultetu politi\u010dkih znanosti\u2026","rel":"","context":"U &quot;Novosti&quot;","block_context":{"text":"Novosti","link":"https:\/\/historiografija.hr\/?cat=3"},"img":{"alt_text":"","src":"https:\/\/i0.wp.com\/historiografija.hr\/wp-content\/uploads\/2026\/04\/Poziv-na-predstavljanje.png?fit=800%2C652&ssl=1&resize=350%2C200","width":350,"height":200,"srcset":"https:\/\/i0.wp.com\/historiografija.hr\/wp-content\/uploads\/2026\/04\/Poziv-na-predstavljanje.png?fit=800%2C652&ssl=1&resize=350%2C200 1x, https:\/\/i0.wp.com\/historiografija.hr\/wp-content\/uploads\/2026\/04\/Poziv-na-predstavljanje.png?fit=800%2C652&ssl=1&resize=525%2C300 1.5x, https:\/\/i0.wp.com\/historiografija.hr\/wp-content\/uploads\/2026\/04\/Poziv-na-predstavljanje.png?fit=800%2C652&ssl=1&resize=700%2C400 2x"},"classes":[]},{"id":52677,"url":"https:\/\/historiografija.hr\/?p=52677","url_meta":{"origin":20199,"position":5},"title":"CfP: NAVIGATING THE PAST, FACING THE PRESENT: CHALLENGES AND OPPORTUNITIES IN RE-PRESENTING CONFLICTS AND VIOLENCE IN MEMORY AND EDUCATION INSTITUTIONS, WARSAW, 22ND\u201324TH OCTOBER 2026 (DEADLINE: 30TH APRIL 2026)","author":"Branimir Jankovi\u0107","date":"27. travnja 2026.","format":false,"excerpt":"The conference and graduate workshop (October 22-24, 2026, Warsaw) addresses the representation of history in public and institutional contexts, with a focus beyond the often-studied field of \u201cmemory culture\u201d. Rather than emphasizing the politicization of memory and cultural institutions, the discussion shifts toward new methods, media, and challenges in historical\u2026","rel":"","context":"U &quot;Novosti&quot;","block_context":{"text":"Novosti","link":"https:\/\/historiografija.hr\/?cat=3"},"img":{"alt_text":"","src":"https:\/\/i0.wp.com\/historiografija.hr\/wp-content\/uploads\/2017\/10\/hsozkult.png?fit=1006%2C241&ssl=1&resize=350%2C200","width":350,"height":200,"srcset":"https:\/\/i0.wp.com\/historiografija.hr\/wp-content\/uploads\/2017\/10\/hsozkult.png?fit=1006%2C241&ssl=1&resize=350%2C200 1x, https:\/\/i0.wp.com\/historiografija.hr\/wp-content\/uploads\/2017\/10\/hsozkult.png?fit=1006%2C241&ssl=1&resize=525%2C300 1.5x, https:\/\/i0.wp.com\/historiografija.hr\/wp-content\/uploads\/2017\/10\/hsozkult.png?fit=1006%2C241&ssl=1&resize=700%2C400 2x"},"classes":[]}],"_links":{"self":[{"href":"https:\/\/historiografija.hr\/index.php?rest_route=\/wp\/v2\/posts\/20199","targetHints":{"allow":["GET"]}}],"collection":[{"href":"https:\/\/historiografija.hr\/index.php?rest_route=\/wp\/v2\/posts"}],"about":[{"href":"https:\/\/historiografija.hr\/index.php?rest_route=\/wp\/v2\/types\/post"}],"author":[{"embeddable":true,"href":"https:\/\/historiografija.hr\/index.php?rest_route=\/wp\/v2\/users\/2"}],"replies":[{"embeddable":true,"href":"https:\/\/historiografija.hr\/index.php?rest_route=%2Fwp%2Fv2%2Fcomments&post=20199"}],"version-history":[{"count":1,"href":"https:\/\/historiografija.hr\/index.php?rest_route=\/wp\/v2\/posts\/20199\/revisions"}],"predecessor-version":[{"id":20201,"href":"https:\/\/historiografija.hr\/index.php?rest_route=\/wp\/v2\/posts\/20199\/revisions\/20201"}],"wp:featuredmedia":[{"embeddable":true,"href":"https:\/\/historiografija.hr\/index.php?rest_route=\/wp\/v2\/media\/20200"}],"wp:attachment":[{"href":"https:\/\/historiografija.hr\/index.php?rest_route=%2Fwp%2Fv2%2Fmedia&parent=20199"}],"wp:term":[{"taxonomy":"category","embeddable":true,"href":"https:\/\/historiografija.hr\/index.php?rest_route=%2Fwp%2Fv2%2Fcategories&post=20199"},{"taxonomy":"post_tag","embeddable":true,"href":"https:\/\/historiografija.hr\/index.php?rest_route=%2Fwp%2Fv2%2Ftags&post=20199"}],"curies":[{"name":"wp","href":"https:\/\/api.w.org\/{rel}","templated":true}]}}