{"id":2017,"date":"2017-02-22T23:00:05","date_gmt":"2017-02-22T23:00:05","guid":{"rendered":"http:\/\/historiografija.hr\/?p=2017"},"modified":"2017-02-26T19:22:25","modified_gmt":"2017-02-26T19:22:25","slug":"zrinka-miljan-prikaz-knjige-jelena-batinic-women-and-yugoslav-partisans-a-history-of-world-war-ii-resistance-2015","status":"publish","type":"post","link":"https:\/\/historiografija.hr\/?p=2017","title":{"rendered":"Zrinka Miljan &#8211; Prikaz knjige &#8211; Jelena Batini\u0107, &#8220;Women and Yugoslav Partisans. A History of World War II Resistance&#8221;, 2015."},"content":{"rendered":"<p align=\"justify\">\n<p style=\"margin: 0cm 0cm 8pt; text-align: justify; line-height: 150%;\" align=\"justify\"><b style=\"mso-bidi-font-weight: normal;\"><span lang=\"HR\" style=\"line-height: 150%;  mso-ansi-language: HR;\">\u00a0<\/span><\/b><\/p>\n<p style=\"margin: 0cm 0cm 8pt; text-align: justify; line-height: 150%;\" align=\"justify\"><b style=\"mso-bidi-font-weight: normal;\"><span lang=\"HR\" style=\"line-height: 150%;  mso-ansi-language: HR;\">Jelena Batini\u0107, <i style=\"mso-bidi-font-style: normal;\">Women and Yugoslav Partisans. A History of World War II Resistance<\/i>, Cambridge University Press, New York 2015, 287 str. <\/span><\/b><\/p>\n<p align=\"justify\">\n<p style=\"margin: 0cm 0cm 8pt; text-align: justify; line-height: 150%;\" align=\"justify\"><span lang=\"HR\" style=\"line-height: 150%;  mso-ansi-language: HR;\">\u00a0<\/span><\/p>\n<p align=\"justify\">\n<p style=\"margin: 0cm 0cm 8pt; text-align: justify; line-height: 150%;\" align=\"justify\"><span lang=\"HR\" style=\"line-height: 150%;  mso-ansi-language: HR;\">Iako su rodne studije doprle u historiografiju tijekom osamdesetih godina pro\u0161loga stolje\u0107a u vidu \u017eenske historije te su postale temeljem za kriti\u010dku analizu dru\u0161tva, kada se govori o povijesti europskoga Jugoistoka, postoji cijeli niz tema koje su ostale u velikoj mjeri zapostavljene. Ova tvrdnja posebno se odnosi na teritorij zemalja nastalih raspadom socijalisti\u010dke Jugoslavije u kojima rodna<span style=\"mso-spacerun: yes;\">\u00a0 <\/span>historija nikako da ulovi korak s ostalim historiografskim pravcima. Tek su rijetke knjige u kojima se obra\u0111uje povijest \u017eena i to uglavnom iz pera inozemnih povjesni\u010darki. Jedna od takvih jest i knjiga povjesni\u010darke Jelene Batini\u0107 <i style=\"mso-bidi-font-style: normal;\">Women and Yugoslav Partisans. A History of World War II Resistance<\/i>. <\/span><\/p>\n<p align=\"justify\">\n<p style=\"margin: 0cm 0cm 8pt; text-align: justify; line-height: 150%;\" align=\"justify\"><span lang=\"HR\" style=\"line-height: 150%;  mso-ansi-language: HR;\">\u00a0<\/span><\/p>\n<p align=\"justify\">\n<p style=\"margin: 0cm 0cm 8pt; text-align: justify; line-height: 150%; text-indent: 36pt;\" align=\"justify\"><span lang=\"HR\" style=\"line-height: 150%;  mso-ansi-language: HR;\">Jelena Batini\u0107 je povjesni\u010darka koja se specijalizirala za povijest Drugoga svjetskog rata i povijest Isto\u010dne Europe, a trenutno radi na Sveu\u010dili\u0161tu Stanford u Sjedinjenim Ameri\u010dkim Dr\u017eavama. Autorica je \u010dlanaka objavljenih u nekim od najeminentnijih \u010dasopisa koji se bave rodnom historijom, poput <i style=\"mso-bidi-font-style: normal;\">Journal of International Women&#8217;s Studies <\/i>i <i style=\"mso-bidi-font-style: normal;\">Journal of Women&#8217;s History<\/i>. Budu\u0107i da se Batini\u0107 specijalizirala i za povijest Isto\u010dne Europe i za \u017eensku povijest, ali i povijest Drugoga svjetskoga rata, ovom je studijom slu\u010daja pokazala kako metodolo\u0161ki i teorijski pristupiti istra\u017eivanju polo\u017eaja \u017eene partizanke, pripadnice komunisti\u010dkoga pokreta otpora, tijekom Drugoga svjetskog rata.<\/span><\/p>\n<p align=\"justify\">\n<p style=\"margin: 0cm 0cm 8pt; text-align: justify; line-height: 150%; text-indent: 36pt;\" align=\"justify\"><span lang=\"HR\" style=\"line-height: 150%;  mso-ansi-language: HR;\">\u00a0<\/span><\/p>\n<p align=\"justify\">\n<p style=\"margin: 0cm 0cm 8pt; text-align: justify; line-height: 150%; text-indent: 36pt;\" align=\"justify\"><span lang=\"HR\" style=\"line-height: 150%;  mso-ansi-language: HR;\">Knjiga se fokusira na jedan od najupe\u010datljivijih momenata Drugoga svjetskoga rata \u2013 masovno sudjelovanje \u017eena, nerijetko u direktnoj borbi, u komunisti\u010dkome partizanskome pokretu otpora. Svoje je istra\u017eivanje Batini\u0107 bazirala na arhivskim istra\u017eivanjima (iz srpskih arhiva), sekundarnim izvorima (novinama iz svih zemalja biv\u0161e Jugoslavije) te na partizanskome folkloru, sje\u0107anjima sudionika te na knji\u017eevnosti i filmskome materijalu. Najva\u017eniji doprinos knjige svakako le\u017ei u \u010dinjenici da je autorica pojasnila na koji na\u010din su rat, revolucija i uspostava komunisti\u010dkoga sustava utjecali na promjenu u rodnim normama. Autori\u010din projekt to je vrjedniji jer je prvi takav temeljen na arhivskim izvorima, ali i prvi koji je pokazao koliko je uistinu kompleksan i vi\u0161eobrazan, navodno, revolucionarni egalitarizam u kombinaciji s tradicionalnim patrijarhalnim normama.<\/span><\/p>\n<p align=\"justify\">\n<p style=\"margin: 0cm 0cm 8pt; text-align: justify; line-height: 150%; text-indent: 36pt;\" align=\"justify\"><span lang=\"HR\" style=\"line-height: 150%;  mso-ansi-language: HR;\">\u00a0<\/span><\/p>\n<p align=\"justify\">\n<p style=\"margin: 0cm 0cm 8pt; text-align: justify; line-height: 150%; text-indent: 36pt;\" align=\"justify\"><span lang=\"HR\" style=\"line-height: 150%;  mso-ansi-language: HR;\">U uvodnome dijelu \u201eIntroduction\u201c (str. 1-25) autorica opisuje povijesni i historiografski kontekst knjige te daje prikaz sadr\u017eaja monografije. Nagla\u0161ava da knjiga prije svega predstavlja istra\u017eivanje promjena u rodnim normama u Jugoslaviji tijekom Drugoga svjetskoga rata, revolucije te nakon uspostave nove dr\u017eave po zavr\u0161etku rata. Svoju analizu autorica je radila na temelju politi\u010dke retorike, svakodnevne prakse te institucija, dok je svoje djelo svrstala u rodne i ratne studije, komparativne komunisti\u010dke studije te u studije djelovanja moderne dr\u017eave na pojedinca. Uvodno poglavlje zavr\u0161ava kratkim pregledom povijesnoga konteksta u kojem se odvijao Drugi svjetski rat na europskome Jugoistoku. Ono \u0161to je posebno velika vrijednost uvodnoga poglavlja jest pregled historiografskih djela napisanih o \u017eenskoj ulozi u Drugome svjetskome ratu iz kojeg je jasno da upravo to nedostaje za teritorij zemalja nastalih raspadom Jugoslavije.<\/span><\/p>\n<p align=\"justify\">\n<p style=\"margin: 0cm 0cm 8pt; text-align: justify; line-height: 150%; text-indent: 36pt;\" align=\"justify\"><span lang=\"HR\" style=\"line-height: 150%;  mso-ansi-language: HR;\">\u00a0<\/span><\/p>\n<p align=\"justify\">\n<p style=\"margin: 0cm 0cm 8pt; text-align: justify; line-height: 150%; text-indent: 36pt;\" align=\"justify\"><span lang=\"HR\" style=\"line-height: 150%;  mso-ansi-language: HR;\">Poglavlje broj jedan (str. 26-75) pod nazivom \u201eTo the People, She Was a Character from Folk Poetry. The Party&#8217;s Mobilizing Rhetoric\u201c bavi se istra\u017eivanjem rodne predod\u017ebe na na\u010din koji ju Partija predstavlja \u0161irim masama. Partizanski vo\u0111e, koji su posebno nagla\u0161avali balkansku narodnu kulturu, poku\u0161avali su ju iskoristiti za isto tako izra\u017eeno nagla\u0161avanje rodne jednakosti. S jedne strane partizanka, sredi\u0161nji lik cjelokupne monografije, predstavljala je narodnu heroinu, a s druge strane novu i modernu \u017eenu socijalisti\u010dkoga doba. Interferencija tradicionalnoga i suvremenoga partiji je poslu\u017eila za pokazivanje i dokazivanje da \u017eena, borkinja, ima pravo na jednakost s mu\u0161karcem, \u0161to je djelomi\u010dno i posljedica tada\u0161njeg trenda koji je slu\u017eio masovnoj mobilizaciji \u017eena u ratu.<\/span><\/p>\n<p align=\"justify\">\n<p style=\"margin: 0cm 0cm 8pt; text-align: justify; line-height: 150%; text-indent: 36pt;\" align=\"justify\"><span lang=\"HR\" style=\"line-height: 150%;  mso-ansi-language: HR;\">\u00a0<\/span><\/p>\n<p align=\"justify\">\n<p style=\"margin: 0cm 0cm 8pt; text-align: justify; line-height: 150%; text-indent: 36pt;\" align=\"justify\"><span lang=\"HR\" style=\"line-height: 150%;  mso-ansi-language: HR;\">U drugome poglavlju (str. 76-123) \u201eThe &#8216;Organized Women&#8217;. Developing the AFW\u201c obra\u0111uje se nastanak \u017eenskoga organiziranog politi\u010dkoga pokreta \u2013 Antifa\u0161isti\u010dke fronte \u017eena. Autorica pokazuje na koji na\u010din su seoski obi\u010daji i stare rodne podjele rada postale sastavni dio partizanskoga imaginarija. Budu\u0107i da su mu\u0161karci oti\u0161li u rat, a \u017eene ostale kod ku\u0107e, \u0161to je bilo tradicionalno prihva\u0107eno stajali\u0161te, AF\u017d je formirana s ciljem mobilizacije \u017eena. Upravo se kroz mobilizaciju \u017eena i AF\u017d najbolje mo\u017ee vidjeti diskrepancija izme\u0111u partijske propagande i realnosti \u2013 s jedne strane \u017eene su jednake u borbi, ali nikako nemaju pravo na feminizam jer je on smatran dijelom bur\u017eoaske tradicije. Iako je AF\u017d osnovan s ciljem \u017eenske mobilizacije za rat \u2013 kao logistike za mu\u0161karce, ali i kao borkinje, imao je i prosvjetiteljsku ulogu koja je podrazumijevala obrazovanje \u017eena i njihov napredak. Unato\u010d tomu \u0161to je bio utemeljen kao jedan od alata kojim je Partija trebala utjecati na \u017eene, s vremenom je ipak razvio svojevrsnu autonomiju i fokusirao se na \u017eenska pitanja.<\/span><\/p>\n<p align=\"justify\">\n<p style=\"margin: 0cm 0cm 8pt; text-align: justify; line-height: 150%; text-indent: 36pt;\" align=\"justify\"><span lang=\"HR\" style=\"line-height: 150%;  mso-ansi-language: HR;\">\u00a0<\/span><\/p>\n<p align=\"justify\">\n<p style=\"margin: 0cm 0cm 8pt; text-align: justify; line-height: 150%; text-indent: 36pt;\" align=\"justify\"><span lang=\"HR\" style=\"line-height: 150%;  mso-ansi-language: HR;\">Tre\u0107e poglavlje (str. 124-167) naslovljeno \u201eThe Heroic and the Mundane. Women in the Units\u201c bavi se partizanskim jedinicama te uklju\u010divanjem \u017eena u rat. Iako je u po\u010detku oklijevao oko sudjelovanja \u017eena u ratu, Tito je 1942-1943. godine dopustio masovnu mobilizaciju \u017eena, da bi ih krajem rata povukao iz aktivnog ratovanja. Posebnu pa\u017enju autorica je posvetila problemima s kojima se AF\u017d i masovna mobilizacija \u017eena susre\u0107u na lokalnoj razini. Ovo je poglavlje bazirano i na usmenim izvorima iz kojih je jasno vidljivo da su \u017eene borkinje bile izrazito ponosne na svoje sudjelovanje u ratu. Jedan od doprinosa ovoga poglavlja svakako je i \u010dinjenica da je \u017eenska uloga u ratu u Jugoslaviji stavljena u \u0161iri kontekst te je promatrana iz komparativnoga aspekta. <\/span><\/p>\n<p align=\"justify\">\n<p style=\"margin: 0cm 0cm 8pt; text-align: justify; line-height: 150%; text-indent: 36pt;\" align=\"justify\"><span lang=\"HR\" style=\"line-height: 150%;  mso-ansi-language: HR;\">\u00a0<\/span><\/p>\n<p align=\"justify\">\n<p style=\"margin: 0cm 0cm 8pt; text-align: justify; line-height: 150%; text-indent: 36pt;\" align=\"justify\"><span lang=\"HR\" style=\"line-height: 150%;  mso-ansi-language: HR;\">Poglavlje broj \u010detiri (str. 168-212) pod nazivom \u201eThe Personal as a Site of Party Intervention. Privacy and Sexuality\u201c pokazuje na koji na\u010din seksualni \u017eivot mladih ljudi ima i politi\u010dku dimenziju. To se posebno odnosilo na \u017eene koje su odlaskom u rat morale zaboraviti na mogu\u0107nost da u te \u010detiri godine postanu majke, brojne su se odricale svoje djece na te \u010detiri godine, te ih \u010dak i slale u brojne kampove, neke su pristale na to da im djecu uzmu i ubiju s ciljem dokazivanja odanosti partizanskoj borbi, a neke su zbog ratnih uvjeta i te\u0161kih fizi\u010dkih situacija uop\u0107e na biolo\u0161koj razini izgubile mogu\u0107nost da postanu majke. Poseban naglasak autorica je stavila na privatni \u017eivot revolucionara te na potrebu da po\u0161tuju vrijednosti i norme koje je propagirala Partija, jer bi svaki oblik raskala\u0161enosti za njih mogao biti poguban, pa zavr\u0161iti \u010dak i smr\u0107u. Na taj je na\u010din Partija vje\u017ebala kontrolu nad svojim \u010dlanovima i vrlo se direktno mije\u0161ala u njihov \u017eivot, posebno ka\u017enjavaju\u0107i na taj na\u010din \u017eene, koje su snosile puno gore posljedice od mu\u0161karaca ako su tijekom rata ostale trudne.<\/span><\/p>\n<p align=\"justify\">\n<p style=\"margin: 0cm 0cm 8pt; text-align: justify; line-height: 150%; text-indent: 36pt;\" align=\"justify\"><span lang=\"HR\" style=\"line-height: 150%;  mso-ansi-language: HR;\">\u00a0<\/span><\/p>\n<p align=\"justify\">\n<p style=\"margin: 0cm 0cm 8pt; text-align: justify; line-height: 150%; text-indent: 36pt;\" align=\"justify\"><span lang=\"HR\" style=\"line-height: 150%;  mso-ansi-language: HR;\">Posljednje, peto poglavlje (str. 213-257), naslova \u201eAfter the War Was Over. Legacy\u201c, bavi se \u017eenskim pitanjem i polo\u017eajem po zavr\u0161etku Drugoga svjetskoga rata, te pitanjem na koji su na\u010din u svakodnevnu praksu implementirana obe\u0107anja o rodnoj ravnopravnosti. Pitanje ravnopravnosti ponovno se promatra na tri razine \u2013 ideolo\u0161koj, institucionalnoj i onoj stvarnoj. Brigu o pitanju \u017eena nakon Drugoga svjetskog rata nastavlja i dalje voditi AF\u017d koji mijenja svoja imena, a zajedno s promjenom imena mijenja i svoje zada\u0107e, tako da na kraju postaje platformom koja \u017eeli pobolj\u0161ati polo\u017eaj \u017eena u jugoslavenskome dru\u0161tvu \u2013 bilo u politi\u010dkome, kulturnome ili dru\u0161tvenome smislu. U ovome poglavlju autorica obra\u0111uje i na koji na\u010din je partizanka prikazivana u jugoslavenskome filmu. U periodu od 1945-1962. godine predstavljala je revolucionarnu ikonu da bi od tada pa do raspada Jugoslavije njezina uloga postala sve ja\u010de seksualizirana, a sve manje izmoralizirana.<\/span><\/p>\n<p align=\"justify\">\n<p style=\"margin: 0cm 0cm 8pt; text-align: justify; line-height: 150%; text-indent: 36pt;\" align=\"justify\"><span lang=\"HR\" style=\"line-height: 150%;  mso-ansi-language: HR;\">\u00a0<\/span><\/p>\n<p align=\"justify\">\n<p style=\"margin: 0cm 0cm 8pt; text-align: justify; line-height: 150%; text-indent: 36pt;\" align=\"justify\"><span lang=\"HR\" style=\"line-height: 150%;  mso-ansi-language: HR;\">U zaklju\u010dku \u201eConclusion\u201c (str. 258-269) autorica sumira rezultate svojega istra\u017eivanja te otvara neka daljnja pitanja na koja tek treba odgovoriti da bi se u potpunosti razumjela uloga \u017eena partizanki u Drugome svjetskome ratu.<\/span><\/p>\n<p align=\"justify\">\n<p style=\"margin: 0cm 0cm 8pt; text-align: justify; line-height: 150%; text-indent: 36pt;\" align=\"justify\"><span lang=\"HR\" style=\"line-height: 150%;  mso-ansi-language: HR;\">\u00a0<\/span><\/p>\n<p align=\"justify\">\n<p style=\"margin: 0cm 0cm 8pt; text-align: justify; line-height: 150%; text-indent: 36pt;\" align=\"justify\"><span lang=\"HR\" style=\"line-height: 150%;  mso-ansi-language: HR;\">Knjiga je opremljena ilustracijama, njih ukupno 11, \u010diji se popis nalazi na samome po\u010detku knjige (str. vi). Autorica donosi i bilje\u0161ku o prijevodu na stranicama vii. i viii. Stranice ix. i x. sadr\u017ee zahvalu onima koji su joj bili podr\u0161ka i pomo\u0107 prilikom izrade knjige. Knjiga ima i popis izabrane bibliografije (str. 271-282) te indeks (str. 283-287).<\/span><\/p>\n<p align=\"justify\">\n<p style=\"margin: 0cm 0cm 8pt; text-align: justify; line-height: 150%; text-indent: 36pt;\" align=\"justify\"><span lang=\"HR\" style=\"line-height: 150%;  mso-ansi-language: HR;\">\u00a0<\/span><\/p>\n<p align=\"justify\">\n<p style=\"margin: 0cm 0cm 8pt; text-align: justify; line-height: 150%; text-indent: 36pt;\" align=\"justify\"><span lang=\"HR\" style=\"line-height: 150%;  mso-ansi-language: HR;\">Knjiga <i style=\"mso-bidi-font-style: normal;\">Women and<a name=\"_GoBack\"><\/a> Yugoslav Partisans. A History of World War II Resistance<\/i> predstavlja izniman doprinos istra\u017eivanju Drugoga svjetskog rata u Jugoslaviji, posebno pitanju \u017eena u tome turbulentnome razdoblju. Napisana na dotad neistra\u017eenim arhivskim izvorima, knjiga predstavlja i iznimno va\u017ean doprinos za istra\u017eiva\u010de koje zanima rodna historija i Drugi svjetski rat (barem na teritoriju Srbije). Iako se mo\u017ee postaviti pitanje je li mogu\u0107e pri\u010dati o jugoslavenskim partizankama na primjeru isklju\u010divo Srbije, pogotovo ako znamo da je partizanska borba imala svoje posebnosti u svakoj dr\u017eavi, neminovan je doprinos koji je knjiga dala ne samo istra\u017eivanju \u017eenske povijesti, ve\u0107 i tome da se poka\u017ee na koji na\u010din metodolo\u0161ki i konceptualno pristupati pitanju \u017eena i njihove uloge u historiografiji. U kona\u010dnici, knjiga doprinosi osvje\u0161tavanju toga da je rodna historija ta koja predstavlja \u201ezakrpu\u201c svim ostalim historiografskim pravcima te jedina daje potpune odgovore na postavljene historiografske probleme.<\/span><\/p>\n<p align=\"justify\">\n<p style=\"margin: 0cm 0cm 8pt; text-align: justify; line-height: 150%; text-indent: 36pt;\" align=\"justify\"><span lang=\"HR\" style=\"line-height: 150%;  mso-ansi-language: HR;\">\u00a0<\/span><\/p>\n<p align=\"justify\">\n<p style=\"margin: 0cm 0cm 8pt; text-align: right; line-height: 150%; text-indent: 36pt;\" align=\"justify\"><i style=\"mso-bidi-font-style: normal;\"><span lang=\"HR\" style=\"line-height: 150%;  mso-ansi-language: HR;\">Zrinka Miljan<\/span><\/i><\/p>\n<p align=\"justify\">\n<p align=\"justify\">\n<p align=\"justify\">\n","protected":false},"excerpt":{"rendered":"","protected":false},"author":1,"featured_media":0,"comment_status":"open","ping_status":"open","sticky":false,"template":"","format":"standard","meta":{"_acf_changed":false,"jetpack_post_was_ever_published":false,"_jetpack_newsletter_access":"","_jetpack_dont_email_post_to_subs":true,"_jetpack_newsletter_tier_id":0,"_jetpack_memberships_contains_paywalled_content":false,"_jetpack_memberships_contains_paid_content":false,"footnotes":"","jetpack_publicize_message":"","jetpack_publicize_feature_enabled":true,"jetpack_social_post_already_shared":false,"jetpack_social_options":{"image_generator_settings":{"template":"highway","default_image_id":0,"font":"","enabled":false},"version":2}},"categories":[4],"tags":[],"class_list":["post-2017","post","type-post","status-publish","format-standard","hentry","category-osvrti"],"acf":{"facebook_opis":""},"jetpack_publicize_connections":[],"jetpack_featured_media_url":"","jetpack_sharing_enabled":true,"jetpack-related-posts":[{"id":52580,"url":"https:\/\/historiografija.hr\/?p=52580","url_meta":{"origin":2017,"position":0},"title":"Conference &#8220;Living in the aftermaths: Trauma, politics and survival in Yugoslavia and successor states, 1945 \u2013 present&#8221;","author":"Branimir Jankovi\u0107","date":"21. travnja 2026.","format":false,"excerpt":"The conference aims to explore how war-related psychological distress was experienced, narrated, debated and reframed in Yugoslavia in the second half of the twentieth century. It asks how the theme of wounded psyche and wartime suffering was addressed and acknowledged in political, psychiatric and broader cultural discourses of socialist Yugoslavia,\u2026","rel":"","context":"U &quot;Novosti&quot;","block_context":{"text":"Novosti","link":"https:\/\/historiografija.hr\/?cat=3"},"img":{"alt_text":"","src":"https:\/\/i0.wp.com\/historiografija.hr\/wp-content\/uploads\/2026\/04\/Battle_of_Neretva_Picasso_poster-Conference-Living-in-the-aftermaths.webp?fit=564%2C954&ssl=1&resize=350%2C200","width":350,"height":200,"srcset":"https:\/\/i0.wp.com\/historiografija.hr\/wp-content\/uploads\/2026\/04\/Battle_of_Neretva_Picasso_poster-Conference-Living-in-the-aftermaths.webp?fit=564%2C954&ssl=1&resize=350%2C200 1x, https:\/\/i0.wp.com\/historiografija.hr\/wp-content\/uploads\/2026\/04\/Battle_of_Neretva_Picasso_poster-Conference-Living-in-the-aftermaths.webp?fit=564%2C954&ssl=1&resize=525%2C300 1.5x"},"classes":[]},{"id":52516,"url":"https:\/\/historiografija.hr\/?p=52516","url_meta":{"origin":2017,"position":1},"title":"Marko Grde\u0161i\u0107, Mislav \u017ditko, \u201eSocialist Economics in Yugoslavia: A Critical History\u201c","author":"Branimir Jankovi\u0107","date":"17. travnja 2026.","format":false,"excerpt":"This book presents a critical history of Yugoslav socialist economics, from its inception in the late 1940s to its dissolution in the late 1980s. After the dramatic break with the Soviet Union in 1948, Yugoslavia found itself in urgent need of a third way: A socialist trajectory which would not\u2026","rel":"","context":"U &quot;Knjige&quot;","block_context":{"text":"Knjige","link":"https:\/\/historiografija.hr\/?cat=8"},"img":{"alt_text":"","src":"https:\/\/i0.wp.com\/historiografija.hr\/wp-content\/uploads\/2026\/04\/Zitko_Grdesic.jpg?fit=350%2C535&ssl=1&resize=350%2C200","width":350,"height":200},"classes":[]},{"id":52692,"url":"https:\/\/historiografija.hr\/?p=52692","url_meta":{"origin":2017,"position":2},"title":"Florian Bieber \u201eHvar in the Modern Age: Identity and Change in Southeast Europe\u201c","author":"Filip \u0160imunjak","date":"28. travnja 2026.","format":false,"excerpt":"Description\u00a0 In this open-access book, Florian Bieber traces the history of the Adriatic island of Hvar over half a millennium, from the advent of Venetian rule in the 15th century to the end of Yugoslavia in the late 20th century. The history of Hvar tells a larger story about modernity,\u2026","rel":"","context":"U &quot;Knjige&quot;","block_context":{"text":"Knjige","link":"https:\/\/historiografija.hr\/?cat=8"},"img":{"alt_text":"","src":"https:\/\/i0.wp.com\/historiografija.hr\/wp-content\/uploads\/2026\/04\/Florian-Bieber-Hvar-in-the-Modern-Age-Identity-and-Change-in-Southeast-Europe.webp?fit=540%2C810&ssl=1&resize=350%2C200","width":350,"height":200,"srcset":"https:\/\/i0.wp.com\/historiografija.hr\/wp-content\/uploads\/2026\/04\/Florian-Bieber-Hvar-in-the-Modern-Age-Identity-and-Change-in-Southeast-Europe.webp?fit=540%2C810&ssl=1&resize=350%2C200 1x, https:\/\/i0.wp.com\/historiografija.hr\/wp-content\/uploads\/2026\/04\/Florian-Bieber-Hvar-in-the-Modern-Age-Identity-and-Change-in-Southeast-Europe.webp?fit=540%2C810&ssl=1&resize=525%2C300 1.5x"},"classes":[]},{"id":52646,"url":"https:\/\/historiografija.hr\/?p=52646","url_meta":{"origin":2017,"position":3},"title":"5. MALI FESTIVAL POVIJESTI U LASTOVU","author":"Branimir Jankovi\u0107","date":"24. travnja 2026.","format":false,"excerpt":"Peti Mali festival povijesti odr\u017eava se od 25. do 27. travnja 2026. na Lastovu, u suradnji Zavoda za povijesne znanosti HAZU u Dubrovniku, Op\u0107ine Lastovo i Turisti\u010dke zajednice te uz potporu Dubrova\u010dko-neretvanske \u017eupanije. Predavanja: Dr. sc. Jasna \u010capo \u201eKu\u0107a kao zalog budu\u0107nosti i most izme\u0111u iseljenika i domovine\u201c Dr. sc.\u2026","rel":"","context":"U &quot;Novosti&quot;","block_context":{"text":"Novosti","link":"https:\/\/historiografija.hr\/?cat=3"},"img":{"alt_text":"","src":"https:\/\/i0.wp.com\/historiografija.hr\/wp-content\/uploads\/2026\/04\/Lastovo.jpg?fit=1200%2C700&ssl=1&resize=350%2C200","width":350,"height":200,"srcset":"https:\/\/i0.wp.com\/historiografija.hr\/wp-content\/uploads\/2026\/04\/Lastovo.jpg?fit=1200%2C700&ssl=1&resize=350%2C200 1x, https:\/\/i0.wp.com\/historiografija.hr\/wp-content\/uploads\/2026\/04\/Lastovo.jpg?fit=1200%2C700&ssl=1&resize=525%2C300 1.5x, https:\/\/i0.wp.com\/historiografija.hr\/wp-content\/uploads\/2026\/04\/Lastovo.jpg?fit=1200%2C700&ssl=1&resize=700%2C400 2x, https:\/\/i0.wp.com\/historiografija.hr\/wp-content\/uploads\/2026\/04\/Lastovo.jpg?fit=1200%2C700&ssl=1&resize=1050%2C600 3x"},"classes":[]},{"id":52688,"url":"https:\/\/historiografija.hr\/?p=52688","url_meta":{"origin":2017,"position":4},"title":"Eleonora Naxidou and Yura Konstantinova \u201eBalkan Perspectives of Europe: Between East and West\u201c","author":"Filip \u0160imunjak","date":"28. travnja 2026.","format":false,"excerpt":"Through the lens of the Balkan nations, this volume makes a valuable and significant contribution to the fields of European and Southeast European studies by reconsidering the East\/West dichotomy \u2013 both in terms of the Orient\u2013Occident divide and the Eastern\u2013Western Europe binary. Balkan Perspectives of Europe focuses on concepts of\u2026","rel":"","context":"U &quot;Knjige&quot;","block_context":{"text":"Knjige","link":"https:\/\/historiografija.hr\/?cat=8"},"img":{"alt_text":"","src":"https:\/\/i0.wp.com\/historiografija.hr\/wp-content\/uploads\/2026\/04\/Balkan-Perspectives-of-Europe-Between-East-and-West.jpg?fit=350%2C525&ssl=1&resize=350%2C200","width":350,"height":200},"classes":[]},{"id":52586,"url":"https:\/\/historiografija.hr\/?p=52586","url_meta":{"origin":2017,"position":5},"title":"Aur\u00e9lie Daher, \u201eHezbollah: Mobilisation and Power\u201c","author":"Branimir Jankovi\u0107","date":"22. travnja 2026.","format":false,"excerpt":"Morning Star \u2018Book of the Year\u2019 Social movement, liberation party or terrorist group? With Hezbollah\u2019s growing involvement in the war in Syria, this study of its impact on Lebanon, drawing heavily on first-hand interviews, could not be more timely. Description Almost forty years after its foundation, Hezbollah remains an enigma.\u2026","rel":"","context":"U &quot;Knjige&quot;","block_context":{"text":"Knjige","link":"https:\/\/historiografija.hr\/?cat=8"},"img":{"alt_text":"","src":"https:\/\/i0.wp.com\/historiografija.hr\/wp-content\/uploads\/2026\/04\/Daher-Hezbollah.jpg?fit=600%2C931&ssl=1&resize=350%2C200","width":350,"height":200,"srcset":"https:\/\/i0.wp.com\/historiografija.hr\/wp-content\/uploads\/2026\/04\/Daher-Hezbollah.jpg?fit=600%2C931&ssl=1&resize=350%2C200 1x, https:\/\/i0.wp.com\/historiografija.hr\/wp-content\/uploads\/2026\/04\/Daher-Hezbollah.jpg?fit=600%2C931&ssl=1&resize=525%2C300 1.5x"},"classes":[]}],"_links":{"self":[{"href":"https:\/\/historiografija.hr\/index.php?rest_route=\/wp\/v2\/posts\/2017","targetHints":{"allow":["GET"]}}],"collection":[{"href":"https:\/\/historiografija.hr\/index.php?rest_route=\/wp\/v2\/posts"}],"about":[{"href":"https:\/\/historiografija.hr\/index.php?rest_route=\/wp\/v2\/types\/post"}],"author":[{"embeddable":true,"href":"https:\/\/historiografija.hr\/index.php?rest_route=\/wp\/v2\/users\/1"}],"replies":[{"embeddable":true,"href":"https:\/\/historiografija.hr\/index.php?rest_route=%2Fwp%2Fv2%2Fcomments&post=2017"}],"version-history":[{"count":2,"href":"https:\/\/historiografija.hr\/index.php?rest_route=\/wp\/v2\/posts\/2017\/revisions"}],"predecessor-version":[{"id":2974,"href":"https:\/\/historiografija.hr\/index.php?rest_route=\/wp\/v2\/posts\/2017\/revisions\/2974"}],"wp:attachment":[{"href":"https:\/\/historiografija.hr\/index.php?rest_route=%2Fwp%2Fv2%2Fmedia&parent=2017"}],"wp:term":[{"taxonomy":"category","embeddable":true,"href":"https:\/\/historiografija.hr\/index.php?rest_route=%2Fwp%2Fv2%2Fcategories&post=2017"},{"taxonomy":"post_tag","embeddable":true,"href":"https:\/\/historiografija.hr\/index.php?rest_route=%2Fwp%2Fv2%2Ftags&post=2017"}],"curies":[{"name":"wp","href":"https:\/\/api.w.org\/{rel}","templated":true}]}}