{"id":20084,"date":"2020-04-04T18:11:42","date_gmt":"2020-04-04T18:11:42","guid":{"rendered":"http:\/\/historiografija.hr\/?p=20084"},"modified":"2020-04-04T18:11:42","modified_gmt":"2020-04-04T18:11:42","slug":"dario-fo-povijesni-roman-papina-kci","status":"publish","type":"post","link":"https:\/\/historiografija.hr\/?p=20084","title":{"rendered":"Dario Fo, povijesni roman \u201cPapina k\u0107i\u201d"},"content":{"rendered":"<p><em>Papina k\u0107i <\/em>prvi je roman velikoga talijanskog dramskog pisca, kazali\u0161tarca i politi\u010dkog aktivista, nobelovca Darija Foa. Njime je, uz roman <em>Kristina \u0160vedska <\/em>(Naklada Ljevak, 2018.), Fo napravio zaokret prema fikcionalnoj prozi i pozabavio se \u017eivotom dviju utjecajnih \u017eena zapadne kulture. <em>Papina k\u0107i<\/em> bavi se rehabilitacijom lika i djela Lucrezije Borgie, istaknute \u010dlanice mo\u0107ne talijanske obitelji koja je dala, me\u0111u ostalim, i dvojicu papa. Opsegom nevelik, roman voluminoznost zadobiva bogatstvom povijesnih referenci i zaigranim varijacijama izraza koje se kre\u0107u od ironije do groteske, od visokoparnoga teatralnog diskursa do razgovornog stila.<\/p>\n<p>&nbsp;<\/p>\n<p>Autor kao na velikoj kazali\u0161noj pozornici, u teatru svijeta, vrti bezbroj imena, titula, premre\u017eenih loza, prikazuje bezbroj politi\u010dkih i dru\u0161tvenih interesa, sukoba i bitaka, i sve to \u010dini isprepli\u0107u\u0107i povijesno, biografsko i izma\u0161tano te mije\u0161aju\u0107i elipti\u010dne skokove, detaljizirane sitne epizode i lepr\u0161ave dijalo\u0161ke prizore, koji odi\u0161u nepatvorenim kazali\u0161nim majstorstvom.<\/p>\n<p>&nbsp;<\/p>\n<p>Dario Fo kazuisti\u010dkom virtuozno\u0161\u0107u Lucreziju Borgiu osloba\u0111a uvrije\u017eenih stereotipa incestuoznosti, nasilja i politi\u010dkoga zlosilja, kojim se ina\u010de kitilo ne samo njezinu obitelj nego i nju, te je pozicionira kao \u017ertvu obiteljskih politi\u010dkih igara, ali i kao lijepu, plemenitu i obrazovanu \u017eenu, koja je, kao dijete renesanse, bila velika zagovornica i promicateljica umjetnosti i kulture.<\/p>\n<p>&nbsp;<\/p>\n<p><em>\u201eFo u ovom romanu otkriva Lucrezijinu ljudskost osloba\u0111aju\u0107i je stereotipa razuzdane, incestuozne \u017eene i stavljaju\u0107i je u pravi povijesni kontekst i u svakodnevni \u017eivot.\u201d<\/em><\/p>\n<p><em>\u2013 <\/em><strong><em>Huffington Post (Italija)<\/em><\/strong><\/p>\n<p>&nbsp;<\/p>\n<p>\u201eLucrezia Borgia o\u010darala je Darija Foa, koji svoje odu\u0161evljenje izra\u017eava vragolastim, znala\u010dkim humorom usmjerenim prema \u010ditatelju&#8230; Njegova Lucrezia vi\u0161e je fatalna \u017eena nego incestuozna trova\u010dica.\u201d<\/p>\n<p><em><strong>\u2013 KIRKUS REVIEWS<\/strong><\/em><\/p>\n<p>&nbsp;<\/p>\n<p>\u201eStvaraju\u0107i duhovite i skandalozne interakcije i \u017eivahan dijalog, Dario Fo o\u017eivio je zloglasnu Lucreziju Borgiu. Izdvojio ju je iz konteksta koji ju je svodio na ulogu puke \u017ertve ili zle zavodnice i konstruirao uvjerljivu i komi\u010dnu pri\u010du koja ironi\u010dno komentira lakrdije (ili ubojite sheme) obitelji Borgia.\u201d<\/p>\n<p><em><strong>\u2013 WORLD LITERATURE TODAY<\/strong><\/em><\/p>\n<p>&nbsp;<\/p>\n<p>\u201eFo je vrsta srednjovjekovne dvorske lude koja zabavno opisuje mnoge vrline velike dame renesanse, Lucrezije Borgie.\u201d<\/p>\n<p><em><strong>\u2013 EL PA\u00cdS (\u0160PANJOLSKA)<\/strong><\/em><\/p>\n<p>&nbsp;<\/p>\n<p>\u201eDario Fo preuzima sliku koja nam je bila zadana jo\u0161 od Fordova komada <em>\u0160teta \u0161to je bludnica<\/em>, preko Hugoove drame <em>Lucrezia Borgia<\/em>, pa do mno\u0161tva recentnih popularnih biografija\u2026 i potpuno je izokre\u0107e.\u201d<\/p>\n<p><em><strong>\u2013 LA REPUBBLICA (ITALIJA)<\/strong><\/em><\/p>\n<p>&nbsp;<\/p>\n<p><strong>Dario Fo<\/strong> (1926. \u2013 2016.) bio je cijenjen talijanski dramski pisac, romanopisac, scenograf, redatelj, glumac, slikar i politi\u010dki aktivist. Dobitnik je Nobelove nagrade za knji\u017eevnost 1997. godine. \u0160ezdesetih godina pro\u0161loga stolje\u0107a povezuje se s borbenom ljevicom, a 1968. napu\u0161ta slu\u017ebene kazali\u0161ne institucije, kako bi osnovao dru\u017einu \u201eNova scena\u201c (Nuova Scena), koja obnavlja tradiciju pu\u010dkoga teatra. Sedamdesetih godina osniva kazali\u0161nu komunu, s kojom provodi projekt anga\u017eiranog teatra, uklju\u010duju\u0107i iskustva srednjovjekovnih misterija, komedije dell\u2019arte, lutkarstva i kabaretsko-revijalnih oblika. Autor je osamdesetak kazali\u0161nih djela, od kojih su najpoznatija Smije\u0161ni misterij (1969.), Slu\u010dajna smrt jednog anarhista (1970.), Bum, bum! Tko je? Policija! (1972.) i Ne\u0107emo platiti, ne\u0107emo platiti! (1974.). Potkraj \u017eivota zavr\u0161io je i dvije hvaljene romansirane biografije o \u017eenama koje su obilje\u017eile povijest: uz roman o Kristini \u0160vedskoj (Quasi per caso una donna: Cristina di Svezia, 2017.), koji mo\u017eete \u010ditati na hrvatskom jeziku u prijevodu Ite Kova\u010d, napisao je i djelo La Figlia del Papa (Papina k\u0107i, 2014.) u kojem je glavna junakinja Lucrezia Borgia. Djela su mu prevedena na tridesetak jezika.<\/p>\n<p>&nbsp;<\/p>\n<p>Dario Fo<\/p>\n<p><strong><em>Papina k\u0107i<\/em><\/strong><\/p>\n<p>&nbsp;<\/p>\n<p>Izdava\u010d: Naklada Ljevak<\/p>\n<p>Broj stranica: 247<\/p>\n<p>Godina izdanja: 2020<\/p>\n<p>Prevoditeljica: Ita Kova\u010d<\/p>\n<p>&nbsp;<\/p>\n<p>Izvor: <a href=\"https:\/\/www.ljevak.hr\/povijesni-roman\/24312-papina-kci.html\">https:\/\/www.ljevak.hr\/povijesni-roman\/24312-papina-kci.html<\/a><\/p>\n<p>&nbsp;<\/p>\n<p>&nbsp;<\/p>\n","protected":false},"excerpt":{"rendered":"","protected":false},"author":2,"featured_media":20085,"comment_status":"open","ping_status":"open","sticky":false,"template":"","format":"standard","meta":{"_acf_changed":false,"jetpack_post_was_ever_published":false,"_jetpack_newsletter_access":"","_jetpack_dont_email_post_to_subs":false,"_jetpack_newsletter_tier_id":0,"_jetpack_memberships_contains_paywalled_content":false,"_jetpack_memberships_contains_paid_content":false,"footnotes":"","jetpack_publicize_message":"","jetpack_publicize_feature_enabled":true,"jetpack_social_post_already_shared":true,"jetpack_social_options":{"image_generator_settings":{"template":"highway","default_image_id":0,"font":"","enabled":false},"version":2}},"categories":[3,12],"tags":[],"class_list":["post-20084","post","type-post","status-publish","format-standard","has-post-thumbnail","hentry","category-novosti","category-knjizevnost"],"acf":{"facebook_opis":""},"jetpack_publicize_connections":[],"jetpack_featured_media_url":"https:\/\/i0.wp.com\/historiografija.hr\/wp-content\/uploads\/2020\/04\/papina-kci.jpg?fit=570%2C678&ssl=1","jetpack_sharing_enabled":true,"jetpack-related-posts":[{"id":52536,"url":"https:\/\/historiografija.hr\/?p=52536","url_meta":{"origin":20084,"position":0},"title":"Kader Abdolah, \u201ePrije nego \u0161to bude kasno\u201c","author":"Branimir Jankovi\u0107","date":"20. travnja 2026.","format":false,"excerpt":"Kader Abdolah \u017eeli se vratiti ku\u0107i. Ali povratak je nemogu\u0107: u Iranu bi bio uhap\u0161en. Pod la\u017enim imenom i s krivotvorenim paso\u0161em ipak uspijeva u\u0107i u domovinu i sti\u017ee do roditeljske ku\u0107e, visoko u planinama. Majka ga ne prepoznaje, otac je mrtav, a sve \u0161to je tra\u017eio izmi\u010de mu pred\u2026","rel":"","context":"U &quot;Novosti&quot;","block_context":{"text":"Novosti","link":"https:\/\/historiografija.hr\/?cat=3"},"img":{"alt_text":"","src":"https:\/\/i0.wp.com\/historiografija.hr\/wp-content\/uploads\/2026\/04\/Prije-nego-sto-bude-kasno.webp?fit=566%2C872&ssl=1&resize=350%2C200","width":350,"height":200,"srcset":"https:\/\/i0.wp.com\/historiografija.hr\/wp-content\/uploads\/2026\/04\/Prije-nego-sto-bude-kasno.webp?fit=566%2C872&ssl=1&resize=350%2C200 1x, https:\/\/i0.wp.com\/historiografija.hr\/wp-content\/uploads\/2026\/04\/Prije-nego-sto-bude-kasno.webp?fit=566%2C872&ssl=1&resize=525%2C300 1.5x"},"classes":[]},{"id":52592,"url":"https:\/\/historiografija.hr\/?p=52592","url_meta":{"origin":20084,"position":1},"title":"Predstavljanje knjige &#8220;Turska ku\u0107a u Rijeci&#8221; u Zagrebu","author":"Branimir Jankovi\u0107","date":"22. travnja 2026.","format":false,"excerpt":"U prostorijama Turskog kulturnog centra Yunus Emre u Zagrebu, u utorak 21. travnja 2026. godine, odr\u017eano je sve\u010dano predstavljanje dopunjenog izdanja knjige Turska ku\u0107a u Rijeci, u organizaciji Hrvatsko-turskog dru\u0161tva Rijeka i partnerstvu sa Skupinom prijateljstva Hrvatska-Turska Hrvatskog sabora, Veleposlanstvom Republike Turske u Republici Hrvatskoj te Turskim kulturnim centrom Yunus\u2026","rel":"","context":"U &quot;Novosti&quot;","block_context":{"text":"Novosti","link":"https:\/\/historiografija.hr\/?cat=3"},"img":{"alt_text":"","src":"https:\/\/i0.wp.com\/historiografija.hr\/wp-content\/uploads\/2026\/04\/Turska-kuca-ZG.jpg?fit=1200%2C800&ssl=1&resize=350%2C200","width":350,"height":200,"srcset":"https:\/\/i0.wp.com\/historiografija.hr\/wp-content\/uploads\/2026\/04\/Turska-kuca-ZG.jpg?fit=1200%2C800&ssl=1&resize=350%2C200 1x, https:\/\/i0.wp.com\/historiografija.hr\/wp-content\/uploads\/2026\/04\/Turska-kuca-ZG.jpg?fit=1200%2C800&ssl=1&resize=525%2C300 1.5x, https:\/\/i0.wp.com\/historiografija.hr\/wp-content\/uploads\/2026\/04\/Turska-kuca-ZG.jpg?fit=1200%2C800&ssl=1&resize=700%2C400 2x, https:\/\/i0.wp.com\/historiografija.hr\/wp-content\/uploads\/2026\/04\/Turska-kuca-ZG.jpg?fit=1200%2C800&ssl=1&resize=1050%2C600 3x"},"classes":[]},{"id":52622,"url":"https:\/\/historiografija.hr\/?p=52622","url_meta":{"origin":20084,"position":2},"title":"Annual CAPONEU conference: Political Novel in Europe Between Democracy and Authoritarianism","author":"Branimir Jankovi\u0107","date":"23. travnja 2026.","format":false,"excerpt":"Caponeu event 22.04.2026 - 24.04.2026 Location: The Faculty of Polish and Classical Philology AMU (Fredry 10, Pozna\u0144)Organized by: Tomasz Mizerkiewicz, Krystyna Pieni\u0105\u017cek-Markovi\u0107, Anna Gawarecka, Ewa Szperlik, Magda Potok, B\u0142a\u017cej Warkocki, Gerard Ronge (all Adam Mickiewicz University in Pozna\u0144)Contact: gerron@amu.edu.pl The Adam Mickiewicz University team, as part of the international CAPONEU\u2026","rel":"","context":"U &quot;Novosti&quot;","block_context":{"text":"Novosti","link":"https:\/\/historiografija.hr\/?cat=3"},"img":{"alt_text":"","src":"https:\/\/i0.wp.com\/historiografija.hr\/wp-content\/uploads\/2026\/04\/Caponeu-political-novel.jpg?fit=500%2C261&ssl=1&resize=350%2C200","width":350,"height":200},"classes":[]},{"id":52666,"url":"https:\/\/historiografija.hr\/?p=52666","url_meta":{"origin":20084,"position":3},"title":"Najava programa Festivala povijesti Kliofest (5-8. V. 2026)","author":"Branimir Jankovi\u0107","date":"24. travnja 2026.","format":false,"excerpt":"Po trinaesti put odr\u017eava se Festival povijesti Kliofest! Do petka \u0107emo odr\u017eati osam okruglih stolova i dva kolokvija te niz predstavljanja knjiga i projekata razli\u010dite tematike, od antike do suvremenosti. Bit \u0107e predstavljeno i nekoliko izlo\u017ebi te odr\u017ean jedan povijesni kviz. Prikazat \u0107emo i jedan film \u2013 o generalu Boroevi\u0107u.\u2026","rel":"","context":"U &quot;Novosti&quot;","block_context":{"text":"Novosti","link":"https:\/\/historiografija.hr\/?cat=3"},"img":{"alt_text":"","src":"https:\/\/i0.wp.com\/historiografija.hr\/wp-content\/uploads\/2026\/04\/Kliofest-2026.jpg?fit=526%2C526&ssl=1&resize=350%2C200","width":350,"height":200,"srcset":"https:\/\/i0.wp.com\/historiografija.hr\/wp-content\/uploads\/2026\/04\/Kliofest-2026.jpg?fit=526%2C526&ssl=1&resize=350%2C200 1x, https:\/\/i0.wp.com\/historiografija.hr\/wp-content\/uploads\/2026\/04\/Kliofest-2026.jpg?fit=526%2C526&ssl=1&resize=525%2C300 1.5x"},"classes":[]},{"id":52607,"url":"https:\/\/historiografija.hr\/?p=52607","url_meta":{"origin":20084,"position":4},"title":"No\u0107 knjige: Kako je prije 410 godina smr\u0107u Shakespearea i Cervantesa zavr\u0161ilo razdoblje renesanse u knji\u017eevnosti","author":"Branimir Jankovi\u0107","date":"22. travnja 2026.","format":false,"excerpt":"\u010cetvrtak, 23. travnja 2026. u 18:00 sati, Knji\u017eara Matice hrvatske, Ulica Matice hrvatske 2, Zagreb Uvodna rije\u010d: dr. sc.\u00a0Dubravka Brezak Stama\u0107, pro\u010delnica Odjela za knji\u017eevnost Matice hrvatske Prof. dr. sc. Ivan Lupi\u0107, redoviti profesor u Odsjeku za anglistiku i Odsjeku za kroatistiku Sveu\u010dili\u0161ta u RijeciShakespeare, kazali\u0161te, glazbaKada se susre\u0107emo sa\u2026","rel":"","context":"U &quot;Novosti&quot;","block_context":{"text":"Novosti","link":"https:\/\/historiografija.hr\/?cat=3"},"img":{"alt_text":"","src":"https:\/\/i0.wp.com\/historiografija.hr\/wp-content\/uploads\/2026\/04\/noc_knjige_2026.jpg?fit=680%2C276&ssl=1&resize=350%2C200","width":350,"height":200,"srcset":"https:\/\/i0.wp.com\/historiografija.hr\/wp-content\/uploads\/2026\/04\/noc_knjige_2026.jpg?fit=680%2C276&ssl=1&resize=350%2C200 1x, https:\/\/i0.wp.com\/historiografija.hr\/wp-content\/uploads\/2026\/04\/noc_knjige_2026.jpg?fit=680%2C276&ssl=1&resize=525%2C300 1.5x"},"classes":[]},{"id":52704,"url":"https:\/\/historiografija.hr\/?p=52704","url_meta":{"origin":20084,"position":5},"title":"Predstavljanje knjige &#8220;Vladimir Vasiljevi\u0107: Moji do\u017eivljaji. Dnevni\u010dki zapisi iz Prvoga svjetskog rata i poratnoga vremena&#8221;","author":"Filip \u0160imunjak","date":"29. travnja 2026.","format":false,"excerpt":"Doga\u0111anja ovogodi\u0161njega Festivala povijesti Kliofest zapo\u010dinjemo ve\u0107 i prije samoga slu\u017ebenog otvaranja, predstavljanjem knjige \u201eMoji do\u017eivljaji. Dnevni\u010dki zapisi iz Prvoga svjetskog rata i poratnoga vremena\u201d Vladimira Vasiljevi\u0107a, koju su priredili Karlo Rukavina i Damir Agi\u010di\u0107. Pozivamo Vas na predstavljanje koje \u0107e se odr\u017eati u ponedjeljak 4. svibnja, s po\u010detkom u\u2026","rel":"","context":"U &quot;Knjige&quot;","block_context":{"text":"Knjige","link":"https:\/\/historiografija.hr\/?cat=8"},"img":{"alt_text":"","src":"https:\/\/i0.wp.com\/historiografija.hr\/wp-content\/uploads\/2026\/04\/Naslovna-V.-Vasiljevic.webp?fit=1200%2C600&ssl=1&resize=350%2C200","width":350,"height":200,"srcset":"https:\/\/i0.wp.com\/historiografija.hr\/wp-content\/uploads\/2026\/04\/Naslovna-V.-Vasiljevic.webp?fit=1200%2C600&ssl=1&resize=350%2C200 1x, https:\/\/i0.wp.com\/historiografija.hr\/wp-content\/uploads\/2026\/04\/Naslovna-V.-Vasiljevic.webp?fit=1200%2C600&ssl=1&resize=525%2C300 1.5x, https:\/\/i0.wp.com\/historiografija.hr\/wp-content\/uploads\/2026\/04\/Naslovna-V.-Vasiljevic.webp?fit=1200%2C600&ssl=1&resize=700%2C400 2x, https:\/\/i0.wp.com\/historiografija.hr\/wp-content\/uploads\/2026\/04\/Naslovna-V.-Vasiljevic.webp?fit=1200%2C600&ssl=1&resize=1050%2C600 3x"},"classes":[]}],"_links":{"self":[{"href":"https:\/\/historiografija.hr\/index.php?rest_route=\/wp\/v2\/posts\/20084","targetHints":{"allow":["GET"]}}],"collection":[{"href":"https:\/\/historiografija.hr\/index.php?rest_route=\/wp\/v2\/posts"}],"about":[{"href":"https:\/\/historiografija.hr\/index.php?rest_route=\/wp\/v2\/types\/post"}],"author":[{"embeddable":true,"href":"https:\/\/historiografija.hr\/index.php?rest_route=\/wp\/v2\/users\/2"}],"replies":[{"embeddable":true,"href":"https:\/\/historiografija.hr\/index.php?rest_route=%2Fwp%2Fv2%2Fcomments&post=20084"}],"version-history":[{"count":1,"href":"https:\/\/historiografija.hr\/index.php?rest_route=\/wp\/v2\/posts\/20084\/revisions"}],"predecessor-version":[{"id":20086,"href":"https:\/\/historiografija.hr\/index.php?rest_route=\/wp\/v2\/posts\/20084\/revisions\/20086"}],"wp:featuredmedia":[{"embeddable":true,"href":"https:\/\/historiografija.hr\/index.php?rest_route=\/wp\/v2\/media\/20085"}],"wp:attachment":[{"href":"https:\/\/historiografija.hr\/index.php?rest_route=%2Fwp%2Fv2%2Fmedia&parent=20084"}],"wp:term":[{"taxonomy":"category","embeddable":true,"href":"https:\/\/historiografija.hr\/index.php?rest_route=%2Fwp%2Fv2%2Fcategories&post=20084"},{"taxonomy":"post_tag","embeddable":true,"href":"https:\/\/historiografija.hr\/index.php?rest_route=%2Fwp%2Fv2%2Ftags&post=20084"}],"curies":[{"name":"wp","href":"https:\/\/api.w.org\/{rel}","templated":true}]}}