{"id":20081,"date":"2020-04-04T18:10:04","date_gmt":"2020-04-04T18:10:04","guid":{"rendered":"http:\/\/historiografija.hr\/?p=20081"},"modified":"2020-04-04T18:10:04","modified_gmt":"2020-04-04T18:10:04","slug":"vladar-u-novom-prijevodu-damira-grubise","status":"publish","type":"post","link":"https:\/\/historiografija.hr\/?p=20081","title":{"rendered":"\u201cVladar\u201d u novom prijevodu Damira Grubi\u0161e"},"content":{"rendered":"<p>Novi prijevod klasika politi\u010dke misli prilazi Machiavelliju iz konteksta njegova vremena i tada\u0161njega politi\u010dkog diskursa, \u010dime poma\u017ee razumijevanju inovativnosti njegovih politi\u010dkih ideja i njihov zna\u010daj za suvremeni svijet.<\/p>\n<p>&nbsp;<\/p>\n<p>&#8212;<\/p>\n<p>&nbsp;<\/p>\n<p>Niccol\u00f2 Machiavelli<\/p>\n<p><strong>VLADAR ILI DE PRINCIPATIBUS<\/strong><\/p>\n<p>&nbsp;<\/p>\n<p>S talijanskoga preveo, predgovorom i bilje\u0161kama popratio Damir Grubi\u0161a<\/p>\n<p>&nbsp;<\/p>\n<p>Izdava\u010d: Disput<\/p>\n<p>Godina izdanja: 2020<\/p>\n<p>Broj stranica: 235<\/p>\n<p>&nbsp;<\/p>\n<p>Ovaj novi prijevod na hrvatski jezik glasovitoga politi\u010dkog spisa <em><strong>Il principe <\/strong><\/em>(<em><strong>Vladar<\/strong><\/em><strong>) Niccol\u00f2a Machiavellija <\/strong>djelo je politologa <strong>Damira Grubi\u0161e<\/strong>, koji se desetlje\u0107ima ustrajno \u2013 znanstveno, uredni\u010dki i prevoditeljski \u2013 bavi epohalno prekretni\u010dkim politi\u010dkim mi\u0161ljenjem velikog Firentinca. <em>Vladar <\/em>je u Hrvatskoj do\u017eivio dva prijevoda. Prvi je bio pionirski pothvat F. M. Dominikovi\u0107a pod naslovom <em>Knez <\/em>(1918). Drugi dugujemo knji\u017eevnom povjesni\u010daru i teoreti\u010daru I. Frange\u0161u (1952. godine, naknadno pretiskan u pet navrata), koji se smatra literarno uzornim prijevodom zato \u0161to znala\u010dki prenosi na hrvatski sintaksu renesansnoga literarnog diskursa. U na\u0161oj sredini je i literatura o Machiavelliju veoma opse\u017ena, a <em>Vladar <\/em>je jedno od referentnih klasi\u010dnih djela na koje se pozivaju, prou\u010davaju ga i kriti\u010dki vrednuju svi koji se iole ozbiljno bave politi\u010dkom znano\u0161\u0107u, a napose politi\u010dkom teorijom. Da Machiavelli u nas odavno u\u017eiva status priznatog klasika politi\u010dkog mi\u0161ljenja svjedo\u010di prvorazredan pothvat izdavanja <em>Izabranog djela <\/em>N. Machiavellija u dva obimna sveska 1985. godine, koje je priredio Damir Grubi\u0161a i obogatio ga opse\u017enim predgovorom \u201cUvod u Machiavellija\u201d. On je 1998. tako\u0111er priredio dotjeran Frange\u0161ov prijevod <em>Vladara<\/em>, u bilingvalnom izdanju, i popratio ga velikom uvodnom studijom \u201cKako \u010ditati <em>Vladara<\/em>\u201d. Tijekom gotovo \u0161ezdeset godina na\u0161 \u010ditatelj mogao je dakle upoznati <em>Vladara <\/em>samo posredstvom Frange\u0161ova prijevoda. Osim njegove nedvojbene kvalitete u \u010disto knji\u017eevnom i jezi\u010dnom smislu, izdanje je imalo i krupne nedostatke u vidu \u0161krtih komentara uz sam glavni tekst, nehajnog odnosa spram klju\u010dnih kategorija <em>virtu<\/em>, <em>fortuna <\/em>i <em>principato <\/em>te stanovitih samovoljnih zadiranja u sam tekst (najdrasti\u010dniji se primjer nalazi u strategijskom IX. poglavlju, gdje se <em>principato <\/em>iskazuje kao <em>tiranija<\/em>, a <em>liberta <\/em>kao <em>demokracija<\/em>). U stru\u010dnome i teorijskom smislu novi nam je prijevod <em>Vladara <\/em>stoga odavno neophodan. Ovaj koji nam je ponudio Damir Grubi\u0161a ne nastoji toliko osuvremeniti Machiavellija koliko ga interpretirati iz konteksta njegova vremena i tada\u0161njega politi\u010dkog diskursa, da bi se time mogla razumjeti inovativnost Machiavellijevih politi\u010dkih ideja i njihov zna\u010daj za suvremeni svijet. Opremljeno uvodnom studijom i op\u0161irnim bilje\u0161kama uz prijevod, ovo se izdanje mo\u017ee bez ikakva krzmanja nazvati prvim kriti\u010dkim hrvatskim izdanjem ovoga klasi\u010dnog djela, \u0161to potencira i prevoditeljeva odluka da djelu vrati njegov izvorni naslov <em><strong>De principatibus <\/strong><\/em>(zadr\u017eavaju\u0107i pritom, da ne bi bilo zabune, i uvrije\u017eeni naslov <em>Vladar<\/em>).<\/p>\n<p>&nbsp;<\/p>\n<p><strong>Pro\u010ditaj po\u010detak knjige:<\/strong><\/p>\n<p><a href=\"http:\/\/disput.hr\/shop\/vladar-ili-de-principatibus\/\">http:\/\/disput.hr\/shop\/vladar-ili-de-principatibus\/<\/a><\/p>\n<p>&nbsp;<\/p>\n<p>&nbsp;<\/p>\n","protected":false},"excerpt":{"rendered":"","protected":false},"author":2,"featured_media":20082,"comment_status":"open","ping_status":"open","sticky":false,"template":"","format":"standard","meta":{"_acf_changed":false,"jetpack_post_was_ever_published":false,"_jetpack_newsletter_access":"","_jetpack_dont_email_post_to_subs":false,"_jetpack_newsletter_tier_id":0,"_jetpack_memberships_contains_paywalled_content":false,"_jetpack_memberships_contains_paid_content":false,"footnotes":"","jetpack_publicize_message":"","jetpack_publicize_feature_enabled":true,"jetpack_social_post_already_shared":true,"jetpack_social_options":{"image_generator_settings":{"template":"highway","default_image_id":0,"font":"","enabled":false},"version":2}},"categories":[8,3],"tags":[],"class_list":["post-20081","post","type-post","status-publish","format-standard","has-post-thumbnail","hentry","category-knjige","category-novosti"],"acf":{"facebook_opis":""},"jetpack_publicize_connections":[],"jetpack_featured_media_url":"https:\/\/i0.wp.com\/historiografija.hr\/wp-content\/uploads\/2020\/04\/Vladar.jpg?fit=500%2C726&ssl=1","jetpack_sharing_enabled":true,"jetpack-related-posts":[{"id":52502,"url":"https:\/\/historiografija.hr\/?p=52502","url_meta":{"origin":20081,"position":0},"title":"Novi znanstveni projekt Hrvatskog instituta za povijest: \u201c\u017drtve ratova i dr\u017eavnog\/politi\u010dkog nasilja u hrvatskoj povijesti 20. stolje\u0107a\u201d","author":"Branimir Jankovi\u0107","date":"17. travnja 2026.","format":false,"excerpt":"Na redovitoj sjednici Vlade RH, 16. travnja 2026., donijet je Zaklju\u010dak kojim se pokre\u0107e znanstveni projekt \u201c\u017drtve ratova i dr\u017eavnog\/politi\u010dkog nasilja u hrvatskoj povijesti 20. stolje\u0107a\u201d. Projekt \u0107e provoditi i koordinirati Hrvatski institut za povijest u razdoblju trajanja projekta od pet godina. Zakljucak Vlade RH Iz teksta projektnog prijedloga: Problematika\u2026","rel":"","context":"U &quot;Novosti&quot;","block_context":{"text":"Novosti","link":"https:\/\/historiografija.hr\/?cat=3"},"img":{"alt_text":"","src":"https:\/\/i0.wp.com\/historiografija.hr\/wp-content\/uploads\/2026\/04\/Vlada-RH.jpg?fit=1200%2C557&ssl=1&resize=350%2C200","width":350,"height":200,"srcset":"https:\/\/i0.wp.com\/historiografija.hr\/wp-content\/uploads\/2026\/04\/Vlada-RH.jpg?fit=1200%2C557&ssl=1&resize=350%2C200 1x, https:\/\/i0.wp.com\/historiografija.hr\/wp-content\/uploads\/2026\/04\/Vlada-RH.jpg?fit=1200%2C557&ssl=1&resize=525%2C300 1.5x, https:\/\/i0.wp.com\/historiografija.hr\/wp-content\/uploads\/2026\/04\/Vlada-RH.jpg?fit=1200%2C557&ssl=1&resize=700%2C400 2x, https:\/\/i0.wp.com\/historiografija.hr\/wp-content\/uploads\/2026\/04\/Vlada-RH.jpg?fit=1200%2C557&ssl=1&resize=1050%2C600 3x"},"classes":[]},{"id":52508,"url":"https:\/\/historiografija.hr\/?p=52508","url_meta":{"origin":20081,"position":1},"title":"Glazbena radionica \u201eDUGMETARA REVISITED\u201c","author":"Branimir Jankovi\u0107","date":"17. travnja 2026.","format":false,"excerpt":"DUGMETARA REVISITED glazbena radionica vodi: Ana Horvat 13., 20. i 27. travnja, od 18 do 20 sati Radiona, Nova cesta 186 Na tri radioni\u010dka susreta uranjamo u naslje\u0111e Dugmetare, biv\u0161e tvornice dugmadi na Savskoj cesti koja je po\u010detkom 2000-ih igrom slu\u010daja postala \u017eivo, jedinstveno mjesto glazbene proizvodnje. Svoje su probe\u2026","rel":"","context":"U &quot;Novosti&quot;","block_context":{"text":"Novosti","link":"https:\/\/historiografija.hr\/?cat=3"},"img":{"alt_text":"","src":"https:\/\/i0.wp.com\/historiografija.hr\/wp-content\/uploads\/2026\/04\/TRESNJA_TRESTI.jpg?fit=380%2C475&ssl=1&resize=350%2C200","width":350,"height":200},"classes":[]},{"id":52505,"url":"https:\/\/historiografija.hr\/?p=52505","url_meta":{"origin":20081,"position":2},"title":"Izlo\u017eba &#8220;Eschenstock \/ Jasenov prut&#8221;","author":"Branimir Jankovi\u0107","date":"17. travnja 2026.","format":false,"excerpt":"Srpsko narodno vije\u0107e (SNV) i Vizura aperta postavljaju izlo\u017ebu \u0161vicarskog slikara Velimira Ili\u0161evi\u0107a: Eschenstock \/ Jasenov prut. Izlo\u017eba se uz prisustvo autora otvara povodom 81. godi\u0161njice proboja logora\u0161a iz usta\u0161kog logora smrti Jasenovac 22. aprila 2026. u 19 sati u Srpskom kulturnom centru (SKC) u Preradovi\u0107evoj ulici 21 u Zagrebu.\u2026","rel":"","context":"U &quot;Izlo\u017ebe&quot;","block_context":{"text":"Izlo\u017ebe","link":"https:\/\/historiografija.hr\/?cat=10"},"img":{"alt_text":"","src":"https:\/\/i0.wp.com\/historiografija.hr\/wp-content\/uploads\/2026\/04\/Jasenov_prut.jpg?fit=1024%2C640&ssl=1&resize=350%2C200","width":350,"height":200,"srcset":"https:\/\/i0.wp.com\/historiografija.hr\/wp-content\/uploads\/2026\/04\/Jasenov_prut.jpg?fit=1024%2C640&ssl=1&resize=350%2C200 1x, https:\/\/i0.wp.com\/historiografija.hr\/wp-content\/uploads\/2026\/04\/Jasenov_prut.jpg?fit=1024%2C640&ssl=1&resize=525%2C300 1.5x, https:\/\/i0.wp.com\/historiografija.hr\/wp-content\/uploads\/2026\/04\/Jasenov_prut.jpg?fit=1024%2C640&ssl=1&resize=700%2C400 2x"},"classes":[]},{"id":52569,"url":"https:\/\/historiografija.hr\/?p=52569","url_meta":{"origin":20081,"position":3},"title":"[Predavanje] Ne \u010dekaju\u0107i inspiraciju \u2013 anga\u017eovane intelektualne, kulturalne i umetni\u010dke prakse u me\u0111uratnom periodu: teorija i praksa kriti\u010dke levice u jugoslovenskoj kulturi (YugoLab)","author":"Branimir Jankovi\u0107","date":"21. travnja 2026.","format":false,"excerpt":"U vreme agresivnog ja\u010danja globalne desnice, (pro)fa\u0161isti\u010dkih, rasisti\u010dkih i imperijalisti\u010dkih politika, dok je istovremeno globalna levica izrazito slaba, a progresivni pokreti atomizirani i fragmentisani, va\u017eno je iz savremene perspektive vratiti se revolucionarnim i emancipatorskim zbivanjima u jugoslovenskom (ali i s njima u vezi internacionalnim de\u0161avanjima), kao i dru\u0161tvenoj ulozi kulturalnih\u2026","rel":"","context":"U &quot;Novosti&quot;","block_context":{"text":"Novosti","link":"https:\/\/historiografija.hr\/?cat=3"},"img":{"alt_text":"","src":"","width":0,"height":0},"classes":[]},{"id":52628,"url":"https:\/\/historiografija.hr\/?p=52628","url_meta":{"origin":20081,"position":4},"title":"Predavanje dopisnog \u010dlana HAZU Alaina Finkielkrauta Izrael, Europa, antisemitizam","author":"Branimir Jankovi\u0107","date":"23. travnja 2026.","format":false,"excerpt":"Francuski filozof Alain Finkielkraut, redoviti \u010dlan Francuske akademije i dopisni \u010dlan HAZU, odr\u017eat \u0107e predavanje\u00a0Izrael, Europa, antisemitizam u utorak 28. travnja 2026. u 13 sati u Knji\u017enici HAZU,\u00a0Strossmayerov trg 14 u Zagrebu. Uvodne rije\u010di odr\u017eat \u0107e\u00a0akademkinja \u017deljka \u010corak i\u00a0akademik Dra\u017een Katunari\u0107. Predavanje \u0107e se odr\u017eati na francuskom jeziku uz konsekutivno\u2026","rel":"","context":"U &quot;Novosti&quot;","block_context":{"text":"Novosti","link":"https:\/\/historiografija.hr\/?cat=3"},"img":{"alt_text":"","src":"https:\/\/i0.wp.com\/historiografija.hr\/wp-content\/uploads\/2026\/04\/Alain_Finkielkraut.jpg?fit=350%2C407&ssl=1&resize=350%2C200","width":350,"height":200},"classes":[]},{"id":52563,"url":"https:\/\/historiografija.hr\/?p=52563","url_meta":{"origin":20081,"position":5},"title":"Predavanje Nenada Fabijani\u0107a o stadionu Poljud u Splitu","author":"Branimir Jankovi\u0107","date":"21. travnja 2026.","format":false,"excerpt":"Znanstveno vije\u0107e za arhitekturu, urbanizam i ure\u0111enje prostora Hrvatske akademije znanosti i umjetnosti organizira predavanje \u201cPo Poljudu\u201d koje \u0107e u srijedu 22. travnja 2026. s po\u010detkom u 14 sati u Knji\u017enici HAZU, Strossmayerov trg 14 u Zagrebu, odr\u017eati\u00a0prof. emerit. dr. art. Nenad Fabijani\u0107,\u00a0\u010dlan suradnik HAZU. Predavanje \u201ePo Poljudu\u201c (Projekt obnove)\u2026","rel":"","context":"U &quot;Novosti&quot;","block_context":{"text":"Novosti","link":"https:\/\/historiografija.hr\/?cat=3"},"img":{"alt_text":"","src":"https:\/\/i0.wp.com\/historiografija.hr\/wp-content\/uploads\/2026\/04\/Poljud-scaled.jpeg?fit=1200%2C800&ssl=1&resize=350%2C200","width":350,"height":200,"srcset":"https:\/\/i0.wp.com\/historiografija.hr\/wp-content\/uploads\/2026\/04\/Poljud-scaled.jpeg?fit=1200%2C800&ssl=1&resize=350%2C200 1x, https:\/\/i0.wp.com\/historiografija.hr\/wp-content\/uploads\/2026\/04\/Poljud-scaled.jpeg?fit=1200%2C800&ssl=1&resize=525%2C300 1.5x, https:\/\/i0.wp.com\/historiografija.hr\/wp-content\/uploads\/2026\/04\/Poljud-scaled.jpeg?fit=1200%2C800&ssl=1&resize=700%2C400 2x, https:\/\/i0.wp.com\/historiografija.hr\/wp-content\/uploads\/2026\/04\/Poljud-scaled.jpeg?fit=1200%2C800&ssl=1&resize=1050%2C600 3x"},"classes":[]}],"_links":{"self":[{"href":"https:\/\/historiografija.hr\/index.php?rest_route=\/wp\/v2\/posts\/20081","targetHints":{"allow":["GET"]}}],"collection":[{"href":"https:\/\/historiografija.hr\/index.php?rest_route=\/wp\/v2\/posts"}],"about":[{"href":"https:\/\/historiografija.hr\/index.php?rest_route=\/wp\/v2\/types\/post"}],"author":[{"embeddable":true,"href":"https:\/\/historiografija.hr\/index.php?rest_route=\/wp\/v2\/users\/2"}],"replies":[{"embeddable":true,"href":"https:\/\/historiografija.hr\/index.php?rest_route=%2Fwp%2Fv2%2Fcomments&post=20081"}],"version-history":[{"count":1,"href":"https:\/\/historiografija.hr\/index.php?rest_route=\/wp\/v2\/posts\/20081\/revisions"}],"predecessor-version":[{"id":20083,"href":"https:\/\/historiografija.hr\/index.php?rest_route=\/wp\/v2\/posts\/20081\/revisions\/20083"}],"wp:featuredmedia":[{"embeddable":true,"href":"https:\/\/historiografija.hr\/index.php?rest_route=\/wp\/v2\/media\/20082"}],"wp:attachment":[{"href":"https:\/\/historiografija.hr\/index.php?rest_route=%2Fwp%2Fv2%2Fmedia&parent=20081"}],"wp:term":[{"taxonomy":"category","embeddable":true,"href":"https:\/\/historiografija.hr\/index.php?rest_route=%2Fwp%2Fv2%2Fcategories&post=20081"},{"taxonomy":"post_tag","embeddable":true,"href":"https:\/\/historiografija.hr\/index.php?rest_route=%2Fwp%2Fv2%2Ftags&post=20081"}],"curies":[{"name":"wp","href":"https:\/\/api.w.org\/{rel}","templated":true}]}}