{"id":20071,"date":"2020-04-03T20:54:25","date_gmt":"2020-04-03T20:54:25","guid":{"rendered":"http:\/\/historiografija.hr\/?p=20071"},"modified":"2020-04-03T20:54:25","modified_gmt":"2020-04-03T20:54:25","slug":"poziv-za-sudjelovanje-6-doktorska-radionica-suradnja-razmjena-i-solidarnost-u-europi-1945-1990-pula-26-29-kolovoza-2020","status":"publish","type":"post","link":"https:\/\/historiografija.hr\/?p=20071","title":{"rendered":"Poziv za sudjelovanje &#8211; 6. Doktorska radionica: Suradnja, razmjena i solidarnost u Europi 1945-1990. (Pula, 26-29. kolovoza 2020.)"},"content":{"rendered":"<p>Sveu\u010dili\u0161te Jurja Dobrile u Puli, Filozofski fakultet, Odsjek za povijest i<br \/>\nCentar za kulturolo\u0161ka i povijesna istra\u017eivanja socijalizma: Doktorska radionica 2020.<\/p>\n<p><strong>6. DOKTORSKA RADIONICA<br \/>\nSuradnja, razmjena i solidarnost u Europi 1945-1990.<\/strong><br \/>\nPula, 26-29. kolovoza 2020.<\/p>\n<p>Iako u posebnim okolnostima uslijed pandemije, i ove godine nastojimo organizirati Doktorsku radionicu. Nadamo se da \u0107e prilike biti sigurne i povoljne te da \u0107emo se mo\u0107i okupiti u na\u0161em redovitom terminu, krajem ljeta u Puli. Sve mogu\u0107e promjene u rasporedu na vrijeme \u0107emo objaviti. Ovogodi\u0161nju temu osmislili smo u rujnu pro\u0161le godine, no ona upravo sada, na\u017ealost, dodatno dobiva na aktualnosti.<\/p>\n<p>Od 2015. na radionici smo obra\u0111ivali razli\u010dite teme iz suvremene povijesti, povijesti socijalisti\u010dke Jugoslavije i \u0161irega europskog konteksta: <em>Povijest svakodnevice u socijalisti\u010dkoj Jugoslaviji<\/em>, <em>Jugoslavenski socijalizam: sli\u010dnosti i posebnosti<\/em>, <em>Novi \u010dovjek za socijalisti\u010dko dru\u0161tvo<\/em>, <em>Jugoslavija i globalna 1968.: konteksti, perspektive, odjeci<\/em>, <em>Industrijska dru\u0161tva kasnoga socijalizma: europske usporedbe<\/em>. Teme su \u010desto bile povezane s istra\u017eiva\u010dkim projektima koji se provode u CKPIS-u, uz financiranje Hrvatske zaklade za znanost, ili u suradnji s mre\u017eom okupljenom oko Katedre za povijest jugoisto\u010dne Europe Humboldtova sveu\u010dili\u0161ta u Berlinu, uz financiranje DAAD-a. Proteklih godina radionica je bilje\u017eila izvrstan odaziv te su na njoj sudjelovali doktorandi i predava\u010di iz niza sveu\u010dili\u0161ta i drugih ustanova (Be\u010d, Beograd, Berlin, Firenca, Ghent, Giessen, Glasgow, Graz, Hamburg, Ia\u015fi, Konstanz, Kopar, Ljubljana, Montreal, M\u00fcnchen, Nottingham, Pariz, Potsdam, Prag, Regensburg, San Diego, Sarajevo, Skopje, Sofija, Split, Warwick, Zagreb i Pula). Podaci o svim pro\u0161lim radionicama dostupni su na na\u0161im mre\u017enim stranicama.<\/p>\n<p>Ove godine zanimaju nas suradnja, razmjena i solidarnost u Europi od kraja Drugoga svjetskog rata do ru\u0161enja hladnoratovskog poretka. Ratom izmu\u010den i poru\u0161en kontinent ubrzano se obnavljao i izgra\u0111ivao nova poslijeratna dru\u0161tva. Prvi val me\u0111usobnoga pomaganja, entuzijazma i solidarnosti prenio se u dugotrajne oblike formalne i neformalne povezanosti na lokalnoj, regionalnoj, nacionalnoj i me\u0111unarodnoj razini. Volonteri, udruge gra\u0111ana, nevladine organizacije, masovne organizacije, sindikati, strukovne udruge, mirovne inicijative, ekonomski i vojni savezi, me\u0111udr\u017eavna suradnja i me\u0111unarodni ugovori bili su karike sa zadatkom odr\u017eavanja dru\u0161tvene stabilnosti. Ponekad su kontakti prelazili \u017eeljeznu zavjesu, ponekad su ostajali \u010dvrsto usidreni unutar nacionalnih ili blokovskih okvira. Imaju\u0107i na umu unutareuropske sli\u010dnosti i razlike, na radionici bismo htjeli raspravljati o suradnji i razmjeni na dru\u0161tvenom, ekonomskom, kulturnom, humanitarnom i vojnom polju. Zanimaju nas i akcije solidarnosti prema unesre\u0107enima u prirodnim katastrofama, i infrastrukturno povezivanje, i kulturna razmjena, i sportska natjecanja, i politi\u010dki savezi. Dobrodo\u0161le su sve teme koje upu\u0107uju na oblikovanje zajednice te na bilo koji oblik vertikalne ili horizontalne, slu\u017ebene ili neslu\u017ebene, lokalne ili me\u0111unarodne povezanosti.<\/p>\n<ul>\n<li><a href=\"https:\/\/www.unipu.hr\/images\/50026823\/Doktorska%20radionica%202020%20POZIV.pdf\">POZIV ZA SUDJELOVANJE<\/a><\/li>\n<li><a href=\"https:\/\/www.unipu.hr\/images\/50026823\/Radionica-Workshop%202020%20PRIJAVA-APPLICATION.docx\">PRIJAVNI OBRAZAC<\/a> (Rok: 1. lipnja 2020.)<\/li>\n<\/ul>\n<p><strong>Organizacijski odbor<\/strong><br \/>\nizv. prof. dr. sc. Igor Duda<br \/>\ndr. sc. Anita Buhin<br \/>\nTina Filipovi\u0107, doktorandica<\/p>\n<p><strong>Zahvaljujemo na potpori<\/strong><br \/>\nFilozofski fakultet u Puli<\/p>\n<p><strong>Zahvaljujemo na suradnji<\/strong><br \/>\nStudentski centar Pula<\/p>\n<p>&nbsp;<\/p>\n<p>Izvor: <a href=\"https:\/\/www.unipu.hr\/ckpis\/doktorska_radionica\/2020\">https:\/\/www.unipu.hr\/ckpis\/doktorska_radionica\/2020<\/a><\/p>\n<p>&nbsp;<\/p>\n<p>&nbsp;<\/p>\n","protected":false},"excerpt":{"rendered":"","protected":false},"author":2,"featured_media":20072,"comment_status":"open","ping_status":"open","sticky":false,"template":"","format":"standard","meta":{"_acf_changed":false,"jetpack_post_was_ever_published":false,"_jetpack_newsletter_access":"","_jetpack_dont_email_post_to_subs":false,"_jetpack_newsletter_tier_id":0,"_jetpack_memberships_contains_paywalled_content":false,"_jetpack_memberships_contains_paid_content":false,"footnotes":"","jetpack_publicize_message":"","jetpack_publicize_feature_enabled":true,"jetpack_social_post_already_shared":true,"jetpack_social_options":{"image_generator_settings":{"template":"highway","default_image_id":0,"font":"","enabled":false},"version":2}},"categories":[3,9],"tags":[],"class_list":["post-20071","post","type-post","status-publish","format-standard","has-post-thumbnail","hentry","category-novosti","category-skupovi"],"acf":{"facebook_opis":""},"jetpack_publicize_connections":[],"jetpack_featured_media_url":"https:\/\/i0.wp.com\/historiografija.hr\/wp-content\/uploads\/2020\/04\/radionica20.png?fit=1360%2C1960&ssl=1","jetpack_sharing_enabled":true,"jetpack-related-posts":[{"id":52508,"url":"https:\/\/historiografija.hr\/?p=52508","url_meta":{"origin":20071,"position":0},"title":"Glazbena radionica \u201eDUGMETARA REVISITED\u201c","author":"Branimir Jankovi\u0107","date":"17. travnja 2026.","format":false,"excerpt":"DUGMETARA REVISITED glazbena radionica vodi: Ana Horvat 13., 20. i 27. travnja, od 18 do 20 sati Radiona, Nova cesta 186 Na tri radioni\u010dka susreta uranjamo u naslje\u0111e Dugmetare, biv\u0161e tvornice dugmadi na Savskoj cesti koja je po\u010detkom 2000-ih igrom slu\u010daja postala \u017eivo, jedinstveno mjesto glazbene proizvodnje. Svoje su probe\u2026","rel":"","context":"U &quot;Novosti&quot;","block_context":{"text":"Novosti","link":"https:\/\/historiografija.hr\/?cat=3"},"img":{"alt_text":"","src":"https:\/\/i0.wp.com\/historiografija.hr\/wp-content\/uploads\/2026\/04\/TRESNJA_TRESTI.jpg?fit=380%2C475&ssl=1&resize=350%2C200","width":350,"height":200},"classes":[]},{"id":52666,"url":"https:\/\/historiografija.hr\/?p=52666","url_meta":{"origin":20071,"position":1},"title":"Najava programa Festivala povijesti Kliofest (5-8. V. 2026)","author":"Branimir Jankovi\u0107","date":"24. travnja 2026.","format":false,"excerpt":"Po trinaesti put odr\u017eava se Festival povijesti Kliofest! Do petka \u0107emo odr\u017eati osam okruglih stolova i dva kolokvija te niz predstavljanja knjiga i projekata razli\u010dite tematike, od antike do suvremenosti. Bit \u0107e predstavljeno i nekoliko izlo\u017ebi te odr\u017ean jedan povijesni kviz. Prikazat \u0107emo i jedan film \u2013 o generalu Boroevi\u0107u.\u2026","rel":"","context":"U &quot;Novosti&quot;","block_context":{"text":"Novosti","link":"https:\/\/historiografija.hr\/?cat=3"},"img":{"alt_text":"","src":"https:\/\/i0.wp.com\/historiografija.hr\/wp-content\/uploads\/2026\/04\/Kliofest-2026.jpg?fit=526%2C526&ssl=1&resize=350%2C200","width":350,"height":200,"srcset":"https:\/\/i0.wp.com\/historiografija.hr\/wp-content\/uploads\/2026\/04\/Kliofest-2026.jpg?fit=526%2C526&ssl=1&resize=350%2C200 1x, https:\/\/i0.wp.com\/historiografija.hr\/wp-content\/uploads\/2026\/04\/Kliofest-2026.jpg?fit=526%2C526&ssl=1&resize=525%2C300 1.5x"},"classes":[]},{"id":52543,"url":"https:\/\/historiografija.hr\/?p=52543","url_meta":{"origin":20071,"position":2},"title":"Znanstveno-stru\u010dni skup \u201eOto\u010dne pu\u010dke pobo\u017enosti: kontinuiteti i transformacije\u201c","author":"Branimir Jankovi\u0107","date":"20. travnja 2026.","format":false,"excerpt":"Najavljujemo\u00a0znanstveno-stru\u010dni skup \u201eOto\u010dne pu\u010dke pobo\u017enosti: kontinuiteti i transformacije\u201c,\u00a0koji \u0107e se odr\u017eati\u00a0u Rabu od 24. do 26. travnja 2026.,\u00a0u organizaciji i uz potporu\u00a0Instituta za etnologiju i folkloristiku, Zagreb, \u00a0Grada Raba, Pu\u010dkog otvorenog u\u010dili\u0161ta Rab i Centra za istra\u017eivanje srednjovjekovne ba\u0161tine Jadrana RIMAH. Skup okuplja vode\u0107e doma\u0107e stru\u010dnjake koji \u0107e kroz niz\u2026","rel":"","context":"U &quot;Novosti&quot;","block_context":{"text":"Novosti","link":"https:\/\/historiografija.hr\/?cat=3"},"img":{"alt_text":"","src":"https:\/\/i0.wp.com\/historiografija.hr\/wp-content\/uploads\/2026\/04\/Skup_Rab.jpg?fit=848%2C1200&ssl=1&resize=350%2C200","width":350,"height":200,"srcset":"https:\/\/i0.wp.com\/historiografija.hr\/wp-content\/uploads\/2026\/04\/Skup_Rab.jpg?fit=848%2C1200&ssl=1&resize=350%2C200 1x, https:\/\/i0.wp.com\/historiografija.hr\/wp-content\/uploads\/2026\/04\/Skup_Rab.jpg?fit=848%2C1200&ssl=1&resize=525%2C300 1.5x, https:\/\/i0.wp.com\/historiografija.hr\/wp-content\/uploads\/2026\/04\/Skup_Rab.jpg?fit=848%2C1200&ssl=1&resize=700%2C400 2x"},"classes":[]},{"id":52575,"url":"https:\/\/historiografija.hr\/?p=52575","url_meta":{"origin":20071,"position":3},"title":"Izlo\u017eba dje\u010djih radova \u201cU po\u010detku bija\u0161e crte\u017e\u2026\u201d","author":"Branimir Jankovi\u0107","date":"21. travnja 2026.","format":false,"excerpt":"U subotu, 25. travnja 2026. u 11 sati u Galeriji Klovi\u0107evi dvori sve\u010dano otvaramo izlo\u017ebu dje\u010djih radova pod nazivom U po\u010detku bija\u0161e crte\u017e\u2026 Radovi su nastali u sklopu likovnih radionica uz izlo\u017ebu U po\u010detku bija\u0161e kraljevstvo \u2013 izlo\u017eba povodom 1100 godina Hrvatskoga Kraljevstva. Na brojnim likovnim radionicama, uz \u0161kolsku djecu,\u2026","rel":"","context":"U &quot;Izlo\u017ebe&quot;","block_context":{"text":"Izlo\u017ebe","link":"https:\/\/historiografija.hr\/?cat=10"},"img":{"alt_text":"","src":"https:\/\/i0.wp.com\/historiografija.hr\/wp-content\/uploads\/2025\/10\/Klovicevi_sluzbeni-plakat.png?fit=840%2C1200&ssl=1&resize=350%2C200","width":350,"height":200,"srcset":"https:\/\/i0.wp.com\/historiografija.hr\/wp-content\/uploads\/2025\/10\/Klovicevi_sluzbeni-plakat.png?fit=840%2C1200&ssl=1&resize=350%2C200 1x, https:\/\/i0.wp.com\/historiografija.hr\/wp-content\/uploads\/2025\/10\/Klovicevi_sluzbeni-plakat.png?fit=840%2C1200&ssl=1&resize=525%2C300 1.5x, https:\/\/i0.wp.com\/historiografija.hr\/wp-content\/uploads\/2025\/10\/Klovicevi_sluzbeni-plakat.png?fit=840%2C1200&ssl=1&resize=700%2C400 2x"},"classes":[]},{"id":52633,"url":"https:\/\/historiografija.hr\/?p=52633","url_meta":{"origin":20071,"position":4},"title":"POVIJEST TRE\u0160NJEVA\u010cKE GLAZBE: prikupljanje virtualnog fundusa Muzeja susjedstva Tre\u0161njevka","author":"Branimir Jankovi\u0107","date":"23. travnja 2026.","format":false,"excerpt":"utorak 28. 4. 2026. 14 - 18 h Nova BAZA, Nova cesta 66, Zagreb Prvi su dani ljeta 1957. godine. Bo\u017eica Kalafati\u0107 poha\u0111a drugi razred Osnovne \u0161kole Bratstvo i jedinstvo, danas kralja Tomislava, a ide i na muzi\u010dke satove u Mo\u0161\u0107eni\u010dkoj ulici. Na fotografiji s harmonikom u rukama stoji u\u2026","rel":"","context":"U &quot;Novosti&quot;","block_context":{"text":"Novosti","link":"https:\/\/historiografija.hr\/?cat=3"},"img":{"alt_text":"","src":"https:\/\/i0.wp.com\/historiografija.hr\/wp-content\/uploads\/2026\/04\/MST_prikupljanje.jpg?fit=380%2C475&ssl=1&resize=350%2C200","width":350,"height":200},"classes":[]},{"id":52148,"url":"https:\/\/historiografija.hr\/?p=52148","url_meta":{"origin":20071,"position":5},"title":"Poziv za prijavu na me\u0111unarodnu znanstvenu konferenciju \u201eGranice (ne)slobode: Zadarski krug 1966. Intelektualna opozicija u totalitarnom dru\u0161tvu\u201c","author":"Branimir Jankovi\u0107","date":"27. o\u017eujka 2026.","format":false,"excerpt":"\u00a0\u00a0\u00a0\u00a0 Povodom \u0161ezdesete obljetnice poku\u0161aja osnivanja \u010dasopisa Slobodan glas u Zadru 1966. godine, pozivamo vas na znanstvenu konferenciju posve\u0107enu istra\u017eivanju disidentstva, intelektualne opozicije i granica divergentnog mi\u0161ljenja nasuprot slu\u017ebenoj ideologiji u komunisti\u010dkoj Jugoslaviji. Ideja konferencije je analizirati konkretan fenomen zadarskog slu\u010daja razloge i okolnosti njegove pojave, ali uz otvaranje komparativnih\u2026","rel":"","context":"U &quot;Novosti&quot;","block_context":{"text":"Novosti","link":"https:\/\/historiografija.hr\/?cat=3"},"img":{"alt_text":"","src":"https:\/\/i0.wp.com\/historiografija.hr\/wp-content\/uploads\/2026\/03\/Poziv-konferencija-Zadar.jpg?fit=1200%2C509&ssl=1&resize=350%2C200","width":350,"height":200,"srcset":"https:\/\/i0.wp.com\/historiografija.hr\/wp-content\/uploads\/2026\/03\/Poziv-konferencija-Zadar.jpg?fit=1200%2C509&ssl=1&resize=350%2C200 1x, https:\/\/i0.wp.com\/historiografija.hr\/wp-content\/uploads\/2026\/03\/Poziv-konferencija-Zadar.jpg?fit=1200%2C509&ssl=1&resize=525%2C300 1.5x, https:\/\/i0.wp.com\/historiografija.hr\/wp-content\/uploads\/2026\/03\/Poziv-konferencija-Zadar.jpg?fit=1200%2C509&ssl=1&resize=700%2C400 2x, https:\/\/i0.wp.com\/historiografija.hr\/wp-content\/uploads\/2026\/03\/Poziv-konferencija-Zadar.jpg?fit=1200%2C509&ssl=1&resize=1050%2C600 3x"},"classes":[]}],"_links":{"self":[{"href":"https:\/\/historiografija.hr\/index.php?rest_route=\/wp\/v2\/posts\/20071","targetHints":{"allow":["GET"]}}],"collection":[{"href":"https:\/\/historiografija.hr\/index.php?rest_route=\/wp\/v2\/posts"}],"about":[{"href":"https:\/\/historiografija.hr\/index.php?rest_route=\/wp\/v2\/types\/post"}],"author":[{"embeddable":true,"href":"https:\/\/historiografija.hr\/index.php?rest_route=\/wp\/v2\/users\/2"}],"replies":[{"embeddable":true,"href":"https:\/\/historiografija.hr\/index.php?rest_route=%2Fwp%2Fv2%2Fcomments&post=20071"}],"version-history":[{"count":1,"href":"https:\/\/historiografija.hr\/index.php?rest_route=\/wp\/v2\/posts\/20071\/revisions"}],"predecessor-version":[{"id":20073,"href":"https:\/\/historiografija.hr\/index.php?rest_route=\/wp\/v2\/posts\/20071\/revisions\/20073"}],"wp:featuredmedia":[{"embeddable":true,"href":"https:\/\/historiografija.hr\/index.php?rest_route=\/wp\/v2\/media\/20072"}],"wp:attachment":[{"href":"https:\/\/historiografija.hr\/index.php?rest_route=%2Fwp%2Fv2%2Fmedia&parent=20071"}],"wp:term":[{"taxonomy":"category","embeddable":true,"href":"https:\/\/historiografija.hr\/index.php?rest_route=%2Fwp%2Fv2%2Fcategories&post=20071"},{"taxonomy":"post_tag","embeddable":true,"href":"https:\/\/historiografija.hr\/index.php?rest_route=%2Fwp%2Fv2%2Ftags&post=20071"}],"curies":[{"name":"wp","href":"https:\/\/api.w.org\/{rel}","templated":true}]}}