{"id":20053,"date":"2020-04-03T19:27:43","date_gmt":"2020-04-03T19:27:43","guid":{"rendered":"http:\/\/historiografija.hr\/?p=20053"},"modified":"2020-04-03T19:48:40","modified_gmt":"2020-04-03T19:48:40","slug":"stefan-guzvica-before-tito-the-communist-party-of-yugoslavia-during-the-great-purge-1936-1940","status":"publish","type":"post","link":"https:\/\/historiografija.hr\/?p=20053","title":{"rendered":"Stefan Gu\u017evica, \u201cBefore Tito: The Communist Party of Yugoslavia during the Great Purge (1936\u20131940)\u201d"},"content":{"rendered":"<p>The time of the Great Purge in the Soviet Union has been one of the most controversial and under-researched periods in the history of the Communist Party of Yugoslavia (KPJ). Secrecy has surrounded it because of the executions of most leading members of the party from the interwar era, while its appeal lies in the fact that, at the end of this period in 1939, Josip Broz Tito became the party general secretary, a post he would hold until his death in 1980. Using newly-available archival sources from Moscow, Stefan Gu\u017evica offers the first academic and systematic analysis of this crucial formative period in the history of the KPJ. He presents, in great detail, the downfall of Milan Gorki\u0107, who led the party before Tito, as well as his closest colleagues and rivals, most of whom were swept away in the Purge, such as Ivan Gr\u017eeti\u0107, Vladimir \u0106opi\u0107, and Stjepan Cviji\u0107. Rather than focusing on Tito alone, Gu\u017evica shows that the Comintern considered a wide array of candidates from the Yugoslav party, including Kamilo Horvatin, Ivo Mari\u0107, and Petko Mileti\u0107, before settling for Tito in early 1939. Gu\u017evica explains the reasons of Tito&#8217;s success, examines the policies and failures of his rivals, and pays particular attention to the long-term consequences of Tito&#8217;s appointment, culminating in the Soviet-Yugoslav split of 1948.<\/p>\n<p>&nbsp;<\/p>\n<p><strong>ACTA Universitatis Tallinnensis<\/strong><\/p>\n<p>978-9985-58-876-5<\/p>\n<p>Paperback<\/p>\n<p>224 pages<\/p>\n<p>Published in 2020<\/p>\n<p><a href=\"https:\/\/www.tlu.ee\/en\/taxonomy\/term\/83\/bookshop\">https:\/\/www.tlu.ee\/en\/taxonomy\/term\/83\/bookshop<\/a><\/p>\n<p>&nbsp;<\/p>\n<p><strong>Stefan Gu\u017evica<\/strong> (b. 1993) is a doctoral student at the University of Regensburg and the Graduate School for East and Southeast European Studies. He is currently working on a dissertation about the Balkan Communist Federation. He has received his MA at the Central European University in Budapest. This book is an extended version of his masters\u2019 thesis.<\/p>\n<p>&nbsp;<\/p>\n<p>&#8212;<\/p>\n<p>&nbsp;<\/p>\n<p>Stefan Gu\u017evica<\/p>\n<p><strong>Frakcijski boji v Komunisti\u010dni partiji Jugoslaviji med veliko \u010distko 1936 &#8211; 1940 <\/strong><\/p>\n<p>Prevod: Marko Kr\u017ean<\/p>\n<p>Ljubljana: Zalo\u017eba Sophia, 2019<\/p>\n<p>240 strani<\/p>\n<p><strong>\u00a0<\/strong><\/p>\n<p>Klasi\u010dno zgodovinopisno delo, utemeljeno na virih, rekonstrukciji dogajanj in znanstveni objektivnosti, v katerem avtor podrobno raz\u010dlenjuje izjemno zanimivo obdobje frakcijskih bojev v KPJ pred drugo svetovno vojno, poka\u017ee, da Josip Broz &#8211; Tito \u0161e zdale\u010d ni bil niti edini niti samoumevni kandidat za voditelja KPJ. Na podlagi objavljenih spominov, starej\u0161e in najnovej\u0161e strokovne literature ter primarnih virov, arhiva Kominterne, zelo natan\u010dno in napeto popisuje spopade med razli\u010dnimi frakcijami in skupinami v KPJ. Obdobje v letih 1936\u20131940 je bilo klju\u010dno za razvoj zgodovine KPJ od leta 1940 naprej. Zgodovina potegovanja za vodstvo KPJ v poznih tridesetih letih pa je v marsi\u010dem predzgodovina leta 1948. Knjiga zapolnjuje vrzel v slovenskem zgodovinopisju na tem podro\u010dju. Razgrinja nove ugotovitve v zvezi z imenovanjem generalnega sekretarja KPJ v mete\u017eu velike \u010distke med obema svetovnima vojnama, poka\u017ee alternativno razumevanje odnosa Kominterne do posami\u010dnih nacionalnih komunisti\u010dnih strank. Nasproti pogosto ponavljani domnevi, da naj bi bila KPJ nepomembni satelit Kominterne, popolnoma podrejen odlo\u010ditvam njenega izvr\u0161nega odbora, avtor dokazuje, da so jugoslovanski komunisti imeli precej\u0161njo avtonomijo. Njihovi nadrejeni v Moskvi seveda nikakor niso bili odcepljeni od dogajanja, vendar so spodbujali in pri\u010dakovali samostojno delovanje. Tito je bil kandidat, ki je najbolj razumel ta pri\u010dakovanja, v tem je bila njegova prednost v frakcijskih spopadih. Ti so vklju\u010devali tudi komuniste iz mnogih drugih komunisti\u010dnih strank, kar ka\u017ee, da je politi\u010dna mre\u017ea Kominterne pogosto zmogla prese\u010di nacionalne vezi. To nas opominja, da zgodovine nacionalnih komunisti\u010dnih strank Kominterne nikoli ne smemo obravnavati kot zaprte v vakuumu.<\/p>\n<p>Knjiga obsega uvodno poglavje s predstavitvijo virov, metodologije raziskovanja in glavnih tez, ter \u0161tiri dele, ki se \u010dlenijo na posamezna poglavja. I. del raz\u010dlenjuje vpra\u0161anje partijske enotnosti in poka\u017ee frakcijske boje KPJ v letih 1919\u20131936, in sicer med levim in desnim krilom, boj proti bolj\u0161evizaciji, konsolidacijo z Milanom Gorki\u0107em ter prvo obdobje represije. II. del prikazuje vzpon in padec Milana Gorki\u0107a, voditelja KPJ v letih 1932\u20131937, ki so ga na aprilskem plenumu 1936 obto\u017eili desnega odklona, kar je pritegnilo pozornost Kominterne, ki je ta konflikt razumela kot ponovno netenje frakcijskih bojev in gro\u017enjo razdrobitve ter s tem uni\u010denja gibanja. Sledilo je leto \u010di\u0161\u010denja opore\u010dnikov v KPJ, prete\u017eno trockistov. Tudi Gorki\u0107 je postal \u017ertev te \u010distke. III. del raz\u010dlenjuje frakcijske boje, ki so sledili: glavni kandidati za novega vodjo so bili Josip Broz &#8211; Tito, \u010digar skupini je bilo dodeljeno za\u010dasno vodenje, Ivo Mari\u0107 in Labud Kusovac, ki sta vodila t. i. tretji vzporedni center, Petko Mileti\u0107, vodja ultralevi\u010darske frakcije, ter Kamilo Horvatin, predstavnik KPJ v Kominterni. IV. del raz\u0161iri frakcijsko sliko in prika\u017ee odzive v mednarodnem komunisti\u010dnem gibanju: podpoglavja imajo naslove Tovari\u0161i v Parizu, \u0160panska inkvizicija, Likvidatorstvo in hrva\u0161ko vpra\u0161anje, Tito v Moskvi, Mileti\u0107 v Moskvi.<\/p>\n<p>Knjiga se zaklju\u010di s poglavjem o Titovi zmagi. Po dveh in pol letih boja je bila KPJ povsem na levici mednarodnega komunisti\u010dnega gibanja, vsi njeni glavni voditelji so pripadali levi struji, kar po avtorjevem mnenju ni bilo najbolje za obdobje ljudske fronte, ki je potrebovalo zmernost in sodelovanje. Tito je premagal druge kandidate predvsem zato, ker je pravilno razumel ideje leninizma, ki jih je tedaj zagovarjala tudi Kominterna, in ker je bil zelo uspe\u0161en pri spodbujanju partijske organizacije v dr\u017eavi.<\/p>\n<p>&nbsp;<\/p>\n<p><strong>Stefan Gu\u017evica<\/strong> je prodoren zgodovinar mlaj\u0161e generacije iz Vojvodine (1993, Novi Sad), raziskovalec na Univerzi v Regensburgu, kjer prou\u010duje \u010deznacionalne povezave znotraj Komunisti\u010dne internacionale v \u010dasu velikega terorja ob frakcijskih bojih in \u0161panske dr\u017eavljanske vojne. Tako dodiplomski \u0161tudij filozofije, dru\u017ebenih ved, kulturologije in evropskih \u0161tudij na Angloameri\u0161ki univerzi v Pragi kakor podiplomski \u0161tudij zgodovine na Srednjeevropski univerzi v Budimpe\u0161ti je zaklju\u010dil z odliko. Je avtor ve\u010d strokovnih in znanstvenih \u010dlankov, knjiga Frakcijski boji je njegov prvenec, ki bo iz\u0161el tudi v angle\u0161kem izvirniku. Od leta 2016 kot urednik in avtor sodeluje pri reviji Novi plamen, s katero so njeni snovalci obudili in aktualizirali Krle\u017eevo in Cesar\u010devo revijo Plamen (izhajala je leta 1919). Podro\u010dja avtorjevega raziskovanja so politi\u010dna in kulturna zgodovina, zgodovina Judov, zgodovina delavskih in dru\u017ebenih gibanj.<\/p>\n<p>&nbsp;<\/p>\n<p><a href=\"http:\/\/www.zalozba-sophia.si\/katalog\/2019\/frakcijski-boji-v-komunisticni-partiji-jugoslaviji-med-veliko-cistko-1936-1940\">http:\/\/www.zalozba-sophia.si\/katalog\/2019\/frakcijski-boji-v-komunisticni-partiji-jugoslaviji-med-veliko-cistko-1936-1940<\/a><\/p>\n<p>&nbsp;<\/p>\n<p>&#8212;<\/p>\n<p>&nbsp;<\/p>\n<p>Stefan Gu\u017evica<\/p>\n<p><strong>The Spanish inquisition: factional struggles among the Yugoslav interbrigadistas<\/strong><\/p>\n<p><em>Istorija 20. veka<\/em>, God. XXXVII, 1\/2019, str. 53\u201374<\/p>\n<p>This article will examine the course of the factional struggle between Yugoslav communists that developed behind the frontlines of Spain in 1938 and investigate the involvement of foreign communists in their dispute. I will attempt to contextualize the struggles inside the Communist Party of Yugoslavia (KPJ) within broader power dynamics of the Comintern during the Great Purge, in order to gain a better understanding of both the KPJ and the Comintern as a whole in this period. The main organizer of the Yugoslav volunteers for the cause of the Spanish Republic, the KPJ, found itself in one of the most turbulent periods of its history at this particular time. In August 1937, its general secretary was arrested in Moscow and charged with espionage. The news of the arrest soon reached the volunteers in Spain, and many of them became engulfed in the emergent factional conflict, while struggling to make sense of the situation based on fragmentary information from abroad.<\/p>\n<p><a href=\"https:\/\/istorija20veka.rs\/the-spanish-inquisition-factional-struggles-among-the-yugoslav-interbrigadistas\/\">https:\/\/istorija20veka.rs\/the-spanish-inquisition-factional-struggles-among-the-yugoslav-interbrigadistas\/<\/a><\/p>\n<p>&nbsp;<\/p>\n<p>&#8212;<\/p>\n<p>&nbsp;<\/p>\n<p>Stefan Gu\u017evica<\/p>\n<p><strong>Kamilo Horvatin: Zaboravljeni kandidat za generalnog sekretara Komunisti\u010dke partije Jugoslavije<\/strong><\/p>\n<p><em>Historijski zbornik<\/em>, God. 72, br. 1, 2019, str. 139-164<\/p>\n<p>\u010clanak je prilog o malo poznatom, ali klju\u010dnom periodu u povijesti Komunisti\u010dke partije Jugoslavije. Predmet istra\u017eivanja je Kamilo Horvatin, koji je nakon hap\u0161enja Milana Gorki\u0107a u kolovozu 1937. bio kandidat za generalnog sekretara KPJ, mnogo prije nego \u0161to je Kominterna po\u010dela razmatrati druge komuniste, poput Josipa Broza Tita, Labuda Kusovca, Ive Mari\u0107a ili Petka Mileti\u0107a. \u010clanak prikazuje politi\u010dki razvoj Horvatina, njegov polo\u017eaj u Kominterni, kao i njegovu dvostruku aktivnost od ljeta 1937. do prolje\u0107a 1938. godine \u2013 kao denuncijatora i kandidata za rukovodstvo. \u010clanak \u0107e pomo\u0107i ne samo razja\u0161njavanju sudbine jednog zaboravljenog aktera u KPJ tokom Velike \u010distke, nego i razumijevanju mehanizama Kominterne, odnosno na\u010dina na koji su jugoslavenski komunisti potkazivani i, jo\u0161 zna\u010dajnije, kako se i po kojim kriterijima odvijao proces pronala\u017eenja novog generalnog sekretara nakon hap\u0161enja Gorki\u0107a. Stoga ovo nije pri\u010da samo o Kamilu Horvatinu, nego o KPJ kao cjelini u jednom od najva\u017enijih momenata u njenoj povijesti \u2013 razdoblju koje je kulminiralo dolaskom Josipa Broza Tita na \u010delo partije.<\/p>\n<p><a href=\"https:\/\/hrcak.srce.hr\/236077\">https:\/\/hrcak.srce.hr\/236077<\/a><\/p>\n<p>&nbsp;<\/p>\n<p>&#8212;<\/p>\n<p>&nbsp;<\/p>\n<p><em>Novosti<\/em>, intervju, 31. prosinca 2019. (Sre\u0107ko Pulig)<\/p>\n<p><strong>Stefan Gu\u017evica: Tito je na rat gledao levije od Kominterne<\/strong><\/p>\n<p>Kao \u0161to je Lenjin 1914. smatrao da \u0107e se svetski rat pretvoriti u revolucionarni, tako i Tito posmatra Drugi svetski rat. No za Staljina i rukovodstvo Kominterne to je antifa\u0161isti\u010dki rat. Zato se Kominterna protivila osnivanju proleterskih brigada i stavljanju petokrake na kape, ka\u017ee Stefan Gu\u017evica, povjesni\u010dar i autor knjige \u2018Frakcijske borbe u Komunisti\u010dkoj partiji Jugoslavije tokom Velike \u010distke 1936-1940\u2019<\/p>\n<p><a href=\"https:\/\/www.portalnovosti.com\/stefan-guzvica-tito-je-na-rat-gledao-levije-od-kominterne\">https:\/\/www.portalnovosti.com\/stefan-guzvica-tito-je-na-rat-gledao-levije-od-kominterne<\/a><\/p>\n<p>&nbsp;<\/p>\n<p>&nbsp;<\/p>\n<p>&nbsp;<\/p>\n<p>&nbsp;<\/p>\n<p>&nbsp;<\/p>\n<p>&nbsp;<\/p>\n","protected":false},"excerpt":{"rendered":"","protected":false},"author":2,"featured_media":20054,"comment_status":"open","ping_status":"open","sticky":false,"template":"","format":"standard","meta":{"_acf_changed":false,"jetpack_post_was_ever_published":false,"_jetpack_newsletter_access":"","_jetpack_dont_email_post_to_subs":false,"_jetpack_newsletter_tier_id":0,"_jetpack_memberships_contains_paywalled_content":false,"_jetpack_memberships_contains_paid_content":false,"footnotes":"","jetpack_publicize_message":"","jetpack_publicize_feature_enabled":true,"jetpack_social_post_already_shared":true,"jetpack_social_options":{"image_generator_settings":{"template":"highway","default_image_id":0,"font":"","enabled":false},"version":2}},"categories":[8,3],"tags":[],"class_list":["post-20053","post","type-post","status-publish","format-standard","has-post-thumbnail","hentry","category-knjige","category-novosti"],"acf":{"facebook_opis":""},"jetpack_publicize_connections":[],"jetpack_featured_media_url":"https:\/\/i0.wp.com\/historiografija.hr\/wp-content\/uploads\/2020\/04\/Guzvica.jpg?fit=628%2C960&ssl=1","jetpack_sharing_enabled":true,"jetpack-related-posts":[{"id":52520,"url":"https:\/\/historiografija.hr\/?p=52520","url_meta":{"origin":20053,"position":0},"title":"Predstavljanje knjige &#8220;Socialist Economics in Yugoslavia: A Critical History&#8221; u Zagrebu","author":"Branimir Jankovi\u0107","date":"17. travnja 2026.","format":false,"excerpt":"Pozivamo vas na predstavljanje knjige \"Socialist Economics in Yugoslavia: A Critical History\", autora Mislava \u00a0\u017ditka i Marka Grde\u0161i\u0107a (Routledge, 2026). Na predstavljanju \u0107e govoriti Branko Milanovi\u0107 (CUNY), Milica Uvali\u0107 (EUI), Zdravko Petak (FPZG) te autori.\u00a0 Predstavljanje \u0107e se odr\u017eati u srijedu 22. travnja u 16:00 sati na Fakultetu politi\u010dkih znanosti\u2026","rel":"","context":"U &quot;Novosti&quot;","block_context":{"text":"Novosti","link":"https:\/\/historiografija.hr\/?cat=3"},"img":{"alt_text":"","src":"https:\/\/i0.wp.com\/historiografija.hr\/wp-content\/uploads\/2026\/04\/Poziv-na-predstavljanje.png?fit=800%2C652&ssl=1&resize=350%2C200","width":350,"height":200,"srcset":"https:\/\/i0.wp.com\/historiografija.hr\/wp-content\/uploads\/2026\/04\/Poziv-na-predstavljanje.png?fit=800%2C652&ssl=1&resize=350%2C200 1x, https:\/\/i0.wp.com\/historiografija.hr\/wp-content\/uploads\/2026\/04\/Poziv-na-predstavljanje.png?fit=800%2C652&ssl=1&resize=525%2C300 1.5x, https:\/\/i0.wp.com\/historiografija.hr\/wp-content\/uploads\/2026\/04\/Poziv-na-predstavljanje.png?fit=800%2C652&ssl=1&resize=700%2C400 2x"},"classes":[]},{"id":52516,"url":"https:\/\/historiografija.hr\/?p=52516","url_meta":{"origin":20053,"position":1},"title":"Marko Grde\u0161i\u0107, Mislav \u017ditko, \u201eSocialist Economics in Yugoslavia: A Critical History\u201c","author":"Branimir Jankovi\u0107","date":"17. travnja 2026.","format":false,"excerpt":"This book presents a critical history of Yugoslav socialist economics, from its inception in the late 1940s to its dissolution in the late 1980s. After the dramatic break with the Soviet Union in 1948, Yugoslavia found itself in urgent need of a third way: A socialist trajectory which would not\u2026","rel":"","context":"U &quot;Knjige&quot;","block_context":{"text":"Knjige","link":"https:\/\/historiografija.hr\/?cat=8"},"img":{"alt_text":"","src":"https:\/\/i0.wp.com\/historiografija.hr\/wp-content\/uploads\/2026\/04\/Zitko_Grdesic.jpg?fit=350%2C535&ssl=1&resize=350%2C200","width":350,"height":200},"classes":[]},{"id":52580,"url":"https:\/\/historiografija.hr\/?p=52580","url_meta":{"origin":20053,"position":2},"title":"Conference &#8220;Living in the aftermaths: Trauma, politics and survival in Yugoslavia and successor states, 1945 \u2013 present&#8221;","author":"Branimir Jankovi\u0107","date":"21. travnja 2026.","format":false,"excerpt":"The conference aims to explore how war-related psychological distress was experienced, narrated, debated and reframed in Yugoslavia in the second half of the twentieth century. It asks how the theme of wounded psyche and wartime suffering was addressed and acknowledged in political, psychiatric and broader cultural discourses of socialist Yugoslavia,\u2026","rel":"","context":"U &quot;Novosti&quot;","block_context":{"text":"Novosti","link":"https:\/\/historiografija.hr\/?cat=3"},"img":{"alt_text":"","src":"https:\/\/i0.wp.com\/historiografija.hr\/wp-content\/uploads\/2026\/04\/Battle_of_Neretva_Picasso_poster-Conference-Living-in-the-aftermaths.webp?fit=564%2C954&ssl=1&resize=350%2C200","width":350,"height":200,"srcset":"https:\/\/i0.wp.com\/historiografija.hr\/wp-content\/uploads\/2026\/04\/Battle_of_Neretva_Picasso_poster-Conference-Living-in-the-aftermaths.webp?fit=564%2C954&ssl=1&resize=350%2C200 1x, https:\/\/i0.wp.com\/historiografija.hr\/wp-content\/uploads\/2026\/04\/Battle_of_Neretva_Picasso_poster-Conference-Living-in-the-aftermaths.webp?fit=564%2C954&ssl=1&resize=525%2C300 1.5x"},"classes":[]},{"id":52586,"url":"https:\/\/historiografija.hr\/?p=52586","url_meta":{"origin":20053,"position":3},"title":"Aur\u00e9lie Daher, \u201eHezbollah: Mobilisation and Power\u201c","author":"Branimir Jankovi\u0107","date":"22. travnja 2026.","format":false,"excerpt":"Morning Star \u2018Book of the Year\u2019 Social movement, liberation party or terrorist group? With Hezbollah\u2019s growing involvement in the war in Syria, this study of its impact on Lebanon, drawing heavily on first-hand interviews, could not be more timely. Description Almost forty years after its foundation, Hezbollah remains an enigma.\u2026","rel":"","context":"U &quot;Knjige&quot;","block_context":{"text":"Knjige","link":"https:\/\/historiografija.hr\/?cat=8"},"img":{"alt_text":"","src":"https:\/\/i0.wp.com\/historiografija.hr\/wp-content\/uploads\/2026\/04\/Daher-Hezbollah.jpg?fit=600%2C931&ssl=1&resize=350%2C200","width":350,"height":200,"srcset":"https:\/\/i0.wp.com\/historiografija.hr\/wp-content\/uploads\/2026\/04\/Daher-Hezbollah.jpg?fit=600%2C931&ssl=1&resize=350%2C200 1x, https:\/\/i0.wp.com\/historiografija.hr\/wp-content\/uploads\/2026\/04\/Daher-Hezbollah.jpg?fit=600%2C931&ssl=1&resize=525%2C300 1.5x"},"classes":[]},{"id":52643,"url":"https:\/\/historiografija.hr\/?p=52643","url_meta":{"origin":20053,"position":4},"title":"BRACEWELL TRAVELLING SCHOLARSHIP\u202fFOR PHD STUDENTS (DEADLINE: 30TH APRIL 2026)","author":"Branimir Jankovi\u0107","date":"24. travnja 2026.","format":false,"excerpt":"The Bracewell Travelling Scholarship\u202fis funded by a gift from SSEES Emeritus Professor of History Wendy Bracewell, whose research examines South Slav history, and travel writing in eastern Europe. The Scholarship honours the long tradition of mutual curiosity between the UK and eastern, central and southeastern Europe by supporting PhD students\u2026","rel":"","context":"U &quot;Novosti&quot;","block_context":{"text":"Novosti","link":"https:\/\/historiografija.hr\/?cat=3"},"img":{"alt_text":"","src":"https:\/\/i0.wp.com\/historiografija.hr\/wp-content\/uploads\/2026\/04\/Bracewell-Travelling-Scholarship-.webp?fit=980%2C700&ssl=1&resize=350%2C200","width":350,"height":200,"srcset":"https:\/\/i0.wp.com\/historiografija.hr\/wp-content\/uploads\/2026\/04\/Bracewell-Travelling-Scholarship-.webp?fit=980%2C700&ssl=1&resize=350%2C200 1x, https:\/\/i0.wp.com\/historiografija.hr\/wp-content\/uploads\/2026\/04\/Bracewell-Travelling-Scholarship-.webp?fit=980%2C700&ssl=1&resize=525%2C300 1.5x, https:\/\/i0.wp.com\/historiografija.hr\/wp-content\/uploads\/2026\/04\/Bracewell-Travelling-Scholarship-.webp?fit=980%2C700&ssl=1&resize=700%2C400 2x"},"classes":[]},{"id":52673,"url":"https:\/\/historiografija.hr\/?p=52673","url_meta":{"origin":20053,"position":5},"title":"TWO POSTDOCTORAL POSITIONS IN THE &#8220;PROLETGARD ERC STARTING GRANT PROJECT&#8221;, KASS\u00c1K FOUNDATION, BUDAPEST (DEADLINE: 1ST MAY 2026)","author":"Branimir Jankovi\u0107","date":"27. travnja 2026.","format":false,"excerpt":"This five-year ERC-funded project examines how avant-garde art contributed to the formation of a workers\u2019 movement counterculture in East Central Europe after 1918. It argues that socialist and avant-garde periodicals, groups, and figures shaped both avant-garde culture and transnational workers\u2019 movements. Focusing on the successor states of the Austro\u2013Hungarian Empire\u2026","rel":"","context":"U &quot;Novosti&quot;","block_context":{"text":"Novosti","link":"https:\/\/historiografija.hr\/?cat=3"},"img":{"alt_text":"","src":"https:\/\/i0.wp.com\/historiografija.hr\/wp-content\/uploads\/2017\/10\/hsozkult.png?fit=1006%2C241&ssl=1&resize=350%2C200","width":350,"height":200,"srcset":"https:\/\/i0.wp.com\/historiografija.hr\/wp-content\/uploads\/2017\/10\/hsozkult.png?fit=1006%2C241&ssl=1&resize=350%2C200 1x, https:\/\/i0.wp.com\/historiografija.hr\/wp-content\/uploads\/2017\/10\/hsozkult.png?fit=1006%2C241&ssl=1&resize=525%2C300 1.5x, https:\/\/i0.wp.com\/historiografija.hr\/wp-content\/uploads\/2017\/10\/hsozkult.png?fit=1006%2C241&ssl=1&resize=700%2C400 2x"},"classes":[]}],"_links":{"self":[{"href":"https:\/\/historiografija.hr\/index.php?rest_route=\/wp\/v2\/posts\/20053","targetHints":{"allow":["GET"]}}],"collection":[{"href":"https:\/\/historiografija.hr\/index.php?rest_route=\/wp\/v2\/posts"}],"about":[{"href":"https:\/\/historiografija.hr\/index.php?rest_route=\/wp\/v2\/types\/post"}],"author":[{"embeddable":true,"href":"https:\/\/historiografija.hr\/index.php?rest_route=\/wp\/v2\/users\/2"}],"replies":[{"embeddable":true,"href":"https:\/\/historiografija.hr\/index.php?rest_route=%2Fwp%2Fv2%2Fcomments&post=20053"}],"version-history":[{"count":4,"href":"https:\/\/historiografija.hr\/index.php?rest_route=\/wp\/v2\/posts\/20053\/revisions"}],"predecessor-version":[{"id":20058,"href":"https:\/\/historiografija.hr\/index.php?rest_route=\/wp\/v2\/posts\/20053\/revisions\/20058"}],"wp:featuredmedia":[{"embeddable":true,"href":"https:\/\/historiografija.hr\/index.php?rest_route=\/wp\/v2\/media\/20054"}],"wp:attachment":[{"href":"https:\/\/historiografija.hr\/index.php?rest_route=%2Fwp%2Fv2%2Fmedia&parent=20053"}],"wp:term":[{"taxonomy":"category","embeddable":true,"href":"https:\/\/historiografija.hr\/index.php?rest_route=%2Fwp%2Fv2%2Fcategories&post=20053"},{"taxonomy":"post_tag","embeddable":true,"href":"https:\/\/historiografija.hr\/index.php?rest_route=%2Fwp%2Fv2%2Ftags&post=20053"}],"curies":[{"name":"wp","href":"https:\/\/api.w.org\/{rel}","templated":true}]}}