{"id":19983,"date":"2020-03-31T11:43:02","date_gmt":"2020-03-31T11:43:02","guid":{"rendered":"http:\/\/historiografija.hr\/?p=19983"},"modified":"2020-03-31T11:43:02","modified_gmt":"2020-03-31T11:43:02","slug":"virtualne-izlozbe-muzeja-grada-zagreba","status":"publish","type":"post","link":"https:\/\/historiografija.hr\/?p=19983","title":{"rendered":"Virtualne izlo\u017ebe Muzeja grada Zagreba"},"content":{"rendered":"<p>Na internetskim stranicama Muzeja grada Zagreba mo\u017eete pogledati devet ranije realiziranih izlo\u017ebi koje su sada dostupne kao virtualne izlo\u017ebe: &#8220;Donator i donacija &#8211; ususret Muzeju hrvatskih slikarica ro\u0111enih u 19. stolje\u0107u&#8221;, &#8220;Odjeci s boji\u0161nice &#8211; Zagreb u Prvom svjetskom ratu&#8221;, &#8220;Maksimir &#8211; povijest i kvartovski simboli&#8221;, &#8220;Grad filma &#8211; tvornica snova&#8221;, &#8220;Milka Trnina &#8211; svjetska operna diva&#8221;, &#8220;Zoolo\u0161ki vrt u Zagrebu 1925. &#8211; 2015.&#8221;, &#8220;Ja, Jacobus Apothecarius &#8211; od \u0161tacuna do industrije&#8221;, &#8220;Industrijski centar dr\u017eave &#8211; Zagreba\u010dka industrijska ba\u0161tina 1918. &#8211; 1945.&#8221; i &#8220;Ivana Tomljenovi\u0107 Meller &#8211; Zagrep\u010danka u Bauhausu&#8221;.<\/p>\n<p>&nbsp;<\/p>\n<p><a href=\"http:\/\/www.mgz.hr\/\">http:\/\/www.mgz.hr\/<\/a><\/p>\n<p>&nbsp;<\/p>\n<p><a href=\"http:\/\/www.mgz.hr\/hr\/virtualne-izlozbe\/\">http:\/\/www.mgz.hr\/hr\/virtualne-izlozbe\/<\/a><\/p>\n<p>&nbsp;<\/p>\n<p><a href=\"https:\/\/www.facebook.com\/MuzejgradaZagreba\/\">https:\/\/www.facebook.com\/MuzejgradaZagreba\/<\/a><\/p>\n<p>&nbsp;<\/p>\n<p>&nbsp;<\/p>\n","protected":false},"excerpt":{"rendered":"","protected":false},"author":2,"featured_media":19984,"comment_status":"open","ping_status":"open","sticky":false,"template":"","format":"standard","meta":{"_acf_changed":false,"jetpack_post_was_ever_published":false,"_jetpack_newsletter_access":"","_jetpack_dont_email_post_to_subs":false,"_jetpack_newsletter_tier_id":0,"_jetpack_memberships_contains_paywalled_content":false,"_jetpack_memberships_contains_paid_content":false,"footnotes":"","jetpack_publicize_message":"","jetpack_publicize_feature_enabled":true,"jetpack_social_post_already_shared":true,"jetpack_social_options":{"image_generator_settings":{"template":"highway","default_image_id":0,"font":"","enabled":false},"version":2}},"categories":[10,3],"tags":[],"class_list":["post-19983","post","type-post","status-publish","format-standard","has-post-thumbnail","hentry","category-izlozbe","category-novosti"],"acf":{"facebook_opis":""},"jetpack_publicize_connections":[],"jetpack_featured_media_url":"https:\/\/i0.wp.com\/historiografija.hr\/wp-content\/uploads\/2020\/03\/povijest-ljekarnistva.jpg?fit=666%2C941&ssl=1","jetpack_sharing_enabled":true,"jetpack-related-posts":[{"id":52511,"url":"https:\/\/historiografija.hr\/?p=52511","url_meta":{"origin":19983,"position":0},"title":"Izlo\u017eba &#8220;Lica Sljemena&#8221;","author":"Branimir Jankovi\u0107","date":"17. travnja 2026.","format":false,"excerpt":"Srda\u010dno vas pozivamo na otvorenje izlo\u017ebe Lica Sljemena koje \u0107e se odr\u017eati u srijedu 22. travnja 2026. u 18 h ispred Muzeja Prigorja (Trg Dragutina Domjani\u0107a 5, Sesvete). Izlo\u017eba proizlazi iz istra\u017eivanja Nevene \u0160krbi\u0107 Alempijevi\u0107, Petre Kelemen i Sanje Potkonjak te intervjua sa Sljemena\u0161icama i Sljemena\u0161ima, koji su provedeni u\u2026","rel":"","context":"U &quot;Izlo\u017ebe&quot;","block_context":{"text":"Izlo\u017ebe","link":"https:\/\/historiografija.hr\/?cat=10"},"img":{"alt_text":"","src":"https:\/\/i0.wp.com\/historiografija.hr\/wp-content\/uploads\/2026\/04\/Izlozba-Lica-Sljemena.png?fit=1080%2C686&ssl=1&resize=350%2C200","width":350,"height":200,"srcset":"https:\/\/i0.wp.com\/historiografija.hr\/wp-content\/uploads\/2026\/04\/Izlozba-Lica-Sljemena.png?fit=1080%2C686&ssl=1&resize=350%2C200 1x, https:\/\/i0.wp.com\/historiografija.hr\/wp-content\/uploads\/2026\/04\/Izlozba-Lica-Sljemena.png?fit=1080%2C686&ssl=1&resize=525%2C300 1.5x, https:\/\/i0.wp.com\/historiografija.hr\/wp-content\/uploads\/2026\/04\/Izlozba-Lica-Sljemena.png?fit=1080%2C686&ssl=1&resize=700%2C400 2x, https:\/\/i0.wp.com\/historiografija.hr\/wp-content\/uploads\/2026\/04\/Izlozba-Lica-Sljemena.png?fit=1080%2C686&ssl=1&resize=1050%2C600 3x"},"classes":[]},{"id":52752,"url":"https:\/\/historiografija.hr\/?p=52752","url_meta":{"origin":19983,"position":1},"title":"Otvaranje izlo\u017ebe &#8220;Hrvati na So\u010danskom frontu&#8221; i predavanje &#8220;So\u010danska fronta u Prvome svjetskom ratu&#8221;","author":"Filip \u0160imunjak","date":"30. travnja 2026.","format":false,"excerpt":"Otvaranje izlo\u017ebe \u201eHrvati na So\u010danskom frontu\u201c, Kobari\u0161ki muzej Prvog svjetskog rata, Kobarid, odr\u017eat \u0107e se u sklopu ovogodi\u0161njega Festivala povijesti Kliofest u Nacionalnoj i sveu\u010dili\u0161noj knji\u017enici u Zagrebu, u utorak 5. svibnja, s po\u010detkom u 10 sati, uz sudjelovanje: Ga\u0161pera Dov\u017eana, veleposlanika Republike Slovenije u RH, te Martina \u0160olara, direktora\u2026","rel":"","context":"U &quot;Izlo\u017ebe&quot;","block_context":{"text":"Izlo\u017ebe","link":"https:\/\/historiografija.hr\/?cat=10"},"img":{"alt_text":"","src":"https:\/\/i0.wp.com\/historiografija.hr\/wp-content\/uploads\/2026\/04\/Kliofest-01-utorak-II-08-P-Socanska-fronta.jpg?fit=1200%2C566&ssl=1&resize=350%2C200","width":350,"height":200,"srcset":"https:\/\/i0.wp.com\/historiografija.hr\/wp-content\/uploads\/2026\/04\/Kliofest-01-utorak-II-08-P-Socanska-fronta.jpg?fit=1200%2C566&ssl=1&resize=350%2C200 1x, https:\/\/i0.wp.com\/historiografija.hr\/wp-content\/uploads\/2026\/04\/Kliofest-01-utorak-II-08-P-Socanska-fronta.jpg?fit=1200%2C566&ssl=1&resize=525%2C300 1.5x, https:\/\/i0.wp.com\/historiografija.hr\/wp-content\/uploads\/2026\/04\/Kliofest-01-utorak-II-08-P-Socanska-fronta.jpg?fit=1200%2C566&ssl=1&resize=700%2C400 2x, https:\/\/i0.wp.com\/historiografija.hr\/wp-content\/uploads\/2026\/04\/Kliofest-01-utorak-II-08-P-Socanska-fronta.jpg?fit=1200%2C566&ssl=1&resize=1050%2C600 3x"},"classes":[]},{"id":52760,"url":"https:\/\/historiografija.hr\/?p=52760","url_meta":{"origin":19983,"position":2},"title":"Izlo\u017eba \u201cLo\u0161injski brodovi, njihove zastave i ljudi\u201d, 4. svibnja u 19h","author":"Filip \u0160imunjak","date":"30. travnja 2026.","format":false,"excerpt":"Hrvatski pomorski muzej Split, Glagolja\u0161a 18 (Tvr\u0111ava Gripe) Nakon \u0161to je u rujnu 2025. godine na otoku Lo\u0161inju, u suradnji Lo\u0161injskog muzeja i Hrvatskog pomorskog muzeja Split, predstavljena izlo\u017eba posve\u0107ena bogatoj pomorskoj ba\u0161tini otoka, njezino pro\u0161ireno izdanje postavlja se u Splitu. Uo\u010di blagdana svetog Dujma splitskoj \u0107e se publici predstaviti\u2026","rel":"","context":"U &quot;Izlo\u017ebe&quot;","block_context":{"text":"Izlo\u017ebe","link":"https:\/\/historiografija.hr\/?cat=10"},"img":{"alt_text":"","src":"https:\/\/i0.wp.com\/historiografija.hr\/wp-content\/uploads\/2026\/04\/Losinjski-brodovi-Izlozba-1-scaled.webp?fit=840%2C1200&ssl=1&resize=350%2C200","width":350,"height":200,"srcset":"https:\/\/i0.wp.com\/historiografija.hr\/wp-content\/uploads\/2026\/04\/Losinjski-brodovi-Izlozba-1-scaled.webp?fit=840%2C1200&ssl=1&resize=350%2C200 1x, https:\/\/i0.wp.com\/historiografija.hr\/wp-content\/uploads\/2026\/04\/Losinjski-brodovi-Izlozba-1-scaled.webp?fit=840%2C1200&ssl=1&resize=525%2C300 1.5x, https:\/\/i0.wp.com\/historiografija.hr\/wp-content\/uploads\/2026\/04\/Losinjski-brodovi-Izlozba-1-scaled.webp?fit=840%2C1200&ssl=1&resize=700%2C400 2x"},"classes":[]},{"id":52575,"url":"https:\/\/historiografija.hr\/?p=52575","url_meta":{"origin":19983,"position":3},"title":"Izlo\u017eba dje\u010djih radova \u201cU po\u010detku bija\u0161e crte\u017e\u2026\u201d","author":"Branimir Jankovi\u0107","date":"21. travnja 2026.","format":false,"excerpt":"U subotu, 25. travnja 2026. u 11 sati u Galeriji Klovi\u0107evi dvori sve\u010dano otvaramo izlo\u017ebu dje\u010djih radova pod nazivom U po\u010detku bija\u0161e crte\u017e\u2026 Radovi su nastali u sklopu likovnih radionica uz izlo\u017ebu U po\u010detku bija\u0161e kraljevstvo \u2013 izlo\u017eba povodom 1100 godina Hrvatskoga Kraljevstva. Na brojnim likovnim radionicama, uz \u0161kolsku djecu,\u2026","rel":"","context":"U &quot;Izlo\u017ebe&quot;","block_context":{"text":"Izlo\u017ebe","link":"https:\/\/historiografija.hr\/?cat=10"},"img":{"alt_text":"","src":"https:\/\/i0.wp.com\/historiografija.hr\/wp-content\/uploads\/2025\/10\/Klovicevi_sluzbeni-plakat.png?fit=840%2C1200&ssl=1&resize=350%2C200","width":350,"height":200,"srcset":"https:\/\/i0.wp.com\/historiografija.hr\/wp-content\/uploads\/2025\/10\/Klovicevi_sluzbeni-plakat.png?fit=840%2C1200&ssl=1&resize=350%2C200 1x, https:\/\/i0.wp.com\/historiografija.hr\/wp-content\/uploads\/2025\/10\/Klovicevi_sluzbeni-plakat.png?fit=840%2C1200&ssl=1&resize=525%2C300 1.5x, https:\/\/i0.wp.com\/historiografija.hr\/wp-content\/uploads\/2025\/10\/Klovicevi_sluzbeni-plakat.png?fit=840%2C1200&ssl=1&resize=700%2C400 2x"},"classes":[]},{"id":52633,"url":"https:\/\/historiografija.hr\/?p=52633","url_meta":{"origin":19983,"position":4},"title":"POVIJEST TRE\u0160NJEVA\u010cKE GLAZBE: prikupljanje virtualnog fundusa Muzeja susjedstva Tre\u0161njevka","author":"Branimir Jankovi\u0107","date":"23. travnja 2026.","format":false,"excerpt":"utorak 28. 4. 2026. 14 - 18 h Nova BAZA, Nova cesta 66, Zagreb Prvi su dani ljeta 1957. godine. Bo\u017eica Kalafati\u0107 poha\u0111a drugi razred Osnovne \u0161kole Bratstvo i jedinstvo, danas kralja Tomislava, a ide i na muzi\u010dke satove u Mo\u0161\u0107eni\u010dkoj ulici. Na fotografiji s harmonikom u rukama stoji u\u2026","rel":"","context":"U &quot;Novosti&quot;","block_context":{"text":"Novosti","link":"https:\/\/historiografija.hr\/?cat=3"},"img":{"alt_text":"","src":"https:\/\/i0.wp.com\/historiografija.hr\/wp-content\/uploads\/2026\/04\/MST_prikupljanje.jpg?fit=380%2C475&ssl=1&resize=350%2C200","width":350,"height":200},"classes":[]},{"id":52573,"url":"https:\/\/historiografija.hr\/?p=52573","url_meta":{"origin":19983,"position":5},"title":"Znanstvena konferencija &#8220;Filozofija odgoja: povijest, praksa, perspektive&#8221;","author":"Branimir Jankovi\u0107","date":"21. travnja 2026.","format":false,"excerpt":"Znanstvena konferencija \"Filozofija odgoja: povijest, praksa, perspektive\" odr\u017eat \u0107e se 23. i 24. travnja 2026. u Konferencijskoj dvorani Knji\u017enice Filozofskog fakulteta u Zagrebu (2. kat).\u00a0Konferencija je organizirana u okviru projekta\u00a0SUMKOS (voditeljica prof. dr. sc. Ivana Zagorac, financiran\u00a0sredstvima NextGenerationEU), uz potporu Odsjeka za filozofiju.\u00a0 Uz izlaga\u010dki dio, konferencija obuhva\u0107a i izlo\u017ebu\u2026","rel":"","context":"U &quot;Novosti&quot;","block_context":{"text":"Novosti","link":"https:\/\/historiografija.hr\/?cat=3"},"img":{"alt_text":"","src":"","width":0,"height":0},"classes":[]}],"_links":{"self":[{"href":"https:\/\/historiografija.hr\/index.php?rest_route=\/wp\/v2\/posts\/19983","targetHints":{"allow":["GET"]}}],"collection":[{"href":"https:\/\/historiografija.hr\/index.php?rest_route=\/wp\/v2\/posts"}],"about":[{"href":"https:\/\/historiografija.hr\/index.php?rest_route=\/wp\/v2\/types\/post"}],"author":[{"embeddable":true,"href":"https:\/\/historiografija.hr\/index.php?rest_route=\/wp\/v2\/users\/2"}],"replies":[{"embeddable":true,"href":"https:\/\/historiografija.hr\/index.php?rest_route=%2Fwp%2Fv2%2Fcomments&post=19983"}],"version-history":[{"count":1,"href":"https:\/\/historiografija.hr\/index.php?rest_route=\/wp\/v2\/posts\/19983\/revisions"}],"predecessor-version":[{"id":19985,"href":"https:\/\/historiografija.hr\/index.php?rest_route=\/wp\/v2\/posts\/19983\/revisions\/19985"}],"wp:featuredmedia":[{"embeddable":true,"href":"https:\/\/historiografija.hr\/index.php?rest_route=\/wp\/v2\/media\/19984"}],"wp:attachment":[{"href":"https:\/\/historiografija.hr\/index.php?rest_route=%2Fwp%2Fv2%2Fmedia&parent=19983"}],"wp:term":[{"taxonomy":"category","embeddable":true,"href":"https:\/\/historiografija.hr\/index.php?rest_route=%2Fwp%2Fv2%2Fcategories&post=19983"},{"taxonomy":"post_tag","embeddable":true,"href":"https:\/\/historiografija.hr\/index.php?rest_route=%2Fwp%2Fv2%2Ftags&post=19983"}],"curies":[{"name":"wp","href":"https:\/\/api.w.org\/{rel}","templated":true}]}}