{"id":1998,"date":"2016-06-14T22:00:05","date_gmt":"2016-06-14T22:00:05","guid":{"rendered":"http:\/\/historiografija.hr\/?p=1998"},"modified":"2016-06-14T22:00:05","modified_gmt":"2016-06-14T22:00:05","slug":"branimir-jankovic-kolumna-javna-povijest-je-li-vaznije-biti-povjesnicar-ili-svjedok","status":"publish","type":"post","link":"https:\/\/historiografija.hr\/?p=1998","title":{"rendered":"Branimir Jankovi\u0107 &#8211; Kolumna \u201eJavna povijest\u201c \u2013 Je li va\u017enije biti povjesni\u010dar ili svjedok?"},"content":{"rendered":"<p align=\"justify\"><font  size=\"3\">  <\/font><\/p>\n<p align=\"justify\" style=\"margin: 0cm 0cm 10pt; text-align: justify; line-height: 150%;\"><span lang=\"HR\" style=\"line-height: 150%; font-family: &quot;Times New Roman&quot;,&quot;serif&quot;; font-size: 12pt; mso-ansi-language: HR;\"><br \/><\/span><\/p>\n<p align=\"justify\" style=\"margin: 0cm 0cm 10pt; text-align: justify; line-height: 150%;\"><span lang=\"HR\" style=\"line-height: 150%; font-family: &quot;Times New Roman&quot;,&quot;serif&quot;; font-size: 12pt; mso-ansi-language: HR;\">Dvadeseto stolje\u0107e naziva se i \u201edobom svjedo\u010denja\u201c, odnosno \u201edobom svjedoka\u201c. To je vidljivo po iznimnoj va\u017enosti koja se pridaje dnevnicima, memoarima, autobiografskim tekstovima, dokumentarnim filmovima i nizu drugih formi zasnovanih na figuri svjedoka i \u010dinu svjedo\u010denja. U sredi\u0161te zanimanja dospjelo je nezamjenjivo svjedokovo osobno iskustvo do\u017eivljene povijesti. Nitko ne mo\u017ee sugestivnije govoriti o doga\u0111anjima od svjedoka. <\/span><\/p>\n<p align=\"justify\"><font  size=\"3\">  <\/font><\/p>\n<p align=\"justify\" style=\"margin: 0cm 0cm 10pt; text-align: justify; line-height: 150%; text-indent: 36pt;\"><span lang=\"HR\" style=\"line-height: 150%; font-family: &quot;Times New Roman&quot;,&quot;serif&quot;; font-size: 12pt; mso-ansi-language: HR;\">Eksplozija interesa podrazumijevala je usporedo s time \u0161irom otvaranje vrata fenomenima sje\u0107anja i pam\u0107enja, prepoznatima kao klju\u010dnim odrednicama individualnih i kolektivnih identiteta. Kroz ta se vrata praksa sje\u0107anja i pam\u0107enja potpuno etablirala u opse\u017enom rasponu od pojedina\u010dne i obiteljske mikrorazine do slu\u017ebene dr\u017eavne i nacionalne makrorazine, od popularne kulture do dru\u0161tvenih i humanisti\u010dkih znanosti. <\/span><\/p>\n<p align=\"justify\"><font  size=\"3\">  <\/font><\/p>\n<p align=\"justify\" style=\"margin: 0cm 0cm 10pt; text-align: justify; line-height: 150%; text-indent: 36pt;\"><span lang=\"HR\" style=\"line-height: 150%; font-family: &quot;Times New Roman&quot;,&quot;serif&quot;; font-size: 12pt; mso-ansi-language: HR;\">Pritom je ono \u010dega se pojedinci i kolektivi sje\u0107aju i \u0161to pamte pod ve\u0107im utjecajem obitelji, nacije, politike, dru\u0161tva, medija i kulture nego primjerice historiografije. To je jo\u0161 jedan dokaz onome \u0161to sam uzeo kao polazi\u0161te prve kolumne \u2013 povijesna znanost tek je jedan od niza aktera koji oblikuju poimanje povijesti, nipo\u0161to ne najva\u017eniji. <\/span><\/p>\n<p align=\"justify\"><font  size=\"3\">  <\/font><\/p>\n<p align=\"justify\" style=\"margin: 0cm 0cm 10pt; text-align: justify; line-height: 150%; text-indent: 36pt;\"><span lang=\"HR\" style=\"line-height: 150%; font-family: &quot;Times New Roman&quot;,&quot;serif&quot;; font-size: 12pt; mso-ansi-language: HR;\">Proces demokratizacije subjekata povijesti o\u010ditovao se i u promjenama u sve ra\u0161irenijoj poddisciplini usmene povijesti. Zamjetan je pomak od fokusa na politi\u010dare i diplomate koji su trebali razjasniti kako su se donosile prijelomne odluke, usmjeren sada prema ljudima razli\u010ditih dru\u0161tvenih statusa na koje su te odluke sna\u017eno utjecale. Osim takvog obuhvatnijeg pripu\u0161tanja svjedoka u svoj vidokrug, historiografija se k tome okrenula i bavljenju kulturom sje\u0107anja i pam\u0107enja, odnosno politikom sje\u0107anja i pam\u0107enja. <\/span><\/p>\n<p align=\"justify\"><font  size=\"3\">  <\/font><\/p>\n<p align=\"justify\" style=\"margin: 0cm 0cm 10pt; text-align: justify; line-height: 150%; text-indent: 36pt;\"><span lang=\"HR\" style=\"line-height: 150%; font-family: &quot;Times New Roman&quot;,&quot;serif&quot;; font-size: 12pt; mso-ansi-language: HR;\">No iako su se povjesni\u010dari i povjesni\u010darke u 20. stolje\u0107u intenzivnije oslanjali na svjedoke u pisanju o suvremenoj povijesti (jedan od novijih doma\u0107ih primjera je <i style=\"mso-bidi-font-style: normal;\">\u017denski biografski leksikon: sje\u0107anje \u017eena na \u017eivot u socijalizmu<\/i>), hrvatska i regionalne historiografije jo\u0161 uvijek u cjelini imaju znatnu zadr\u0161ku prema svjedocima. Oprez prema svjedocima lakonski je formulirao ve\u0107 Marc Bloch u <i style=\"mso-bidi-font-style: normal;\">Apologiji historije<\/i>: \u201eDa svjedocima ne treba vjerovati na rije\u010d znaju i najnaivniji policajci.\u201c Problem nije samo la\u017eno, iskrivljeno i nepouzdano svjedo\u010denje nego i nu\u017eno ograni\u010dena i partikularna perspektiva svjedoka. Brojni su primjeri iskaza doma\u0107ih povjesni\u010dara u kojima se isti\u010de kako svjedoke\/suvremenike\/sudionike povijesnih doga\u0111aja treba uzimati vrlo uvjetno. To je i dalje op\u0107e mjesto kod na\u0161ih povjesni\u010dara.<\/span><\/p>\n<p align=\"justify\"><font  size=\"3\">  <\/font><\/p>\n<p align=\"justify\" style=\"margin: 0cm 0cm 10pt; text-align: justify; line-height: 150%; text-indent: 36pt;\"><span lang=\"HR\" style=\"line-height: 150%; font-family: &quot;Times New Roman&quot;,&quot;serif&quot;; font-size: 12pt; mso-ansi-language: HR;\">Iako bi za razliku od svjedoka povijesna znanost trebala na\u010delno pru\u017eiti objektivnost i nepristranost, analizu i obja\u0161njenje, kontekstualizaciju i sintetiziranje, jasno je da ni ona nikako nije oslobo\u0111ena partikularnosti vlastite perspektive. Naravno da ima svjedoka i svjedo\u010danstava \u0161to zaslu\u017euju kritike koje im historiografija upu\u0107uje. Me\u0111utim, Primo Levi i Charlotte Delbo o nacisti\u010dkim, Ilija Jakovljevi\u0107 o usta\u0161kim, Karlo \u0160tajner o staljinisti\u010dkim logorima, Alenka Mirkovi\u0107 o Vukovaru, Hasan Nuhanovi\u0107 o Srebrenici \u2013 da izdvojim samo neke \u2013 napisali su iznimno sugestivna djela koja su i svjedo\u010danstvo, i knji\u017eevnost, i povijest, i mnogo vi\u0161e.<\/span><\/p>\n<p align=\"justify\"><font  size=\"3\">  <\/font><\/p>\n<p align=\"justify\" style=\"margin: 0cm 0cm 10pt; text-align: justify; line-height: 150%; text-indent: 36pt;\"><span lang=\"HR\" style=\"line-height: 150%; font-family: &quot;Times New Roman&quot;,&quot;serif&quot;; font-size: 12pt; mso-ansi-language: HR;\">Nije stoga prema mome mi\u0161ljenju najva\u017enije pitanje jesu li svjedoci\/suvremenici\/ sudionici (ne)pouzdani, manjka li im to\u010dnosti i preciznosti, jesu li pro\u017eeti vlastitom perspektivom i neizbje\u017eno ograni\u010denim pogledom itd., s obzirom da je upravo njihova pojedina\u010dna pozicija ono najva\u017enije \u0161to imaju. Svjedo\u010danstva daju neposrednost i \u017eivotnost udaljenoj povijesti i pokazuju kako su je ljudi pro\u017eivjeli te kako se na njima lomila. Zbog toga, kada bi me pitali za prevo\u0111enje neke knjige o Oktobarskoj revoluciji povodom stote obljetnice 2017. godine ne bih \u2013 iako sam povjesni\u010dar \u2013 preporu\u010dio historiografsko djelo ve\u0107 sjajne \u201ememoare revolucionara\u201c (<i style=\"mso-bidi-font-style: normal;\">Memoirs of a Revolutionary<\/i>) Victora Sergea. Osim literarnih kvaliteta i pogleda na revoluciju iz nje same, Serge prikazuje heterogenosti i slojevitosti Oktobarske revolucije koje izmi\u010du i mnogim povjesni\u010darima.<\/span><\/p>\n<p align=\"justify\"><font  size=\"3\">  <\/font><\/p>\n<p align=\"justify\" style=\"margin: 0cm 0cm 10pt; text-align: justify; line-height: 150%; text-indent: 36pt;\"><span lang=\"HR\" style=\"line-height: 150%; font-family: &quot;Times New Roman&quot;,&quot;serif&quot;; font-size: 12pt; mso-ansi-language: HR;\">Iz navedenog proizlazi nekoliko pitanja: Je li va\u017enije biti povjesni\u010dar ili svjedok? Treba li se povjesni\u010dar baviti samo razdobljem koje je specijalizirao ili mora govoriti i o svojoj suvremenosti? Mogu li se u jednoj osobi pomiriti povjesni\u010dar i svjedok? Iz tog je razloga posebno zanimljivo vidjeti povjesni\u010dare koji su ujedno postali i svjedoci. I ovdje kao primjer uzimam francuskog povjesni\u010dara Marca Blocha koji je \u2013 premda medijevist \u2013 svjedo\u010dio o svom sudjelovanju u Prvom svjetskom ratu, a pisao je i o francuskom porazu s po\u010detka Drugog svjetskog rata. <span lang=\"HR\" style=\"line-height: 115%; font-family: &quot;Times New Roman&quot;,&quot;serif&quot;; font-size: 12pt; mso-ansi-language: HR; mso-fareast-font-family: Calibri; mso-fareast-theme-font: minor-latin; mso-fareast-language: EN-US; mso-bidi-language: AR-SA;\">(Niz drugih slu\u010dajeva obra\u0111uju Jeremy D. Popkin, <i style=\"mso-bidi-font-style: normal;\">History, Historians, and Autobiography<\/i>, 2005; Jaume Aurell, <i style=\"mso-bidi-font-style: normal;\">Theoretical Perspectives on Historians\u2019 Autobiographies<\/i>, 2015.)<\/span><\/span><\/p>\n<p align=\"justify\"><font  size=\"3\">  <\/font><\/p>\n<p align=\"justify\" style=\"margin: 0cm 0cm 10pt; text-align: justify; line-height: 150%; text-indent: 36pt;\"><span lang=\"HR\" style=\"line-height: 150%; font-family: &quot;Times New Roman&quot;,&quot;serif&quot;; font-size: 12pt; mso-ansi-language: HR;\">U hrvatskoj historiografiji to me\u0111utim nije \u010dest slu\u010daj. Pre\u0161utna je pretpostavka me\u0111u povjesni\u010darima da najve\u0107i doprinos ipak mogu dati kao povjesni\u010dari, a ne kao svjedoci. Od onih koji su pisali autobiografska djela, primjerice <i style=\"mso-bidi-font-style: normal;\">\u017divot sa suvremenicima: politi\u010dke uspomene i svjetonazor<\/i> Miroslava Brandta su neuspje\u0161ni, a <i style=\"mso-bidi-font-style: normal;\">Povijest izbliza: memoarski zapisi 1945.-2005.<\/i> Du\u0161ana Biland\u017ei\u0107a uglavnom su zapisi razgovora. Zanimljiviji su <i style=\"mso-bidi-font-style: normal;\">Kruh, ma\u0161ta i mast: prizori i memorabilije o staroj Puli (1947.-1957.)<\/i> Miroslava Berto\u0161e jer je svoje teorijsko i metodolo\u0161ko znanje primjenjivao u ispisivanju osobnog sje\u0107anja i pam\u0107enja. Vrijedi istaknuti i va\u017enu knjigu <i style=\"mso-bidi-font-style: normal;\">1941.: godina koja se vra\u0107a<\/i> Slavka Goldsteina u kojoj se iznosi i svjedo\u010danstvo i povijesno istra\u017eivanje.<\/span><\/p>\n<p align=\"justify\"><font  size=\"3\">  <\/font><\/p>\n<p align=\"justify\" style=\"margin: 0cm 0cm 10pt; text-align: justify; line-height: 150%; text-indent: 36pt;\"><span lang=\"HR\" style=\"line-height: 150%; font-family: &quot;Times New Roman&quot;,&quot;serif&quot;; font-size: 12pt; mso-ansi-language: HR;\">Iako nije pisala autobiografske tekstove, izdvojit \u0107u u ovoj prigodi Mirjanu Gross zbog njezinog ambivalentnog odnosa prema vlastitom statusu povjesni\u010darke i svjedokinje. S obzirom na svoje \u017eidovsko porijeklo, M. Gross je za vrijeme NDH uhi\u0107ena i zajedno s obitelji deportirana u njema\u010dke logore. Otac je ubijen u Buchenwaldu, a M. Gross i njezina majka pre\u017eivjele su Ravensbr\u00fcck. Stradali su tako\u0111er \u010dlanovi njezine \u0161ire obitelji. U poslijeratnom razdoblju M. Gross postala je jedna od najzna\u010dajnijih hrvatskih povjesni\u010darki. O svojoj ratnoj sudbini nije pisala, ali je ve\u0107inom izricala svoje svjedo\u010danstvo onima koji su je o tome pitali. \u010cinila je to nerado, govore\u0107i da su njezina sje\u0107anja toliko lo\u0161a da ih se ne \u017eeli prisje\u0107ati (isti\u010du\u0107i naprimjer: \u201ete\u0161ko podnosim uspomenu na logor\u201c). <\/span><\/p>\n<p align=\"justify\"><font  size=\"3\">  <\/font><\/p>\n<p align=\"justify\" style=\"margin: 0cm 0cm 10pt; text-align: justify; line-height: 150%; text-indent: 36pt;\"><span lang=\"HR\" style=\"line-height: 150%; font-family: &quot;Times New Roman&quot;,&quot;serif&quot;; font-size: 12pt; mso-ansi-language: HR;\">No vidjela je sebe kao svjedokinju kad god je bilo rije\u010di o poku\u0161ajima relativiziranja NDH i usta\u0161kih zlo\u010dina. Tako je primjerice u razgovoru za <i style=\"mso-bidi-font-style: normal;\">Feral Tribune<\/i> na pitanje je li ju revizionizam u hrvatskoj historiografiji poga\u0111ao kao povjesni\u010darku odgovorila sljede\u0107e: \u201ePoga\u0111alo me najprije kao \u010dovjeka. Ljudi koje su ubili usta\u0161e nisu mi brojke kojima se proizvoljno manipuliralo, nego mnoga mlada i stara lica, a sje\u0107am ih se i nakon \u0161ezdeset godina. Zato mi je bilo jednako te\u0161ko i nekada\u0161nje preuveli\u010davanje i sada\u0161nje drasti\u010dno umanjivanje broja ubijenih. Pogotovo mi je nesnosno \u0161to se takvo ubijanje, za koje sam naivno mislila da je pro\u0161lost, ponovilo i u ovome ratu, i to sa svih strana. Uostalom, ja sam postala nepodobna ne samo kao povjesni\u010darka nego i kao svjedokinja nekada\u0161njeg vremena ubijanja.\u201c <\/span><\/p>\n<p align=\"justify\"><font  size=\"3\">  <\/font><\/p>\n<p align=\"justify\" style=\"margin: 0cm 0cm 10pt; text-align: justify; line-height: 150%; text-indent: 36pt;\"><span lang=\"HR\" style=\"line-height: 150%; font-family: &quot;Times New Roman&quot;,&quot;serif&quot;; font-size: 12pt; mso-ansi-language: HR;\">Premda nije namjeravala iznositi svoje svjedo\u010danstvo u autobiografskim tekstovima, zavr\u0161ne rije\u010di ilustrativno pokazuju objedinjavanje figure povjesni\u010darke i svjedokinje, odnosno koliko je status svjedoka obilje\u017eio Mirjanu Gross. Vrijedilo bi na temelju ostalog materijala iz njezine ostav\u0161tine sa\u010duvane u arhivu Filozofskog fakulteta u Zagrebu (koja sadr\u017ei i pisma \u0161to ih je dobivala u logoru) detaljnije prenijeti jo\u0161 uvijek neispri\u010danu pri\u010du o M. Gross kao svjedokinji Holokausta i to na osnovu teorijskih uvida o \u201edobu svjedo\u010denja\u201c.<\/span><\/p>\n<p align=\"justify\"><font  size=\"3\">  <\/font><\/p>\n<p align=\"justify\" style=\"margin: 0cm 0cm 10pt; text-align: justify; line-height: 150%; text-indent: 36pt;\"><span lang=\"HR\" style=\"line-height: 150%; font-family: &quot;Times New Roman&quot;,&quot;serif&quot;; font-size: 12pt; mso-ansi-language: HR;\">Na kraju ne preostaje drugo nego pozvati povjesni\u010dare i povjesni\u010darke da iskora\u010de iz vlastitih disciplinarnih okvira i postanu slojeviti svjedoci Drugog svjetskog rata i socijalisti\u010dke Jugoslavije, Domovinskog rata i tranzicije\u2026 Jasno je da ne bi svi mogli i htjeli iznijeti kompleksna svjedo\u010danstva, ali dio njih bi to svakako mogao. U tom bismo slu\u010daju svi bili na dobitku, ne samo historiografija. Sugestivno svjedo\u010danstvo nadilazi stru\u010dne granice i javne odjeke povijesne znanosti vi\u0161e nego \u0161to to mo\u017ee ona sama.<\/span><\/p>\n<p align=\"justify\"><font  size=\"3\">  <\/font><\/p>\n<p align=\"justify\" style=\"margin: 0cm 0cm 10pt; text-align: justify; line-height: 150%;\"><span lang=\"HR\" style=\"line-height: 150%; font-family: &quot;Times New Roman&quot;,&quot;serif&quot;; font-size: 12pt; mso-ansi-language: HR;\"><br \/><\/span><\/p>\n<p align=\"justify\"><font  size=\"3\">  <\/font><\/p>\n<p align=\"justify\" style=\"margin: 0cm 0cm 10pt; text-align: right; line-height: 150%;\"><span lang=\"HR\" style=\"line-height: 150%; font-family: &quot;Times New Roman&quot;,&quot;serif&quot;; font-size: 12pt; mso-ansi-language: HR;\">Branimir Jankovi\u0107<\/span><\/p>\n<p align=\"justify\"><\/p>\n<p><font  size=\"3\"><\/p>\n<p align=\"justify\">  <b style=\"mso-bidi-font-weight: normal;\"><span lang=\"FR\" style=\"mso-ansi-language: FR;\"><font face=\"Calibri\">1. kolumna \u2013 Ne ostavljajte povijest povjesni\u010darima!<\/font><\/span><\/b><\/p>\n<p align=\"justify\">  <span lang=\"FR\" style=\"mso-ansi-language: FR;\"><font face=\"Calibri\"><a href=\"https:\/\/historiografija.hr\/prikazi.php?id=236044\">https:\/\/historiografija.hr\/prikazi.php?id=236044<\/a><\/font><\/span><\/p>\n<p align=\"justify\"><\/p>\n<p><\/font><\/p>\n<p align=\"justify\"><\/p>\n<p align=\"justify\"><\/p>\n","protected":false},"excerpt":{"rendered":"","protected":false},"author":1,"featured_media":0,"comment_status":"open","ping_status":"open","sticky":false,"template":"","format":"standard","meta":{"_acf_changed":false,"jetpack_post_was_ever_published":false,"_jetpack_newsletter_access":"","_jetpack_dont_email_post_to_subs":false,"_jetpack_newsletter_tier_id":0,"_jetpack_memberships_contains_paywalled_content":false,"_jetpack_memberships_contains_paid_content":false,"footnotes":"","jetpack_publicize_message":"","jetpack_publicize_feature_enabled":true,"jetpack_social_post_already_shared":false,"jetpack_social_options":{"image_generator_settings":{"template":"highway","default_image_id":0,"font":"","enabled":false},"version":2}},"categories":[4],"tags":[],"class_list":["post-1998","post","type-post","status-publish","format-standard","hentry","category-osvrti"],"acf":{"facebook_opis":""},"jetpack_publicize_connections":[],"jetpack_featured_media_url":"","jetpack_sharing_enabled":true,"jetpack-related-posts":[{"id":52733,"url":"https:\/\/historiografija.hr\/?p=52733","url_meta":{"origin":1998,"position":0},"title":"Vlado Raji\u0107 \u201eGranica na kraju stolje\u0107a\u201c","author":"Filip \u0160imunjak","date":"29. travnja 2026.","format":false,"excerpt":"U suizdanju Durieuxa i Beletre objavljena je 2025. godine knjiga Granica na kraju stolje\u0107a autora Vlade Raji\u0107a.\u00a0 O knjizi\u00a0 Romansirana biografija Vladimira Iblera mnogo je vi\u0161e od zanimljive pri\u010de o privatnom \u017eivotu i impresivnoj profesionalnoj karijeri istaknutog stru\u010dnjaka za me\u0111unarodno pravo i dugo\u00adgodi\u0161njeg profesora na zagreba\u010dkom Pravnom fakultetu, akademika, koji\u2026","rel":"","context":"U &quot;Knjige&quot;","block_context":{"text":"Knjige","link":"https:\/\/historiografija.hr\/?cat=8"},"img":{"alt_text":"","src":"https:\/\/i0.wp.com\/historiografija.hr\/wp-content\/uploads\/2026\/04\/VLADO-RAJIC-GRANICA-NA-KRAJU-STOLJECA.jpg?fit=450%2C650&ssl=1&resize=350%2C200","width":350,"height":200},"classes":[]},{"id":52631,"url":"https:\/\/historiografija.hr\/?p=52631","url_meta":{"origin":1998,"position":1},"title":"Predavanje Ivana Tepe\u0161a: Djelovanje hrvatske politi\u010dke emigracije","author":"Branimir Jankovi\u0107","date":"23. travnja 2026.","format":false,"excerpt":"Odjel za me\u0111unarodnu suradnju i iseljeni\u0161tvo Matice hrvatske Predavanje Ivana Tepe\u0161a: Djelovanje hrvatske politi\u010dke emigracije Utorak, 28. travnja 2026. u 18:00 sati, Dvorana Ljudevita Jonkea (Mala dvorana MH), Strossmayerov trg 4, Zagreb dr. sc. Ivan Tepe\u0161, Institut za istra\u017eivanje migracija Hrvatska politi\u010dka emigracija obilje\u017eila je polustoljetnu hrvatsku povijest u drugoj\u2026","rel":"","context":"U &quot;Novosti&quot;","block_context":{"text":"Novosti","link":"https:\/\/historiografija.hr\/?cat=3"},"img":{"alt_text":"","src":"","width":0,"height":0},"classes":[]},{"id":52505,"url":"https:\/\/historiografija.hr\/?p=52505","url_meta":{"origin":1998,"position":2},"title":"Izlo\u017eba &#8220;Eschenstock \/ Jasenov prut&#8221;","author":"Branimir Jankovi\u0107","date":"17. travnja 2026.","format":false,"excerpt":"Srpsko narodno vije\u0107e (SNV) i Vizura aperta postavljaju izlo\u017ebu \u0161vicarskog slikara Velimira Ili\u0161evi\u0107a: Eschenstock \/ Jasenov prut. Izlo\u017eba se uz prisustvo autora otvara povodom 81. godi\u0161njice proboja logora\u0161a iz usta\u0161kog logora smrti Jasenovac 22. aprila 2026. u 19 sati u Srpskom kulturnom centru (SKC) u Preradovi\u0107evoj ulici 21 u Zagrebu.\u2026","rel":"","context":"U &quot;Izlo\u017ebe&quot;","block_context":{"text":"Izlo\u017ebe","link":"https:\/\/historiografija.hr\/?cat=10"},"img":{"alt_text":"","src":"https:\/\/i0.wp.com\/historiografija.hr\/wp-content\/uploads\/2026\/04\/Jasenov_prut.jpg?fit=1024%2C640&ssl=1&resize=350%2C200","width":350,"height":200,"srcset":"https:\/\/i0.wp.com\/historiografija.hr\/wp-content\/uploads\/2026\/04\/Jasenov_prut.jpg?fit=1024%2C640&ssl=1&resize=350%2C200 1x, https:\/\/i0.wp.com\/historiografija.hr\/wp-content\/uploads\/2026\/04\/Jasenov_prut.jpg?fit=1024%2C640&ssl=1&resize=525%2C300 1.5x, https:\/\/i0.wp.com\/historiografija.hr\/wp-content\/uploads\/2026\/04\/Jasenov_prut.jpg?fit=1024%2C640&ssl=1&resize=700%2C400 2x"},"classes":[]},{"id":52508,"url":"https:\/\/historiografija.hr\/?p=52508","url_meta":{"origin":1998,"position":3},"title":"Glazbena radionica \u201eDUGMETARA REVISITED\u201c","author":"Branimir Jankovi\u0107","date":"17. travnja 2026.","format":false,"excerpt":"DUGMETARA REVISITED glazbena radionica vodi: Ana Horvat 13., 20. i 27. travnja, od 18 do 20 sati Radiona, Nova cesta 186 Na tri radioni\u010dka susreta uranjamo u naslje\u0111e Dugmetare, biv\u0161e tvornice dugmadi na Savskoj cesti koja je po\u010detkom 2000-ih igrom slu\u010daja postala \u017eivo, jedinstveno mjesto glazbene proizvodnje. Svoje su probe\u2026","rel":"","context":"U &quot;Novosti&quot;","block_context":{"text":"Novosti","link":"https:\/\/historiografija.hr\/?cat=3"},"img":{"alt_text":"","src":"https:\/\/i0.wp.com\/historiografija.hr\/wp-content\/uploads\/2026\/04\/TRESNJA_TRESTI.jpg?fit=380%2C475&ssl=1&resize=350%2C200","width":350,"height":200},"classes":[]},{"id":52592,"url":"https:\/\/historiografija.hr\/?p=52592","url_meta":{"origin":1998,"position":4},"title":"Predstavljanje knjige &#8220;Turska ku\u0107a u Rijeci&#8221; u Zagrebu","author":"Branimir Jankovi\u0107","date":"22. travnja 2026.","format":false,"excerpt":"U prostorijama Turskog kulturnog centra Yunus Emre u Zagrebu, u utorak 21. travnja 2026. godine, odr\u017eano je sve\u010dano predstavljanje dopunjenog izdanja knjige Turska ku\u0107a u Rijeci, u organizaciji Hrvatsko-turskog dru\u0161tva Rijeka i partnerstvu sa Skupinom prijateljstva Hrvatska-Turska Hrvatskog sabora, Veleposlanstvom Republike Turske u Republici Hrvatskoj te Turskim kulturnim centrom Yunus\u2026","rel":"","context":"U &quot;Novosti&quot;","block_context":{"text":"Novosti","link":"https:\/\/historiografija.hr\/?cat=3"},"img":{"alt_text":"","src":"https:\/\/i0.wp.com\/historiografija.hr\/wp-content\/uploads\/2026\/04\/Turska-kuca-ZG.jpg?fit=1200%2C800&ssl=1&resize=350%2C200","width":350,"height":200,"srcset":"https:\/\/i0.wp.com\/historiografija.hr\/wp-content\/uploads\/2026\/04\/Turska-kuca-ZG.jpg?fit=1200%2C800&ssl=1&resize=350%2C200 1x, https:\/\/i0.wp.com\/historiografija.hr\/wp-content\/uploads\/2026\/04\/Turska-kuca-ZG.jpg?fit=1200%2C800&ssl=1&resize=525%2C300 1.5x, https:\/\/i0.wp.com\/historiografija.hr\/wp-content\/uploads\/2026\/04\/Turska-kuca-ZG.jpg?fit=1200%2C800&ssl=1&resize=700%2C400 2x, https:\/\/i0.wp.com\/historiografija.hr\/wp-content\/uploads\/2026\/04\/Turska-kuca-ZG.jpg?fit=1200%2C800&ssl=1&resize=1050%2C600 3x"},"classes":[]},{"id":52628,"url":"https:\/\/historiografija.hr\/?p=52628","url_meta":{"origin":1998,"position":5},"title":"Predavanje dopisnog \u010dlana HAZU Alaina Finkielkrauta Izrael, Europa, antisemitizam","author":"Branimir Jankovi\u0107","date":"23. travnja 2026.","format":false,"excerpt":"Francuski filozof Alain Finkielkraut, redoviti \u010dlan Francuske akademije i dopisni \u010dlan HAZU, odr\u017eat \u0107e predavanje\u00a0Izrael, Europa, antisemitizam u utorak 28. travnja 2026. u 13 sati u Knji\u017enici HAZU,\u00a0Strossmayerov trg 14 u Zagrebu. Uvodne rije\u010di odr\u017eat \u0107e\u00a0akademkinja \u017deljka \u010corak i\u00a0akademik Dra\u017een Katunari\u0107. Predavanje \u0107e se odr\u017eati na francuskom jeziku uz konsekutivno\u2026","rel":"","context":"U &quot;Novosti&quot;","block_context":{"text":"Novosti","link":"https:\/\/historiografija.hr\/?cat=3"},"img":{"alt_text":"","src":"https:\/\/i0.wp.com\/historiografija.hr\/wp-content\/uploads\/2026\/04\/Alain_Finkielkraut.jpg?fit=350%2C407&ssl=1&resize=350%2C200","width":350,"height":200},"classes":[]}],"_links":{"self":[{"href":"https:\/\/historiografija.hr\/index.php?rest_route=\/wp\/v2\/posts\/1998","targetHints":{"allow":["GET"]}}],"collection":[{"href":"https:\/\/historiografija.hr\/index.php?rest_route=\/wp\/v2\/posts"}],"about":[{"href":"https:\/\/historiografija.hr\/index.php?rest_route=\/wp\/v2\/types\/post"}],"author":[{"embeddable":true,"href":"https:\/\/historiografija.hr\/index.php?rest_route=\/wp\/v2\/users\/1"}],"replies":[{"embeddable":true,"href":"https:\/\/historiografija.hr\/index.php?rest_route=%2Fwp%2Fv2%2Fcomments&post=1998"}],"version-history":[{"count":0,"href":"https:\/\/historiografija.hr\/index.php?rest_route=\/wp\/v2\/posts\/1998\/revisions"}],"wp:attachment":[{"href":"https:\/\/historiografija.hr\/index.php?rest_route=%2Fwp%2Fv2%2Fmedia&parent=1998"}],"wp:term":[{"taxonomy":"category","embeddable":true,"href":"https:\/\/historiografija.hr\/index.php?rest_route=%2Fwp%2Fv2%2Fcategories&post=1998"},{"taxonomy":"post_tag","embeddable":true,"href":"https:\/\/historiografija.hr\/index.php?rest_route=%2Fwp%2Fv2%2Ftags&post=1998"}],"curies":[{"name":"wp","href":"https:\/\/api.w.org\/{rel}","templated":true}]}}