{"id":19917,"date":"2020-03-27T13:19:00","date_gmt":"2020-03-27T13:19:00","guid":{"rendered":"http:\/\/historiografija.hr\/?p=19917"},"modified":"2022-09-19T13:36:26","modified_gmt":"2022-09-19T13:36:26","slug":"hnk-zagreb-pogledajte-krlezinu-predstavu-vucjak-1923","status":"publish","type":"post","link":"https:\/\/historiografija.hr\/?p=19917","title":{"rendered":"HNK Zagreb &#8211; pogledajte Krle\u017einu predstavu \u201cVu\u010djak\u201d (1923)"},"content":{"rendered":"<p>Na Svjetski dan kazali\u0161ta u petak, 27. o\u017eujka 2020. u 20 sati pogledajte predstavu <em>Vu\u010djak,<\/em> jednu od najva\u017enijih drama Miroslava Krle\u017ee u re\u017eiji Ivice Buljana. Predstava \u0107e biti emitirana na YouTube kanalu 24sata.<\/p>\n<p>&nbsp;<\/p>\n<p>U haustoru dnevnoga lista&nbsp;Narodna sloga&nbsp;prona\u0111en je mrtvac. Ustr\u010dalo se svo osoblje, novinar Polugan poku\u0161ava zavr\u0161iti jutarnje izdanje. Iznenada u redakciju utr\u010dava suludi Venger koji je izba\u010den iz lista zbog plja\u010dke urednikova stola. Mladi Kre\u0161imir Horvat, nakon obilaska Zagreba iz kojega se ispra\u0107aju vojnici na front, kolegama priznaje kako namjerava oti\u0107i na selo kao u\u010ditelj. Urednik zati\u010de Vengera i premlati ga. Horvata na putu za Vu\u010djak oplja\u010dkaju i ranjavaju zelenokadera\u0161i, a umjesto idili\u010dne \u0161kole do\u010deka ga improvizirana gostionica u kojoj udovica biv\u0161eg u\u010ditelja, okuplja \u0161areno dru\u0161tvo \u017eandara i dezertera. S njom se prve no\u0107i zapli\u0107e u strastven odnos, \u0161to nije po volji \u010dlanovima \u0161kolskoga odbora koji ga uvjeravaju da je njezina pro\u0161lost vrlo burna. Horvat se zbli\u017eava s Evom, Amerikankom koja se vratila u Vu\u010djak i \u0161verca zlatom oplja\u010dkanim po crkvama. Marijana ga ucjenjuje trudno\u0107om. Njezin oplakani mu\u017e Lazar vra\u0107a se iz ruskoga zarobljeni\u0161tva i propovijeda vjeru u Boga. Eva odlu\u010duje pobje\u0107i s Horvatom u Ameriku i ubije \u017eandara Panteliju koji ih je do\u0161ao uhititi.<\/p>\n<p>&nbsp;<\/p>\n<p>Vu\u010djak&nbsp;je jedna od najva\u017enijih drama Miroslava Krle\u017ee i ona u sebi sadr\u017ei gotovo sve karakteristike njegova dramskog opusa \u2013 od ranog ekspresionizma i avangarde, tematskih blokova i ideja do stilske nenadma\u0161nosti kasnijih djela, koja su obilje\u017eila velik dio doma\u0107e knji\u017eevnosti&nbsp; 20. stolje\u0107a. Sukob idealizma i svijeta kojim upravljaju animalni instinkti u\u010dinit \u0107e Horvata na\u0161im svakida\u0161njim neurastenikom s kojim mo\u017eemo suosje\u0107ati, a&nbsp;Vu\u010djak&nbsp;nadasve modernim tekstom koji s lako\u0107om prepoznajemo i u ovome vremenu.<\/p>\n<p>&nbsp;<\/p>\n<p>Praizvedena 1923. na sredi\u0161njoj nacionalnoj pozornici, zapravo neposredno uo\u010di nove 1924. u kojoj se obilje\u017eavala deseta godi\u0161njica po\u010detka Velikoga ili Svjetskoga rata, drama Vu\u010djak Miroslava Krle\u017ee stabilizirala je promjenu na kojoj je njezin autor u shva\u0107anju umjetnosti i dru\u0161tva odlu\u010dno inzistirao. Vu\u010djak je dramatur\u0161ki, ali i stilski, metafori\u010dki, sa\u017eeo kompleks zara\u0107enog dru\u0161tva u unutra\u0161nju dimenziju sna\u017enog naslovnog simbola koji do danas zvu\u010di kao opomena. Hrvatski su se ratovi, nakon \u0161to ih je Krle\u017ea (jezi\u010dno) osvijestio kao domobransku historiju pokazali uvijek odve\u0107 velikim i premalo svjetskim, pa se u nas i o stotoj obljetnici Velikoga rata, kako ga se standardno memorira u europskoj kulturi sje\u0107anja, o njemu gotovo isklju\u010divo govori kao Prvom svjetskom, \u010dime se i nesvjesno zaliha (velikih) razmjera ostavlja za vlastito iskustvo kao posebnu, prije nego op\u0107u bol. Skiciraju\u0107i ga dvostruko komorno, kao daleki, distancirani, ali unutra\u0161nji, doma\u0107i prostor te sobnu scenu njegove konferencijske zagubljenosti, Krle\u017ea Vu\u010djaku daje razmjer velikoga svijeta iz kojega se, kao ameri\u010dke i ruske iluzije, vra\u0107aju glasovi, poruke koje bi trebalo do\u017eivljajno vrednovati prije nego se otputuje. Stoga je Vu\u010djak Ivice Buljana na izvornoj pozornici u zavr\u0161nom ra\u010dunu stolje\u0107a kao umjetnosti i javnosti, s razbijenim ratnim ogledalom na zavi\u010dajnom horizontu, glavni kolodvorkrle\u017eijanskih postaja kojima se kretao. Buljanovi su Glembajevi na Baltiku i u Leibachu, Kraljevo u Abid\u017eanu i Kolumbo u Podgorici povratna kronotopija Krle\u017einih rasporeda, koji podrazumijevaju identifikaciju ali uvjetuju vi\u0161e od prigodnog konteksta. Krle\u017eina je fraza kao antologija sentimentalna, nasuprot atentatorskom dinamitu kao sredstvu za razbu\u0111ivanje zemlje koja obi\u010dno u predve\u010derje velikih zbivanja nelijepo hr\u010de da bi se u zoru probudila s osje\u0107ajem poraza kao stanja duha. Zagledan u njezin predtekst kao \u017eanrovski labilnu gra\u0111u prevratnih vremena, pisac je osje\u0107aju\u0107i rat s kojim se njegova kultura probudila tek kada je kao takav zavr\u0161io, redatelju ostavio Vu\u010djak kao osobnu stilsku ljestvicu sve ako ne mijenja te\u017ei\u0161ta: premda nije polemi\u010dna, Vu\u010djak je drama na humusu mita o oporoj ljepoti grani\u010dnog i nedovr\u0161enosti.<\/p>\n<p>&nbsp;<\/p>\n<p>U ovoj predstavi u tri \u010dina igraju Alma Prica, Nina Violi\u0107, Bojan Navojec, Silvio Vovk, Goran Grgi\u0107, Slavko Juraga, Du\u0161an Bu\u0107an, Sini\u0161a Popovi\u0107, Damir Markovina, Alen \u0160alinovi\u0107, Livio Badurina, Franjo Kuhar, Milan Ple\u0161tina, Kristijan Poto\u010dki, Dragan Despot, Ana Begi\u0107, Iva Mihali\u0107, Nik\u0161a Ku\u0161elj&#8230;<\/p>\n<p>&nbsp;<\/p>\n<p><strong><em>Nina Violi\u0107 kao Eva preuzela je emociju i forte cijelog zbivanja na sebe u tre\u0107em \u010dinu, kao \u0161to je to u\u010dinila Alma Prica kao Marijana Margeti\u0107ka u prvom \u010dinu. I jedna i druga sna\u017ene su \u017eene.<\/em><\/strong><br \/>\n\u2014 Jutarnji list<\/p>\n<p>&nbsp;<\/p>\n<p><strong><em>U Vu\u010djaku Drama HNK Zagreb di\u0161e punim plu\u0107ima, a gotovo \u010detiri sata predstave protekne u trenu\u2026 Alma Prica kao Marijana i Nina Violi\u0107\u2026 Dvije velike glumice ovdje su sna\u017ena potpora mladom kolegi, jer Vovk je zaista najbolji \u201eu klin\u010du\u201c s njima.<\/em><\/strong><br \/>\n\u2014 Ve\u010dernji list<\/p>\n<p>&nbsp;<\/p>\n<p>Predstave su dostupne na YouTubu 24sata: <a href=\"https:\/\/www.youtube.com\/channel\/UCpJNsBEupVtlLlVIYw-kFpg\">https:\/\/www.youtube.com\/watch?<\/a><\/p>\n<p>Informacije su i na Facebooku HNK u Zagrebu: <a href=\"https:\/\/www.facebook.com\/hnk.hr\/?ref=aymt_homepage_panel&amp;eid=ARDAnAyiblXIUsQhjax9C3RCFrV4UoBZcKaPucS6pdrU2VY7pMyeGMHbdDxV6N0xz5C4Vfn5hpZ9W3Zs\">https:\/\/www.facebook.com\/hnk.hr\/<\/a><\/p>\n<p>&nbsp;<\/p>\n<p>Izvor:<\/p>\n<p><a href=\"https:\/\/www.hnk.hr\/hr\/novosti\/na-svjetski-dan-kazali%C5%A1ta-pogledajte-predstavu-emvu%C4%8Djakem\/\">https:\/\/www.hnk.hr\/hr\/novosti\/na-svjetski-dan-kazali%C5%A1ta-pogledajte-predstavu-emvu%C4%8Djakem\/<\/a><\/p>\n<p><a href=\"https:\/\/www.hnk.hr\/hr\/drama\/predstave\/vu%C4%8Djak\/\">https:\/\/www.hnk.hr\/hr\/drama\/predstave\/vu%C4%8Djak\/<\/a><\/p>\n<p>&nbsp;<\/p>\n<p>&nbsp;<\/p>\n<p>&nbsp;<\/p>\n","protected":false},"excerpt":{"rendered":"","protected":false},"author":2,"featured_media":19918,"comment_status":"open","ping_status":"open","sticky":false,"template":"","format":"standard","meta":{"_acf_changed":false,"jetpack_post_was_ever_published":false,"_jetpack_newsletter_access":"","_jetpack_dont_email_post_to_subs":false,"_jetpack_newsletter_tier_id":0,"_jetpack_memberships_contains_paywalled_content":false,"_jetpack_memberships_contains_paid_content":false,"footnotes":"","jetpack_publicize_message":"","jetpack_publicize_feature_enabled":true,"jetpack_social_post_already_shared":true,"jetpack_social_options":{"image_generator_settings":{"template":"highway","default_image_id":0,"font":"","enabled":false},"version":2}},"categories":[22,3],"tags":[],"class_list":["post-19917","post","type-post","status-publish","format-standard","has-post-thumbnail","hentry","category-kazalisne-predstave","category-novosti"],"acf":{"facebook_opis":""},"jetpack_publicize_connections":[],"jetpack_featured_media_url":"https:\/\/i0.wp.com\/historiografija.hr\/wp-content\/uploads\/2020\/03\/Vucjak.jpeg?fit=1280%2C857&ssl=1","jetpack_sharing_enabled":true,"jetpack-related-posts":[{"id":52704,"url":"https:\/\/historiografija.hr\/?p=52704","url_meta":{"origin":19917,"position":0},"title":"Predstavljanje knjige &#8220;Vladimir Vasiljevi\u0107: Moji do\u017eivljaji. Dnevni\u010dki zapisi iz Prvoga svjetskog rata i poratnoga vremena&#8221;","author":"Filip \u0160imunjak","date":"29. travnja 2026.","format":false,"excerpt":"Doga\u0111anja ovogodi\u0161njega Festivala povijesti Kliofest zapo\u010dinjemo ve\u0107 i prije samoga slu\u017ebenog otvaranja, predstavljanjem knjige \u201eMoji do\u017eivljaji. Dnevni\u010dki zapisi iz Prvoga svjetskog rata i poratnoga vremena\u201d Vladimira Vasiljevi\u0107a, koju su priredili Karlo Rukavina i Damir Agi\u010di\u0107. Pozivamo Vas na predstavljanje koje \u0107e se odr\u017eati u ponedjeljak 4. svibnja, s po\u010detkom u\u2026","rel":"","context":"U &quot;Knjige&quot;","block_context":{"text":"Knjige","link":"https:\/\/historiografija.hr\/?cat=8"},"img":{"alt_text":"","src":"https:\/\/i0.wp.com\/historiografija.hr\/wp-content\/uploads\/2026\/04\/Naslovna-V.-Vasiljevic.webp?fit=1200%2C600&ssl=1&resize=350%2C200","width":350,"height":200,"srcset":"https:\/\/i0.wp.com\/historiografija.hr\/wp-content\/uploads\/2026\/04\/Naslovna-V.-Vasiljevic.webp?fit=1200%2C600&ssl=1&resize=350%2C200 1x, https:\/\/i0.wp.com\/historiografija.hr\/wp-content\/uploads\/2026\/04\/Naslovna-V.-Vasiljevic.webp?fit=1200%2C600&ssl=1&resize=525%2C300 1.5x, https:\/\/i0.wp.com\/historiografija.hr\/wp-content\/uploads\/2026\/04\/Naslovna-V.-Vasiljevic.webp?fit=1200%2C600&ssl=1&resize=700%2C400 2x, https:\/\/i0.wp.com\/historiografija.hr\/wp-content\/uploads\/2026\/04\/Naslovna-V.-Vasiljevic.webp?fit=1200%2C600&ssl=1&resize=1050%2C600 3x"},"classes":[]},{"id":52768,"url":"https:\/\/historiografija.hr\/?p=52768","url_meta":{"origin":19917,"position":1},"title":"Poziv za prijavu na me\u0111unarodni ljetni kamp za mlade \u201cYouth in Cold-War Europe\u201d","author":"Filip \u0160imunjak","date":"30. travnja 2026.","format":false,"excerpt":"Otvoren je poziv za prijavu na me\u0111unarodni ljetni kamp \"Youth in Cold-War Europe\", koji se odr\u017eava od 28.08. do 06.09. 2026. godine u Weimaru (Njema\u010dka). Kamp se odr\u017eava u organizaciji Europskog centra za obrazovanje mladih (EJBW) iz Weimara i njegovih me\u0111unarodnih partnera, te uz financijsku podr\u0161ku Europske unije i Savezne\u2026","rel":"","context":"U &quot;Novosti&quot;","block_context":{"text":"Novosti","link":"https:\/\/historiografija.hr\/?cat=3"},"img":{"alt_text":"","src":"https:\/\/i0.wp.com\/historiografija.hr\/wp-content\/uploads\/2026\/04\/LJETNI-KAMP-ZA-MLADE-YOUTH-IN-COLD-WAR-EUROPE.jpg?fit=667%2C375&ssl=1&resize=350%2C200","width":350,"height":200,"srcset":"https:\/\/i0.wp.com\/historiografija.hr\/wp-content\/uploads\/2026\/04\/LJETNI-KAMP-ZA-MLADE-YOUTH-IN-COLD-WAR-EUROPE.jpg?fit=667%2C375&ssl=1&resize=350%2C200 1x, https:\/\/i0.wp.com\/historiografija.hr\/wp-content\/uploads\/2026\/04\/LJETNI-KAMP-ZA-MLADE-YOUTH-IN-COLD-WAR-EUROPE.jpg?fit=667%2C375&ssl=1&resize=525%2C300 1.5x"},"classes":[]},{"id":52536,"url":"https:\/\/historiografija.hr\/?p=52536","url_meta":{"origin":19917,"position":2},"title":"Kader Abdolah, \u201ePrije nego \u0161to bude kasno\u201c","author":"Branimir Jankovi\u0107","date":"20. travnja 2026.","format":false,"excerpt":"Kader Abdolah \u017eeli se vratiti ku\u0107i. Ali povratak je nemogu\u0107: u Iranu bi bio uhap\u0161en. Pod la\u017enim imenom i s krivotvorenim paso\u0161em ipak uspijeva u\u0107i u domovinu i sti\u017ee do roditeljske ku\u0107e, visoko u planinama. Majka ga ne prepoznaje, otac je mrtav, a sve \u0161to je tra\u017eio izmi\u010de mu pred\u2026","rel":"","context":"U &quot;Novosti&quot;","block_context":{"text":"Novosti","link":"https:\/\/historiografija.hr\/?cat=3"},"img":{"alt_text":"","src":"https:\/\/i0.wp.com\/historiografija.hr\/wp-content\/uploads\/2026\/04\/Prije-nego-sto-bude-kasno.webp?fit=566%2C872&ssl=1&resize=350%2C200","width":350,"height":200,"srcset":"https:\/\/i0.wp.com\/historiografija.hr\/wp-content\/uploads\/2026\/04\/Prije-nego-sto-bude-kasno.webp?fit=566%2C872&ssl=1&resize=350%2C200 1x, https:\/\/i0.wp.com\/historiografija.hr\/wp-content\/uploads\/2026\/04\/Prije-nego-sto-bude-kasno.webp?fit=566%2C872&ssl=1&resize=525%2C300 1.5x"},"classes":[]},{"id":52666,"url":"https:\/\/historiografija.hr\/?p=52666","url_meta":{"origin":19917,"position":3},"title":"Najava programa Festivala povijesti Kliofest (5-8. V. 2026)","author":"Branimir Jankovi\u0107","date":"24. travnja 2026.","format":false,"excerpt":"Po trinaesti put odr\u017eava se Festival povijesti Kliofest! Do petka \u0107emo odr\u017eati osam okruglih stolova i dva kolokvija te niz predstavljanja knjiga i projekata razli\u010dite tematike, od antike do suvremenosti. Bit \u0107e predstavljeno i nekoliko izlo\u017ebi te odr\u017ean jedan povijesni kviz. Prikazat \u0107emo i jedan film \u2013 o generalu Boroevi\u0107u.\u2026","rel":"","context":"U &quot;Novosti&quot;","block_context":{"text":"Novosti","link":"https:\/\/historiografija.hr\/?cat=3"},"img":{"alt_text":"","src":"https:\/\/i0.wp.com\/historiografija.hr\/wp-content\/uploads\/2026\/04\/Kliofest-2026.jpg?fit=526%2C526&ssl=1&resize=350%2C200","width":350,"height":200,"srcset":"https:\/\/i0.wp.com\/historiografija.hr\/wp-content\/uploads\/2026\/04\/Kliofest-2026.jpg?fit=526%2C526&ssl=1&resize=350%2C200 1x, https:\/\/i0.wp.com\/historiografija.hr\/wp-content\/uploads\/2026\/04\/Kliofest-2026.jpg?fit=526%2C526&ssl=1&resize=525%2C300 1.5x"},"classes":[]},{"id":52505,"url":"https:\/\/historiografija.hr\/?p=52505","url_meta":{"origin":19917,"position":4},"title":"Izlo\u017eba &#8220;Eschenstock \/ Jasenov prut&#8221;","author":"Branimir Jankovi\u0107","date":"17. travnja 2026.","format":false,"excerpt":"Srpsko narodno vije\u0107e (SNV) i Vizura aperta postavljaju izlo\u017ebu \u0161vicarskog slikara Velimira Ili\u0161evi\u0107a: Eschenstock \/ Jasenov prut. Izlo\u017eba se uz prisustvo autora otvara povodom 81. godi\u0161njice proboja logora\u0161a iz usta\u0161kog logora smrti Jasenovac 22. aprila 2026. u 19 sati u Srpskom kulturnom centru (SKC) u Preradovi\u0107evoj ulici 21 u Zagrebu.\u2026","rel":"","context":"U &quot;Izlo\u017ebe&quot;","block_context":{"text":"Izlo\u017ebe","link":"https:\/\/historiografija.hr\/?cat=10"},"img":{"alt_text":"","src":"https:\/\/i0.wp.com\/historiografija.hr\/wp-content\/uploads\/2026\/04\/Jasenov_prut.jpg?fit=1024%2C640&ssl=1&resize=350%2C200","width":350,"height":200,"srcset":"https:\/\/i0.wp.com\/historiografija.hr\/wp-content\/uploads\/2026\/04\/Jasenov_prut.jpg?fit=1024%2C640&ssl=1&resize=350%2C200 1x, https:\/\/i0.wp.com\/historiografija.hr\/wp-content\/uploads\/2026\/04\/Jasenov_prut.jpg?fit=1024%2C640&ssl=1&resize=525%2C300 1.5x, https:\/\/i0.wp.com\/historiografija.hr\/wp-content\/uploads\/2026\/04\/Jasenov_prut.jpg?fit=1024%2C640&ssl=1&resize=700%2C400 2x"},"classes":[]},{"id":52511,"url":"https:\/\/historiografija.hr\/?p=52511","url_meta":{"origin":19917,"position":5},"title":"Izlo\u017eba &#8220;Lica Sljemena&#8221;","author":"Branimir Jankovi\u0107","date":"17. travnja 2026.","format":false,"excerpt":"Srda\u010dno vas pozivamo na otvorenje izlo\u017ebe Lica Sljemena koje \u0107e se odr\u017eati u srijedu 22. travnja 2026. u 18 h ispred Muzeja Prigorja (Trg Dragutina Domjani\u0107a 5, Sesvete). Izlo\u017eba proizlazi iz istra\u017eivanja Nevene \u0160krbi\u0107 Alempijevi\u0107, Petre Kelemen i Sanje Potkonjak te intervjua sa Sljemena\u0161icama i Sljemena\u0161ima, koji su provedeni u\u2026","rel":"","context":"U &quot;Izlo\u017ebe&quot;","block_context":{"text":"Izlo\u017ebe","link":"https:\/\/historiografija.hr\/?cat=10"},"img":{"alt_text":"","src":"https:\/\/i0.wp.com\/historiografija.hr\/wp-content\/uploads\/2026\/04\/Izlozba-Lica-Sljemena.png?fit=1080%2C686&ssl=1&resize=350%2C200","width":350,"height":200,"srcset":"https:\/\/i0.wp.com\/historiografija.hr\/wp-content\/uploads\/2026\/04\/Izlozba-Lica-Sljemena.png?fit=1080%2C686&ssl=1&resize=350%2C200 1x, https:\/\/i0.wp.com\/historiografija.hr\/wp-content\/uploads\/2026\/04\/Izlozba-Lica-Sljemena.png?fit=1080%2C686&ssl=1&resize=525%2C300 1.5x, https:\/\/i0.wp.com\/historiografija.hr\/wp-content\/uploads\/2026\/04\/Izlozba-Lica-Sljemena.png?fit=1080%2C686&ssl=1&resize=700%2C400 2x, https:\/\/i0.wp.com\/historiografija.hr\/wp-content\/uploads\/2026\/04\/Izlozba-Lica-Sljemena.png?fit=1080%2C686&ssl=1&resize=1050%2C600 3x"},"classes":[]}],"_links":{"self":[{"href":"https:\/\/historiografija.hr\/index.php?rest_route=\/wp\/v2\/posts\/19917","targetHints":{"allow":["GET"]}}],"collection":[{"href":"https:\/\/historiografija.hr\/index.php?rest_route=\/wp\/v2\/posts"}],"about":[{"href":"https:\/\/historiografija.hr\/index.php?rest_route=\/wp\/v2\/types\/post"}],"author":[{"embeddable":true,"href":"https:\/\/historiografija.hr\/index.php?rest_route=\/wp\/v2\/users\/2"}],"replies":[{"embeddable":true,"href":"https:\/\/historiografija.hr\/index.php?rest_route=%2Fwp%2Fv2%2Fcomments&post=19917"}],"version-history":[{"count":2,"href":"https:\/\/historiografija.hr\/index.php?rest_route=\/wp\/v2\/posts\/19917\/revisions"}],"predecessor-version":[{"id":32672,"href":"https:\/\/historiografija.hr\/index.php?rest_route=\/wp\/v2\/posts\/19917\/revisions\/32672"}],"wp:featuredmedia":[{"embeddable":true,"href":"https:\/\/historiografija.hr\/index.php?rest_route=\/wp\/v2\/media\/19918"}],"wp:attachment":[{"href":"https:\/\/historiografija.hr\/index.php?rest_route=%2Fwp%2Fv2%2Fmedia&parent=19917"}],"wp:term":[{"taxonomy":"category","embeddable":true,"href":"https:\/\/historiografija.hr\/index.php?rest_route=%2Fwp%2Fv2%2Fcategories&post=19917"},{"taxonomy":"post_tag","embeddable":true,"href":"https:\/\/historiografija.hr\/index.php?rest_route=%2Fwp%2Fv2%2Ftags&post=19917"}],"curies":[{"name":"wp","href":"https:\/\/api.w.org\/{rel}","templated":true}]}}