{"id":19811,"date":"2020-03-23T13:52:51","date_gmt":"2020-03-23T13:52:51","guid":{"rendered":"http:\/\/historiografija.hr\/?p=19811"},"modified":"2022-07-15T14:06:16","modified_gmt":"2022-07-15T14:06:16","slug":"novi-brojevi-casopisa-radovi-zavoda-za-hrvatsku-povijest-filozofskoga-fakulteta-sveucilista-u-zagrebu","status":"publish","type":"post","link":"https:\/\/historiografija.hr\/?p=19811","title":{"rendered":"Novi brojevi \u010dasopisa \u201eRadovi Zavoda za hrvatsku povijest Filozofskoga fakulteta Sveu\u010dili\u0161ta u Zagrebu\u201c"},"content":{"rendered":"<p>Objavljeni su brojevi 1 i 2 \u010dasopisa \u201eRadovi Zavoda za hrvatsku povijest Filozofskoga fakulteta Sveu\u010dili\u0161ta u Zagrebu&#8221; za 2019. godinu koji su u potpunosti dostupni online na portalu Hr\u010dak.<\/p>\n<p>&nbsp;<\/p>\n<p><strong><em>Radovi Zavoda za hrvatsku povijest Filozofskoga fakulteta Sveu\u010dili\u0161ta u Zagrebu<\/em><\/strong>, Vol. 51 No. 1, 2019.<\/p>\n<p><a href=\"https:\/\/hrcak.srce.hr\/radovi-zhp\">https:\/\/hrcak.srce.hr\/radovi-zhp<\/a><\/p>\n<p>&nbsp;<\/p>\n<p><strong>Sadr\u017eaj \/ Contents<\/strong><\/p>\n<p>&nbsp;<\/p>\n<p><strong>Poseban broj<\/strong><\/p>\n<p>Izme\u0111u Europe i Bliskog istoka: migracije i njihove posljedice na podru\u010dju Jugoisto\u010dne Europe i Anadolije u transimperijalnom i interkulturalnom kontekstu<\/p>\n<p><strong>Special issue<\/strong><\/p>\n<p>Between Europe and Middle East: Migrations and Their Consequences in Southeast Europe and Anatolia in Transimperial and Intercultural Context<\/p>\n<p>&nbsp;<\/p>\n<p><strong>Vjeran Kursar<\/strong><\/p>\n<p><em>Uvod gostuju\u0107eg urednika<\/em><\/p>\n<p>Izme\u0111u Europe i Bliskog istoka: migracije i njihove posljedice na podru\u010dju Jugoisto\u010dne Europe i Anadolije u transimperijalnom i interkulturalnom kontekstu<\/p>\n<p><em>Guest Editor\u2019s Introduction<\/em><\/p>\n<p>Between Europe and Middle East: Migrations and Their Consequences in Southeast Europe and Anatolia in Transimperial and Intercultural Context<\/p>\n<p>&nbsp;<\/p>\n<p><strong>Jasmina Osterman<\/strong><\/p>\n<p>Amoritski identitet: simbol MAR u protoklinastim izvorima<\/p>\n<p>Amorite Identity: Symbol MAR in Protocuneiform Sources<\/p>\n<p><strong>&nbsp;<\/strong><\/p>\n<p><strong>Nikolay Antov<\/strong><\/p>\n<p>Demographic and Ethno-Religious Change in 15th- and 16th-Century &nbsp;Ottoman Dobrudja (NE Balkans) and the Related Impact of Migrations<\/p>\n<p>Demografske i etno-religijske promjene u osmanskoj Dobru\u0111i (sjevero-isto\u010dni Balkan) u 15. i 16. stolje\u0107u i utjecaj migracija<\/p>\n<p>&nbsp;<\/p>\n<p><strong>Kayhan Orbay<\/strong><\/p>\n<p>\u201cThey Left Behind Institutions in Financial Jeopardy\u201d: Central Anatolian Waqfs in the Wake of Great Flight<\/p>\n<p>\u201cZa sobom su ostavili institucije u financijskim neprilikama\u201d: srednjoanadolski vakufi nakon \u201cVelikog bijega\u201d<\/p>\n<p>&nbsp;<\/p>\n<p><strong>Eujeong Yi<\/strong><\/p>\n<p>Interreligious Relations in 17th-Century Istanbul in the Light of Immigration and Demographic Change<\/p>\n<p>Me\u0111ureligijski odnosi u Istanbulu u svjetlu doseljavanja i demografskih promjena tijekom 17. stolje\u0107a<\/p>\n<p><strong>&nbsp;<\/strong><\/p>\n<p><strong>Silvana Rachieru<\/strong><\/p>\n<p>Between the King and the Sultan: the Romanian Colony in Constantinople at the End of the 19th Century<\/p>\n<p>Izme\u0111u kralja i sultana: rumunjska kolonija u Carigradu s kraja 19. stolje\u0107a<\/p>\n<p>&nbsp;<\/p>\n<p><strong>Nada Ze\u010devi\u0107<\/strong><\/p>\n<p>Restoration, Reconstruction and the Union: Memories of Home in the Stratiot Poetry of Antonio Molino<\/p>\n<p>Restauracija, obnova i zajedni\u0161tvo: sje\u0107anja na dom u stratiotskom pjesni\u0161tvu Antonija Molina<\/p>\n<p><strong>&nbsp;<\/strong><\/p>\n<p><strong>Robert Skenderovi\u0107<\/strong><\/p>\n<p>Ekolo\u0161ko-geografska determiniranost koloniziranja Slavonije u 18. stolje\u0107u<\/p>\n<p>Ecological-Geographical Determination of Colonization of Slavonia in the 18th Century<\/p>\n<p>&nbsp;<\/p>\n<p><strong>Stefan Rohdewald &amp; Florian Riedler<\/strong><\/p>\n<p>Migration and Mobility in a Transottoman Context<\/p>\n<p>Migracije i mobilnost u transosmanskom kontekstu<\/p>\n<p>&nbsp;<\/p>\n<p>&#8212;<\/p>\n<p>&nbsp;<\/p>\n<p><strong><em>Radovi Zavoda za hrvatsku povijest Filozofskoga fakulteta Sveu\u010dili\u0161ta u Zagrebu<\/em><\/strong>, Vol. 51 No. 2, 2019.<\/p>\n<p><a href=\"https:\/\/hrcak.srce.hr\/radovi-zhp\">https:\/\/hrcak.srce.hr\/radovi-zhp<\/a><\/p>\n<p>&nbsp;<\/p>\n<p><strong>Sadr\u017eaj \/ Contents<\/strong><\/p>\n<p><strong>&nbsp;<\/strong><\/p>\n<p><strong>In honorem<\/strong><\/p>\n<p><em>In honorem<\/em> Iskra Ivelji\u0107<\/p>\n<p><em>In honorem<\/em> Nenad Moa\u010danin<\/p>\n<p>&nbsp;<\/p>\n<p>\u010clanci i rasprave \/ Papers and studies<\/p>\n<p>&nbsp;<\/p>\n<p><strong>Tea Fumi\u0107<\/strong><\/p>\n<p>Kult Jupitra Heliopolskog u Sisciji<\/p>\n<p>The cult of Jupiter Heliopolitanus in Siscia<\/p>\n<p>&nbsp;<\/p>\n<p><strong>Ivan Matijevi\u0107<\/strong><\/p>\n<p>\u017divotni suputnici rimskih vojnika na salonitanskim nadgrobnim natpisima iz doba principata<\/p>\n<p>Life companions of Roman soldiers mentioned on the funerary inscriptions from Salona during the time of the Principate<\/p>\n<p>&nbsp;<\/p>\n<p><strong>Hrvoje Gra\u010danin<\/strong><\/p>\n<p><em>Bellum Batonianum<\/em> i <em>Bellum Liudewiticum<\/em><\/p>\n<p><em>Bellum Batonianum<\/em> and <em>Bellum Liudewiticum<\/em><\/p>\n<p><strong>&nbsp;<\/strong><\/p>\n<p><strong>Marko Marina<\/strong><\/p>\n<p>\u1f0d\u03b9\u03c1\u03b5\u03c3\u03b9\u03c2 kao dru\u0161tveni fenomen: analiza anti\u010dkog termina hereza u kontekstu suvremenih sociolo\u0161kih studija<\/p>\n<p>\u1f0d\u03b9\u03c1\u03b5\u03c3\u03b9\u03c2 as a social phenomenon: the emergence of the Christian notion of \u201cheresy\u201d<\/p>\n<p>&nbsp;<\/p>\n<p><strong>Marko Medved<\/strong><\/p>\n<p>Augustinci pustinjaci rije\u010dkog sv. Jeronima u 15. stolje\u0107u<\/p>\n<p>The Augustinian Abbey of St. Jerome in Rijeka in the 15th century<\/p>\n<p>&nbsp;<\/p>\n<p><strong>Ivan Ba\u010dmaga i Marino Badurina<\/strong><\/p>\n<p>National ideology and Croatian-Serbian relations in the works of Josip Ljubi\u0107<\/p>\n<p>Nacionalna ideologija i hrvatsko-srpski odnosi u radovima Josipa Ljubi\u0107a<\/p>\n<p>&nbsp;<\/p>\n<p><strong>Nikola Toma\u0161egovi\u0107<\/strong><\/p>\n<p>Prema intelektualnoj historiji hrvatskog modernisti\u010dkog pokreta na prijelomu 19. i 20. stolje\u0107a: stanje istra\u017eivanja i istra\u017eiva\u010dki problemi<\/p>\n<p>Towards an intellectual history of the Croatian Modernist movement at the turn of the 20th century: state of research and research problems<\/p>\n<p>&nbsp;<\/p>\n<p><strong>Federico Tenca Montini<\/strong><\/p>\n<p>The burning border . A comparative study of the problem of Trieste and other territorial issues of Italy after the defeat in the Second World War<\/p>\n<p>GORU\u0106A GRANICA. Komaprativna studija tr\u0161\u0107anskog pitanja i drugih teritorijalnih problema s kojima se Italija suo\u010dila nakon poraza u Drugome svjetskom ratu<\/p>\n<p>&nbsp;<\/p>\n<p><strong>Igor Kusin<\/strong><\/p>\n<p>Hebrew headstone inscriptions at Zagreb\u2019s Mirogoj cemetery<\/p>\n<p>\u017didovski nadgrobni natpisi na zagreba\u010dkom groblju Mirogoj<\/p>\n<p>&nbsp;<\/p>\n<p>Posebna tema \/ Special topic<\/p>\n<p>&nbsp;<\/p>\n<p><strong>Emil Her\u0161ak i Nenad Vidakovi\u0107<\/strong><\/p>\n<p>Euroazijske povijesne teme i \u201cputovi svile\u201d<\/p>\n<p>\u0415\u0432\u0440\u0430\u0437\u0438\u0439\u0441\u043a\u0438\u0435 \u0438\u0441\u0442\u043e\u0440\u0438\u0447\u0435\u0441\u043a\u0438\u0435 \u0442\u0435\u043c\u044b \u0438 \u201c\u0428\u0435\u043b\u043a\u043e\u0432\u044b\u0439 \u043f\u0443\u0442\u044c\u201d<\/p>\n<p>&nbsp;<\/p>\n<p>Gra\u0111a \/ Primary Sources<\/p>\n<p>&nbsp;<\/p>\n<p><strong>Marta Jurkovi\u0107, Petar Hegedi\u0107, Nikola Ostoji\u0107, Filip \u0160imunjak<\/strong><\/p>\n<p>Popis isplata vojsci na Hrvatskoj i Slavonskoj krajini u listopadu i studenom 1556. godine, prema dva registra: Prilog istra\u017eivanju rane faze vojnokraji\u0161ke povijesti<\/p>\n<p>The October-November 1556 military frontier payrolls: A contribution to the study of early military frontier history<\/p>\n<p>&nbsp;<\/p>\n<p><strong>In memoriam<\/strong><\/p>\n<p><em>In memoriam<\/em> Franjo \u0160anjek<\/p>\n<p><em>In memoriam<\/em> Franjo Emanuel Ho\u0161ko<\/p>\n<p><em>In memoriam<\/em> Mario Strecha<\/p>\n<p>&nbsp;<\/p>\n<p>Ocjene i prikazi \/ Critiques and reviews<\/p>\n<p>&nbsp;<\/p>\n<p><strong>Egipat i klasi\u010dni svijet<\/strong><\/p>\n<p>Beyond the Nile: Egypt and the Classical World (ur. Jeffrey Spier, Timoty Potts, Sara E. Cole), katalog izlo\u017ebe odr\u017eane od 27. o\u017eujka do 9. rujna 2018. u J. Paul Getty Museum, Los Angeles: Getty Publications, 2018., 344 str.<\/p>\n<p><strong>Batonski rat<\/strong><\/p>\n<p>Jason R. Abdale, The Great Illyrian Revolt, Yorkshire \u2013 Philadelphia: Pen &amp; Sword, 2019., 265 str.<\/p>\n<p><strong>Spomenici i natpisi orijentalnih religija na hrvatskome povijesnom prostoru<\/strong><\/p>\n<p>Petar Selem, Inga Vilogorac Br\u010di\u0107, ROMIC II., Religionum Orientalium monumenta et inscriptiones ex Croatia II, Znakovi i rije\u010di. Signa et litterae, vol. VI, Zagreb: FF press, 2018., 204. str.<\/p>\n<p><strong>Legende kr\u0161\u0107anskih mu\u010denika kao izvor za povijest kasnorimskog zapadnog Ilirika<\/strong><\/p>\n<p>Vesna Lalo\u0161evi\u0107, Cum esset persecutio: Dioklecijanovo doba na podru\u010dju izme\u0111u Akvileje i Dunavskog limesa u mu\u010deni\u010dkim legendama, Biblioteka znanstvenih djela 188, Split: Knji\u017eevni krug, 2018., 452 str.<\/p>\n<p><strong>Balkanski ratovi u kasnoj antici<\/strong><\/p>\n<p>Alexander Sarantis, Justinian\u2019s Balkan Wars. Campaigning, Diplomacy and Development in Illyricum, Thrace and the Northern World A.D. 527-65 [ARCA Classical and Medieval Texts, Papers and Monographs 53], Prenton: Francis Cairns, 2016., XXVIII + 500 str.<\/p>\n<p><strong>Three recent books on Venice and the Adriatic in the early middle ages<\/strong><\/p>\n<p>Sauro Gelichi and Stefano Gaspari (eds.), Venice and its Neighbours From the 8th to 11th Century. Through Renovation and Continuity, Leiden: Brill 2018, 189 pp; Stefano Gaspari and Sauro Gelichi (eds.), The Age of Affirmation. Venice, the Adriatic and the Hinterland Between the 9th and 10th Centuries, Turnhout: Brepols 2017, 400 pp; Sauro Gelichi and Claudio Negrelli (eds.), Adriatico altomedievale (VI-XI secolo). Scambi, porti, produzioni, Venice: Ca\u2019 Foscari 2017, 390 pp.<\/p>\n<p><strong>Splitsko komunalno dru\u0161tvo u srednjem vijeku<\/strong><\/p>\n<p>Tonija Andri\u0107, \u017divot u srednjovjekovnom Splitu, Svakodnevnica obrtnika u 14. i 15. stolje\u0107u, Zagreb-Split: Hrvatski institut za povijest, Odsjek za povijest Filozofskog fakulteta u Splitu, 2018, 329 str.<\/p>\n<p><strong>Povijest buzetskoga podneblja<\/strong><\/p>\n<p>Slaven Berto\u0161a, Fragmenti buzetske pro\u0161losti u srednjem i novom vijeku, Srednja Europa \u2013 Sveu\u010dili\u0161te Jurja Dobrile u Puli \u2013 Dr\u017eavni arhiv u Pazinu \u2013 Grad Buzet, Zagreb \u2013 Pula \u2013 Buzet \u2013 Pazin 2018, 464 str.<\/p>\n<p><strong>Obrtnici i trgovci na Jadranu od srednjega vijeka do 20. stolje\u0107a<\/strong><\/p>\n<p>Artisani et mercatores&#8230;: o obrtnicima i trgovcima na Jadranskom prostoru (ur. Marija Mogorovi\u0107 Crljenko, Elena Uljan\u010di\u0107), Pore\u010d: Zavi\u010dajni muzej Pore\u0161tine \u2013 Museo del territorio parentino, Filozofski fakultet Sveu\u010dili\u0161ta Jurja Dobrile u Puli, Dr\u017eavni arhiv u Pazinu, 2019, 261 str.<\/p>\n<p><strong>Kruna sv. Stjepana, krunidbene ceremonije ugarskih vladara i doprinos ma\u0111arske historiografije hrvatskoj heraldici i veksilologiji<\/strong><\/p>\n<p>G\u00e9za P\u00e1lffy, Die Kr\u00f6nungsfahnen in der Esterh\u00e1zy Schatzkammer auf Burg Forchtenstein. Die Geschichte der Kr\u00f6nungsfahnen der L\u00e4nder der Stephanskrone vom Sp\u00e4tmittelalter bis Anfang des 20. Jahrhunderts, (Mitteilungen aus der Sammlung Privatstiftung Esterhazy, Jahrgang 2018, Band 10), Esterhazy Privatstiftung. Eisenstadt, 2018, 226 str.<\/p>\n<p><strong>Faust Vran\u010di\u0107 \u2013 \u201eMetafora renesanse\u201c<\/strong><\/p>\n<p>Marijana Bori\u0107, Zrinka Bla\u017eevi\u0107, Bojan Marotti (ur.), Faust Vran\u010di\u0107 i njegovo doba. Zbornik radova s Me\u0111unarodnog znanstvenog skupa odr\u017eanoga u povodu 400. obljetnice objavljivanja Novih strojeva Fausta Vran\u010di\u0107a. Vodice \u2013 \u0160ibenik, 22-23. rujna 2015., Prvi\u0107 Luka: Memorijalni centar \u201eFaust Vran\u010di\u0107\u201c, 2018, 261. str.<\/p>\n<p><strong>Politi\u010dki i diplomatski odnosi izme\u0111u Dubrovnika i Rima u 16. i 17. stolje\u0107u<\/strong><\/p>\n<p>Nik\u0161a Varezi\u0107, Dosta je re\u0107i u Rimu da bi se reklo \u010ditavom svijetu. Dubrova\u010dka Republika i Sveta Stolica tijekom 16. i 17. stolje\u0107a, Zagreb \u2013 Dubrovnik: Hrvatska akademija znanosti i umjetnosti, Zavod za povijesne znanosti u Dubrovniku, 2018, 392 str.<\/p>\n<p><strong>Djelo za \u201ekajkavoljupce i kajkavoznalce\u201c<\/strong><\/p>\n<p>Bojana Schubert, U suton kajkavskoga knji\u017eevnog jezika \u2013 Povijesnosociolingvisti\u010dka analiza jezika Ivana Krizmani\u0107a, Srednja Europa, Zagreb 2016, 264 str.<\/p>\n<p><strong>Zapadnokr\u010dka mikrohistorija ili kako sada\u0161njost, crpe\u0107i nadahnu\u0107e iz pro\u0161losti, daje nadu u bolju budu\u0107nost<\/strong><\/p>\n<p>Tomislav Galovi\u0107, O Duba\u0161nici i njezinim ljudima. Prinosi za povijest duba\u0161ljanskoga kraja na otoku Krku, knj. II., Rijeka \u2013 Krk \u2013 Malinska \u2013 Novi Vinodolski: Povijesno dru\u0161tvo otoka Krka, Krk \u2013 Op\u0107ina Malinska \u2013 Duba\u0161nica, Naklada Kvarner [Kr\u010dki zbornik, sv. 73, Posebno izdanje Povijesnog dru\u0161tva otoka Krka, sv. 64], 2019.<\/p>\n<p><strong>Multicentri\u010dna studija o globalnoj povijesti<\/strong><\/p>\n<p>Peter Frankopan, Putovi svile. Nova povijest svijeta, Zagreb: MATE d. o. o, 2019, 625 str.<\/p>\n<p><strong>Borovski \u0161trajkovi: sindikalna borba i radni\u010dki otpor<\/strong><\/p>\n<p>Sven Cvek, Snje\u017eana Iv\u010di\u0107, Jasna Ra\u010di\u0107, Borovo u \u0161trajku: rad u tranziciji 1987-1991, Zagreb: Baza za radni\u010dku inicijativu i demokratizaciju, 2019, 225 str.<\/p>\n<p><strong>Historijski zbornik<\/strong>, god. LXXI, br. 1 i 2, Zagreb: Dru\u0161tvo za hrvatsku povjesnicu, 2018, 528 str.<\/p>\n<p>&nbsp;<\/p>\n<p>Skupovi i konferencije<\/p>\n<p>&nbsp;<\/p>\n<p><strong>Napuljsko kraljevstvo i hrvatske zemlje u kasnome srednjem vijeku<\/strong><\/p>\n<p>Colloquia mediaevalia Croatica V: napuljski obzori hrvatskoga kasnog srednjovjekovlja, Odsjek za povijest Filozofskog fakulteta Sveu\u010dili\u0161ta u Zagrebu, 21. velja\u010de 2019.<\/p>\n<p><strong>Povijest emocija na Jadranu<\/strong><\/p>\n<p>Emotio, affectus, sensus&#8230;: o osje\u0107ajima u povijesti na jadranskom prostoru, Me\u0111unarodni znanstveni skup 9. Istarski povijesni biennale,<\/p>\n<p>Pore\u010d, 23-25. svibnja 2019.<\/p>\n<p><strong>Nova istra\u017eivanja feudalnih gradova, dvoraca i utvrda<\/strong><\/p>\n<p>Me\u0111unarodna znanstvena burgolo\u0161ka konferencija Castrum Bene 16, Castle and Economy (Kutina \u2013 Sisak, 21-25. 5. 2019)<\/p>\n<p>&nbsp;<\/p>\n<p>Terenska nastava<\/p>\n<p><strong>Tounj \u2013 Ogulin \u2013 Senj \u2013 Novi Vinodolski<\/strong><\/p>\n<p>Terenska nastava studenata povijesti Filozofskog fakulteta Sveu\u010dili\u0161ta u Zagrebu, organizirana u okviru kolegija Pomo\u0107ne povijesne znanosti, Kultura putovanja u Hrvatskoj izme\u0111u dva svjetska rata te Povijest Habsbur\u0161ke Monarhije u 19. stolje\u0107u, 7. 12. 2019.<\/p>\n<p>&nbsp;<\/p>\n<p>BIBLIOGRAFIJA KNJIGA POVIJESNE TEMATIKE OBJAVLJENIH U REPUBLICI HRVATSKOJ 2018-2019. GODINE<\/p>\n<p>BIBLIOGRAPHY OF HISTORY TOPIC BOOKS PUBLISHED IN THE REPUBLIC OF CROATIA IN 2018-2019<\/p>\n<p>&nbsp;<\/p>\n<p>&nbsp;<\/p>\n","protected":false},"excerpt":{"rendered":"","protected":false},"author":2,"featured_media":19812,"comment_status":"open","ping_status":"open","sticky":false,"template":"","format":"standard","meta":{"_acf_changed":false,"jetpack_post_was_ever_published":false,"_jetpack_newsletter_access":"","_jetpack_dont_email_post_to_subs":false,"_jetpack_newsletter_tier_id":0,"_jetpack_memberships_contains_paywalled_content":false,"_jetpack_memberships_contains_paid_content":false,"footnotes":"","jetpack_publicize_message":"","jetpack_publicize_feature_enabled":true,"jetpack_social_post_already_shared":true,"jetpack_social_options":{"image_generator_settings":{"template":"highway","default_image_id":0,"font":"","enabled":false},"version":2}},"categories":[21,3],"tags":[],"class_list":["post-19811","post","type-post","status-publish","format-standard","has-post-thumbnail","hentry","category-casopisi","category-novosti"],"acf":{"facebook_opis":""},"jetpack_publicize_connections":[],"jetpack_featured_media_url":"https:\/\/i0.wp.com\/historiografija.hr\/wp-content\/uploads\/2020\/03\/Radovi-2019.jpg?fit=300%2C429&ssl=1","jetpack_sharing_enabled":true,"jetpack-related-posts":[{"id":52573,"url":"https:\/\/historiografija.hr\/?p=52573","url_meta":{"origin":19811,"position":0},"title":"Znanstvena konferencija &#8220;Filozofija odgoja: povijest, praksa, perspektive&#8221;","author":"Branimir Jankovi\u0107","date":"21. travnja 2026.","format":false,"excerpt":"Znanstvena konferencija \"Filozofija odgoja: povijest, praksa, perspektive\" odr\u017eat \u0107e se 23. i 24. travnja 2026. u Konferencijskoj dvorani Knji\u017enice Filozofskog fakulteta u Zagrebu (2. kat).\u00a0Konferencija je organizirana u okviru projekta\u00a0SUMKOS (voditeljica prof. dr. sc. Ivana Zagorac, financiran\u00a0sredstvima NextGenerationEU), uz potporu Odsjeka za filozofiju.\u00a0 Uz izlaga\u010dki dio, konferencija obuhva\u0107a i izlo\u017ebu\u2026","rel":"","context":"U &quot;Novosti&quot;","block_context":{"text":"Novosti","link":"https:\/\/historiografija.hr\/?cat=3"},"img":{"alt_text":"","src":"","width":0,"height":0},"classes":[]},{"id":52552,"url":"https:\/\/historiografija.hr\/?p=52552","url_meta":{"origin":19811,"position":1},"title":"Besplatni glazbeni antikvarijat","author":"Branimir Jankovi\u0107","date":"20. travnja 2026.","format":false,"excerpt":"Muzi\u010dka akademija Sveu\u010dili\u0161ta u Zagrebu 23. travnja 2026. od 10 do 17 sati Pozivamo Vas na Besplatni glazbeni antikvarijat, koji u sklopu manifestacije No\u0107 knjige 2026. organizira Hrvatska udruga muzi\u010dkih knji\u017enica, arhiva i dokumentacijskih centara (HUMKAD). Antikvarijat \u0107e se odr\u017eati na Svjetski dan knjige \u2013 u \u010detvrtak 23. travnja 2026.\u2026","rel":"","context":"U &quot;Novosti&quot;","block_context":{"text":"Novosti","link":"https:\/\/historiografija.hr\/?cat=3"},"img":{"alt_text":"","src":"https:\/\/i0.wp.com\/historiografija.hr\/wp-content\/uploads\/2026\/04\/Besplatni-glazbeni-antikvarijat-23.-4.-2026.jpg?fit=1200%2C848&ssl=1&resize=350%2C200","width":350,"height":200,"srcset":"https:\/\/i0.wp.com\/historiografija.hr\/wp-content\/uploads\/2026\/04\/Besplatni-glazbeni-antikvarijat-23.-4.-2026.jpg?fit=1200%2C848&ssl=1&resize=350%2C200 1x, https:\/\/i0.wp.com\/historiografija.hr\/wp-content\/uploads\/2026\/04\/Besplatni-glazbeni-antikvarijat-23.-4.-2026.jpg?fit=1200%2C848&ssl=1&resize=525%2C300 1.5x, https:\/\/i0.wp.com\/historiografija.hr\/wp-content\/uploads\/2026\/04\/Besplatni-glazbeni-antikvarijat-23.-4.-2026.jpg?fit=1200%2C848&ssl=1&resize=700%2C400 2x, https:\/\/i0.wp.com\/historiografija.hr\/wp-content\/uploads\/2026\/04\/Besplatni-glazbeni-antikvarijat-23.-4.-2026.jpg?fit=1200%2C848&ssl=1&resize=1050%2C600 3x"},"classes":[]},{"id":52499,"url":"https:\/\/historiografija.hr\/?p=52499","url_meta":{"origin":19811,"position":2},"title":"POTPISAN UGOVOR O ZNANSTVENO-ISTRA\u017dIVA\u010cKOJ SURADNJI: PROJEKT \u201eTEMELJI HRVATSKE SAMOSTALNOSTI\u201d","author":"Branimir Jankovi\u0107","date":"17. travnja 2026.","format":false,"excerpt":"Hrvatski institut za povijest, Sveu\u010dili\u0161te obrane i sigurnosti \u201eDr. Franjo Tu\u0111man\u201d, Institut dru\u0161tvenih znanosti Ivo Pilar i Hrvatski dr\u017eavni arhiv\u00a0potpisali su 23. o\u017eujka 2026.\u00a0Ugovor o znanstveno-istra\u017eiva\u010dkoj suradnji s ciljem provedbe projekta \u201eTemelji hrvatske samostalnosti\u201d. Tim projektom obuhva\u0107a se istra\u017eivanje arhivskoga gradiva, priprema znanstvenih publikacija, digitalizacija i javna prezentacija rezultata istra\u017eivanja\u2026","rel":"","context":"U &quot;Novosti&quot;","block_context":{"text":"Novosti","link":"https:\/\/historiografija.hr\/?cat=3"},"img":{"alt_text":"","src":"https:\/\/i0.wp.com\/historiografija.hr\/wp-content\/uploads\/2026\/04\/THS_sporazum.jpg?fit=1200%2C583&ssl=1&resize=350%2C200","width":350,"height":200,"srcset":"https:\/\/i0.wp.com\/historiografija.hr\/wp-content\/uploads\/2026\/04\/THS_sporazum.jpg?fit=1200%2C583&ssl=1&resize=350%2C200 1x, https:\/\/i0.wp.com\/historiografija.hr\/wp-content\/uploads\/2026\/04\/THS_sporazum.jpg?fit=1200%2C583&ssl=1&resize=525%2C300 1.5x, https:\/\/i0.wp.com\/historiografija.hr\/wp-content\/uploads\/2026\/04\/THS_sporazum.jpg?fit=1200%2C583&ssl=1&resize=700%2C400 2x, https:\/\/i0.wp.com\/historiografija.hr\/wp-content\/uploads\/2026\/04\/THS_sporazum.jpg?fit=1200%2C583&ssl=1&resize=1050%2C600 3x"},"classes":[]},{"id":52654,"url":"https:\/\/historiografija.hr\/?p=52654","url_meta":{"origin":19811,"position":3},"title":"Gostuju\u0107e predavanje &#8211; Danijel D\u017eino \u201eKasnoanti\u010dke i ranosrednjovjekovne gra\u0111evine u Brezi: Spomenici nepotpune biografije\u201c","author":"Branimir Jankovi\u0107","date":"24. travnja 2026.","format":false,"excerpt":"Doktorski studij predmoderne povijesti poziva na predavanje \"Kasnoanti\u010dke i ranosrednjovjekovne gra\u0111evine u Brezi: Spomenici nepotpune biografije\u201d koje \u0107e odr\u017eati profesor Danijel D\u017eino sa Sveu\u010dili\u0161ta Macquarie u Sydneyu u\u00a0utorak 28. travnja 2026. u 17h u Konferencijskoj dvorani Knji\u017enice Filozofskog fakulteta u Zagrebu. Predavanje \u0107e predo\u010diti nova saznanja dobivena kroz arhivsko-dokumentarna istra\u017eivanja\u2026","rel":"","context":"U &quot;Novosti&quot;","block_context":{"text":"Novosti","link":"https:\/\/historiografija.hr\/?cat=3"},"img":{"alt_text":"","src":"https:\/\/i0.wp.com\/historiografija.hr\/wp-content\/uploads\/2026\/04\/Dzino.jpg?fit=980%2C819&ssl=1&resize=350%2C200","width":350,"height":200,"srcset":"https:\/\/i0.wp.com\/historiografija.hr\/wp-content\/uploads\/2026\/04\/Dzino.jpg?fit=980%2C819&ssl=1&resize=350%2C200 1x, https:\/\/i0.wp.com\/historiografija.hr\/wp-content\/uploads\/2026\/04\/Dzino.jpg?fit=980%2C819&ssl=1&resize=525%2C300 1.5x, https:\/\/i0.wp.com\/historiografija.hr\/wp-content\/uploads\/2026\/04\/Dzino.jpg?fit=980%2C819&ssl=1&resize=700%2C400 2x"},"classes":[]},{"id":52563,"url":"https:\/\/historiografija.hr\/?p=52563","url_meta":{"origin":19811,"position":4},"title":"Predavanje Nenada Fabijani\u0107a o stadionu Poljud u Splitu","author":"Branimir Jankovi\u0107","date":"21. travnja 2026.","format":false,"excerpt":"Znanstveno vije\u0107e za arhitekturu, urbanizam i ure\u0111enje prostora Hrvatske akademije znanosti i umjetnosti organizira predavanje \u201cPo Poljudu\u201d koje \u0107e u srijedu 22. travnja 2026. s po\u010detkom u 14 sati u Knji\u017enici HAZU, Strossmayerov trg 14 u Zagrebu, odr\u017eati\u00a0prof. emerit. dr. art. Nenad Fabijani\u0107,\u00a0\u010dlan suradnik HAZU. Predavanje \u201ePo Poljudu\u201c (Projekt obnove)\u2026","rel":"","context":"U &quot;Novosti&quot;","block_context":{"text":"Novosti","link":"https:\/\/historiografija.hr\/?cat=3"},"img":{"alt_text":"","src":"https:\/\/i0.wp.com\/historiografija.hr\/wp-content\/uploads\/2026\/04\/Poljud-scaled.jpeg?fit=1200%2C800&ssl=1&resize=350%2C200","width":350,"height":200,"srcset":"https:\/\/i0.wp.com\/historiografija.hr\/wp-content\/uploads\/2026\/04\/Poljud-scaled.jpeg?fit=1200%2C800&ssl=1&resize=350%2C200 1x, https:\/\/i0.wp.com\/historiografija.hr\/wp-content\/uploads\/2026\/04\/Poljud-scaled.jpeg?fit=1200%2C800&ssl=1&resize=525%2C300 1.5x, https:\/\/i0.wp.com\/historiografija.hr\/wp-content\/uploads\/2026\/04\/Poljud-scaled.jpeg?fit=1200%2C800&ssl=1&resize=700%2C400 2x, https:\/\/i0.wp.com\/historiografija.hr\/wp-content\/uploads\/2026\/04\/Poljud-scaled.jpeg?fit=1200%2C800&ssl=1&resize=1050%2C600 3x"},"classes":[]},{"id":52439,"url":"https:\/\/historiografija.hr\/?p=52439","url_meta":{"origin":19811,"position":5},"title":"Tribina &#8220;Ahmi\u0107i 33 godine kasnije: Ne u na\u0161e ime&#8221;","author":"Branimir Jankovi\u0107","date":"16. travnja 2026.","format":false,"excerpt":"U \u010detvrtak, 16. travnja 2026. u 17 sati u Knji\u017enici i \u010ditaonici Bogdana Ogrizovi\u0107a u Zagrebu odr\u017eat \u0107e se tribina pod nazivom Ahmi\u0107i 33 godine kasnije: Ne u na\u0161e ime. Na tribini \u0107e govoriti Ivica \u0110iki\u0107, novinar, Mubera Masli\u0107 \u2013 \u017ddralovi\u0107, aktivistikinja, prevoditeljica za arapski, Domagoj Fuk, student politologije, \u010dlan\u2026","rel":"","context":"U &quot;Novosti&quot;","block_context":{"text":"Novosti","link":"https:\/\/historiografija.hr\/?cat=3"},"img":{"alt_text":"","src":"https:\/\/i0.wp.com\/historiografija.hr\/wp-content\/uploads\/2026\/04\/Zagreb_2026.jpeg?fit=1200%2C900&ssl=1&resize=350%2C200","width":350,"height":200,"srcset":"https:\/\/i0.wp.com\/historiografija.hr\/wp-content\/uploads\/2026\/04\/Zagreb_2026.jpeg?fit=1200%2C900&ssl=1&resize=350%2C200 1x, https:\/\/i0.wp.com\/historiografija.hr\/wp-content\/uploads\/2026\/04\/Zagreb_2026.jpeg?fit=1200%2C900&ssl=1&resize=525%2C300 1.5x, https:\/\/i0.wp.com\/historiografija.hr\/wp-content\/uploads\/2026\/04\/Zagreb_2026.jpeg?fit=1200%2C900&ssl=1&resize=700%2C400 2x, https:\/\/i0.wp.com\/historiografija.hr\/wp-content\/uploads\/2026\/04\/Zagreb_2026.jpeg?fit=1200%2C900&ssl=1&resize=1050%2C600 3x"},"classes":[]}],"_links":{"self":[{"href":"https:\/\/historiografija.hr\/index.php?rest_route=\/wp\/v2\/posts\/19811","targetHints":{"allow":["GET"]}}],"collection":[{"href":"https:\/\/historiografija.hr\/index.php?rest_route=\/wp\/v2\/posts"}],"about":[{"href":"https:\/\/historiografija.hr\/index.php?rest_route=\/wp\/v2\/types\/post"}],"author":[{"embeddable":true,"href":"https:\/\/historiografija.hr\/index.php?rest_route=\/wp\/v2\/users\/2"}],"replies":[{"embeddable":true,"href":"https:\/\/historiografija.hr\/index.php?rest_route=%2Fwp%2Fv2%2Fcomments&post=19811"}],"version-history":[{"count":2,"href":"https:\/\/historiografija.hr\/index.php?rest_route=\/wp\/v2\/posts\/19811\/revisions"}],"predecessor-version":[{"id":32116,"href":"https:\/\/historiografija.hr\/index.php?rest_route=\/wp\/v2\/posts\/19811\/revisions\/32116"}],"wp:featuredmedia":[{"embeddable":true,"href":"https:\/\/historiografija.hr\/index.php?rest_route=\/wp\/v2\/media\/19812"}],"wp:attachment":[{"href":"https:\/\/historiografija.hr\/index.php?rest_route=%2Fwp%2Fv2%2Fmedia&parent=19811"}],"wp:term":[{"taxonomy":"category","embeddable":true,"href":"https:\/\/historiografija.hr\/index.php?rest_route=%2Fwp%2Fv2%2Fcategories&post=19811"},{"taxonomy":"post_tag","embeddable":true,"href":"https:\/\/historiografija.hr\/index.php?rest_route=%2Fwp%2Fv2%2Ftags&post=19811"}],"curies":[{"name":"wp","href":"https:\/\/api.w.org\/{rel}","templated":true}]}}