{"id":19760,"date":"2020-03-20T17:02:16","date_gmt":"2020-03-20T17:02:16","guid":{"rendered":"http:\/\/historiografija.hr\/?p=19760"},"modified":"2020-03-20T17:04:38","modified_gmt":"2020-03-20T17:04:38","slug":"snjezana-grkovic-janovic-sestrinska-rijec-izmedu-sucuti-i-duznosti","status":"publish","type":"post","link":"https:\/\/historiografija.hr\/?p=19760","title":{"rendered":"Snje\u017eana Grkovi\u0107-Janovi\u0107, \u201cSestrinska rije\u010d: izme\u0111u su\u0107uti i du\u017enosti\u201d"},"content":{"rendered":"<p>Podsje\u0107amo na knjigu Snje\u017eane Grkovi\u0107-Janovi\u0107 \u201cSestrinska rije\u010d: izme\u0111u su\u0107uti i du\u017enosti\u201d iz 2015. koja je \u201cposve\u0107ena strukovnom listu <em>Sestrinska rije\u010d<\/em>, koji je izlazio od sije\u010dnja 1933. do svibnja 1940. godine i bio glasilo diplomiranih sestara pomo\u0107nica, danas znanih kao medicinske sestre\u201d, a mo\u017eemo je ovog trena posvetiti ne samo medicinskim sestrama, ljekarnicama i lije\u010dnicama nego i blagajnicama i \u010dista\u010dicama te mnogim drugim \u017eenama na koje je pao ogroman teret u ovim izvanrednim okolnostima.<\/p>\n<p>&nbsp;<\/p>\n<p>&#8212;<\/p>\n<p>&nbsp;<\/p>\n<p>Snje\u017eana Grkovi\u0107-Janovi\u0107<\/p>\n<p>&nbsp;<\/p>\n<p><strong>Sestrinska rije\u010d: izme\u0111u su\u0107uti i du\u017enosti<\/strong><\/p>\n<p>&nbsp;<\/p>\n<p>Zagreb : Medicinska naklada : \u0160kola narodnog zdravlja &#8220;Andrija \u0160tampar&#8221;, Medicinski fakultet, 2015.<\/p>\n<p>XVIII, 386 str.<\/p>\n<p>Str. V-VII: Predgovor \/ \u017deljko Dugac<\/p>\n<p>&nbsp;<\/p>\n<p>Autorica ove knjige, spisateljica Snje\u017eana Grkovi\u0107-Janovi\u0107, nije samo istra\u017eiva\u010d koji stru\u010dnoj i znanstvenoj javnosti predstavlja \u010dinjenice o oblikovanju i djelovanju sestrinske struke, izazovnoj temi, koja zaslu\u017euje svoje mjesto u povijesti hrvatske medicine i, kona\u010dno, u historiografiji uop\u0107e, ve\u0107 i osoba koja je sama pro\u017eivjela vrijeme odrastanja i oblikovanja suvremene sestrinske struke. Kao k\u0107i sestre Lujze Janovi\u0107-Wagner imala je prigodu upoznati brojne sestre, suradnice strukovnog lista Sestrinska rije\u010d te o\u010dima znati\u017eeljne i smione djevoj\u010dice pratiti majku i njezine poduhvate u profesiji kojoj je svojski posvetila sebe. Budu\u0107i da je autorica knjige i diplomirana socijalna radnica, posve je jasno da je mogla u tan\u010dine zapaziti, analizirati i \u010ditateljima ista\u0107i i onaj ne manje zna\u010dajan segment sestrinskog rada, vezan uz socijalnu problematiku u vremenu kada jo\u0161 socijalni radnici kao struka nisu postojali, a sestre obavljale taj slo\u017eeni dio dru\u0161tvenog djelovanja. S druge strane, kao vrstan pripovjeda\u010d, Snje\u017eana Grkovi\u0107-Janovi\u0107 pri\u010da o listu u kojem su, uz njezinu majku, pisale brojne sestre, lije\u010dnici i drugi socijalno-medicinski radnici, svi slo\u017eni, kako se tada uobi\u010davalo re\u0107i \u2013 u borbi za narodno zdravlje; ona pi\u0161e o onome o \u010demu su oni pisali. Ali ne staje samo na tome. U intimnim bilje\u0161kama prati ljude i trenutke iz njihovih \u017eivota kroz prozor\u010di\u0107e svojih sje\u0107anja. Njezine \u201emale\u201c uspomene daju \u017eivost i ljudsku toplinu i \u010desto govore vi\u0161e od samih \u010dinjenica. Iz pera autorice ne izlaze samo prepri\u010dani \u010dlanci. Ona oslu\u0161kuje \u017eivo i toplo ljudsko srce, koje je kucalo ispod bijelo-plave odore i izgla\u010danog ovratnika i vodilo te hrabre \u017eene u njihovu djelovanju.<\/p>\n<p>Ova je knjiga posve\u0107ena strukovnom listu <em>Sestrinska rije\u010d<\/em>, koji je izlazio od sije\u010dnja 1933. do svibnja 1940. godine i bio glasilo diplomiranih sestara pomo\u0107nica, danas znanih kao medicinske sestre. Posve\u0107ena je tako\u0111er jednoj cijeloj profesiji koja se hrabro suprotstavila bolesti, siroma\u0161tvu i neznanju u vremenu izme\u0111u dvaju svjetskih ratova kad su jo\u0161 vladale zarazne bolesti, a javnozdravstveni sustav tek oblikovao u\u010dinkovitije mjere svoga djelovanja. \u010clanci terenskih sestara imaju povijesnu i kulturolo\u0161ku vrijednost jer nam iznose neposredna svjedo\u010denja o svkodnevici me\u0111uratnog doba.<\/p>\n<p>&nbsp;<\/p>\n<p><a href=\"https:\/\/i0.wp.com\/historiografija.hr\/wp-content\/uploads\/2020\/03\/Sestrinska-rijec.jpg?ssl=1\"><img data-recalc-dims=\"1\" loading=\"lazy\" decoding=\"async\" data-attachment-id=\"19761\" data-permalink=\"https:\/\/historiografija.hr\/?attachment_id=19761\" data-orig-file=\"https:\/\/i0.wp.com\/historiografija.hr\/wp-content\/uploads\/2020\/03\/Sestrinska-rijec.jpg?fit=426%2C600&amp;ssl=1\" data-orig-size=\"426,600\" data-comments-opened=\"1\" data-image-meta=\"{&quot;aperture&quot;:&quot;0&quot;,&quot;credit&quot;:&quot;&quot;,&quot;camera&quot;:&quot;&quot;,&quot;caption&quot;:&quot;&quot;,&quot;created_timestamp&quot;:&quot;0&quot;,&quot;copyright&quot;:&quot;&quot;,&quot;focal_length&quot;:&quot;0&quot;,&quot;iso&quot;:&quot;0&quot;,&quot;shutter_speed&quot;:&quot;0&quot;,&quot;title&quot;:&quot;&quot;,&quot;orientation&quot;:&quot;0&quot;}\" data-image-title=\"Sestrinska-rijec\" data-image-description=\"\" data-image-caption=\"\" data-large-file=\"https:\/\/i0.wp.com\/historiografija.hr\/wp-content\/uploads\/2020\/03\/Sestrinska-rijec.jpg?fit=426%2C600&amp;ssl=1\" class=\"alignnone size-medium wp-image-19761\" src=\"https:\/\/i0.wp.com\/historiografija.hr\/wp-content\/uploads\/2020\/03\/Sestrinska-rijec.jpg?resize=213%2C300&#038;ssl=1\" alt=\"\" width=\"213\" height=\"300\" srcset=\"https:\/\/i0.wp.com\/historiografija.hr\/wp-content\/uploads\/2020\/03\/Sestrinska-rijec.jpg?resize=213%2C300&amp;ssl=1 213w, https:\/\/i0.wp.com\/historiografija.hr\/wp-content\/uploads\/2020\/03\/Sestrinska-rijec.jpg?w=426&amp;ssl=1 426w\" sizes=\"auto, (max-width: 213px) 100vw, 213px\" \/><\/a><\/p>\n<p>&nbsp;<\/p>\n<p>Ova je knjiga posve\u0107ena strukovnom listu \u201eSestrinska rije\u010d\u201c, koji je izlazio od sije\u010dnja 1933. do svibnja 1940. godine i bio glasilo diplomiranih sestara pomo\u0107nica, danas su to medicinske sestre. Urednica lista sestra Lujza Janovi\u0107-Wagner zaslu\u017ena je za djelovanje, stru\u010dni rad i napredovanje te nove profesije. U osmogodi\u0161njem razdoblju izla\u017eenja lista iza\u0161la su 232 naslova od \u010dega je 120 stru\u010dnih \u010dlanaka \u010dije su autorice bile sestre, 10 odlomaka iz sestrinskih dnevnika u kojima su opisana svakodnevna iskustva sestara, 42 \u010dlanka napisali su lije\u010dnici, a pet \u010dlanaka osobe izvan zdravstvene struke. Iz te zna\u010dajne pisane gra\u0111e mogu se saznati sestrinsko djelovanje, organizacijski i stru\u010dni problemi toga me\u0111uratnog vremena i borba sestara s bole\u0161\u0107u bijedom i neznanjem. List je tiskan u tiskari \u0160kole narodnog zdravlja u Zagrebu ustanovi koja je tada bila potpora za sav zdravstveni i socijalno medicinski rad. Autorica nije samo socijalna radnica i istra\u017eiva\u010d povijesti medicinske struke i sestrinstva ve\u0107 je i sama kao k\u0107erka sestre Lujze Janovi\u0107-Wagner od malena bila u doticaju sa sestrama.<\/p>\n<p>&nbsp;<\/p>\n<p>Izvori:<\/p>\n<p><a href=\"https:\/\/www.medicinskanaklada.hr\/sestrinska-rije%C4%8D-2\">https:\/\/www.medicinskanaklada.hr\/sestrinska-rije%C4%8D-2<\/a><\/p>\n<p><a href=\"https:\/\/katalog.kgz.hr\/\">https:\/\/katalog.kgz.hr\/<\/a><\/p>\n<p>&nbsp;<\/p>\n","protected":false},"excerpt":{"rendered":"","protected":false},"author":2,"featured_media":19761,"comment_status":"open","ping_status":"open","sticky":false,"template":"","format":"standard","meta":{"_acf_changed":false,"jetpack_post_was_ever_published":false,"_jetpack_newsletter_access":"","_jetpack_dont_email_post_to_subs":false,"_jetpack_newsletter_tier_id":0,"_jetpack_memberships_contains_paywalled_content":false,"_jetpack_memberships_contains_paid_content":false,"footnotes":"","jetpack_publicize_message":"","jetpack_publicize_feature_enabled":true,"jetpack_social_post_already_shared":true,"jetpack_social_options":{"image_generator_settings":{"template":"highway","default_image_id":0,"font":"","enabled":false},"version":2}},"categories":[3],"tags":[],"class_list":["post-19760","post","type-post","status-publish","format-standard","has-post-thumbnail","hentry","category-novosti"],"acf":{"facebook_opis":""},"jetpack_publicize_connections":[],"jetpack_featured_media_url":"https:\/\/i0.wp.com\/historiografija.hr\/wp-content\/uploads\/2020\/03\/Sestrinska-rijec.jpg?fit=426%2C600&ssl=1","jetpack_sharing_enabled":true,"jetpack-related-posts":[{"id":52619,"url":"https:\/\/historiografija.hr\/?p=52619","url_meta":{"origin":19760,"position":0},"title":"Predavanje \u0110ur\u0111ice Vitkovi\u0107 &#8220;Izme\u0111u pera i objektiva: Zagorka i Foto Tonka&#8221;","author":"Branimir Jankovi\u0107","date":"23. travnja 2026.","format":false,"excerpt":"Memorijalni stan Marije Juri\u0107 Zagorke poziva Vas na predavanje \u0110ur\u0111ice Vitkovi\u0107 \u201eIzme\u0111u pera i objektiva: Zagorka i Foto Tonka\u201c koje \u0107e se odr\u017eati u utorak, 28. travnja 2026. s po\u010detkom u 18 h u sklopu Ciklusa predavanja u Memorijalnom stanu Marije Juri\u0107 Zagorke. Kako su se susrele knji\u017eevnost i fotografija\u2026","rel":"","context":"U &quot;Novosti&quot;","block_context":{"text":"Novosti","link":"https:\/\/historiografija.hr\/?cat=3"},"img":{"alt_text":"","src":"https:\/\/i0.wp.com\/historiografija.hr\/wp-content\/uploads\/2024\/11\/Zagorka_ciklus.jpg?fit=1200%2C1006&ssl=1&resize=350%2C200","width":350,"height":200,"srcset":"https:\/\/i0.wp.com\/historiografija.hr\/wp-content\/uploads\/2024\/11\/Zagorka_ciklus.jpg?fit=1200%2C1006&ssl=1&resize=350%2C200 1x, https:\/\/i0.wp.com\/historiografija.hr\/wp-content\/uploads\/2024\/11\/Zagorka_ciklus.jpg?fit=1200%2C1006&ssl=1&resize=525%2C300 1.5x, https:\/\/i0.wp.com\/historiografija.hr\/wp-content\/uploads\/2024\/11\/Zagorka_ciklus.jpg?fit=1200%2C1006&ssl=1&resize=700%2C400 2x, https:\/\/i0.wp.com\/historiografija.hr\/wp-content\/uploads\/2024\/11\/Zagorka_ciklus.jpg?fit=1200%2C1006&ssl=1&resize=1050%2C600 3x"},"classes":[]},{"id":52592,"url":"https:\/\/historiografija.hr\/?p=52592","url_meta":{"origin":19760,"position":1},"title":"Predstavljanje knjige &#8220;Turska ku\u0107a u Rijeci&#8221; u Zagrebu","author":"Branimir Jankovi\u0107","date":"22. travnja 2026.","format":false,"excerpt":"U prostorijama Turskog kulturnog centra Yunus Emre u Zagrebu, u utorak 21. travnja 2026. godine, odr\u017eano je sve\u010dano predstavljanje dopunjenog izdanja knjige Turska ku\u0107a u Rijeci, u organizaciji Hrvatsko-turskog dru\u0161tva Rijeka i partnerstvu sa Skupinom prijateljstva Hrvatska-Turska Hrvatskog sabora, Veleposlanstvom Republike Turske u Republici Hrvatskoj te Turskim kulturnim centrom Yunus\u2026","rel":"","context":"U &quot;Novosti&quot;","block_context":{"text":"Novosti","link":"https:\/\/historiografija.hr\/?cat=3"},"img":{"alt_text":"","src":"https:\/\/i0.wp.com\/historiografija.hr\/wp-content\/uploads\/2026\/04\/Turska-kuca-ZG.jpg?fit=1200%2C800&ssl=1&resize=350%2C200","width":350,"height":200,"srcset":"https:\/\/i0.wp.com\/historiografija.hr\/wp-content\/uploads\/2026\/04\/Turska-kuca-ZG.jpg?fit=1200%2C800&ssl=1&resize=350%2C200 1x, https:\/\/i0.wp.com\/historiografija.hr\/wp-content\/uploads\/2026\/04\/Turska-kuca-ZG.jpg?fit=1200%2C800&ssl=1&resize=525%2C300 1.5x, https:\/\/i0.wp.com\/historiografija.hr\/wp-content\/uploads\/2026\/04\/Turska-kuca-ZG.jpg?fit=1200%2C800&ssl=1&resize=700%2C400 2x, https:\/\/i0.wp.com\/historiografija.hr\/wp-content\/uploads\/2026\/04\/Turska-kuca-ZG.jpg?fit=1200%2C800&ssl=1&resize=1050%2C600 3x"},"classes":[]},{"id":52607,"url":"https:\/\/historiografija.hr\/?p=52607","url_meta":{"origin":19760,"position":2},"title":"No\u0107 knjige: Kako je prije 410 godina smr\u0107u Shakespearea i Cervantesa zavr\u0161ilo razdoblje renesanse u knji\u017eevnosti","author":"Branimir Jankovi\u0107","date":"22. travnja 2026.","format":false,"excerpt":"\u010cetvrtak, 23. travnja 2026. u 18:00 sati, Knji\u017eara Matice hrvatske, Ulica Matice hrvatske 2, Zagreb Uvodna rije\u010d: dr. sc.\u00a0Dubravka Brezak Stama\u0107, pro\u010delnica Odjela za knji\u017eevnost Matice hrvatske Prof. dr. sc. Ivan Lupi\u0107, redoviti profesor u Odsjeku za anglistiku i Odsjeku za kroatistiku Sveu\u010dili\u0161ta u RijeciShakespeare, kazali\u0161te, glazbaKada se susre\u0107emo sa\u2026","rel":"","context":"U &quot;Novosti&quot;","block_context":{"text":"Novosti","link":"https:\/\/historiografija.hr\/?cat=3"},"img":{"alt_text":"","src":"https:\/\/i0.wp.com\/historiografija.hr\/wp-content\/uploads\/2026\/04\/noc_knjige_2026.jpg?fit=680%2C276&ssl=1&resize=350%2C200","width":350,"height":200,"srcset":"https:\/\/i0.wp.com\/historiografija.hr\/wp-content\/uploads\/2026\/04\/noc_knjige_2026.jpg?fit=680%2C276&ssl=1&resize=350%2C200 1x, https:\/\/i0.wp.com\/historiografija.hr\/wp-content\/uploads\/2026\/04\/noc_knjige_2026.jpg?fit=680%2C276&ssl=1&resize=525%2C300 1.5x"},"classes":[]},{"id":52505,"url":"https:\/\/historiografija.hr\/?p=52505","url_meta":{"origin":19760,"position":3},"title":"Izlo\u017eba &#8220;Eschenstock \/ Jasenov prut&#8221;","author":"Branimir Jankovi\u0107","date":"17. travnja 2026.","format":false,"excerpt":"Srpsko narodno vije\u0107e (SNV) i Vizura aperta postavljaju izlo\u017ebu \u0161vicarskog slikara Velimira Ili\u0161evi\u0107a: Eschenstock \/ Jasenov prut. Izlo\u017eba se uz prisustvo autora otvara povodom 81. godi\u0161njice proboja logora\u0161a iz usta\u0161kog logora smrti Jasenovac 22. aprila 2026. u 19 sati u Srpskom kulturnom centru (SKC) u Preradovi\u0107evoj ulici 21 u Zagrebu.\u2026","rel":"","context":"U &quot;Izlo\u017ebe&quot;","block_context":{"text":"Izlo\u017ebe","link":"https:\/\/historiografija.hr\/?cat=10"},"img":{"alt_text":"","src":"https:\/\/i0.wp.com\/historiografija.hr\/wp-content\/uploads\/2026\/04\/Jasenov_prut.jpg?fit=1024%2C640&ssl=1&resize=350%2C200","width":350,"height":200,"srcset":"https:\/\/i0.wp.com\/historiografija.hr\/wp-content\/uploads\/2026\/04\/Jasenov_prut.jpg?fit=1024%2C640&ssl=1&resize=350%2C200 1x, https:\/\/i0.wp.com\/historiografija.hr\/wp-content\/uploads\/2026\/04\/Jasenov_prut.jpg?fit=1024%2C640&ssl=1&resize=525%2C300 1.5x, https:\/\/i0.wp.com\/historiografija.hr\/wp-content\/uploads\/2026\/04\/Jasenov_prut.jpg?fit=1024%2C640&ssl=1&resize=700%2C400 2x"},"classes":[]},{"id":52669,"url":"https:\/\/historiografija.hr\/?p=52669","url_meta":{"origin":19760,"position":4},"title":"Predavanje Igora Dude &#8220;Odmor kao \u017eivotna potreba: o slobodnom vremenu u socijalisti\u010dkoj Jugoslaviji&#8221;","author":"Branimir Jankovi\u0107","date":"27. travnja 2026.","format":false,"excerpt":"U sklopu proljetnog ciklusa programa\u00a0Kriti\u010dka dramaturgija: pauza, u\u00a0subotu, 25. travnja 2026. u 19 sati\u00a0u prostoru Udru\u017eenja hrvatskih arhitekata povjesni\u010dar Igor Duda\u00a0odr\u017eao je predavanje naslovljeno\u00a0Odmor kao \u017eivotna potreba: o slobodnom vremenu u socijalisti\u010dkoj Jugoslaviji. Industrijalizacija i urbanizacija dru\u0161tava u povijesti su zna\u010dile i prelazak s predindustrijskog na industrijsko shva\u0107anje vremena. Ono\u2026","rel":"","context":"U &quot;Novosti&quot;","block_context":{"text":"Novosti","link":"https:\/\/historiografija.hr\/?cat=3"},"img":{"alt_text":"","src":"https:\/\/i0.wp.com\/historiografija.hr\/wp-content\/uploads\/2026\/04\/Duda.png?fit=1200%2C628&ssl=1&resize=350%2C200","width":350,"height":200,"srcset":"https:\/\/i0.wp.com\/historiografija.hr\/wp-content\/uploads\/2026\/04\/Duda.png?fit=1200%2C628&ssl=1&resize=350%2C200 1x, https:\/\/i0.wp.com\/historiografija.hr\/wp-content\/uploads\/2026\/04\/Duda.png?fit=1200%2C628&ssl=1&resize=525%2C300 1.5x, https:\/\/i0.wp.com\/historiografija.hr\/wp-content\/uploads\/2026\/04\/Duda.png?fit=1200%2C628&ssl=1&resize=700%2C400 2x, https:\/\/i0.wp.com\/historiografija.hr\/wp-content\/uploads\/2026\/04\/Duda.png?fit=1200%2C628&ssl=1&resize=1050%2C600 3x"},"classes":[]},{"id":52536,"url":"https:\/\/historiografija.hr\/?p=52536","url_meta":{"origin":19760,"position":5},"title":"Kader Abdolah, \u201ePrije nego \u0161to bude kasno\u201c","author":"Branimir Jankovi\u0107","date":"20. travnja 2026.","format":false,"excerpt":"Kader Abdolah \u017eeli se vratiti ku\u0107i. Ali povratak je nemogu\u0107: u Iranu bi bio uhap\u0161en. Pod la\u017enim imenom i s krivotvorenim paso\u0161em ipak uspijeva u\u0107i u domovinu i sti\u017ee do roditeljske ku\u0107e, visoko u planinama. Majka ga ne prepoznaje, otac je mrtav, a sve \u0161to je tra\u017eio izmi\u010de mu pred\u2026","rel":"","context":"U &quot;Novosti&quot;","block_context":{"text":"Novosti","link":"https:\/\/historiografija.hr\/?cat=3"},"img":{"alt_text":"","src":"https:\/\/i0.wp.com\/historiografija.hr\/wp-content\/uploads\/2026\/04\/Prije-nego-sto-bude-kasno.webp?fit=566%2C872&ssl=1&resize=350%2C200","width":350,"height":200,"srcset":"https:\/\/i0.wp.com\/historiografija.hr\/wp-content\/uploads\/2026\/04\/Prije-nego-sto-bude-kasno.webp?fit=566%2C872&ssl=1&resize=350%2C200 1x, https:\/\/i0.wp.com\/historiografija.hr\/wp-content\/uploads\/2026\/04\/Prije-nego-sto-bude-kasno.webp?fit=566%2C872&ssl=1&resize=525%2C300 1.5x"},"classes":[]}],"_links":{"self":[{"href":"https:\/\/historiografija.hr\/index.php?rest_route=\/wp\/v2\/posts\/19760","targetHints":{"allow":["GET"]}}],"collection":[{"href":"https:\/\/historiografija.hr\/index.php?rest_route=\/wp\/v2\/posts"}],"about":[{"href":"https:\/\/historiografija.hr\/index.php?rest_route=\/wp\/v2\/types\/post"}],"author":[{"embeddable":true,"href":"https:\/\/historiografija.hr\/index.php?rest_route=\/wp\/v2\/users\/2"}],"replies":[{"embeddable":true,"href":"https:\/\/historiografija.hr\/index.php?rest_route=%2Fwp%2Fv2%2Fcomments&post=19760"}],"version-history":[{"count":3,"href":"https:\/\/historiografija.hr\/index.php?rest_route=\/wp\/v2\/posts\/19760\/revisions"}],"predecessor-version":[{"id":19764,"href":"https:\/\/historiografija.hr\/index.php?rest_route=\/wp\/v2\/posts\/19760\/revisions\/19764"}],"wp:featuredmedia":[{"embeddable":true,"href":"https:\/\/historiografija.hr\/index.php?rest_route=\/wp\/v2\/media\/19761"}],"wp:attachment":[{"href":"https:\/\/historiografija.hr\/index.php?rest_route=%2Fwp%2Fv2%2Fmedia&parent=19760"}],"wp:term":[{"taxonomy":"category","embeddable":true,"href":"https:\/\/historiografija.hr\/index.php?rest_route=%2Fwp%2Fv2%2Fcategories&post=19760"},{"taxonomy":"post_tag","embeddable":true,"href":"https:\/\/historiografija.hr\/index.php?rest_route=%2Fwp%2Fv2%2Ftags&post=19760"}],"curies":[{"name":"wp","href":"https:\/\/api.w.org\/{rel}","templated":true}]}}