{"id":19720,"date":"2020-03-18T22:41:51","date_gmt":"2020-03-18T22:41:51","guid":{"rendered":"http:\/\/historiografija.hr\/?p=19720"},"modified":"2020-05-08T15:15:24","modified_gmt":"2020-05-08T15:15:24","slug":"andrija-stampar-travel-diary-1931-1938-edited-by-zeljko-dugac-and-marko-pecina","status":"publish","type":"post","link":"https:\/\/historiografija.hr\/?p=19720","title":{"rendered":"Andrija \u0160tampar: Travel Diary 1931-1938. Edited by \u017deljko Dugac and Marko Pe\u0107ina"},"content":{"rendered":"<p>U suizdava\u0161tvu Hrvatske akademije znanosti i umjetnosti, Sveu\u010dili\u0161ta u Zagrebu, Medicinski fakultet, \u0160kola narodnog zdravlja \u201cAndrija \u0160tampar\u201d i Srednje Europe objavljena je knjiga <strong><em>Andrija \u0160tampar Travel Diary 1931-1938.<\/em><\/strong> Rije\u010d je o knjizi koja je u hrvatskom izvorniku pod naslovom <em><strong>Andrija \u0160tampar, Dnevnik s putovanja 1931-1938<\/strong><\/em>\u00a0objavljena 2008. godine.<\/p>\n<p>Prire\u0111iva\u010di knjige su povjesni\u010dar medicine \u017deljko Dugac i akademik Marko Pe\u0107ina.<\/p>\n<p>Knjigu je na engleski preveo leksikograf i prevoditelj Boris Bla\u017eina, redigirao dr. Vedran Duan\u010di\u0107 iz Zavoda za povijest i filozofiju znanosti HAZU u Zagrebu.<\/p>\n<p>Objavljivanje knjige financijski je pomogao Grad Zagreb.<\/p>\n<p>&nbsp;<\/p>\n<p>Izvor:<\/p>\n<p><a href=\"https:\/\/srednja-europa.hr\/andrija-stampar-travel-diary-1931-1938\/\">https:\/\/srednja-europa.hr\/andrija-stampar-travel-diary-1931-1938\/<\/a><\/p>\n<p><a href=\"https:\/\/www.facebook.com\/Srednja-Europa-108077195878764\/\">https:\/\/www.facebook.com\/Srednja-Europa-108077195878764\/<\/a><\/p>\n<p>&nbsp;<\/p>\n<p>Iz medija:<\/p>\n<p><a href=\"https:\/\/www.jutarnji.hr\/vijesti\/hrvatska\/kako-je-stampar-dozivio-kinu-ni-trznice-nisu-osobito-ciste-a-cak-ni-bolnice-ne-odgovaraju-higijenskim-zahtjevima\/10180477\/\">https:\/\/www.jutarnji.hr\/vijesti\/hrvatska\/kako-je-stampar-dozivio-kinu-ni-trznice-nisu-osobito-ciste-a-cak-ni-bolnice-ne-odgovaraju-higijenskim-zahtjevima\/10180477\/<\/a><\/p>\n<p><a href=\"https:\/\/www.jutarnji.hr\/vijesti\/hrvatska\/kako-je-andrija-stampar-dozivio-kinu-uzasne-sudbine-kineskih-rudara-oko-polovine-radnika-su-djeca-ispod-15-godina\/10180549\/\">https:\/\/www.jutarnji.hr\/vijesti\/hrvatska\/kako-je-andrija-stampar-dozivio-kinu-uzasne-sudbine-kineskih-rudara-oko-polovine-radnika-su-djeca-ispod-15-godina\/10180549\/<\/a><\/p>\n<p><a href=\"https:\/\/www.jutarnji.hr\/vijesti\/hrvatska\/andrija-stampar-o-komunizmu-staljinov-sssr-zemlja-velikog-straha-i-lazi\/10191136\/\">https:\/\/www.jutarnji.hr\/vijesti\/hrvatska\/andrija-stampar-o-komunizmu-staljinov-sssr-zemlja-velikog-straha-i-lazi\/10191136\/<\/a><\/p>\n<p>&nbsp;<\/p>\n<p>&#8212;<\/p>\n<p>&nbsp;<\/p>\n<p><strong>Publikacije i knjige Andrije \u0160tampara:<\/strong><\/p>\n<p>&nbsp;<\/p>\n<p>Su\u0161ica (1909)<\/p>\n<p>Pouke o zdravlju (1910)<\/p>\n<p>Knji\u017enica proti alkoholu (serijska publikacija, 1911)<\/p>\n<p>Je li alkohol hrani? (1912)<\/p>\n<p>Narodna \u010ditanka o alkoholu (1919, 1931)<\/p>\n<p>Socijalna medicina (1925)<\/p>\n<p>Pet godina socijalno-medicinskoga rada u Kraljevini Srba, Hrvata i Slovenaca (1925)<\/p>\n<p>L\u2019organisation des services d\u2019hygiene publique dans le Royaume des serbes, croates et slovenes (1925)<\/p>\n<p>Deset godina unapre\u0111ivanja narodnog zdravlja (1934)<\/p>\n<p>Zdravstvene i socijalne prilike u Kini (1937)<\/p>\n<p>Zdravlje i dru\u0161tvo (1939)<\/p>\n<p>Higijena i socijalna medicina (1940)<\/p>\n<p>Organizacija zdravstvene slu\u017ebe na selu (1940)<\/p>\n<p>O reformi medicinske nastave (1941)<\/p>\n<p>Razvitak socijalne i zdravstvene za\u0161tite visoko\u0161kolaca (1941)<\/p>\n<p>Lije\u010dnik, njegova pro\u0161lost i budu\u0107nost (1946)<\/p>\n<p>U borbi za narodno zdravlje: izabrani \u010dlanci Andrije \u0160tampara (1966)<\/p>\n<p>Dnevnik s putovanja 1931.-1938. (2009)<\/p>\n<p>Tvoj dovijeka. Pisma Andrije \u0160tampara Desanki Ristovi\u0107: 1924. \u2013 1941. (2018)<\/p>\n<p>Travel Diary 1931\u20131938 (2020)<\/p>\n<p>&nbsp;<\/p>\n<p><strong>Publikacije i knjige o Andriji \u0160tamparu i \u0160koli narodnog zdravlja &#8220;Andrija \u0160tampar&#8221;:<\/strong><\/p>\n<p>&nbsp;<\/p>\n<p>Filmska djelatnost \u0161kole narodnog zdravlja &#8220;Andrija \u0160tampar&#8221; : (1926.-1960.) \/ Vjekoslav Majcen. Zagreb : Hrvatski dr\u017eavni arhiv, 1995.<\/p>\n<p>&nbsp;<\/p>\n<p>Andrija \u0160tampar : (1888-1958) : 120. obljetnica ro\u0111enja, 50. obljetnica smrti, 60. obljetnica Svjetske zdravstvene organizacije : Hrvatski dr\u017eavni arhiv, [Zagreb], 8. 7. &#8211; 5. 9. 2008. \/ [tekst kataloga] Melina Lu\u010di\u0107. Zagreb : Hrvatski dr\u017eavni arhiv, 2008.<\/p>\n<p>&nbsp;<\/p>\n<p>Andrija \u0160tampar: sveu\u010dili\u0161ni ud\u017ebenik \/ priredili Stana Vukovac, Milan Bitunjac, Neda Aberle. Osijek : Medicinski fakultet, Sveu\u010dili\u0161te Josipa Jurja Strossmayera ; Slavonski Brod : Op\u0107a bolnica &#8220;Dr. Josip Ben\u010devi\u0107&#8221; ; Vinkovci : SN Privla\u010dica, 2008.<\/p>\n<p>&nbsp;<\/p>\n<p>Djelovanje Andrije \u0160tampara u Hrvatskoj akademiji znanosti i umjetnosti \/ Milan Mogu\u0161. \u017divot i djelo Andrije \u0160tampara \/ Zvonko Kusi\u0107. Dnevnik Andrije \u0160tampara : izvor za prou\u010davanje tridesetih godina XX. stolje\u0107a \/ \u017deljko Dugac. Andrija \u0160tampar &#8211; doktor Herkules dvadesetog stolje\u0107a \/ Marko Pe\u0107ina. Zagreb : Hrvatska akademija znanosti i umjetnosti, 2009.<\/p>\n<p>&nbsp;<\/p>\n<p>Andrija \u0160tampar: radovi sa znanstvenih skupova Dani Andrije \u0160tampara u Slavonskom Brodu \/ urednici Ivica Balen, Luka Kova\u010di\u0107. Slavonski Brod : Op\u0107a bolnica &#8220;Dr. Josip Ben\u010devi\u0107&#8221; ; Zagreb : \u0160kola narodnog zdravlja &#8220;Andrija \u0160tampar&#8221; Medicinskog fakulteta Sveu\u010dili\u0161ta, 2009.<\/p>\n<p>&nbsp;<\/p>\n<p>\u0160kola narodnog zdravlja &#8220;Andrija \u0160tampar&#8221; : 1926. &#8211; 1939. : arhitektura i sanitarna tehnika u slu\u017ebi napredka = The school of public health &#8220;Andrija \u0160tampar&#8221; : 1926 &#8211; 1939 : sanitary engineering in the mission of progress \/ Dubravka Kisi\u0107 ; [prijevod Sanja Pehnec]. Zagreb : Hrvatska akademija znanosti i umjetnosti : Hrvatski muzej arhitekture, 2014.<\/p>\n<p>&nbsp;<\/p>\n<p>Hrvatski velikan Andrija \u0160tampar \/ priredili Ivica Balen i Marica Jandri\u0107-Balen, Vinkovci 2019.<\/p>\n<p>&nbsp;<\/p>\n<p>&nbsp;<\/p>\n<p>&nbsp;<\/p>\n","protected":false},"excerpt":{"rendered":"","protected":false},"author":2,"featured_media":19722,"comment_status":"open","ping_status":"open","sticky":false,"template":"","format":"standard","meta":{"_acf_changed":false,"jetpack_post_was_ever_published":false,"_jetpack_newsletter_access":"","_jetpack_dont_email_post_to_subs":false,"_jetpack_newsletter_tier_id":0,"_jetpack_memberships_contains_paywalled_content":false,"_jetpack_memberships_contains_paid_content":false,"footnotes":"","jetpack_publicize_message":"","jetpack_publicize_feature_enabled":true,"jetpack_social_post_already_shared":true,"jetpack_social_options":{"image_generator_settings":{"template":"highway","default_image_id":0,"font":"","enabled":false},"version":2}},"categories":[8,3],"tags":[],"class_list":["post-19720","post","type-post","status-publish","format-standard","has-post-thumbnail","hentry","category-knjige","category-novosti"],"acf":{"facebook_opis":""},"jetpack_publicize_connections":[],"jetpack_featured_media_url":"https:\/\/i0.wp.com\/historiografija.hr\/wp-content\/uploads\/2020\/03\/stampar-diary.jpg?fit=400%2C572&ssl=1","jetpack_sharing_enabled":true,"jetpack-related-posts":[{"id":52603,"url":"https:\/\/historiografija.hr\/?p=52603","url_meta":{"origin":19720,"position":0},"title":"No\u0107 knjige: Carska i kraljevska kuhinja","author":"Branimir Jankovi\u0107","date":"22. travnja 2026.","format":false,"excerpt":"Pozivamo vas da nam se pridru\u017eite 23. travnja 2026. u 18 sati u obilje\u017eavanju No\u0107i knjige u Pivnici Bobi&Rudi na Trgu Ivana Me\u0161trovi\u0107a u Zapru\u0111u u Zagrebu gdje uz kavu \u010ditamo recepte iz zemalja Austro-Ugarske Monarhije iz knjige Carska i kraljevska kuhinja, autora Roberta Mak\u0142owicza, u prijevodu Damira Agi\u010di\u0107a. Izvor:\u2026","rel":"","context":"U &quot;Novosti&quot;","block_context":{"text":"Novosti","link":"https:\/\/historiografija.hr\/?cat=3"},"img":{"alt_text":"","src":"https:\/\/i0.wp.com\/historiografija.hr\/wp-content\/uploads\/2026\/04\/Noc-knjige-Carska-i-kraljevska.jpg?fit=1200%2C1200&ssl=1&resize=350%2C200","width":350,"height":200,"srcset":"https:\/\/i0.wp.com\/historiografija.hr\/wp-content\/uploads\/2026\/04\/Noc-knjige-Carska-i-kraljevska.jpg?fit=1200%2C1200&ssl=1&resize=350%2C200 1x, https:\/\/i0.wp.com\/historiografija.hr\/wp-content\/uploads\/2026\/04\/Noc-knjige-Carska-i-kraljevska.jpg?fit=1200%2C1200&ssl=1&resize=525%2C300 1.5x, https:\/\/i0.wp.com\/historiografija.hr\/wp-content\/uploads\/2026\/04\/Noc-knjige-Carska-i-kraljevska.jpg?fit=1200%2C1200&ssl=1&resize=700%2C400 2x, https:\/\/i0.wp.com\/historiografija.hr\/wp-content\/uploads\/2026\/04\/Noc-knjige-Carska-i-kraljevska.jpg?fit=1200%2C1200&ssl=1&resize=1050%2C600 3x"},"classes":[]},{"id":52520,"url":"https:\/\/historiografija.hr\/?p=52520","url_meta":{"origin":19720,"position":1},"title":"Predstavljanje knjige &#8220;Socialist Economics in Yugoslavia: A Critical History&#8221; u Zagrebu","author":"Branimir Jankovi\u0107","date":"17. travnja 2026.","format":false,"excerpt":"Pozivamo vas na predstavljanje knjige \"Socialist Economics in Yugoslavia: A Critical History\", autora Mislava \u00a0\u017ditka i Marka Grde\u0161i\u0107a (Routledge, 2026). Na predstavljanju \u0107e govoriti Branko Milanovi\u0107 (CUNY), Milica Uvali\u0107 (EUI), Zdravko Petak (FPZG) te autori.\u00a0 Predstavljanje \u0107e se odr\u017eati u srijedu 22. travnja u 16:00 sati na Fakultetu politi\u010dkih znanosti\u2026","rel":"","context":"U &quot;Novosti&quot;","block_context":{"text":"Novosti","link":"https:\/\/historiografija.hr\/?cat=3"},"img":{"alt_text":"","src":"https:\/\/i0.wp.com\/historiografija.hr\/wp-content\/uploads\/2026\/04\/Poziv-na-predstavljanje.png?fit=800%2C652&ssl=1&resize=350%2C200","width":350,"height":200,"srcset":"https:\/\/i0.wp.com\/historiografija.hr\/wp-content\/uploads\/2026\/04\/Poziv-na-predstavljanje.png?fit=800%2C652&ssl=1&resize=350%2C200 1x, https:\/\/i0.wp.com\/historiografija.hr\/wp-content\/uploads\/2026\/04\/Poziv-na-predstavljanje.png?fit=800%2C652&ssl=1&resize=525%2C300 1.5x, https:\/\/i0.wp.com\/historiografija.hr\/wp-content\/uploads\/2026\/04\/Poziv-na-predstavljanje.png?fit=800%2C652&ssl=1&resize=700%2C400 2x"},"classes":[]},{"id":52613,"url":"https:\/\/historiografija.hr\/?p=52613","url_meta":{"origin":19720,"position":2},"title":"No\u0107 knjige u Hrvatskom dr\u017eavnom arhivu","author":"Branimir Jankovi\u0107","date":"22. travnja 2026.","format":false,"excerpt":"Predstavljanje knjige Rajke Bu\u0107in \u201dLije\u010denje i zbrinjavanje \u017didova u Bolnici sestara milosrdnica u Zagrebu 1941. \u2013 1945.\u201d u \u010detvrtak, 23. travnja 2026. u 13 sati u Hrvatskom dr\u017eavnom arhivu u Zagrebu. Izvor: https:\/\/www.arhiv.hr\/hr-hr\/Kulturno-prosvjetne-aktivnosti\/ArticleId\/1986\/oamid\/1633","rel":"","context":"U &quot;Novosti&quot;","block_context":{"text":"Novosti","link":"https:\/\/historiografija.hr\/?cat=3"},"img":{"alt_text":"","src":"https:\/\/i0.wp.com\/historiografija.hr\/wp-content\/uploads\/2026\/04\/noc_knjige_2026.jpg?fit=680%2C276&ssl=1&resize=350%2C200","width":350,"height":200,"srcset":"https:\/\/i0.wp.com\/historiografija.hr\/wp-content\/uploads\/2026\/04\/noc_knjige_2026.jpg?fit=680%2C276&ssl=1&resize=350%2C200 1x, https:\/\/i0.wp.com\/historiografija.hr\/wp-content\/uploads\/2026\/04\/noc_knjige_2026.jpg?fit=680%2C276&ssl=1&resize=525%2C300 1.5x"},"classes":[]},{"id":52660,"url":"https:\/\/historiografija.hr\/?p=52660","url_meta":{"origin":19720,"position":3},"title":"Medijski odjeci \u010dlanka Steve \u0110ura\u0161kovi\u0107a \u201e\u017dupanovljeva ne\u017eeljena djeca: ideolo\u0161ko pribli\u017eavanje neoliberala i kr\u0161\u0107anske radikalne desnice u Hrvatskoj\u201c","author":"Branimir Jankovi\u0107","date":"24. travnja 2026.","format":false,"excerpt":"U sklopu projekta \u201eIzazovi intelektualne povijesti: recepcije, preobrazbe i upotrebe politi\u010dkih ideja\u201c objavljen je polemi\u010dki \u010dlanak Steve \u0110ura\u0161kovi\u0107a \u201e\u017dupanovljeva ne\u017eeljena djeca: ideolo\u0161ko pribli\u017eavanje neoliberala i kr\u0161\u0107anske radikalne desnice u Hrvatskoj\u201c, koji je izazvao odre\u0111ene medijske reakcije. Stevo \u0110ura\u0161kovi\u0107 \u017dupanovljeva ne\u017eeljena djeca: ideolo\u0161ko pribli\u017eavanje neoliberala i kr\u0161\u0107anske radikalne desnice u Hrvatskoj\u2026","rel":"","context":"U &quot;Novosti&quot;","block_context":{"text":"Novosti","link":"https:\/\/historiografija.hr\/?cat=3"},"img":{"alt_text":"","src":"https:\/\/i0.wp.com\/historiografija.hr\/wp-content\/uploads\/2026\/04\/SD.png?fit=809%2C821&ssl=1&resize=350%2C200","width":350,"height":200,"srcset":"https:\/\/i0.wp.com\/historiografija.hr\/wp-content\/uploads\/2026\/04\/SD.png?fit=809%2C821&ssl=1&resize=350%2C200 1x, https:\/\/i0.wp.com\/historiografija.hr\/wp-content\/uploads\/2026\/04\/SD.png?fit=809%2C821&ssl=1&resize=525%2C300 1.5x, https:\/\/i0.wp.com\/historiografija.hr\/wp-content\/uploads\/2026\/04\/SD.png?fit=809%2C821&ssl=1&resize=700%2C400 2x"},"classes":[]},{"id":52552,"url":"https:\/\/historiografija.hr\/?p=52552","url_meta":{"origin":19720,"position":4},"title":"Besplatni glazbeni antikvarijat","author":"Branimir Jankovi\u0107","date":"20. travnja 2026.","format":false,"excerpt":"Muzi\u010dka akademija Sveu\u010dili\u0161ta u Zagrebu 23. travnja 2026. od 10 do 17 sati Pozivamo Vas na Besplatni glazbeni antikvarijat, koji u sklopu manifestacije No\u0107 knjige 2026. organizira Hrvatska udruga muzi\u010dkih knji\u017enica, arhiva i dokumentacijskih centara (HUMKAD). Antikvarijat \u0107e se odr\u017eati na Svjetski dan knjige \u2013 u \u010detvrtak 23. travnja 2026.\u2026","rel":"","context":"U &quot;Novosti&quot;","block_context":{"text":"Novosti","link":"https:\/\/historiografija.hr\/?cat=3"},"img":{"alt_text":"","src":"https:\/\/i0.wp.com\/historiografija.hr\/wp-content\/uploads\/2026\/04\/Besplatni-glazbeni-antikvarijat-23.-4.-2026.jpg?fit=1200%2C848&ssl=1&resize=350%2C200","width":350,"height":200,"srcset":"https:\/\/i0.wp.com\/historiografija.hr\/wp-content\/uploads\/2026\/04\/Besplatni-glazbeni-antikvarijat-23.-4.-2026.jpg?fit=1200%2C848&ssl=1&resize=350%2C200 1x, https:\/\/i0.wp.com\/historiografija.hr\/wp-content\/uploads\/2026\/04\/Besplatni-glazbeni-antikvarijat-23.-4.-2026.jpg?fit=1200%2C848&ssl=1&resize=525%2C300 1.5x, https:\/\/i0.wp.com\/historiografija.hr\/wp-content\/uploads\/2026\/04\/Besplatni-glazbeni-antikvarijat-23.-4.-2026.jpg?fit=1200%2C848&ssl=1&resize=700%2C400 2x, https:\/\/i0.wp.com\/historiografija.hr\/wp-content\/uploads\/2026\/04\/Besplatni-glazbeni-antikvarijat-23.-4.-2026.jpg?fit=1200%2C848&ssl=1&resize=1050%2C600 3x"},"classes":[]},{"id":52592,"url":"https:\/\/historiografija.hr\/?p=52592","url_meta":{"origin":19720,"position":5},"title":"Predstavljanje knjige &#8220;Turska ku\u0107a u Rijeci&#8221; u Zagrebu","author":"Branimir Jankovi\u0107","date":"22. travnja 2026.","format":false,"excerpt":"U prostorijama Turskog kulturnog centra Yunus Emre u Zagrebu, u utorak 21. travnja 2026. godine, odr\u017eano je sve\u010dano predstavljanje dopunjenog izdanja knjige Turska ku\u0107a u Rijeci, u organizaciji Hrvatsko-turskog dru\u0161tva Rijeka i partnerstvu sa Skupinom prijateljstva Hrvatska-Turska Hrvatskog sabora, Veleposlanstvom Republike Turske u Republici Hrvatskoj te Turskim kulturnim centrom Yunus\u2026","rel":"","context":"U &quot;Novosti&quot;","block_context":{"text":"Novosti","link":"https:\/\/historiografija.hr\/?cat=3"},"img":{"alt_text":"","src":"https:\/\/i0.wp.com\/historiografija.hr\/wp-content\/uploads\/2026\/04\/Turska-kuca-ZG.jpg?fit=1200%2C800&ssl=1&resize=350%2C200","width":350,"height":200,"srcset":"https:\/\/i0.wp.com\/historiografija.hr\/wp-content\/uploads\/2026\/04\/Turska-kuca-ZG.jpg?fit=1200%2C800&ssl=1&resize=350%2C200 1x, https:\/\/i0.wp.com\/historiografija.hr\/wp-content\/uploads\/2026\/04\/Turska-kuca-ZG.jpg?fit=1200%2C800&ssl=1&resize=525%2C300 1.5x, https:\/\/i0.wp.com\/historiografija.hr\/wp-content\/uploads\/2026\/04\/Turska-kuca-ZG.jpg?fit=1200%2C800&ssl=1&resize=700%2C400 2x, https:\/\/i0.wp.com\/historiografija.hr\/wp-content\/uploads\/2026\/04\/Turska-kuca-ZG.jpg?fit=1200%2C800&ssl=1&resize=1050%2C600 3x"},"classes":[]}],"_links":{"self":[{"href":"https:\/\/historiografija.hr\/index.php?rest_route=\/wp\/v2\/posts\/19720","targetHints":{"allow":["GET"]}}],"collection":[{"href":"https:\/\/historiografija.hr\/index.php?rest_route=\/wp\/v2\/posts"}],"about":[{"href":"https:\/\/historiografija.hr\/index.php?rest_route=\/wp\/v2\/types\/post"}],"author":[{"embeddable":true,"href":"https:\/\/historiografija.hr\/index.php?rest_route=\/wp\/v2\/users\/2"}],"replies":[{"embeddable":true,"href":"https:\/\/historiografija.hr\/index.php?rest_route=%2Fwp%2Fv2%2Fcomments&post=19720"}],"version-history":[{"count":2,"href":"https:\/\/historiografija.hr\/index.php?rest_route=\/wp\/v2\/posts\/19720\/revisions"}],"predecessor-version":[{"id":20818,"href":"https:\/\/historiografija.hr\/index.php?rest_route=\/wp\/v2\/posts\/19720\/revisions\/20818"}],"wp:featuredmedia":[{"embeddable":true,"href":"https:\/\/historiografija.hr\/index.php?rest_route=\/wp\/v2\/media\/19722"}],"wp:attachment":[{"href":"https:\/\/historiografija.hr\/index.php?rest_route=%2Fwp%2Fv2%2Fmedia&parent=19720"}],"wp:term":[{"taxonomy":"category","embeddable":true,"href":"https:\/\/historiografija.hr\/index.php?rest_route=%2Fwp%2Fv2%2Fcategories&post=19720"},{"taxonomy":"post_tag","embeddable":true,"href":"https:\/\/historiografija.hr\/index.php?rest_route=%2Fwp%2Fv2%2Ftags&post=19720"}],"curies":[{"name":"wp","href":"https:\/\/api.w.org\/{rel}","templated":true}]}}