{"id":19681,"date":"2020-03-17T11:27:09","date_gmt":"2020-03-17T11:27:09","guid":{"rendered":"http:\/\/historiografija.hr\/?p=19681"},"modified":"2020-08-24T12:06:26","modified_gmt":"2020-08-24T12:06:26","slug":"predstavljamo-historiografske-dravstvene-radnice-iva-milovan-delic","status":"publish","type":"post","link":"https:\/\/historiografija.hr\/?p=19681","title":{"rendered":"Predstavljamo historiografske \u201czdravstvene radnice\u201d: Iva Milovan Deli\u0107"},"content":{"rendered":"<p>Iva Milovan Deli\u0107 (Filozofski fakultet Sveu\u010dili\u0161ta Jurja Dobrile u Puli) doktorirala je na temi \u0160panjolske gripe 1918.-1919. u Puli. O problematici \u0160panjolske gripe objavila je vi\u0161e radova i odr\u017eala nekoliko izlaganja, a izvodi i nastavu iz kolegija \u201cPovijest bolesti u Europi u 19. i 20. stolje\u0107u\u201d.<\/p>\n<p>&#8212;<\/p>\n<p><strong>\u0160panjolska gripa 1918.-1919. u gradu Puli: socijalni aspekti mortaliteta od \u0161panjolske gripe i urbana anatomija pandemije<\/strong>: doktorski rad = Spanish flu 1918-1919 in Pula : social aspects of Spanish flu mortality and pandemic\u2019s urban anatomy : doctoral thesis \/ Iva Milovan Deli\u0107 ; mentori, supervisors Slaven Berto\u0161a, Bo\u017eena Vranje\u0161-\u0160oljan. Zagreb, 2013.<\/p>\n<p>&#8212;<\/p>\n<p><strong>Vijesti o \u0161panjolskoj gripi u puljskom dnevniku Hrvatski list <\/strong><\/p>\n<p>Tabula (Pula). &#8211; (2014), 12; str. 173-182<\/p>\n<p>Hrvatski list koji je kao dnevnik na hrvatskom jeziku u Puli izlazio od 1. srpnja 1915. do 18. prosinca 1918., izme\u0111u ostalih vijesti sredinom i u drugoj polovici 1918. donosi izvje\u0161\u0107a o \u0161panjolskoj gripi. Sporadi\u010dni \u010dlanci govore o pojavi i kretanju \u0161panjolske gripe u Europi, broju oboljelih u odre\u0111enim europskim gradovima, pojavi gripe u Puli, zna\u010dajkama same bolesti, preporu\u010denim mjerama za\u0161tite, zatvaranju \u0161kola zbog zaraze, te objavljuje osmrtnice stradalih od \u0161panjolske gripe. Putem analize objavljenih \u010dlanaka dolazi se izme\u0111u ostaloga do odgovora koliko je \u0161panjolska gripa zastupljena u listu u odnosu na druge teme, kakav je bio odnos stanovnika prema novoj bolesti, kakvo je bilo znanje o profilaksi i lije\u010denju gripe, jesu li \u010dlanci u Hrvatskom listu pandemiju prikazivali na sli\u010dan na\u010din kao i listovi u sjevernoj Hrvatskoj i je li valna distribucija gripe koja je na podru\u010dju Hrvatske primjetna, istovremeno zorno popra\u0107ena i u puljskom listu.<\/p>\n<p><a href=\"https:\/\/hrcak.srce.hr\/137512\">https:\/\/hrcak.srce.hr\/137512<\/a><\/p>\n<p>&#8212;<\/p>\n<p><strong>Smrtnost od \u0161panjolske gripe u nekim selima Barban\u0161tine<\/strong>, zbornik s Petog memorijala Petra Stankovi\u0107a \u201eBarban u srcu\u201c: Barban i Barban\u0161tina od prapovijesti do danas, Barbanski zapisi IV., Barban 2016. str. 253-261.<\/p>\n<p>&#8212;<\/p>\n<p><strong>\u0160panjolska gripa u ju\u017enoj Istri \u2013 osvrt na Mar\u010danu<\/strong>, zbornik Epidemi\u010dne bolezni v Istri v 19. in 20. stoletju \/ Le malattie epidemiche in Istria tra &#8216;800 e &#8216;900 \/ Zarazne bolesti u Istri u 19. i 20. stolje\u0107u, Ante \u0160krobonja (ur.), Histria Editiones , Humanisti\u010dno dru\u0161tvo Histria, Kopar 2010., str. 105-112.<\/p>\n<p>&#8212;<\/p>\n<p>Iva Milovan Deli\u0107 &amp; Marlena Plav\u0161i\u0107<\/p>\n<p><strong>Spanish Flu and Mental Disorders in the Margraviate of Istria at the End of WWI<\/strong><\/p>\n<p><a href=\"https:\/\/zdjp.si\/wp-content\/uploads\/2020\/05\/AH_28-2020-1_DELIC.pdf\">https:\/\/zdjp.si\/wp-content\/uploads\/2020\/05\/AH_28-2020-1_DELIC.pdf<\/a><\/p>\n<p>&#8212;<\/p>\n<p><strong>I riferimenti all&#8217;influenza spagnola nel quotidiano L&#8217;Osservatore Triestino<\/strong><\/p>\n<p><a href=\"https:\/\/www.torrossa.com\/it\/resources\/an\/4213170\">https:\/\/www.torrossa.com\/it\/resources\/an\/4213170<\/a><\/p>\n<p>&#8212;&#8212;&#8211;<\/p>\n<p><strong>Vidjeti op\u0161irnije na poveznici:<\/strong><\/p>\n<p><a href=\"https:\/\/ffpu.unipu.hr\/ffpu\/iva.milovan_delic\">https:\/\/ffpu.unipu.hr\/ffpu\/iva.milovan_delic<\/a><\/p>\n<p><a href=\"https:\/\/i0.wp.com\/historiografija.hr\/wp-content\/uploads\/2020\/03\/delic.jpg?ssl=1\"><img data-recalc-dims=\"1\" loading=\"lazy\" decoding=\"async\" data-attachment-id=\"19682\" data-permalink=\"https:\/\/historiografija.hr\/?attachment_id=19682\" data-orig-file=\"https:\/\/i0.wp.com\/historiografija.hr\/wp-content\/uploads\/2020\/03\/delic.jpg?fit=275%2C183&amp;ssl=1\" data-orig-size=\"275,183\" data-comments-opened=\"1\" data-image-meta=\"{&quot;aperture&quot;:&quot;0&quot;,&quot;credit&quot;:&quot;&quot;,&quot;camera&quot;:&quot;&quot;,&quot;caption&quot;:&quot;&quot;,&quot;created_timestamp&quot;:&quot;0&quot;,&quot;copyright&quot;:&quot;&quot;,&quot;focal_length&quot;:&quot;0&quot;,&quot;iso&quot;:&quot;0&quot;,&quot;shutter_speed&quot;:&quot;0&quot;,&quot;title&quot;:&quot;&quot;,&quot;orientation&quot;:&quot;0&quot;}\" data-image-title=\"delic\" data-image-description=\"\" data-image-caption=\"\" data-large-file=\"https:\/\/i0.wp.com\/historiografija.hr\/wp-content\/uploads\/2020\/03\/delic.jpg?fit=275%2C183&amp;ssl=1\" class=\"alignnone size-full wp-image-19682\" src=\"https:\/\/i0.wp.com\/historiografija.hr\/wp-content\/uploads\/2020\/03\/delic.jpg?resize=275%2C183&#038;ssl=1\" alt=\"\" width=\"275\" height=\"183\" \/><\/a><\/p>\n<p><strong>Izlaganja i predavanja te mediji<\/strong> (izbor):<\/p>\n<p>Epidemija \u0160panjolske gripe 1918. &#8211; 1920.<\/p>\n<p><a href=\"https:\/\/radio.hrt.hr\/aod\/epidemija-spanjolske-gripe-1918-1920\/333839\/\">https:\/\/radio.hrt.hr\/aod\/epidemija-spanjolske-gripe-1918-1920\/333839\/<\/a><\/p>\n<p>&#8212;<\/p>\n<p>Socio-economic aspects of Spanish Flu-mortality in Pula<\/p>\n<p><a href=\"https:\/\/www.vibconferences.be\/events\/the-1918-influenza-pandemic-historical-and-biomedical-reflections\">https:\/\/www.vibconferences.be\/events\/the-1918-influenza-pandemic-historical-and-biomedical-reflections<\/a><\/p>\n<p>&#8212;<\/p>\n<p>Lokalni odrazi globalnih fenomena: slu\u010daj \u0161panjolske gripe 1918. \u2013 1919. \/ Local Reflections of Global Phenomena: The Case of the Spanish Flu 1918\u20131919<\/p>\n<p><a href=\"https:\/\/www.ikgs.de\/veranstaltungen\/writing-history-in-multicultural-regions-of-southeastern-europe\">https:\/\/www.ikgs.de\/veranstaltungen\/writing-history-in-multicultural-regions-of-southeastern-europe<\/a><\/p>\n<p>&#8212;<\/p>\n<p>Okrugli stol \u201cStogodi\u0161njica Velike pandemije \u2013 za\u0161to i kako istra\u017eivati \u0161panjolsku gripu\u201d<\/p>\n<p><a href=\"https:\/\/historiografija.hr\/?p=9671\">https:\/\/historiografija.hr\/?p=9671<\/a><\/p>\n<p>&#8212;<\/p>\n<p>Zdravlje i bolest u Barbanu: Barbanci u Pokrajinskoj bolnici u Puli po\u010detkom XX. stolje\u0107a<\/p>\n<p><a href=\"https:\/\/tz-barban.hr\/viii-memorijal-petra-stankovica-barban-u-srcu\/\">https:\/\/tz-barban.hr\/viii-memorijal-petra-stankovica-barban-u-srcu\/<\/a><\/p>\n<p>&#8212;<\/p>\n<p>Spanish Flu 1918\/1919 in Austrian Littoral: Case Studies of Pula and Pazin<\/p>\n<p><a href=\"https:\/\/esshc.socialhistory.org\/conference\/programme\/2018?day=60&amp;time=184&amp;session=3600&amp;room=262\">https:\/\/esshc.socialhistory.org\/conference\/programme\/2018?day=60&amp;time=184&amp;session=3600&amp;room=262<\/a><\/p>\n<p>&#8212;<\/p>\n<p>Experiences on historical research on mental and other diseases in Pula at the end of World War<\/p>\n<p><a href=\"http:\/\/cas.uniri.hr\/tag\/cas-see\/page\/3\/\">http:\/\/cas.uniri.hr\/tag\/cas-see\/page\/3\/<\/a><\/p>\n<p>&#8212;<\/p>\n<p>Depression and the Spanish Flu Pandemic in the Pula Area<\/p>\n<p><a href=\"https:\/\/www.bib.irb.hr\/945224\">https:\/\/www.bib.irb.hr\/945224<\/a><\/p>\n<p>&#8212;<\/p>\n<p>Pulske znanstvenice i lije\u010dnica na konferenciji u New Yorku<\/p>\n<p><a href=\"https:\/\/www.glasistre.hr\/pula\/pulske-znanstvenice-i-lijecnica-na-konferenciji-u-new-yorku-591073\">https:\/\/www.glasistre.hr\/pula\/pulske-znanstvenice-i-lijecnica-na-konferenciji-u-new-yorku-591073<\/a><\/p>\n<p>&#8212;<\/p>\n<p>Paganini and illness \u2013 identity of an artist or identity of a society?<\/p>\n<p><a href=\"https:\/\/www.bib.irb.hr\/765294\">https:\/\/www.bib.irb.hr\/765294<\/a><\/p>\n<p>&#8212;<\/p>\n<p>Predavanje \u201cPandemija \u0161panjolske gripe 1918.-1919. u Puli\u201d<\/p>\n<p><a href=\"http:\/\/kulturistra.hr\/lang\/en\/2014\/09\/predavanje-pandemija-spanjolske-gripe-1918-1919-u-puli-u-pazinu\/\">http:\/\/kulturistra.hr\/lang\/en\/2014\/09\/predavanje-pandemija-spanjolske-gripe-1918-1919-u-puli-u-pazinu\/<\/a><\/p>\n<p>&#8212;<\/p>\n<p>PULJANKA IVA MILOVAN DELI\u0106 DOKTORIRALA NA TEMI \u0160PANJOLSKE GRIPE U PULI Koronavirusu i \u0161panjolskoj gripi zajedni\u010dke su teorije zavjere<\/p>\n<p><a href=\"https:\/\/www.glasistre.hr\/pula\/puljanka-iva-milovan-delic-doktorirala-na-temi-spanjolske-gripe-u-puli-koronavirusu-i-spanjolskoj-gripi-zajednicke-su-teorije-zavjere-637283\">https:\/\/www.glasistre.hr\/pula\/puljanka-iva-milovan-delic-doktorirala-na-temi-spanjolske-gripe-u-puli-koronavirusu-i-spanjolskoj-gripi-zajednicke-su-teorije-zavjere-637283<\/a><\/p>\n<p>&#8212; <strong><br \/>\n<\/strong><\/p>\n<p>\u201c\u0160panjolka\u201d ili \u201cnapuljski vojnik\u201d?<\/p>\n<p><a href=\"https:\/\/www.facebook.com\/watch\/?v=650846442359620\">https:\/\/www.facebook.com\/watch\/?v=650846442359620<\/a><\/p>\n","protected":false},"excerpt":{"rendered":"","protected":false},"author":2,"featured_media":19683,"comment_status":"open","ping_status":"open","sticky":false,"template":"","format":"standard","meta":{"_acf_changed":false,"jetpack_post_was_ever_published":false,"_jetpack_newsletter_access":"","_jetpack_dont_email_post_to_subs":false,"_jetpack_newsletter_tier_id":0,"_jetpack_memberships_contains_paywalled_content":false,"_jetpack_memberships_contains_paid_content":false,"footnotes":"","jetpack_publicize_message":"","jetpack_publicize_feature_enabled":true,"jetpack_social_post_already_shared":true,"jetpack_social_options":{"image_generator_settings":{"template":"highway","default_image_id":0,"font":"","enabled":false},"version":2}},"categories":[3],"tags":[],"class_list":["post-19681","post","type-post","status-publish","format-standard","has-post-thumbnail","hentry","category-novosti"],"acf":{"facebook_opis":""},"jetpack_publicize_connections":[],"jetpack_featured_media_url":"https:\/\/i0.wp.com\/historiografija.hr\/wp-content\/uploads\/2020\/03\/milovan.jpeg?fit=584%2C504&ssl=1","jetpack_sharing_enabled":true,"jetpack-related-posts":[{"id":52607,"url":"https:\/\/historiografija.hr\/?p=52607","url_meta":{"origin":19681,"position":0},"title":"No\u0107 knjige: Kako je prije 410 godina smr\u0107u Shakespearea i Cervantesa zavr\u0161ilo razdoblje renesanse u knji\u017eevnosti","author":"Branimir Jankovi\u0107","date":"22. travnja 2026.","format":false,"excerpt":"\u010cetvrtak, 23. travnja 2026. u 18:00 sati, Knji\u017eara Matice hrvatske, Ulica Matice hrvatske 2, Zagreb Uvodna rije\u010d: dr. sc.\u00a0Dubravka Brezak Stama\u0107, pro\u010delnica Odjela za knji\u017eevnost Matice hrvatske Prof. dr. sc. Ivan Lupi\u0107, redoviti profesor u Odsjeku za anglistiku i Odsjeku za kroatistiku Sveu\u010dili\u0161ta u RijeciShakespeare, kazali\u0161te, glazbaKada se susre\u0107emo sa\u2026","rel":"","context":"U &quot;Novosti&quot;","block_context":{"text":"Novosti","link":"https:\/\/historiografija.hr\/?cat=3"},"img":{"alt_text":"","src":"https:\/\/i0.wp.com\/historiografija.hr\/wp-content\/uploads\/2026\/04\/noc_knjige_2026.jpg?fit=680%2C276&ssl=1&resize=350%2C200","width":350,"height":200,"srcset":"https:\/\/i0.wp.com\/historiografija.hr\/wp-content\/uploads\/2026\/04\/noc_knjige_2026.jpg?fit=680%2C276&ssl=1&resize=350%2C200 1x, https:\/\/i0.wp.com\/historiografija.hr\/wp-content\/uploads\/2026\/04\/noc_knjige_2026.jpg?fit=680%2C276&ssl=1&resize=525%2C300 1.5x"},"classes":[]},{"id":52559,"url":"https:\/\/historiografija.hr\/?p=52559","url_meta":{"origin":19681,"position":1},"title":"Dobitnici dr\u017eavne nagrade za znanost za 2024. godinu","author":"Branimir Jankovi\u0107","date":"20. travnja 2026.","format":false,"excerpt":"Na sjednici Odbora za podjelu dr\u017eavnih nagrada za znanost odr\u017eanoj 16. travnja 2026. godine donesena je Odluka o dodjeli dr\u017eavnih nagrada za znanost za 2024. godinu. Godi\u0161njom nagradom za popularizaciju i promid\u017ebu znanosti nagra\u0111eni su u podru\u010dju humanisti\u010dkih znanosti znanstveni suradnici dr. sc. Josip Mihaljevi\u0107 i dr. sc. Gordan Ravan\u010di\u0107,\u2026","rel":"","context":"U &quot;Novosti&quot;","block_context":{"text":"Novosti","link":"https:\/\/historiografija.hr\/?cat=3"},"img":{"alt_text":"","src":"https:\/\/i0.wp.com\/historiografija.hr\/wp-content\/uploads\/2021\/12\/povijesne-kontroverze.jpg?fit=1200%2C675&ssl=1&resize=350%2C200","width":350,"height":200,"srcset":"https:\/\/i0.wp.com\/historiografija.hr\/wp-content\/uploads\/2021\/12\/povijesne-kontroverze.jpg?fit=1200%2C675&ssl=1&resize=350%2C200 1x, https:\/\/i0.wp.com\/historiografija.hr\/wp-content\/uploads\/2021\/12\/povijesne-kontroverze.jpg?fit=1200%2C675&ssl=1&resize=525%2C300 1.5x, https:\/\/i0.wp.com\/historiografija.hr\/wp-content\/uploads\/2021\/12\/povijesne-kontroverze.jpg?fit=1200%2C675&ssl=1&resize=700%2C400 2x, https:\/\/i0.wp.com\/historiografija.hr\/wp-content\/uploads\/2021\/12\/povijesne-kontroverze.jpg?fit=1200%2C675&ssl=1&resize=1050%2C600 3x"},"classes":[]},{"id":52669,"url":"https:\/\/historiografija.hr\/?p=52669","url_meta":{"origin":19681,"position":2},"title":"Predavanje Igora Dude &#8220;Odmor kao \u017eivotna potreba: o slobodnom vremenu u socijalisti\u010dkoj Jugoslaviji&#8221;","author":"Branimir Jankovi\u0107","date":"27. travnja 2026.","format":false,"excerpt":"U sklopu proljetnog ciklusa programa\u00a0Kriti\u010dka dramaturgija: pauza, u\u00a0subotu, 25. travnja 2026. u 19 sati\u00a0u prostoru Udru\u017eenja hrvatskih arhitekata povjesni\u010dar Igor Duda\u00a0odr\u017eao je predavanje naslovljeno\u00a0Odmor kao \u017eivotna potreba: o slobodnom vremenu u socijalisti\u010dkoj Jugoslaviji. Industrijalizacija i urbanizacija dru\u0161tava u povijesti su zna\u010dile i prelazak s predindustrijskog na industrijsko shva\u0107anje vremena. Ono\u2026","rel":"","context":"U &quot;Novosti&quot;","block_context":{"text":"Novosti","link":"https:\/\/historiografija.hr\/?cat=3"},"img":{"alt_text":"","src":"https:\/\/i0.wp.com\/historiografija.hr\/wp-content\/uploads\/2026\/04\/Duda.png?fit=1200%2C628&ssl=1&resize=350%2C200","width":350,"height":200,"srcset":"https:\/\/i0.wp.com\/historiografija.hr\/wp-content\/uploads\/2026\/04\/Duda.png?fit=1200%2C628&ssl=1&resize=350%2C200 1x, https:\/\/i0.wp.com\/historiografija.hr\/wp-content\/uploads\/2026\/04\/Duda.png?fit=1200%2C628&ssl=1&resize=525%2C300 1.5x, https:\/\/i0.wp.com\/historiografija.hr\/wp-content\/uploads\/2026\/04\/Duda.png?fit=1200%2C628&ssl=1&resize=700%2C400 2x, https:\/\/i0.wp.com\/historiografija.hr\/wp-content\/uploads\/2026\/04\/Duda.png?fit=1200%2C628&ssl=1&resize=1050%2C600 3x"},"classes":[]},{"id":52499,"url":"https:\/\/historiografija.hr\/?p=52499","url_meta":{"origin":19681,"position":3},"title":"POTPISAN UGOVOR O ZNANSTVENO-ISTRA\u017dIVA\u010cKOJ SURADNJI: PROJEKT \u201eTEMELJI HRVATSKE SAMOSTALNOSTI\u201d","author":"Branimir Jankovi\u0107","date":"17. travnja 2026.","format":false,"excerpt":"Hrvatski institut za povijest, Sveu\u010dili\u0161te obrane i sigurnosti \u201eDr. Franjo Tu\u0111man\u201d, Institut dru\u0161tvenih znanosti Ivo Pilar i Hrvatski dr\u017eavni arhiv\u00a0potpisali su 23. o\u017eujka 2026.\u00a0Ugovor o znanstveno-istra\u017eiva\u010dkoj suradnji s ciljem provedbe projekta \u201eTemelji hrvatske samostalnosti\u201d. Tim projektom obuhva\u0107a se istra\u017eivanje arhivskoga gradiva, priprema znanstvenih publikacija, digitalizacija i javna prezentacija rezultata istra\u017eivanja\u2026","rel":"","context":"U &quot;Novosti&quot;","block_context":{"text":"Novosti","link":"https:\/\/historiografija.hr\/?cat=3"},"img":{"alt_text":"","src":"https:\/\/i0.wp.com\/historiografija.hr\/wp-content\/uploads\/2026\/04\/THS_sporazum.jpg?fit=1200%2C583&ssl=1&resize=350%2C200","width":350,"height":200,"srcset":"https:\/\/i0.wp.com\/historiografija.hr\/wp-content\/uploads\/2026\/04\/THS_sporazum.jpg?fit=1200%2C583&ssl=1&resize=350%2C200 1x, https:\/\/i0.wp.com\/historiografija.hr\/wp-content\/uploads\/2026\/04\/THS_sporazum.jpg?fit=1200%2C583&ssl=1&resize=525%2C300 1.5x, https:\/\/i0.wp.com\/historiografija.hr\/wp-content\/uploads\/2026\/04\/THS_sporazum.jpg?fit=1200%2C583&ssl=1&resize=700%2C400 2x, https:\/\/i0.wp.com\/historiografija.hr\/wp-content\/uploads\/2026\/04\/THS_sporazum.jpg?fit=1200%2C583&ssl=1&resize=1050%2C600 3x"},"classes":[]},{"id":52502,"url":"https:\/\/historiografija.hr\/?p=52502","url_meta":{"origin":19681,"position":4},"title":"Novi znanstveni projekt Hrvatskog instituta za povijest: \u201c\u017drtve ratova i dr\u017eavnog\/politi\u010dkog nasilja u hrvatskoj povijesti 20. stolje\u0107a\u201d","author":"Branimir Jankovi\u0107","date":"17. travnja 2026.","format":false,"excerpt":"Na redovitoj sjednici Vlade RH, 16. travnja 2026., donijet je Zaklju\u010dak kojim se pokre\u0107e znanstveni projekt \u201c\u017drtve ratova i dr\u017eavnog\/politi\u010dkog nasilja u hrvatskoj povijesti 20. stolje\u0107a\u201d. Projekt \u0107e provoditi i koordinirati Hrvatski institut za povijest u razdoblju trajanja projekta od pet godina. Zakljucak Vlade RH Iz teksta projektnog prijedloga: Problematika\u2026","rel":"","context":"U &quot;Novosti&quot;","block_context":{"text":"Novosti","link":"https:\/\/historiografija.hr\/?cat=3"},"img":{"alt_text":"","src":"https:\/\/i0.wp.com\/historiografija.hr\/wp-content\/uploads\/2026\/04\/Vlada-RH.jpg?fit=1200%2C557&ssl=1&resize=350%2C200","width":350,"height":200,"srcset":"https:\/\/i0.wp.com\/historiografija.hr\/wp-content\/uploads\/2026\/04\/Vlada-RH.jpg?fit=1200%2C557&ssl=1&resize=350%2C200 1x, https:\/\/i0.wp.com\/historiografija.hr\/wp-content\/uploads\/2026\/04\/Vlada-RH.jpg?fit=1200%2C557&ssl=1&resize=525%2C300 1.5x, https:\/\/i0.wp.com\/historiografija.hr\/wp-content\/uploads\/2026\/04\/Vlada-RH.jpg?fit=1200%2C557&ssl=1&resize=700%2C400 2x, https:\/\/i0.wp.com\/historiografija.hr\/wp-content\/uploads\/2026\/04\/Vlada-RH.jpg?fit=1200%2C557&ssl=1&resize=1050%2C600 3x"},"classes":[]},{"id":52148,"url":"https:\/\/historiografija.hr\/?p=52148","url_meta":{"origin":19681,"position":5},"title":"Poziv za prijavu na me\u0111unarodnu znanstvenu konferenciju \u201eGranice (ne)slobode: Zadarski krug 1966. Intelektualna opozicija u totalitarnom dru\u0161tvu\u201c","author":"Branimir Jankovi\u0107","date":"27. o\u017eujka 2026.","format":false,"excerpt":"\u00a0\u00a0\u00a0\u00a0 Povodom \u0161ezdesete obljetnice poku\u0161aja osnivanja \u010dasopisa Slobodan glas u Zadru 1966. godine, pozivamo vas na znanstvenu konferenciju posve\u0107enu istra\u017eivanju disidentstva, intelektualne opozicije i granica divergentnog mi\u0161ljenja nasuprot slu\u017ebenoj ideologiji u komunisti\u010dkoj Jugoslaviji. Ideja konferencije je analizirati konkretan fenomen zadarskog slu\u010daja razloge i okolnosti njegove pojave, ali uz otvaranje komparativnih\u2026","rel":"","context":"U &quot;Novosti&quot;","block_context":{"text":"Novosti","link":"https:\/\/historiografija.hr\/?cat=3"},"img":{"alt_text":"","src":"https:\/\/i0.wp.com\/historiografija.hr\/wp-content\/uploads\/2026\/03\/Poziv-konferencija-Zadar.jpg?fit=1200%2C509&ssl=1&resize=350%2C200","width":350,"height":200,"srcset":"https:\/\/i0.wp.com\/historiografija.hr\/wp-content\/uploads\/2026\/03\/Poziv-konferencija-Zadar.jpg?fit=1200%2C509&ssl=1&resize=350%2C200 1x, https:\/\/i0.wp.com\/historiografija.hr\/wp-content\/uploads\/2026\/03\/Poziv-konferencija-Zadar.jpg?fit=1200%2C509&ssl=1&resize=525%2C300 1.5x, https:\/\/i0.wp.com\/historiografija.hr\/wp-content\/uploads\/2026\/03\/Poziv-konferencija-Zadar.jpg?fit=1200%2C509&ssl=1&resize=700%2C400 2x, https:\/\/i0.wp.com\/historiografija.hr\/wp-content\/uploads\/2026\/03\/Poziv-konferencija-Zadar.jpg?fit=1200%2C509&ssl=1&resize=1050%2C600 3x"},"classes":[]}],"_links":{"self":[{"href":"https:\/\/historiografija.hr\/index.php?rest_route=\/wp\/v2\/posts\/19681","targetHints":{"allow":["GET"]}}],"collection":[{"href":"https:\/\/historiografija.hr\/index.php?rest_route=\/wp\/v2\/posts"}],"about":[{"href":"https:\/\/historiografija.hr\/index.php?rest_route=\/wp\/v2\/types\/post"}],"author":[{"embeddable":true,"href":"https:\/\/historiografija.hr\/index.php?rest_route=\/wp\/v2\/users\/2"}],"replies":[{"embeddable":true,"href":"https:\/\/historiografija.hr\/index.php?rest_route=%2Fwp%2Fv2%2Fcomments&post=19681"}],"version-history":[{"count":8,"href":"https:\/\/historiografija.hr\/index.php?rest_route=\/wp\/v2\/posts\/19681\/revisions"}],"predecessor-version":[{"id":22399,"href":"https:\/\/historiografija.hr\/index.php?rest_route=\/wp\/v2\/posts\/19681\/revisions\/22399"}],"wp:featuredmedia":[{"embeddable":true,"href":"https:\/\/historiografija.hr\/index.php?rest_route=\/wp\/v2\/media\/19683"}],"wp:attachment":[{"href":"https:\/\/historiografija.hr\/index.php?rest_route=%2Fwp%2Fv2%2Fmedia&parent=19681"}],"wp:term":[{"taxonomy":"category","embeddable":true,"href":"https:\/\/historiografija.hr\/index.php?rest_route=%2Fwp%2Fv2%2Fcategories&post=19681"},{"taxonomy":"post_tag","embeddable":true,"href":"https:\/\/historiografija.hr\/index.php?rest_route=%2Fwp%2Fv2%2Ftags&post=19681"}],"curies":[{"name":"wp","href":"https:\/\/api.w.org\/{rel}","templated":true}]}}