{"id":19678,"date":"2020-03-17T11:23:45","date_gmt":"2020-03-17T11:23:45","guid":{"rendered":"http:\/\/historiografija.hr\/?p=19678"},"modified":"2020-03-17T16:53:17","modified_gmt":"2020-03-17T16:53:17","slug":"clanci-i-tekstovi-o-spanjolskoj-gripi","status":"publish","type":"post","link":"https:\/\/historiografija.hr\/?p=19678","title":{"rendered":"\u010clanci i tekstovi o \u0160panjolskoj gripi"},"content":{"rendered":"<p>Uz spomenute priloge povjesni\u010dara Nikole Anu\u0161i\u0107a i Ive Milovan Deli\u0107 navodimo jo\u0161 neke pojedina\u010dne \u010dlanke o \u0160panjolskoj gripi 1918. godine koje su autori razli\u010ditih struka objavili u hrvatskim stru\u010dnim \u010dasopisima, zbornicima i na internetu.<\/p>\n<p>&nbsp;<\/p>\n<p>&nbsp;<\/p>\n<p>Stella Fatovi\u0107-Feren\u010di\u0107, Snje\u017eana \u0160ain<\/p>\n<p><strong>\u0160panjolska gripa kao uzrok smrti u gradu Zagrebu 1918. godine <\/strong><\/p>\n<p>Lije\u010dni\u010dki vjesnik. &#8211; 113 (1991), 11-12 ; str. 444-446<\/p>\n<p>&nbsp;<\/p>\n<p>&nbsp;<\/p>\n<p>Goran Hutinec<\/p>\n<p><strong>Odjeci epidemije &#8220;\u0161panjolske gripe&#8221; 1918. godine u hrvatskoj javnosti <\/strong><\/p>\n<p>Radovi (Zavod za hrvatsku povijest). &#8211; 38 (2006) ; str. 227-242<\/p>\n<p><a href=\"https:\/\/hrcak.srce.hr\/51841\">https:\/\/hrcak.srce.hr\/51841<\/a><\/p>\n<p>&nbsp;<\/p>\n<p>&nbsp;<\/p>\n<p>Julija Panti\u0107, Marijan Marijan, Andrija Lovri\u0107<\/p>\n<p><strong>\u0160panjolska gripa u Zagrebu <\/strong><\/p>\n<p>Povijest u nastavi. &#8211; 4 (2006), 1(7); str. 105-115<\/p>\n<p><a href=\"https:\/\/hrcak.srce.hr\/24882\">https:\/\/hrcak.srce.hr\/24882<\/a><\/p>\n<p>&nbsp;<\/p>\n<p>&nbsp;<\/p>\n<p>V. Dra\u017eenovi\u0107, A. Bari\u0161in<\/p>\n<p><strong>Usporedba pandemijskog virusa A\/H1N1\/ iz 1918. godine s potencijalnim pandemijskim virusom A\/H5N1\/ iz 2005. godine<\/strong><\/p>\n<p>Infektolo\u0161ki glasnik, Vol. 26 No. 1, 2006.<\/p>\n<p><a href=\"https:\/\/hrcak.srce.hr\/12706\">https:\/\/hrcak.srce.hr\/12706<\/a><\/p>\n<p>&nbsp;<\/p>\n<p>&nbsp;<\/p>\n<p>Marko Jeleni\u0107<\/p>\n<p><strong>Epidemija \u0161panjolske gripe na Kanfanar\u0161tini 1918. Mikrohistorija jednog kraja<\/strong><\/p>\n<p>Dvegrajski zbornik 2 \/ Jeleni\u0107, Marko (ur.). Kanfanar: Udruga za o\u010duvanje i promociju naslije\u0111a &#8211; Dvegrajci, 2014. str. 161-177<\/p>\n<p><a href=\"https:\/\/www.bib.irb.hr\/808778\">https:\/\/www.bib.irb.hr\/808778<\/a><\/p>\n<p>&nbsp;<\/p>\n<p>&nbsp;<\/p>\n<p>Maja Voni\u0107<\/p>\n<p><strong>\u0160panjolska gripa u Osijeku 1918. <\/strong><\/p>\n<p>Scrinia Slavonica. &#8211; 14 (2014); str. 217-234<\/p>\n<p><a href=\"https:\/\/hrcak.srce.hr\/130458\">https:\/\/hrcak.srce.hr\/130458<\/a><\/p>\n<p><a href=\"https:\/\/slobodnadalmacija.hr\/mozaik\/zivot\/spanjolska-gripa-je-uz-kugu-uzrokovala-najveci-pomor-ljudskog-roda-a-znanstvenici-kazu-da-bi-se-slicna-pandemija-mogla-ponoviti-evo-koliko-je-u-hrvatskoj-ljudi-umrlo-te-kobne-1918-godine-639501\">https:\/\/slobodnadalmacija.hr\/mozaik\/zivot\/spanjolska-gripa-je-uz-kugu-uzrokovala-najveci-pomor-ljudskog-roda-a-znanstvenici-kazu-da-bi-se-slicna-pandemija-mogla-ponoviti-evo-koliko-je-u-hrvatskoj-ljudi-umrlo-te-kobne-1918-godine-639501<\/a><\/p>\n<p>&nbsp;<\/p>\n<p>&nbsp;<\/p>\n<p>\u017deljko Cvetni\u0107, Vladimir Savi\u0107<\/p>\n<p><strong>Prije 100 godina \u0161panjolska gripa \u201emajka\u201c svih pandemija poharala je svijet<\/strong><\/p>\n<p>Veterinarska stanica, Vol. 49 No. 5, 2018.<\/p>\n<p><a href=\"https:\/\/hrcak.srce.hr\/223200\">https:\/\/hrcak.srce.hr\/223200<\/a><\/p>\n<p><a href=\"https:\/\/slobodnadalmacija.hr\/mozaik\/zivot\/spanjolska-gripa-je-uz-kugu-uzrokovala-najveci-pomor-ljudskog-roda-a-znanstvenici-kazu-da-bi-se-slicna-pandemija-mogla-ponoviti-evo-koliko-je-u-hrvatskoj-ljudi-umrlo-te-kobne-1918-godine-639501\">https:\/\/slobodnadalmacija.hr\/mozaik\/zivot\/spanjolska-gripa-je-uz-kugu-uzrokovala-najveci-pomor-ljudskog-roda-a-znanstvenici-kazu-da-bi-se-slicna-pandemija-mogla-ponoviti-evo-koliko-je-u-hrvatskoj-ljudi-umrlo-te-kobne-1918-godine-639501<\/a><\/p>\n<p>&nbsp;<\/p>\n<p>&nbsp;<\/p>\n<p>Ivo Mi\u0161ur<\/p>\n<p><strong>\u0160panjolska gripa u dolini Neretve<\/strong><\/p>\n<p>Acta medico-historica Adriatica: AMHA, Vol. 17 No. 2, 2019.<\/p>\n<p><a href=\"https:\/\/hrcak.srce.hr\/232038\">https:\/\/hrcak.srce.hr\/232038<\/a><\/p>\n<p>&nbsp;<\/p>\n<p>&nbsp;<\/p>\n<p>D. Novosel<\/p>\n<p><strong>\u0160panjolska gripa u selima Zagreba\u010dkoga prigorja<\/strong><\/p>\n<p>Zbornik radova Znanstveni skup Konac Velikoga rata, Hrvatski dr\u017eavni arhiv, 29. &#8211; 30. studenoga 2018.; uredili Hrvoje Gr\u017eina i Mario Stipan\u010devi\u0107. Zagreb: Hrvatski dr\u017eavni arhiv, 2020.<\/p>\n<p>&nbsp;<\/p>\n<p>&nbsp;<\/p>\n<p>Hrvoje Klasi\u0107<\/p>\n<p><strong>PRE\u017dIVJELI SMO I GORE: Jedna od prvih \u017ertvi \u0160panjolske gripe bio je djed najmo\u0107nijeg \u010dovjeka dana\u0161njice. <\/strong><strong>Sve je imalo ogromne politi\u010dke posljedice\u2026<\/strong><\/p>\n<p>Net.hr, 17.03.2020.<\/p>\n<p><a href=\"https:\/\/net.hr\/danas\/prezivjeli-smo-i-gore-jedna-od-prvih-zrtvi-opake-spanjolske-gripe-bio-je-djed-najmocnijeg-covjeka-danasnjice-sve-je-imalo-i-politicke-posljedice\/\">https:\/\/net.hr\/danas\/prezivjeli-smo-i-gore-jedna-od-prvih-zrtvi-opake-spanjolske-gripe-bio-je-djed-najmocnijeg-covjeka-danasnjice-sve-je-imalo-i-politicke-posljedice\/<\/a><\/p>\n<p>&nbsp;<\/p>\n<p>&nbsp;<\/p>\n<p><strong>Predstavljamo historiografske \u201czdravstvene djelatnike\u201d: Nikola Anu\u0161i\u0107<\/strong><\/p>\n<p><a href=\"https:\/\/historiografija.hr\/?p=19654\">https:\/\/historiografija.hr\/?p=19654<\/a><\/p>\n<p>&nbsp;<\/p>\n<p>&nbsp;<\/p>\n<p><strong>Predstavljamo historiografske \u201czdravstvene radnice\u201d: Iva Milovan Deli\u0107<\/strong><\/p>\n<p><a href=\"https:\/\/historiografija.hr\/?p=19681\">https:\/\/historiografija.hr\/?p=19681<\/a><\/p>\n<p>&nbsp;<\/p>\n<p>&nbsp;<\/p>\n<p>&nbsp;<\/p>\n<p>&nbsp;<\/p>\n<p>&nbsp;<\/p>\n","protected":false},"excerpt":{"rendered":"","protected":false},"author":2,"featured_media":19679,"comment_status":"open","ping_status":"open","sticky":false,"template":"","format":"standard","meta":{"_acf_changed":false,"jetpack_post_was_ever_published":false,"_jetpack_newsletter_access":"","_jetpack_dont_email_post_to_subs":false,"_jetpack_newsletter_tier_id":0,"_jetpack_memberships_contains_paywalled_content":false,"_jetpack_memberships_contains_paid_content":false,"footnotes":"","jetpack_publicize_message":"","jetpack_publicize_feature_enabled":true,"jetpack_social_post_already_shared":true,"jetpack_social_options":{"image_generator_settings":{"template":"highway","default_image_id":0,"font":"","enabled":false},"version":2}},"categories":[3],"tags":[],"class_list":["post-19678","post","type-post","status-publish","format-standard","has-post-thumbnail","hentry","category-novosti"],"acf":{"facebook_opis":""},"jetpack_publicize_connections":[],"jetpack_featured_media_url":"https:\/\/i0.wp.com\/historiografija.hr\/wp-content\/uploads\/2020\/03\/Spanish.jpeg?fit=400%2C484&ssl=1","jetpack_sharing_enabled":true,"jetpack-related-posts":[{"id":52439,"url":"https:\/\/historiografija.hr\/?p=52439","url_meta":{"origin":19678,"position":0},"title":"Tribina &#8220;Ahmi\u0107i 33 godine kasnije: Ne u na\u0161e ime&#8221;","author":"Branimir Jankovi\u0107","date":"16. travnja 2026.","format":false,"excerpt":"U \u010detvrtak, 16. travnja 2026. u 17 sati u Knji\u017enici i \u010ditaonici Bogdana Ogrizovi\u0107a u Zagrebu odr\u017eat \u0107e se tribina pod nazivom Ahmi\u0107i 33 godine kasnije: Ne u na\u0161e ime. Na tribini \u0107e govoriti Ivica \u0110iki\u0107, novinar, Mubera Masli\u0107 \u2013 \u017ddralovi\u0107, aktivistikinja, prevoditeljica za arapski, Domagoj Fuk, student politologije, \u010dlan\u2026","rel":"","context":"U &quot;Novosti&quot;","block_context":{"text":"Novosti","link":"https:\/\/historiografija.hr\/?cat=3"},"img":{"alt_text":"","src":"https:\/\/i0.wp.com\/historiografija.hr\/wp-content\/uploads\/2026\/04\/Zagreb_2026.jpeg?fit=1200%2C900&ssl=1&resize=350%2C200","width":350,"height":200,"srcset":"https:\/\/i0.wp.com\/historiografija.hr\/wp-content\/uploads\/2026\/04\/Zagreb_2026.jpeg?fit=1200%2C900&ssl=1&resize=350%2C200 1x, https:\/\/i0.wp.com\/historiografija.hr\/wp-content\/uploads\/2026\/04\/Zagreb_2026.jpeg?fit=1200%2C900&ssl=1&resize=525%2C300 1.5x, https:\/\/i0.wp.com\/historiografija.hr\/wp-content\/uploads\/2026\/04\/Zagreb_2026.jpeg?fit=1200%2C900&ssl=1&resize=700%2C400 2x, https:\/\/i0.wp.com\/historiografija.hr\/wp-content\/uploads\/2026\/04\/Zagreb_2026.jpeg?fit=1200%2C900&ssl=1&resize=1050%2C600 3x"},"classes":[]},{"id":52559,"url":"https:\/\/historiografija.hr\/?p=52559","url_meta":{"origin":19678,"position":1},"title":"Dobitnici dr\u017eavne nagrade za znanost za 2024. godinu","author":"Branimir Jankovi\u0107","date":"20. travnja 2026.","format":false,"excerpt":"Na sjednici Odbora za podjelu dr\u017eavnih nagrada za znanost odr\u017eanoj 16. travnja 2026. godine donesena je Odluka o dodjeli dr\u017eavnih nagrada za znanost za 2024. godinu. Godi\u0161njom nagradom za popularizaciju i promid\u017ebu znanosti nagra\u0111eni su u podru\u010dju humanisti\u010dkih znanosti znanstveni suradnici dr. sc. Josip Mihaljevi\u0107 i dr. sc. Gordan Ravan\u010di\u0107,\u2026","rel":"","context":"U &quot;Novosti&quot;","block_context":{"text":"Novosti","link":"https:\/\/historiografija.hr\/?cat=3"},"img":{"alt_text":"","src":"https:\/\/i0.wp.com\/historiografija.hr\/wp-content\/uploads\/2021\/12\/povijesne-kontroverze.jpg?fit=1200%2C675&ssl=1&resize=350%2C200","width":350,"height":200,"srcset":"https:\/\/i0.wp.com\/historiografija.hr\/wp-content\/uploads\/2021\/12\/povijesne-kontroverze.jpg?fit=1200%2C675&ssl=1&resize=350%2C200 1x, https:\/\/i0.wp.com\/historiografija.hr\/wp-content\/uploads\/2021\/12\/povijesne-kontroverze.jpg?fit=1200%2C675&ssl=1&resize=525%2C300 1.5x, https:\/\/i0.wp.com\/historiografija.hr\/wp-content\/uploads\/2021\/12\/povijesne-kontroverze.jpg?fit=1200%2C675&ssl=1&resize=700%2C400 2x, https:\/\/i0.wp.com\/historiografija.hr\/wp-content\/uploads\/2021\/12\/povijesne-kontroverze.jpg?fit=1200%2C675&ssl=1&resize=1050%2C600 3x"},"classes":[]},{"id":52704,"url":"https:\/\/historiografija.hr\/?p=52704","url_meta":{"origin":19678,"position":2},"title":"Predstavljanje knjige &#8220;Vladimir Vasiljevi\u0107: Moji do\u017eivljaji. Dnevni\u010dki zapisi iz Prvoga svjetskog rata i poratnoga vremena&#8221;","author":"Filip \u0160imunjak","date":"29. travnja 2026.","format":false,"excerpt":"Doga\u0111anja ovogodi\u0161njega Festivala povijesti Kliofest zapo\u010dinjemo ve\u0107 i prije samoga slu\u017ebenog otvaranja, predstavljanjem knjige \u201eMoji do\u017eivljaji. Dnevni\u010dki zapisi iz Prvoga svjetskog rata i poratnoga vremena\u201d Vladimira Vasiljevi\u0107a, koju su priredili Karlo Rukavina i Damir Agi\u010di\u0107. Pozivamo Vas na predstavljanje koje \u0107e se odr\u017eati u ponedjeljak 4. svibnja, s po\u010detkom u\u2026","rel":"","context":"U &quot;Knjige&quot;","block_context":{"text":"Knjige","link":"https:\/\/historiografija.hr\/?cat=8"},"img":{"alt_text":"","src":"https:\/\/i0.wp.com\/historiografija.hr\/wp-content\/uploads\/2026\/04\/Naslovna-V.-Vasiljevic.webp?fit=1200%2C600&ssl=1&resize=350%2C200","width":350,"height":200,"srcset":"https:\/\/i0.wp.com\/historiografija.hr\/wp-content\/uploads\/2026\/04\/Naslovna-V.-Vasiljevic.webp?fit=1200%2C600&ssl=1&resize=350%2C200 1x, https:\/\/i0.wp.com\/historiografija.hr\/wp-content\/uploads\/2026\/04\/Naslovna-V.-Vasiljevic.webp?fit=1200%2C600&ssl=1&resize=525%2C300 1.5x, https:\/\/i0.wp.com\/historiografija.hr\/wp-content\/uploads\/2026\/04\/Naslovna-V.-Vasiljevic.webp?fit=1200%2C600&ssl=1&resize=700%2C400 2x, https:\/\/i0.wp.com\/historiografija.hr\/wp-content\/uploads\/2026\/04\/Naslovna-V.-Vasiljevic.webp?fit=1200%2C600&ssl=1&resize=1050%2C600 3x"},"classes":[]},{"id":52148,"url":"https:\/\/historiografija.hr\/?p=52148","url_meta":{"origin":19678,"position":3},"title":"Poziv za prijavu na me\u0111unarodnu znanstvenu konferenciju \u201eGranice (ne)slobode: Zadarski krug 1966. Intelektualna opozicija u totalitarnom dru\u0161tvu\u201c","author":"Branimir Jankovi\u0107","date":"27. o\u017eujka 2026.","format":false,"excerpt":"\u00a0\u00a0\u00a0\u00a0 Povodom \u0161ezdesete obljetnice poku\u0161aja osnivanja \u010dasopisa Slobodan glas u Zadru 1966. godine, pozivamo vas na znanstvenu konferenciju posve\u0107enu istra\u017eivanju disidentstva, intelektualne opozicije i granica divergentnog mi\u0161ljenja nasuprot slu\u017ebenoj ideologiji u komunisti\u010dkoj Jugoslaviji. Ideja konferencije je analizirati konkretan fenomen zadarskog slu\u010daja razloge i okolnosti njegove pojave, ali uz otvaranje komparativnih\u2026","rel":"","context":"U &quot;Novosti&quot;","block_context":{"text":"Novosti","link":"https:\/\/historiografija.hr\/?cat=3"},"img":{"alt_text":"","src":"https:\/\/i0.wp.com\/historiografija.hr\/wp-content\/uploads\/2026\/03\/Poziv-konferencija-Zadar.jpg?fit=1200%2C509&ssl=1&resize=350%2C200","width":350,"height":200,"srcset":"https:\/\/i0.wp.com\/historiografija.hr\/wp-content\/uploads\/2026\/03\/Poziv-konferencija-Zadar.jpg?fit=1200%2C509&ssl=1&resize=350%2C200 1x, https:\/\/i0.wp.com\/historiografija.hr\/wp-content\/uploads\/2026\/03\/Poziv-konferencija-Zadar.jpg?fit=1200%2C509&ssl=1&resize=525%2C300 1.5x, https:\/\/i0.wp.com\/historiografija.hr\/wp-content\/uploads\/2026\/03\/Poziv-konferencija-Zadar.jpg?fit=1200%2C509&ssl=1&resize=700%2C400 2x, https:\/\/i0.wp.com\/historiografija.hr\/wp-content\/uploads\/2026\/03\/Poziv-konferencija-Zadar.jpg?fit=1200%2C509&ssl=1&resize=1050%2C600 3x"},"classes":[]},{"id":52633,"url":"https:\/\/historiografija.hr\/?p=52633","url_meta":{"origin":19678,"position":4},"title":"POVIJEST TRE\u0160NJEVA\u010cKE GLAZBE: prikupljanje virtualnog fundusa Muzeja susjedstva Tre\u0161njevka","author":"Branimir Jankovi\u0107","date":"23. travnja 2026.","format":false,"excerpt":"utorak 28. 4. 2026. 14 - 18 h Nova BAZA, Nova cesta 66, Zagreb Prvi su dani ljeta 1957. godine. Bo\u017eica Kalafati\u0107 poha\u0111a drugi razred Osnovne \u0161kole Bratstvo i jedinstvo, danas kralja Tomislava, a ide i na muzi\u010dke satove u Mo\u0161\u0107eni\u010dkoj ulici. Na fotografiji s harmonikom u rukama stoji u\u2026","rel":"","context":"U &quot;Novosti&quot;","block_context":{"text":"Novosti","link":"https:\/\/historiografija.hr\/?cat=3"},"img":{"alt_text":"","src":"https:\/\/i0.wp.com\/historiografija.hr\/wp-content\/uploads\/2026\/04\/MST_prikupljanje.jpg?fit=380%2C475&ssl=1&resize=350%2C200","width":350,"height":200},"classes":[]},{"id":52589,"url":"https:\/\/historiografija.hr\/?p=52589","url_meta":{"origin":19678,"position":5},"title":"Predstavljena knjiga Miomira \u017du\u017eula &#8220;Dayton: Diplomacija &#8211; druga strana rata&#8221;","author":"Branimir Jankovi\u0107","date":"22. travnja 2026.","format":false,"excerpt":"Knjiga Miomira \u017du\u017eula \u201eDayton: Diplomacija \u2013 druga strana rata\u201d predstavljena je u srijedu, 22. travnja 2026. godine u foajeu Hrvatskoga narodnog kazali\u0161ta u Zagrebu. Op\u0161irnije: https:\/\/vijesti.hrt.hr\/hrvatska\/predstavljena-knjiga-miomira-zuzula-dayton-diplomacija-druga-strana-rata-12683259 https:\/\/www.vecernji.ba\/amp\/vijesti\/zuzulova-knjiga-o-daytonu-predstavljena-u-zagrebu-diplomacija-kao-druga-strana-rata-1953700 https:\/\/www.tportal.hr\/vijesti\/clanak\/bivsi-sanaderov-ministar-odrzao-promociju-evo-tko-je-sve-dosao-na-predstavljanje-knjige-miomira-zuzula-foto-20260422 https:\/\/direktno.hr\/zivot\/kultura\/zuzul-otkrio-sve-o-drugoj-strani-rata-za-hrvatsku-se-nije-libio-povuci-nekoga-i-za-kosu-395042 https:\/\/www.24sata.hr\/news\/miomir-zuzul-predstavio-je-knjigu-o-daytonu-diplomacija-je-bila-druga-strana-rata-1123152 https:\/\/www.vecernji.hr\/kultura\/kolinda-grabar-kitarovic-otvoreno-miomir-zuzul-nije-vukao-samo-za-rukav-nego-i-za-kosu-1953722 https:\/\/www.vecernji.hr\/kultura\/i-papa-lav-xiv-eksplicitno-je-daytonski-sporazum-istaknuo-kao-primjer-uspjesna-rjesavanja-sukoba-1952215","rel":"","context":"U &quot;Novosti&quot;","block_context":{"text":"Novosti","link":"https:\/\/historiografija.hr\/?cat=3"},"img":{"alt_text":"","src":"https:\/\/i0.wp.com\/historiografija.hr\/wp-content\/uploads\/2026\/04\/Dayton.jpg?fit=1024%2C683&ssl=1&resize=350%2C200","width":350,"height":200,"srcset":"https:\/\/i0.wp.com\/historiografija.hr\/wp-content\/uploads\/2026\/04\/Dayton.jpg?fit=1024%2C683&ssl=1&resize=350%2C200 1x, https:\/\/i0.wp.com\/historiografija.hr\/wp-content\/uploads\/2026\/04\/Dayton.jpg?fit=1024%2C683&ssl=1&resize=525%2C300 1.5x, https:\/\/i0.wp.com\/historiografija.hr\/wp-content\/uploads\/2026\/04\/Dayton.jpg?fit=1024%2C683&ssl=1&resize=700%2C400 2x"},"classes":[]}],"_links":{"self":[{"href":"https:\/\/historiografija.hr\/index.php?rest_route=\/wp\/v2\/posts\/19678","targetHints":{"allow":["GET"]}}],"collection":[{"href":"https:\/\/historiografija.hr\/index.php?rest_route=\/wp\/v2\/posts"}],"about":[{"href":"https:\/\/historiografija.hr\/index.php?rest_route=\/wp\/v2\/types\/post"}],"author":[{"embeddable":true,"href":"https:\/\/historiografija.hr\/index.php?rest_route=\/wp\/v2\/users\/2"}],"replies":[{"embeddable":true,"href":"https:\/\/historiografija.hr\/index.php?rest_route=%2Fwp%2Fv2%2Fcomments&post=19678"}],"version-history":[{"count":6,"href":"https:\/\/historiografija.hr\/index.php?rest_route=\/wp\/v2\/posts\/19678\/revisions"}],"predecessor-version":[{"id":19700,"href":"https:\/\/historiografija.hr\/index.php?rest_route=\/wp\/v2\/posts\/19678\/revisions\/19700"}],"wp:featuredmedia":[{"embeddable":true,"href":"https:\/\/historiografija.hr\/index.php?rest_route=\/wp\/v2\/media\/19679"}],"wp:attachment":[{"href":"https:\/\/historiografija.hr\/index.php?rest_route=%2Fwp%2Fv2%2Fmedia&parent=19678"}],"wp:term":[{"taxonomy":"category","embeddable":true,"href":"https:\/\/historiografija.hr\/index.php?rest_route=%2Fwp%2Fv2%2Fcategories&post=19678"},{"taxonomy":"post_tag","embeddable":true,"href":"https:\/\/historiografija.hr\/index.php?rest_route=%2Fwp%2Fv2%2Ftags&post=19678"}],"curies":[{"name":"wp","href":"https:\/\/api.w.org\/{rel}","templated":true}]}}