{"id":19673,"date":"2020-03-17T10:46:40","date_gmt":"2020-03-17T10:46:40","guid":{"rendered":"http:\/\/historiografija.hr\/?p=19673"},"modified":"2020-03-17T11:08:15","modified_gmt":"2020-03-17T11:08:15","slug":"edward-ross-dickinson-the-world-in-the-long-twentieth-century-an-interpretive-history","status":"publish","type":"post","link":"https:\/\/historiografija.hr\/?p=19673","title":{"rendered":"Edward Ross Dickinson, \u201cThe World in the Long Twentieth Century: An Interpretive History\u201d"},"content":{"rendered":"<p>What can be called the long twentieth century represents the most miraculous and creative era in human history. It was also the most destructive. Over the past 150 years, modern societies across the globe have passed through an extraordinary and completely unprecedented transformation rooted in the technological developments of the nineteenth century. <em>The World in the Long Twentieth Century<\/em> lays out a framework for understanding the fundamental factors that have shaped our world on a truly global scale, analyzing the historical trends, causes, and consequences of the key forces at work. Spanning the 1870s to the present, this book explores the making of the modern world as a connected pattern of global developments. Students will learn to think about the past two centuries as a process, a series of political and economic upheavals, technological advances, and environmental transformations that have shaped the\u00a0long\u00a0twentieth century.<\/p>\n<p>&nbsp;<\/p>\n<p><strong>About the Author<\/strong><\/p>\n<p><strong>Edward Ross Dickinson<\/strong> is Professor of History at the University of California, Davis. He is the author of <em>The Politics of German Child Welfare;<\/em>\u00a0<em>Sex, Freedom, and Power in Imperial Germany<\/em>; and<em> Dancing in the Blood: Modern Dance and European Culture on the Eve of the First World War.<\/em><\/p>\n<p>&nbsp;<\/p>\n<p><strong>Reviews<\/strong><\/p>\n<p>&#8220;Edward Dickinson has written a very important and original survey of modern world history, one that deserves to be widely read and discussed. For specialists in the history of the twentieth century, this is an indispensable text.&#8221;<em>\u2014Journal of Modern History<\/em><\/p>\n<p>&#8220;Clearly written and brimming with insight, Dickinson&#8217;s global history of the past 150 years is a tour de force. Both novice and veteran historians will find the perspectives in these pages illuminating, especially with respect to political, economic, and environmental history.&#8221;\u2014J. R. McNeill, author of\u00a0<em>Something New Under the Sun: An Environmental History of the 20th-Century World<\/em><\/p>\n<p>&#8220;<em>The World in the Long Twentieth Century <\/em>offers a sweeping account of the powerful forces that have reshaped our world in modern times. The narrative arc of &#8216;expansion,&#8217; &#8216;explosion,&#8217; and &#8216;acceleration&#8217; is compelling, and Dickinson\u2019s strongly argued and well-supported emphasis on transformative technological, economic, and environmental forces is original. Moving beyond well-known cultural and political dimensions, this book presents a considerable amount of little-known information\u2014often illustrated through fresh graphic presentations\u2014that offers new ways to integrate this timely history into a truly global frame.&#8221;\u2014Ian Christopher Fletcher, coeditor of\u00a0<em>Women&#8217;s Suffrage in the British Empire: Citizenship, Nation, and Race\u00a0<\/em><\/p>\n<p>&nbsp;<\/p>\n<p>&#8220;<em>The World in the Long Twentieth Century<\/em> is a remarkable contribution, offering a truly innovative approach to global history that lays the historical groundwork for understanding the socially and ecologically challenged world we confront today. It tells the story of the past 150 years from the planetary level, that is, from the perspective of human existence in and transformation of the natural world. With this planetary-ecological lens, Dickinson finds a compelling framework with which to synthesize the generally unsynthesizable twentieth century, with stories of mass migration, of imperialism and war and decolonization, of technological and economic transformation of the earth, and of the human condition.&#8221;\u2014Tracie Matysik, author of <em>Reforming the Moral Subject: Ethics and Sexuality in Central Europe, 1890-1930<\/em><\/p>\n<p>&#8220;College teachers at all levels will welcome Dickinson\u2019s <em>The World in the Long Twentieth Century<\/em>, an insightful thematic approach to recent world history that presents a clear, logical, and fascinating alternative to traditional textbooks. His focus on long-term, worldwide changes\u2014such as migration patterns, the removal of peasants from grasslands, and the &#8216;explosion&#8217; of the early twentieth century\u2014will give students a firm basis for understanding the forces that have built their world. This book is an intelligent, original conceptualization of world history that will stimulate student thinking and discussion. I cannot recommend it highly enough.&#8221;\u2014Shennan Hutton, editor of <em>Sites of Encounter in the Medieval World,\u00a0<\/em>Lecturer in History at University of California, Davis<\/p>\n<p>&nbsp;<\/p>\n<p><strong>Table of Contents<\/strong><\/p>\n<p>Introduction<\/p>\n<p>1. The Biological Transformation of Modern Times<br \/>\nPopulation Explosion, 1800\u20132000<br \/>\nExpansion into Challenging Biomes, 1800\u20132000<br \/>\nA Century of Mass Migrations, 1840\u20131940<br \/>\n2. Foundations of the Modern Global Economy<br \/>\nThe Global Development Project, 1850\u20131930<br \/>\nScientific-Technical Revolution, 1850\u20131900<br \/>\nTechnological Change, Efficiency, and Growth, 1850\u20131930<\/p>\n<p>3. Reorganizing the Global Economy<br \/>\nGlobal Commodity Extraction, 1870\u20131914<br \/>\nFree Trade and Emancipation, 1840\u20131890<br \/>\n\u201cFree\u201d Trade and Imperialism, 1840\u20131920<\/p>\n<p>4. Localization and Globalization<br \/>\nRace, Ethnicity, and Nationalism, 1830\u20131940<br \/>\nCultural Globalization: Religious Innovation, 1800\u20131920<br \/>\nCultural Globalization: Peace and Dance, 1890\u20131930<\/p>\n<p>5. The Great Explosion<br \/>\nThe Global Revolutionary Moment, 1890\u20131923<br \/>\nWar for World Domination: Phase I, 1914\u20131923<br \/>\nThe Problem of the Peasant in the 1920s and 1930s<\/p>\n<p>6. New World (Dis)Order<br \/>\nWar for World Domination: Phase II, 1935\u20131950<br \/>\nDecolonization and Cold War, 1945\u20131990<\/p>\n<p>7. High Modernity<br \/>\nThe Great Acceleration, 1950\u20131975<br \/>\nThe Welfare State, 1950\u20131975<br \/>\nDevelopment, 1950\u20131980<\/p>\n<p>8. Revolt and Refusal<br \/>\nCounterglobalization, 1960\u20131980<br \/>\nThe Great Deceleration? 1975\u20131990<br \/>\nThe Ecological Moment, 1960\u20131990<\/p>\n<p>9. Transformative Modernity<br \/>\nReal Development, 1975\u20132000<br \/>\nThe New Right, 1968\u20132000<br \/>\nThe Gender Revolution, 1950\u20132000<\/p>\n<p>10. Democracy and Capitalism Triumphant?<br \/>\nThe Global Triumph of Democracy after 1980<br \/>\n\u201cFinancialization\u201d<br \/>\nThe End of the World?<br \/>\nThe End of the \u201cNatural\u201d World<br \/>\nThe End of the Twentieth Century<\/p>\n<p>Notes<br \/>\nSelect Bibliography<br \/>\nIllustration Credits<br \/>\nIndex<\/p>\n<p>&nbsp;<\/p>\n<p><a href=\"https:\/\/www.ucpress.edu\/book\/9780520285552\/the-world-in-the-long-twentieth-century\">https:\/\/www.ucpress.edu\/book\/9780520285552\/the-world-in-the-long-twentieth-century<\/a><\/p>\n<p>&nbsp;<\/p>\n<p>&nbsp;<\/p>\n","protected":false},"excerpt":{"rendered":"","protected":false},"author":2,"featured_media":19674,"comment_status":"open","ping_status":"open","sticky":false,"template":"","format":"standard","meta":{"_acf_changed":false,"jetpack_post_was_ever_published":false,"_jetpack_newsletter_access":"","_jetpack_dont_email_post_to_subs":false,"_jetpack_newsletter_tier_id":0,"_jetpack_memberships_contains_paywalled_content":false,"_jetpack_memberships_contains_paid_content":false,"footnotes":"","jetpack_publicize_message":"","jetpack_publicize_feature_enabled":true,"jetpack_social_post_already_shared":true,"jetpack_social_options":{"image_generator_settings":{"template":"highway","default_image_id":0,"font":"","enabled":false},"version":2}},"categories":[8,3],"tags":[],"class_list":["post-19673","post","type-post","status-publish","format-standard","has-post-thumbnail","hentry","category-knjige","category-novosti"],"acf":{"facebook_opis":""},"jetpack_publicize_connections":[],"jetpack_featured_media_url":"https:\/\/i0.wp.com\/historiografija.hr\/wp-content\/uploads\/2020\/03\/World.jpg?fit=300%2C370&ssl=1","jetpack_sharing_enabled":true,"jetpack-related-posts":[{"id":52516,"url":"https:\/\/historiografija.hr\/?p=52516","url_meta":{"origin":19673,"position":0},"title":"Marko Grde\u0161i\u0107, Mislav \u017ditko, \u201eSocialist Economics in Yugoslavia: A Critical History\u201c","author":"Branimir Jankovi\u0107","date":"17. travnja 2026.","format":false,"excerpt":"This book presents a critical history of Yugoslav socialist economics, from its inception in the late 1940s to its dissolution in the late 1980s. After the dramatic break with the Soviet Union in 1948, Yugoslavia found itself in urgent need of a third way: A socialist trajectory which would not\u2026","rel":"","context":"U &quot;Knjige&quot;","block_context":{"text":"Knjige","link":"https:\/\/historiografija.hr\/?cat=8"},"img":{"alt_text":"","src":"https:\/\/i0.wp.com\/historiografija.hr\/wp-content\/uploads\/2026\/04\/Zitko_Grdesic.jpg?fit=350%2C535&ssl=1&resize=350%2C200","width":350,"height":200},"classes":[]},{"id":52580,"url":"https:\/\/historiografija.hr\/?p=52580","url_meta":{"origin":19673,"position":1},"title":"Conference &#8220;Living in the aftermaths: Trauma, politics and survival in Yugoslavia and successor states, 1945 \u2013 present&#8221;","author":"Branimir Jankovi\u0107","date":"21. travnja 2026.","format":false,"excerpt":"The conference aims to explore how war-related psychological distress was experienced, narrated, debated and reframed in Yugoslavia in the second half of the twentieth century. It asks how the theme of wounded psyche and wartime suffering was addressed and acknowledged in political, psychiatric and broader cultural discourses of socialist Yugoslavia,\u2026","rel":"","context":"U &quot;Novosti&quot;","block_context":{"text":"Novosti","link":"https:\/\/historiografija.hr\/?cat=3"},"img":{"alt_text":"","src":"https:\/\/i0.wp.com\/historiografija.hr\/wp-content\/uploads\/2026\/04\/Battle_of_Neretva_Picasso_poster-Conference-Living-in-the-aftermaths.webp?fit=564%2C954&ssl=1&resize=350%2C200","width":350,"height":200,"srcset":"https:\/\/i0.wp.com\/historiografija.hr\/wp-content\/uploads\/2026\/04\/Battle_of_Neretva_Picasso_poster-Conference-Living-in-the-aftermaths.webp?fit=564%2C954&ssl=1&resize=350%2C200 1x, https:\/\/i0.wp.com\/historiografija.hr\/wp-content\/uploads\/2026\/04\/Battle_of_Neretva_Picasso_poster-Conference-Living-in-the-aftermaths.webp?fit=564%2C954&ssl=1&resize=525%2C300 1.5x"},"classes":[]},{"id":52664,"url":"https:\/\/historiografija.hr\/?p=52664","url_meta":{"origin":19673,"position":2},"title":"CfP: CONFERENCE OF THE HISTORY OF CONCEPTS GROUP, HELSINKI, 19TH\u201321ST AUGUST 2026 (DEADLINE: 30TH APRIL 2026)","author":"Branimir Jankovi\u0107","date":"24. travnja 2026.","format":false,"excerpt":"The annual conference of the History of Concepts Group is held at the University of Helsinki, 19-21 August 2026. Conference of the History of Concepts Group Conceptual history studies the use of concepts and tries to understand how historical actors have linguistically articulated views of the world. Studying concepts from\u2026","rel":"","context":"U &quot;Novosti&quot;","block_context":{"text":"Novosti","link":"https:\/\/historiografija.hr\/?cat=3"},"img":{"alt_text":"","src":"https:\/\/i0.wp.com\/historiografija.hr\/wp-content\/uploads\/2017\/10\/hsozkult.png?fit=1006%2C241&ssl=1&resize=350%2C200","width":350,"height":200,"srcset":"https:\/\/i0.wp.com\/historiografija.hr\/wp-content\/uploads\/2017\/10\/hsozkult.png?fit=1006%2C241&ssl=1&resize=350%2C200 1x, https:\/\/i0.wp.com\/historiografija.hr\/wp-content\/uploads\/2017\/10\/hsozkult.png?fit=1006%2C241&ssl=1&resize=525%2C300 1.5x, https:\/\/i0.wp.com\/historiografija.hr\/wp-content\/uploads\/2017\/10\/hsozkult.png?fit=1006%2C241&ssl=1&resize=700%2C400 2x"},"classes":[]},{"id":52679,"url":"https:\/\/historiografija.hr\/?p=52679","url_meta":{"origin":19673,"position":3},"title":"CfP: CHOSEN NATION(S): HISTORICAL AND CULTURAL INTERPRETATIONS OF EXCEPTIONALISM, BUDAPEST, 10TH\u201311TH JUNE 2026 (DEADLINE: 1ST MAY 2026)","author":"Branimir Jankovi\u0107","date":"27. travnja 2026.","format":false,"excerpt":"The Ludovika University of Public Service (NKE) and the Jewish Theological Seminary \u2013 University of Jewish Studies (OR-ZSE) are pleased to announce a joint academic conference on \u201cChosen Nation(s): Historical and Cultural Interpretations of Exceptionalism\u201d, to be held in Budapest, Hungary. Chosen Nation(s): Historical and Cultural Interpretations of Exceptionalism Keynote\u2026","rel":"","context":"U &quot;Novosti&quot;","block_context":{"text":"Novosti","link":"https:\/\/historiografija.hr\/?cat=3"},"img":{"alt_text":"","src":"https:\/\/i0.wp.com\/historiografija.hr\/wp-content\/uploads\/2017\/10\/hsozkult.png?fit=1006%2C241&ssl=1&resize=350%2C200","width":350,"height":200,"srcset":"https:\/\/i0.wp.com\/historiografija.hr\/wp-content\/uploads\/2017\/10\/hsozkult.png?fit=1006%2C241&ssl=1&resize=350%2C200 1x, https:\/\/i0.wp.com\/historiografija.hr\/wp-content\/uploads\/2017\/10\/hsozkult.png?fit=1006%2C241&ssl=1&resize=525%2C300 1.5x, https:\/\/i0.wp.com\/historiografija.hr\/wp-content\/uploads\/2017\/10\/hsozkult.png?fit=1006%2C241&ssl=1&resize=700%2C400 2x"},"classes":[]},{"id":52586,"url":"https:\/\/historiografija.hr\/?p=52586","url_meta":{"origin":19673,"position":4},"title":"Aur\u00e9lie Daher, \u201eHezbollah: Mobilisation and Power\u201c","author":"Branimir Jankovi\u0107","date":"22. travnja 2026.","format":false,"excerpt":"Morning Star \u2018Book of the Year\u2019 Social movement, liberation party or terrorist group? With Hezbollah\u2019s growing involvement in the war in Syria, this study of its impact on Lebanon, drawing heavily on first-hand interviews, could not be more timely. Description Almost forty years after its foundation, Hezbollah remains an enigma.\u2026","rel":"","context":"U &quot;Knjige&quot;","block_context":{"text":"Knjige","link":"https:\/\/historiografija.hr\/?cat=8"},"img":{"alt_text":"","src":"https:\/\/i0.wp.com\/historiografija.hr\/wp-content\/uploads\/2026\/04\/Daher-Hezbollah.jpg?fit=600%2C931&ssl=1&resize=350%2C200","width":350,"height":200,"srcset":"https:\/\/i0.wp.com\/historiografija.hr\/wp-content\/uploads\/2026\/04\/Daher-Hezbollah.jpg?fit=600%2C931&ssl=1&resize=350%2C200 1x, https:\/\/i0.wp.com\/historiografija.hr\/wp-content\/uploads\/2026\/04\/Daher-Hezbollah.jpg?fit=600%2C931&ssl=1&resize=525%2C300 1.5x"},"classes":[]},{"id":52531,"url":"https:\/\/historiografija.hr\/?p=52531","url_meta":{"origin":19673,"position":5},"title":"Jonathan G. Leslie, \u201eFear and Insecurity: Israel and the Iran Threat Narrative\u201c","author":"Branimir Jankovi\u0107","date":"17. travnja 2026.","format":false,"excerpt":"Why is Israel\u2019s former ally Iran now perceived as the country\u2019s greatest threat? Description To observers of the Iran-Israel conflict, its vitriolic rhetoric might suggest an ancient hatred between Jews and Muslims\u2013a biblical feud dating back hundreds, or thousands, of years. But this rivalry is a far more modern development.\u2026","rel":"","context":"U &quot;Knjige&quot;","block_context":{"text":"Knjige","link":"https:\/\/historiografija.hr\/?cat=8"},"img":{"alt_text":"","src":"https:\/\/i0.wp.com\/historiografija.hr\/wp-content\/uploads\/2026\/04\/Leslie.jpg?fit=391%2C612&ssl=1&resize=350%2C200","width":350,"height":200},"classes":[]}],"_links":{"self":[{"href":"https:\/\/historiografija.hr\/index.php?rest_route=\/wp\/v2\/posts\/19673","targetHints":{"allow":["GET"]}}],"collection":[{"href":"https:\/\/historiografija.hr\/index.php?rest_route=\/wp\/v2\/posts"}],"about":[{"href":"https:\/\/historiografija.hr\/index.php?rest_route=\/wp\/v2\/types\/post"}],"author":[{"embeddable":true,"href":"https:\/\/historiografija.hr\/index.php?rest_route=\/wp\/v2\/users\/2"}],"replies":[{"embeddable":true,"href":"https:\/\/historiografija.hr\/index.php?rest_route=%2Fwp%2Fv2%2Fcomments&post=19673"}],"version-history":[{"count":2,"href":"https:\/\/historiografija.hr\/index.php?rest_route=\/wp\/v2\/posts\/19673\/revisions"}],"predecessor-version":[{"id":19677,"href":"https:\/\/historiografija.hr\/index.php?rest_route=\/wp\/v2\/posts\/19673\/revisions\/19677"}],"wp:featuredmedia":[{"embeddable":true,"href":"https:\/\/historiografija.hr\/index.php?rest_route=\/wp\/v2\/media\/19674"}],"wp:attachment":[{"href":"https:\/\/historiografija.hr\/index.php?rest_route=%2Fwp%2Fv2%2Fmedia&parent=19673"}],"wp:term":[{"taxonomy":"category","embeddable":true,"href":"https:\/\/historiografija.hr\/index.php?rest_route=%2Fwp%2Fv2%2Fcategories&post=19673"},{"taxonomy":"post_tag","embeddable":true,"href":"https:\/\/historiografija.hr\/index.php?rest_route=%2Fwp%2Fv2%2Ftags&post=19673"}],"curies":[{"name":"wp","href":"https:\/\/api.w.org\/{rel}","templated":true}]}}