{"id":19654,"date":"2020-03-16T11:10:44","date_gmt":"2020-03-16T11:10:44","guid":{"rendered":"http:\/\/historiografija.hr\/?p=19654"},"modified":"2020-03-17T11:07:11","modified_gmt":"2020-03-17T11:07:11","slug":"predstavljamo-historiografske-zdravstvene-djelatnike-nikola-anusic","status":"publish","type":"post","link":"https:\/\/historiografija.hr\/?p=19654","title":{"rendered":"Predstavljamo historiografske \u201czdravstvene djelatnike\u201d: Nikola Anu\u0161i\u0107"},"content":{"rendered":"<p>Povjesni\u010dar Nikola Anu\u0161i\u0107 (Filozofski fakultet Sveu\u010dili\u0161ta u Zagrebu) doktorirao je na temi \u0160panjolske gripe, o kojoj je objavio knjigu \u201cU sjeni Velikoga rata: pandemija \u0161panjolske gripe 1918.-1919. u sjevernoj Hrvatskoj\u201d i nekoliko priloga, a pisao je i o problematici smrtnosti u Makarskoj u 19. stolje\u0107u te posljedicama kuge u Makarskoj 1815. godine.<\/p>\n<p>&nbsp;<\/p>\n<p><strong><em>U sjeni Velikoga rata: pandemija \u0161panjolske gripe 1918.-1919. u sjevernoj Hrvatskoj. Metodolo\u0161ki izazovi demografske analize<\/em><\/strong>, Zagreb: Srednja Europa, 2015.<\/p>\n<p><a href=\"https:\/\/srednja-europa.hr\/proizvod\/u-sjeni-velikoga-rata\/\">https:\/\/srednja-europa.hr\/proizvod\/u-sjeni-velikoga-rata\/<\/a><\/p>\n<p><a href=\"https:\/\/www.mvinfo.hr\/knjiga\/11000\/u-sjeni-velikoga-rata-pandemija-spanjolske-gripe-1918-1919-u-sjevernoj-hrvatskoj\">https:\/\/www.mvinfo.hr\/knjiga\/11000\/u-sjeni-velikoga-rata-pandemija-spanjolske-gripe-1918-1919-u-sjevernoj-hrvatskoj<\/a><\/p>\n<p>&nbsp;<\/p>\n<p>Kad smrt po\u017edere smrt: utjecaj pandemije \u0161panjolske gripe iz 1918. godine\u00a0 na dinamiku patoceni\u010dne promjene u sjevernoj Hrvatskoj. <em>Smrt u opusu Vladana Desnice i europskoj kulturi: poeti\u010dki, povijesni i filozofski aspekti: zbornik radova s me\u0111unarodnoga znanstvenog skupa Desni\u010dini susreti 2017.<\/em> \/ uredili Ivana Cvijovi\u0107 Javorina, Drago Roksandi\u0107. Zagreb : FF press [i. e.] Filozofski fakultet, 2018<\/p>\n<p><a href=\"http:\/\/ckhis.ffzg.unizg.hr\/files\/file\/pdf\/Desnicini-susreti\/DS-2017-pdf\/DS-16-Zbornik-DS-2017-30-Anusic.pdf\">http:\/\/ckhis.ffzg.unizg.hr\/files\/file\/pdf\/Desnicini-susreti\/DS-2017-pdf\/DS-16-Zbornik-DS-2017-30-Anusic.pdf<\/a><\/p>\n<p>&nbsp;<\/p>\n<p>Utjecaj pandemije \u0161panjolske gripe 1918. \u2013 1919. na poslijeratnu demografsku obnovu u sjevernoj Hrvatskoj. <span class=\"citation\"><em>Spalatumque dedit ortum. Zbornik povodom desete godi\u0161njice Odsjeka za povijest Filozofskog fakulteta u Splitu. <\/em>Uredili Ivan Basi\u0107, Marko Rimac. Split: Filozofski fakultet u Splitu, Odsjek za povijest, 2014, str. 479-498.<\/span><\/p>\n<p><a href=\"https:\/\/www.bib.irb.hr\/919644\">https:\/\/www.bib.irb.hr\/919644<\/a><\/p>\n<p>&nbsp;<\/p>\n<p>Socijalna obilje\u017eja smrtnosti u Makarskoj u drugoj polovici 19. stolje\u0107a. <em>Radovi (Zavod za hrvatsku povijest)<\/em>, 40 (2008); str. 119-149.<\/p>\n<p><a href=\"https:\/\/hrcak.srce.hr\/49039\">https:\/\/hrcak.srce.hr\/49039<\/a><\/p>\n<p>&nbsp;<\/p>\n<p>&#8220;Rajna smrt&#8221; &#8211; prilog istra\u017eivanju smrtnosti djece u Makarskoj 19. stolje\u0107a. <em>Radovi<\/em> (Zavod za hrvatsku povijest), 38 (2006); str. 161-175.<\/p>\n<p><a href=\"https:\/\/hrcak.srce.hr\/51818\">https:\/\/hrcak.srce.hr\/51818<\/a><\/p>\n<p>&nbsp;<\/p>\n<p><em>Kuga u Makarskoj i Primorju 1815.: zbornik radova sa znanstvenog skupa odr\u017eanog od 2. do 4. prosinca 2015. u Makarskoj<\/em> = Plague in Makarska and Primorje 1815 : proceedings of the academic conference held in Makarska, December 2-4, 2015 \/ uredio, edited by Marinko Tomasovi\u0107. Makarska: Gradski muzej, 2017.<\/p>\n<p><a href=\"https:\/\/historiografija.hr\/?p=9327\">https:\/\/historiografija.hr\/?p=9327<\/a><\/p>\n<p><a href=\"http:\/\/www.matica.hr\/hr\/547\/posljednja-epidemija-kuge-u-europi-poharala-je-i-makarsku-28065\/\">http:\/\/www.matica.hr\/hr\/547\/posljednja-epidemija-kuge-u-europi-poharala-je-i-makarsku-28065\/<\/a><\/p>\n<p><a href=\"https:\/\/www.bib.irb.hr\/919636\">https:\/\/www.bib.irb.hr\/919636<\/a><\/p>\n<p>&nbsp;<\/p>\n<p><a href=\"https:\/\/i0.wp.com\/historiografija.hr\/wp-content\/uploads\/2020\/03\/Anusic.jpg?ssl=1\"><img data-recalc-dims=\"1\" loading=\"lazy\" decoding=\"async\" data-attachment-id=\"19657\" data-permalink=\"https:\/\/historiografija.hr\/?attachment_id=19657\" data-orig-file=\"https:\/\/i0.wp.com\/historiografija.hr\/wp-content\/uploads\/2020\/03\/Anusic.jpg?fit=275%2C183&amp;ssl=1\" data-orig-size=\"275,183\" data-comments-opened=\"1\" data-image-meta=\"{&quot;aperture&quot;:&quot;0&quot;,&quot;credit&quot;:&quot;&quot;,&quot;camera&quot;:&quot;&quot;,&quot;caption&quot;:&quot;&quot;,&quot;created_timestamp&quot;:&quot;0&quot;,&quot;copyright&quot;:&quot;&quot;,&quot;focal_length&quot;:&quot;0&quot;,&quot;iso&quot;:&quot;0&quot;,&quot;shutter_speed&quot;:&quot;0&quot;,&quot;title&quot;:&quot;&quot;,&quot;orientation&quot;:&quot;0&quot;}\" data-image-title=\"Anusic\" data-image-description=\"\" data-image-caption=\"\" data-large-file=\"https:\/\/i0.wp.com\/historiografija.hr\/wp-content\/uploads\/2020\/03\/Anusic.jpg?fit=275%2C183&amp;ssl=1\" class=\"alignnone size-full wp-image-19657\" src=\"https:\/\/i0.wp.com\/historiografija.hr\/wp-content\/uploads\/2020\/03\/Anusic.jpg?resize=275%2C183&#038;ssl=1\" alt=\"\" width=\"275\" height=\"183\" \/><\/a><\/p>\n<p>&nbsp;<\/p>\n<p>STO GODINA OD PANDEMIJE \u0160PANJOLSKE GRIPE (1918\u20132018)<\/p>\n<p>Najve\u0107a po\u0161ast svih vremena<\/p>\n<p><a href=\"http:\/\/www.matica.hr\/vijenac\/646\/najveca-posast-svih-vremena-28538\/\">http:\/\/www.matica.hr\/vijenac\/646\/najveca-posast-svih-vremena-28538\/<\/a><\/p>\n<p>&nbsp;<\/p>\n<p>Emisija \u201cKozmos i etos\u201d: pandemija \u0161panjolske gripe<\/p>\n<p><a href=\"https:\/\/historiografija.hr\/?p=11914\">https:\/\/historiografija.hr\/?p=11914<\/a><\/p>\n<p>&nbsp;<\/p>\n<p>Kliofest 2018: Okrugli stol \u201cStogodi\u0161njica Velike pandemije \u2013 za\u0161to i kako istra\u017eivati \u0161panjolsku gripu\u201d<\/p>\n<p><a href=\"https:\/\/historiografija.hr\/?p=9671\">https:\/\/historiografija.hr\/?p=9671<\/a><\/p>\n<p>&nbsp;<\/p>\n<p>8. kolokvij iz povijesti i fIlozofije znanosti \u0160PANJOLSKA GRIPA u Velikoj Gorici<\/p>\n<p><a href=\"https:\/\/historiografija.hr\/?p=12455\">https:\/\/historiografija.hr\/?p=12455<\/a><\/p>\n<p><a href=\"https:\/\/veterina.com.hr\/?p=72555\">https:\/\/veterina.com.hr\/?p=72555<\/a><\/p>\n<p>&nbsp;<\/p>\n<p>&nbsp;<\/p>\n<p>&nbsp;<\/p>\n","protected":false},"excerpt":{"rendered":"","protected":false},"author":2,"featured_media":19655,"comment_status":"open","ping_status":"open","sticky":false,"template":"","format":"standard","meta":{"_acf_changed":false,"jetpack_post_was_ever_published":false,"_jetpack_newsletter_access":"","_jetpack_dont_email_post_to_subs":false,"_jetpack_newsletter_tier_id":0,"_jetpack_memberships_contains_paywalled_content":false,"_jetpack_memberships_contains_paid_content":false,"footnotes":"","jetpack_publicize_message":"","jetpack_publicize_feature_enabled":true,"jetpack_social_post_already_shared":true,"jetpack_social_options":{"image_generator_settings":{"template":"highway","default_image_id":0,"font":"","enabled":false},"version":2}},"categories":[3],"tags":[],"class_list":["post-19654","post","type-post","status-publish","format-standard","has-post-thumbnail","hentry","category-novosti"],"acf":{"facebook_opis":""},"jetpack_publicize_connections":[],"jetpack_featured_media_url":"https:\/\/i0.wp.com\/historiografija.hr\/wp-content\/uploads\/2020\/03\/Nikola-Anusic.jpg?fit=225%2C225&ssl=1","jetpack_sharing_enabled":true,"jetpack-related-posts":[{"id":52502,"url":"https:\/\/historiografija.hr\/?p=52502","url_meta":{"origin":19654,"position":0},"title":"Novi znanstveni projekt Hrvatskog instituta za povijest: \u201c\u017drtve ratova i dr\u017eavnog\/politi\u010dkog nasilja u hrvatskoj povijesti 20. stolje\u0107a\u201d","author":"Branimir Jankovi\u0107","date":"17. travnja 2026.","format":false,"excerpt":"Na redovitoj sjednici Vlade RH, 16. travnja 2026., donijet je Zaklju\u010dak kojim se pokre\u0107e znanstveni projekt \u201c\u017drtve ratova i dr\u017eavnog\/politi\u010dkog nasilja u hrvatskoj povijesti 20. stolje\u0107a\u201d. Projekt \u0107e provoditi i koordinirati Hrvatski institut za povijest u razdoblju trajanja projekta od pet godina. Zakljucak Vlade RH Iz teksta projektnog prijedloga: Problematika\u2026","rel":"","context":"U &quot;Novosti&quot;","block_context":{"text":"Novosti","link":"https:\/\/historiografija.hr\/?cat=3"},"img":{"alt_text":"","src":"https:\/\/i0.wp.com\/historiografija.hr\/wp-content\/uploads\/2026\/04\/Vlada-RH.jpg?fit=1200%2C557&ssl=1&resize=350%2C200","width":350,"height":200,"srcset":"https:\/\/i0.wp.com\/historiografija.hr\/wp-content\/uploads\/2026\/04\/Vlada-RH.jpg?fit=1200%2C557&ssl=1&resize=350%2C200 1x, https:\/\/i0.wp.com\/historiografija.hr\/wp-content\/uploads\/2026\/04\/Vlada-RH.jpg?fit=1200%2C557&ssl=1&resize=525%2C300 1.5x, https:\/\/i0.wp.com\/historiografija.hr\/wp-content\/uploads\/2026\/04\/Vlada-RH.jpg?fit=1200%2C557&ssl=1&resize=700%2C400 2x, https:\/\/i0.wp.com\/historiografija.hr\/wp-content\/uploads\/2026\/04\/Vlada-RH.jpg?fit=1200%2C557&ssl=1&resize=1050%2C600 3x"},"classes":[]},{"id":52607,"url":"https:\/\/historiografija.hr\/?p=52607","url_meta":{"origin":19654,"position":1},"title":"No\u0107 knjige: Kako je prije 410 godina smr\u0107u Shakespearea i Cervantesa zavr\u0161ilo razdoblje renesanse u knji\u017eevnosti","author":"Branimir Jankovi\u0107","date":"22. travnja 2026.","format":false,"excerpt":"\u010cetvrtak, 23. travnja 2026. u 18:00 sati, Knji\u017eara Matice hrvatske, Ulica Matice hrvatske 2, Zagreb Uvodna rije\u010d: dr. sc.\u00a0Dubravka Brezak Stama\u0107, pro\u010delnica Odjela za knji\u017eevnost Matice hrvatske Prof. dr. sc. Ivan Lupi\u0107, redoviti profesor u Odsjeku za anglistiku i Odsjeku za kroatistiku Sveu\u010dili\u0161ta u RijeciShakespeare, kazali\u0161te, glazbaKada se susre\u0107emo sa\u2026","rel":"","context":"U &quot;Novosti&quot;","block_context":{"text":"Novosti","link":"https:\/\/historiografija.hr\/?cat=3"},"img":{"alt_text":"","src":"https:\/\/i0.wp.com\/historiografija.hr\/wp-content\/uploads\/2026\/04\/noc_knjige_2026.jpg?fit=680%2C276&ssl=1&resize=350%2C200","width":350,"height":200,"srcset":"https:\/\/i0.wp.com\/historiografija.hr\/wp-content\/uploads\/2026\/04\/noc_knjige_2026.jpg?fit=680%2C276&ssl=1&resize=350%2C200 1x, https:\/\/i0.wp.com\/historiografija.hr\/wp-content\/uploads\/2026\/04\/noc_knjige_2026.jpg?fit=680%2C276&ssl=1&resize=525%2C300 1.5x"},"classes":[]},{"id":52660,"url":"https:\/\/historiografija.hr\/?p=52660","url_meta":{"origin":19654,"position":2},"title":"Medijski odjeci \u010dlanka Steve \u0110ura\u0161kovi\u0107a \u201e\u017dupanovljeva ne\u017eeljena djeca: ideolo\u0161ko pribli\u017eavanje neoliberala i kr\u0161\u0107anske radikalne desnice u Hrvatskoj\u201c","author":"Branimir Jankovi\u0107","date":"24. travnja 2026.","format":false,"excerpt":"U sklopu projekta \u201eIzazovi intelektualne povijesti: recepcije, preobrazbe i upotrebe politi\u010dkih ideja\u201c objavljen je polemi\u010dki \u010dlanak Steve \u0110ura\u0161kovi\u0107a \u201e\u017dupanovljeva ne\u017eeljena djeca: ideolo\u0161ko pribli\u017eavanje neoliberala i kr\u0161\u0107anske radikalne desnice u Hrvatskoj\u201c, koji je izazvao odre\u0111ene medijske reakcije. Stevo \u0110ura\u0161kovi\u0107 \u017dupanovljeva ne\u017eeljena djeca: ideolo\u0161ko pribli\u017eavanje neoliberala i kr\u0161\u0107anske radikalne desnice u Hrvatskoj\u2026","rel":"","context":"U &quot;Novosti&quot;","block_context":{"text":"Novosti","link":"https:\/\/historiografija.hr\/?cat=3"},"img":{"alt_text":"","src":"https:\/\/i0.wp.com\/historiografija.hr\/wp-content\/uploads\/2026\/04\/SD.png?fit=809%2C821&ssl=1&resize=350%2C200","width":350,"height":200,"srcset":"https:\/\/i0.wp.com\/historiografija.hr\/wp-content\/uploads\/2026\/04\/SD.png?fit=809%2C821&ssl=1&resize=350%2C200 1x, https:\/\/i0.wp.com\/historiografija.hr\/wp-content\/uploads\/2026\/04\/SD.png?fit=809%2C821&ssl=1&resize=525%2C300 1.5x, https:\/\/i0.wp.com\/historiografija.hr\/wp-content\/uploads\/2026\/04\/SD.png?fit=809%2C821&ssl=1&resize=700%2C400 2x"},"classes":[]},{"id":52505,"url":"https:\/\/historiografija.hr\/?p=52505","url_meta":{"origin":19654,"position":3},"title":"Izlo\u017eba &#8220;Eschenstock \/ Jasenov prut&#8221;","author":"Branimir Jankovi\u0107","date":"17. travnja 2026.","format":false,"excerpt":"Srpsko narodno vije\u0107e (SNV) i Vizura aperta postavljaju izlo\u017ebu \u0161vicarskog slikara Velimira Ili\u0161evi\u0107a: Eschenstock \/ Jasenov prut. Izlo\u017eba se uz prisustvo autora otvara povodom 81. godi\u0161njice proboja logora\u0161a iz usta\u0161kog logora smrti Jasenovac 22. aprila 2026. u 19 sati u Srpskom kulturnom centru (SKC) u Preradovi\u0107evoj ulici 21 u Zagrebu.\u2026","rel":"","context":"U &quot;Izlo\u017ebe&quot;","block_context":{"text":"Izlo\u017ebe","link":"https:\/\/historiografija.hr\/?cat=10"},"img":{"alt_text":"","src":"https:\/\/i0.wp.com\/historiografija.hr\/wp-content\/uploads\/2026\/04\/Jasenov_prut.jpg?fit=1024%2C640&ssl=1&resize=350%2C200","width":350,"height":200,"srcset":"https:\/\/i0.wp.com\/historiografija.hr\/wp-content\/uploads\/2026\/04\/Jasenov_prut.jpg?fit=1024%2C640&ssl=1&resize=350%2C200 1x, https:\/\/i0.wp.com\/historiografija.hr\/wp-content\/uploads\/2026\/04\/Jasenov_prut.jpg?fit=1024%2C640&ssl=1&resize=525%2C300 1.5x, https:\/\/i0.wp.com\/historiografija.hr\/wp-content\/uploads\/2026\/04\/Jasenov_prut.jpg?fit=1024%2C640&ssl=1&resize=700%2C400 2x"},"classes":[]},{"id":52666,"url":"https:\/\/historiografija.hr\/?p=52666","url_meta":{"origin":19654,"position":4},"title":"Najava programa Festivala povijesti Kliofest (5-8. V. 2026)","author":"Branimir Jankovi\u0107","date":"24. travnja 2026.","format":false,"excerpt":"Po trinaesti put odr\u017eava se Festival povijesti Kliofest! Do petka \u0107emo odr\u017eati osam okruglih stolova i dva kolokvija te niz predstavljanja knjiga i projekata razli\u010dite tematike, od antike do suvremenosti. Bit \u0107e predstavljeno i nekoliko izlo\u017ebi te odr\u017ean jedan povijesni kviz. Prikazat \u0107emo i jedan film \u2013 o generalu Boroevi\u0107u.\u2026","rel":"","context":"U &quot;Novosti&quot;","block_context":{"text":"Novosti","link":"https:\/\/historiografija.hr\/?cat=3"},"img":{"alt_text":"","src":"https:\/\/i0.wp.com\/historiografija.hr\/wp-content\/uploads\/2026\/04\/Kliofest-2026.jpg?fit=526%2C526&ssl=1&resize=350%2C200","width":350,"height":200,"srcset":"https:\/\/i0.wp.com\/historiografija.hr\/wp-content\/uploads\/2026\/04\/Kliofest-2026.jpg?fit=526%2C526&ssl=1&resize=350%2C200 1x, https:\/\/i0.wp.com\/historiografija.hr\/wp-content\/uploads\/2026\/04\/Kliofest-2026.jpg?fit=526%2C526&ssl=1&resize=525%2C300 1.5x"},"classes":[]},{"id":52508,"url":"https:\/\/historiografija.hr\/?p=52508","url_meta":{"origin":19654,"position":5},"title":"Glazbena radionica \u201eDUGMETARA REVISITED\u201c","author":"Branimir Jankovi\u0107","date":"17. travnja 2026.","format":false,"excerpt":"DUGMETARA REVISITED glazbena radionica vodi: Ana Horvat 13., 20. i 27. travnja, od 18 do 20 sati Radiona, Nova cesta 186 Na tri radioni\u010dka susreta uranjamo u naslje\u0111e Dugmetare, biv\u0161e tvornice dugmadi na Savskoj cesti koja je po\u010detkom 2000-ih igrom slu\u010daja postala \u017eivo, jedinstveno mjesto glazbene proizvodnje. Svoje su probe\u2026","rel":"","context":"U &quot;Novosti&quot;","block_context":{"text":"Novosti","link":"https:\/\/historiografija.hr\/?cat=3"},"img":{"alt_text":"","src":"https:\/\/i0.wp.com\/historiografija.hr\/wp-content\/uploads\/2026\/04\/TRESNJA_TRESTI.jpg?fit=380%2C475&ssl=1&resize=350%2C200","width":350,"height":200},"classes":[]}],"_links":{"self":[{"href":"https:\/\/historiografija.hr\/index.php?rest_route=\/wp\/v2\/posts\/19654","targetHints":{"allow":["GET"]}}],"collection":[{"href":"https:\/\/historiografija.hr\/index.php?rest_route=\/wp\/v2\/posts"}],"about":[{"href":"https:\/\/historiografija.hr\/index.php?rest_route=\/wp\/v2\/types\/post"}],"author":[{"embeddable":true,"href":"https:\/\/historiografija.hr\/index.php?rest_route=\/wp\/v2\/users\/2"}],"replies":[{"embeddable":true,"href":"https:\/\/historiografija.hr\/index.php?rest_route=%2Fwp%2Fv2%2Fcomments&post=19654"}],"version-history":[{"count":6,"href":"https:\/\/historiografija.hr\/index.php?rest_route=\/wp\/v2\/posts\/19654\/revisions"}],"predecessor-version":[{"id":19676,"href":"https:\/\/historiografija.hr\/index.php?rest_route=\/wp\/v2\/posts\/19654\/revisions\/19676"}],"wp:featuredmedia":[{"embeddable":true,"href":"https:\/\/historiografija.hr\/index.php?rest_route=\/wp\/v2\/media\/19655"}],"wp:attachment":[{"href":"https:\/\/historiografija.hr\/index.php?rest_route=%2Fwp%2Fv2%2Fmedia&parent=19654"}],"wp:term":[{"taxonomy":"category","embeddable":true,"href":"https:\/\/historiografija.hr\/index.php?rest_route=%2Fwp%2Fv2%2Fcategories&post=19654"},{"taxonomy":"post_tag","embeddable":true,"href":"https:\/\/historiografija.hr\/index.php?rest_route=%2Fwp%2Fv2%2Ftags&post=19654"}],"curies":[{"name":"wp","href":"https:\/\/api.w.org\/{rel}","templated":true}]}}