{"id":19644,"date":"2020-03-14T18:52:51","date_gmt":"2020-03-14T18:52:51","guid":{"rendered":"http:\/\/historiografija.hr\/?p=19644"},"modified":"2020-03-14T18:54:58","modified_gmt":"2020-03-14T18:54:58","slug":"lekcije-iz-povijesti-za-suvremenost-marc-bloch-o-fenomenu-laznih-glasina","status":"publish","type":"post","link":"https:\/\/historiografija.hr\/?p=19644","title":{"rendered":"Lekcije iz povijesti za suvremenost: Marc Bloch o fenomenu la\u017enih glasina"},"content":{"rendered":"<p>U ponedjeljak zapo\u010dinjemo s alternativnim programom &#8220;Historiografija u doba korone&#8221; (!), s obzirom na najavljenu nastavu na daljinu koja \u0107e obuhvatiti osnovne i srednje \u0161kole te fakultete. Upu\u0107ivat \u0107emo na povjesni\u010dare i povjesni\u010darke koji su pisali o povijesti bolesti i povijesti zdravstva te govoriti o panici, strahu i la\u017enim glasinama u povijesnoj perspektivi i mnogim drugim povezanim temama, ali i mirno nastaviti dalje s uobi\u010dajenim historiografskim \u017eivotom. Tematiku najavljujemo sada ve\u0107 klasi\u010dnim zapisima francuskog povjesni\u010dara Marca Blocha o fenomenu la\u017enih glasina tijekom Prvog svjetskog rata, koje me\u0111utim neizostavno prate i trenutnu epidemiju koronavirusa. Time se potvr\u0111uje da o navedenoj problematici mo\u017ee vrlo upu\u0107eno govoriti i povijesna struka.<\/p>\n<p>&nbsp;<\/p>\n<p>&#8212;<\/p>\n<p>&nbsp;<\/p>\n<p><strong>Marc Bloch (1886-1944)<\/strong><\/p>\n<p>&nbsp;<\/p>\n<p>\u201eZa onoga drugog rata upoznao sam veterinara koji je, ne bez nekog traga razuma, sustavno odbijao vjerovati u novosti \u0161to su ih donosile novine. Ali ako je neki slu\u010dajni suputnik sasuo u njegovo pozorno uho najnevjerojatnije pri\u010de, moj ih je \u010dovjek s u\u017eitkom upijao.\u201c<\/p>\n<p>&nbsp;<\/p>\n<p>\u201c[Me\u0111utim,] to je slu\u010daj s velikim brojem iskrivljivanja svjedo\u010danstava. Pogre\u0161ka je gotovo uvijek unaprijed usmjerena. Prije svega, ona se \u0161iri, ona o\u017eivljuje samo pod uvjetom da je u skladu s opredjeljenjima op\u0107eg mnijenja; ona tada postaje [poput] ogledala u kojem kolektivna svijest promatra svoje vlastite crte.\u201d<\/p>\n<p>&nbsp;<\/p>\n<p>\u201cMe\u0111utim, da pogre\u0161ka jednog svjedoka postane pogre\u0161kom mnogih ljudi, da se lo\u0161e opa\u017eanje preina\u010di u la\u017enu glasinu, potrebno je i da stanje dru\u0161tva pogoduje tom \u0161irenju.\u201d<\/p>\n<p>&nbsp;<\/p>\n<p>&#8220;Svima je poznato kako su te \u010detiri godine bile plodne la\u017enim novostima.&#8221;<\/p>\n<p>&nbsp;<\/p>\n<p>&#8220;Nije se vjerovalo novinama; pismima ni\u0161ta vi\u0161e; jer, osim \u0161to su neredovito stizala, smatralo se da se provjeravaju. Otud nevjerojatna obnova usmene tradicije, anti\u010dke majke legendi i mitova.&#8221;<\/p>\n<p>&nbsp;<\/p>\n<p>\u201cGlasine obi\u010dno nisu nastajale na vatrenoj liniji. (\u2026) Sastajali\u0161te toga malog svijeta rovova i promatra\u010dnica bile su kuhinje. Tamo su se jedanput ili dvaput dnevno sastajali opskrbljiva\u010di, pristigli iz razli\u010ditih sektora i razgovarali me\u0111usobno ili s kuharima. A ovi su mnogo znali, jer su, smje\u0161teni na raskr\u0161\u0107u svih jedinica, [osim toga] imali i rijetku povlasticu da mogu svakodnevno razmijeniti nekoliko rije\u010di s voza\u010dima konvoja za opskrbu, sretnim ljudima koji su bili smje\u0161teni u blizini sto\u017eera. Tako su na trenutak, oko vatre na otvorenom ili ognji\u0161ta pokretnih kuhinja, stvarali privremene veze s posve razli\u010ditim krugovima. Zatim su ih zadu\u017eenja nosila puteljcima i rovovima sve do prvih linija boji\u0161nice, s loncima i obavijestima, istinitima ili la\u017enima, ali u svakom slu\u010daju gotovo uvijek izmijenjenima i tamo spremnima za novu razradu. Na vrlo detaljnoj karti, malo iza crta koja su zacrtavale prve polo\u017eaje, mogla bi se osjen\u010dati jedna neprekinuta traka: to bi bila zona stvaranja legendi.\u201c<\/p>\n<p>&nbsp;<\/p>\n<p>O svemu detaljnije u prilogu <strong>Zapisi Marca Blocha o fenomenu la\u017enih glasina u Prvom svjetskom ratu<\/strong> objavljenom 5. sije\u010dnja 2015. na portalu <em>Historiografija.hr<\/em> na poveznici<\/p>\n<p><a href=\"https:\/\/historiografija.hr\/news.php?id=1359\">https:\/\/historiografija.hr\/news.php?id=1359<\/a><\/p>\n<p>&nbsp;<\/p>\n<p>&#8212;<\/p>\n<p>&nbsp;<\/p>\n<p><strong>Post scriptum<\/strong><\/p>\n<p>&nbsp;<\/p>\n<p>\u201cU na\u0161e vrijeme, vi\u0161e no ikad izlo\u017eeno otrovima la\u017ei i la\u017enih glasina, kakva sramota da kriti\u010dke metode nema, pa ni i u najmanjem kutu obrazovnih programa! Jer ona je prestala biti samo skroman pomo\u0107nik nekih radioni\u010dkih radova. Pred njom se otvaraju mnogo \u0161iri obzori; a historija ima pravo ubrojiti me\u0111u svoje najsigurnije uspjehe da je tako, razra\u0111uju\u0107i svoje tehnike, otvorila ljudima nov put prema istinitome, prema tome, i prema pravednome.\u201d<\/p>\n<p>&nbsp;<\/p>\n<p>(Marc Bloch, <em>Apologija historije ili zanat povjesni\u010dara<\/em>, Zagreb 2008, str. 132)<\/p>\n<p>&nbsp;<\/p>\n<p>&nbsp;<\/p>\n","protected":false},"excerpt":{"rendered":"","protected":false},"author":2,"featured_media":19645,"comment_status":"open","ping_status":"open","sticky":false,"template":"","format":"standard","meta":{"_acf_changed":false,"jetpack_post_was_ever_published":false,"_jetpack_newsletter_access":"","_jetpack_dont_email_post_to_subs":false,"_jetpack_newsletter_tier_id":0,"_jetpack_memberships_contains_paywalled_content":false,"_jetpack_memberships_contains_paid_content":false,"footnotes":"","jetpack_publicize_message":"","jetpack_publicize_feature_enabled":true,"jetpack_social_post_already_shared":true,"jetpack_social_options":{"image_generator_settings":{"template":"highway","default_image_id":0,"font":"","enabled":false},"version":2}},"categories":[3,11],"tags":[],"class_list":["post-19644","post","type-post","status-publish","format-standard","has-post-thumbnail","hentry","category-novosti","category-rubrike"],"acf":{"facebook_opis":""},"jetpack_publicize_connections":[],"jetpack_featured_media_url":"https:\/\/i0.wp.com\/historiografija.hr\/wp-content\/uploads\/2020\/03\/Bloch.jpg?fit=294%2C499&ssl=1","jetpack_sharing_enabled":true,"jetpack-related-posts":[{"id":52699,"url":"https:\/\/historiografija.hr\/?p=52699","url_meta":{"origin":19644,"position":0},"title":"Sve\u010dano otvaranje Festivala povijesti Kliofest","author":"Filip \u0160imunjak","date":"28. travnja 2026.","format":false,"excerpt":"Pozivamo Vas na sve\u010dano otvaranje XIII. Festivala povijesti Kliofest, u utorak, 5. svibnja 2026. u Nacionalnoj i sveu\u010dili\u0161noj knji\u017enici u Zagrebu, s po\u010detkom u 11 sati. Cijeli program skupa mo\u017eete poglededati na www.kliofest.hr te https:\/\/historiografija.hr\/?p=52681.","rel":"","context":"U &quot;Novosti&quot;","block_context":{"text":"Novosti","link":"https:\/\/historiografija.hr\/?cat=3"},"img":{"alt_text":"","src":"https:\/\/i0.wp.com\/historiografija.hr\/wp-content\/uploads\/2026\/04\/Otvaranje-Kliofest-2026.jpg?fit=1200%2C566&ssl=1&resize=350%2C200","width":350,"height":200,"srcset":"https:\/\/i0.wp.com\/historiografija.hr\/wp-content\/uploads\/2026\/04\/Otvaranje-Kliofest-2026.jpg?fit=1200%2C566&ssl=1&resize=350%2C200 1x, https:\/\/i0.wp.com\/historiografija.hr\/wp-content\/uploads\/2026\/04\/Otvaranje-Kliofest-2026.jpg?fit=1200%2C566&ssl=1&resize=525%2C300 1.5x, https:\/\/i0.wp.com\/historiografija.hr\/wp-content\/uploads\/2026\/04\/Otvaranje-Kliofest-2026.jpg?fit=1200%2C566&ssl=1&resize=700%2C400 2x, https:\/\/i0.wp.com\/historiografija.hr\/wp-content\/uploads\/2026\/04\/Otvaranje-Kliofest-2026.jpg?fit=1200%2C566&ssl=1&resize=1050%2C600 3x"},"classes":[]},{"id":52681,"url":"https:\/\/historiografija.hr\/?p=52681","url_meta":{"origin":19644,"position":1},"title":"XIII. Festival povijesti Kliofest 2026.","author":"Branimir Jankovi\u0107","date":"27. travnja 2026.","format":false,"excerpt":"Trinaesti Festival povijesti Kliofest odr\u017eava se od 5. do 8. svibnja 2026. u Nacionalnoj i sveu\u010dili\u0161noj knji\u017enici u Zagrebu, kao i na nekoliko drugih lokacija u gradu. Cjelokupni program nalazi se u programskoj knji\u017eici u nastavku. Kliofest 2026 - ProgramPreuzmi","rel":"","context":"U &quot;Prikazi i osvrti&quot;","block_context":{"text":"Prikazi i osvrti","link":"https:\/\/historiografija.hr\/?cat=4"},"img":{"alt_text":"","src":"","width":0,"height":0},"classes":[]},{"id":52666,"url":"https:\/\/historiografija.hr\/?p=52666","url_meta":{"origin":19644,"position":2},"title":"Najava programa Festivala povijesti Kliofest (5-8. V. 2026)","author":"Branimir Jankovi\u0107","date":"24. travnja 2026.","format":false,"excerpt":"Po trinaesti put odr\u017eava se Festival povijesti Kliofest! Do petka \u0107emo odr\u017eati osam okruglih stolova i dva kolokvija te niz predstavljanja knjiga i projekata razli\u010dite tematike, od antike do suvremenosti. Bit \u0107e predstavljeno i nekoliko izlo\u017ebi te odr\u017ean jedan povijesni kviz. Prikazat \u0107emo i jedan film \u2013 o generalu Boroevi\u0107u.\u2026","rel":"","context":"U &quot;Novosti&quot;","block_context":{"text":"Novosti","link":"https:\/\/historiografija.hr\/?cat=3"},"img":{"alt_text":"","src":"https:\/\/i0.wp.com\/historiografija.hr\/wp-content\/uploads\/2026\/04\/Kliofest-2026.jpg?fit=526%2C526&ssl=1&resize=350%2C200","width":350,"height":200,"srcset":"https:\/\/i0.wp.com\/historiografija.hr\/wp-content\/uploads\/2026\/04\/Kliofest-2026.jpg?fit=526%2C526&ssl=1&resize=350%2C200 1x, https:\/\/i0.wp.com\/historiografija.hr\/wp-content\/uploads\/2026\/04\/Kliofest-2026.jpg?fit=526%2C526&ssl=1&resize=525%2C300 1.5x"},"classes":[]},{"id":52646,"url":"https:\/\/historiografija.hr\/?p=52646","url_meta":{"origin":19644,"position":3},"title":"5. MALI FESTIVAL POVIJESTI U LASTOVU","author":"Branimir Jankovi\u0107","date":"24. travnja 2026.","format":false,"excerpt":"Peti Mali festival povijesti odr\u017eava se od 25. do 27. travnja 2026. na Lastovu, u suradnji Zavoda za povijesne znanosti HAZU u Dubrovniku, Op\u0107ine Lastovo i Turisti\u010dke zajednice te uz potporu Dubrova\u010dko-neretvanske \u017eupanije. Predavanja: Dr. sc. Jasna \u010capo \u201eKu\u0107a kao zalog budu\u0107nosti i most izme\u0111u iseljenika i domovine\u201c Dr. sc.\u2026","rel":"","context":"U &quot;Novosti&quot;","block_context":{"text":"Novosti","link":"https:\/\/historiografija.hr\/?cat=3"},"img":{"alt_text":"","src":"https:\/\/i0.wp.com\/historiografija.hr\/wp-content\/uploads\/2026\/04\/Lastovo.jpg?fit=1200%2C700&ssl=1&resize=350%2C200","width":350,"height":200,"srcset":"https:\/\/i0.wp.com\/historiografija.hr\/wp-content\/uploads\/2026\/04\/Lastovo.jpg?fit=1200%2C700&ssl=1&resize=350%2C200 1x, https:\/\/i0.wp.com\/historiografija.hr\/wp-content\/uploads\/2026\/04\/Lastovo.jpg?fit=1200%2C700&ssl=1&resize=525%2C300 1.5x, https:\/\/i0.wp.com\/historiografija.hr\/wp-content\/uploads\/2026\/04\/Lastovo.jpg?fit=1200%2C700&ssl=1&resize=700%2C400 2x, https:\/\/i0.wp.com\/historiografija.hr\/wp-content\/uploads\/2026\/04\/Lastovo.jpg?fit=1200%2C700&ssl=1&resize=1050%2C600 3x"},"classes":[]},{"id":52717,"url":"https:\/\/historiografija.hr\/?p=52717","url_meta":{"origin":19644,"position":4},"title":"Okrugli stol &#8220;Dvjestapedeset godina Sjedinjenih Ameri\u010dkih Dr\u017eava \u2013 od kolonije do prve zemlje svijeta i dalje&#8221;","author":"Filip \u0160imunjak","date":"29. travnja 2026.","format":false,"excerpt":"Ove godine obilje\u017eava se 250. obljetnica osnutka Sjedinjenih Ameri\u010dkih Dr\u017eava, povodom koje je pokrenut niz rasprava o ameri\u010dkoj povijesti, njezinoj globalnoj ulozi i naslje\u0111u koje se prote\u017ee od 1776. do danas. Obljetnica je ujedno prilika za promi\u0161ljanje o tome kako danas tuma\u010dimo ameri\u010dku pro\u0161lost, ali i (aktualnu) ulogu SAD-a u\u2026","rel":"","context":"U &quot;Novosti&quot;","block_context":{"text":"Novosti","link":"https:\/\/historiografija.hr\/?cat=3"},"img":{"alt_text":"","src":"https:\/\/i0.wp.com\/historiografija.hr\/wp-content\/uploads\/2026\/04\/Kliofest-01-utorak-I-02-OS-250-godina-SAD.jpg?fit=1200%2C566&ssl=1&resize=350%2C200","width":350,"height":200,"srcset":"https:\/\/i0.wp.com\/historiografija.hr\/wp-content\/uploads\/2026\/04\/Kliofest-01-utorak-I-02-OS-250-godina-SAD.jpg?fit=1200%2C566&ssl=1&resize=350%2C200 1x, https:\/\/i0.wp.com\/historiografija.hr\/wp-content\/uploads\/2026\/04\/Kliofest-01-utorak-I-02-OS-250-godina-SAD.jpg?fit=1200%2C566&ssl=1&resize=525%2C300 1.5x, https:\/\/i0.wp.com\/historiografija.hr\/wp-content\/uploads\/2026\/04\/Kliofest-01-utorak-I-02-OS-250-godina-SAD.jpg?fit=1200%2C566&ssl=1&resize=700%2C400 2x, https:\/\/i0.wp.com\/historiografija.hr\/wp-content\/uploads\/2026\/04\/Kliofest-01-utorak-I-02-OS-250-godina-SAD.jpg?fit=1200%2C566&ssl=1&resize=1050%2C600 3x"},"classes":[]},{"id":52654,"url":"https:\/\/historiografija.hr\/?p=52654","url_meta":{"origin":19644,"position":5},"title":"Gostuju\u0107e predavanje &#8211; Danijel D\u017eino \u201eKasnoanti\u010dke i ranosrednjovjekovne gra\u0111evine u Brezi: Spomenici nepotpune biografije\u201c","author":"Branimir Jankovi\u0107","date":"24. travnja 2026.","format":false,"excerpt":"Doktorski studij predmoderne povijesti poziva na predavanje \"Kasnoanti\u010dke i ranosrednjovjekovne gra\u0111evine u Brezi: Spomenici nepotpune biografije\u201d koje \u0107e odr\u017eati profesor Danijel D\u017eino sa Sveu\u010dili\u0161ta Macquarie u Sydneyu u\u00a0utorak 28. travnja 2026. u 17h u Konferencijskoj dvorani Knji\u017enice Filozofskog fakulteta u Zagrebu. Predavanje \u0107e predo\u010diti nova saznanja dobivena kroz arhivsko-dokumentarna istra\u017eivanja\u2026","rel":"","context":"U &quot;Novosti&quot;","block_context":{"text":"Novosti","link":"https:\/\/historiografija.hr\/?cat=3"},"img":{"alt_text":"","src":"https:\/\/i0.wp.com\/historiografija.hr\/wp-content\/uploads\/2026\/04\/Dzino.jpg?fit=980%2C819&ssl=1&resize=350%2C200","width":350,"height":200,"srcset":"https:\/\/i0.wp.com\/historiografija.hr\/wp-content\/uploads\/2026\/04\/Dzino.jpg?fit=980%2C819&ssl=1&resize=350%2C200 1x, https:\/\/i0.wp.com\/historiografija.hr\/wp-content\/uploads\/2026\/04\/Dzino.jpg?fit=980%2C819&ssl=1&resize=525%2C300 1.5x, https:\/\/i0.wp.com\/historiografija.hr\/wp-content\/uploads\/2026\/04\/Dzino.jpg?fit=980%2C819&ssl=1&resize=700%2C400 2x"},"classes":[]}],"_links":{"self":[{"href":"https:\/\/historiografija.hr\/index.php?rest_route=\/wp\/v2\/posts\/19644","targetHints":{"allow":["GET"]}}],"collection":[{"href":"https:\/\/historiografija.hr\/index.php?rest_route=\/wp\/v2\/posts"}],"about":[{"href":"https:\/\/historiografija.hr\/index.php?rest_route=\/wp\/v2\/types\/post"}],"author":[{"embeddable":true,"href":"https:\/\/historiografija.hr\/index.php?rest_route=\/wp\/v2\/users\/2"}],"replies":[{"embeddable":true,"href":"https:\/\/historiografija.hr\/index.php?rest_route=%2Fwp%2Fv2%2Fcomments&post=19644"}],"version-history":[{"count":3,"href":"https:\/\/historiografija.hr\/index.php?rest_route=\/wp\/v2\/posts\/19644\/revisions"}],"predecessor-version":[{"id":19648,"href":"https:\/\/historiografija.hr\/index.php?rest_route=\/wp\/v2\/posts\/19644\/revisions\/19648"}],"wp:featuredmedia":[{"embeddable":true,"href":"https:\/\/historiografija.hr\/index.php?rest_route=\/wp\/v2\/media\/19645"}],"wp:attachment":[{"href":"https:\/\/historiografija.hr\/index.php?rest_route=%2Fwp%2Fv2%2Fmedia&parent=19644"}],"wp:term":[{"taxonomy":"category","embeddable":true,"href":"https:\/\/historiografija.hr\/index.php?rest_route=%2Fwp%2Fv2%2Fcategories&post=19644"},{"taxonomy":"post_tag","embeddable":true,"href":"https:\/\/historiografija.hr\/index.php?rest_route=%2Fwp%2Fv2%2Ftags&post=19644"}],"curies":[{"name":"wp","href":"https:\/\/api.w.org\/{rel}","templated":true}]}}