{"id":19632,"date":"2020-03-14T17:01:44","date_gmt":"2020-03-14T17:01:44","guid":{"rendered":"http:\/\/historiografija.hr\/?p=19632"},"modified":"2020-03-14T17:14:16","modified_gmt":"2020-03-14T17:14:16","slug":"prepiska-svetozara-petrovica-sa-zagrebackim-kolegama","status":"publish","type":"post","link":"https:\/\/historiografija.hr\/?p=19632","title":{"rendered":"\u201cPrepiska Svetozara Petrovi\u0107a sa zagreba\u010dkim kolegama\u201d"},"content":{"rendered":"<p>Nakon prve knjige 2017., Akademska knjiga iz Novog Sada objavila je 2019. drugu knjigu \u201cPrepiske Svetozara Petrovi\u0107a sa zagreba\u010dkim kolegama\u201d, koja \u201csadr\u017ei obilje podataka va\u017enih za istra\u017eivanje pro\u0161losti Jugoslavije od posleratnog doba, do poslednjih godina njenog trajanja\u201d, pri \u010demu je nerijetko rije\u010d i o \u201cRezoluciji Informbiroa, izgradnji zemlje, raskoraku izme\u0111u liberalnih ideala i stvarnosti, formiranju akademske zajednice, javnom anga\u017eovanju intelektualaca, Kor\u010dulanskoj letnjoj \u0161koli i \u010dasopisu \u201ePraxis\u201c\u2026\u201d.<\/p>\n<p>&nbsp;<\/p>\n<p>&#8212;<\/p>\n<p>&nbsp;<\/p>\n<p><strong>PREPISKA SVETOZARA PETROVI\u0106A SA ZAGREBA\u010cKIM KOLEGAMA<\/strong><\/p>\n<p>Autor: Natalija Ludo\u0161ki, Radmila Giki\u0107 Petrovi\u0107<\/p>\n<p>Godina izdanja: 2017<\/p>\n<p>Pismo: latinica<\/p>\n<p>Broj stranica: 210<\/p>\n<p>Nakon objavljene dve prepiske akademika Svetozara Petrovi\u0107a (<em>Prepiska Svetozara Petrovi\u0107a, Prepiska Svetozara Petrovi\u0107a sa strancima)<\/em> objavili smo izbor iz epistolarne zaostav\u0161tine akademika Petrovi\u0107a sa zagreba\u010dkim kolegama: Ivanom Slamnigom, Milivojem Solarom, Zdenkom \u0160krebom, Ivom Herge\u0161i\u0107em, Aleksandrom (i Vidom) Flaker, Viktorom \u017dmega\u010dem. Pored profesionalne prepiske koja se uglavnom ti\u010de me\u0111ukatedarske saradnje izme\u0111u Zagreba, Beograda i Novog Sada, organizovanja nau\u010dnih skupova i prire\u0111ivanja zbornika, mentorskih poslova, boravaka na univerzitetima u Americi i Ju\u017enoj Koreji\u2026, u prepisci se otkriva i privatni profil akademika Petrovi\u0107a.<\/p>\n<p><a href=\"https:\/\/akademskaknjiga.com\/katalog\/prepiska-svetozara-petrovica-sa-zagrebackim-kolegama\/\">https:\/\/akademskaknjiga.com\/katalog\/prepiska-svetozara-petrovica-sa-zagrebackim-kolegama\/<\/a><\/p>\n<p><strong>\u00a0<\/strong><\/p>\n<p><strong>PREPISKA SVETOZARA PETROVI\u0106A SA ZAGREBA\u010cKIM KOLEGAMA II<\/strong><\/p>\n<p>Autor: Natalija Ludo\u0161ki, Radmila Giki\u0107 Petrovi\u0107<\/p>\n<p>Godina izdanja: 2019<\/p>\n<p>Pismo: latinica<\/p>\n<p>Broj stranica: 239<\/p>\n<p><em>Prepiska Svetozara Petrovi\u0107a sa zagreba\u010dkim kolegama<\/em> II sadr\u017ei 195 pisama razmenjenih sa \u010detvoricom javnih radnika i uglednih nau\u010dnika iz sveta humanistike: filozofom Antunom \u017dvanom (78 pisama), lingvistom Krunoslavom Pranji\u0107em (60 pisama), komparatistima \u017ddeslavom Dukatom (59 pisama) i Vladimirom Bitijem (7 pisama). Ova epistolarna gra\u0111a sadr\u017ei obilje podataka va\u017enih za istra\u017eivanje pro\u0161losti Jugoslavije od posleratnog doba, do poslednjih godina njenog trajanja. Neretko, re\u010d je o krupnim temama: Rezoluciji Informbiroa, izgradnji zemlje, raskoraku izme\u0111u liberalnih ideala i stvarnosti, formiranju akademske zajednice, javnom anga\u017eovanju intelektualaca, Kor\u010dulanskoj letnjoj \u0161koli i \u010dasopisu \u201ePraxis\u201c\u2026Osim petorice aktera, u pismima se pominju i mnoge zna\u010dajne li\u010dnosti nau\u010dnog, knji\u017eevnog, umetni\u010dkog i politi\u010dkog \u017eivota jugoslovenske i inostrane scene.<\/p>\n<p><a href=\"https:\/\/akademskaknjiga.com\/en\/katalog\/prepiska-svetozara-petrovica-sa-zagrebackim-kolegama-ii-2\/\">https:\/\/akademskaknjiga.com\/en\/katalog\/prepiska-svetozara-petrovica-sa-zagrebackim-kolegama-ii-2\/<\/a><\/p>\n<p>&nbsp;<\/p>\n<p>&nbsp;<\/p>\n<p>&nbsp;<\/p>\n","protected":false},"excerpt":{"rendered":"","protected":false},"author":2,"featured_media":19633,"comment_status":"open","ping_status":"open","sticky":false,"template":"","format":"standard","meta":{"_acf_changed":false,"jetpack_post_was_ever_published":false,"_jetpack_newsletter_access":"","_jetpack_dont_email_post_to_subs":false,"_jetpack_newsletter_tier_id":0,"_jetpack_memberships_contains_paywalled_content":false,"_jetpack_memberships_contains_paid_content":false,"footnotes":"","jetpack_publicize_message":"","jetpack_publicize_feature_enabled":true,"jetpack_social_post_already_shared":true,"jetpack_social_options":{"image_generator_settings":{"template":"highway","default_image_id":0,"font":"","enabled":false},"version":2}},"categories":[8,3],"tags":[],"class_list":["post-19632","post","type-post","status-publish","format-standard","has-post-thumbnail","hentry","category-knjige","category-novosti"],"acf":{"facebook_opis":""},"jetpack_publicize_connections":[],"jetpack_featured_media_url":"https:\/\/i0.wp.com\/historiografija.hr\/wp-content\/uploads\/2020\/03\/Prepiska-II-sajt.jpg?fit=827%2C1240&ssl=1","jetpack_sharing_enabled":true,"jetpack-related-posts":[{"id":52607,"url":"https:\/\/historiografija.hr\/?p=52607","url_meta":{"origin":19632,"position":0},"title":"No\u0107 knjige: Kako je prije 410 godina smr\u0107u Shakespearea i Cervantesa zavr\u0161ilo razdoblje renesanse u knji\u017eevnosti","author":"Branimir Jankovi\u0107","date":"22. travnja 2026.","format":false,"excerpt":"\u010cetvrtak, 23. travnja 2026. u 18:00 sati, Knji\u017eara Matice hrvatske, Ulica Matice hrvatske 2, Zagreb Uvodna rije\u010d: dr. sc.\u00a0Dubravka Brezak Stama\u0107, pro\u010delnica Odjela za knji\u017eevnost Matice hrvatske Prof. dr. sc. Ivan Lupi\u0107, redoviti profesor u Odsjeku za anglistiku i Odsjeku za kroatistiku Sveu\u010dili\u0161ta u RijeciShakespeare, kazali\u0161te, glazbaKada se susre\u0107emo sa\u2026","rel":"","context":"U &quot;Novosti&quot;","block_context":{"text":"Novosti","link":"https:\/\/historiografija.hr\/?cat=3"},"img":{"alt_text":"","src":"https:\/\/i0.wp.com\/historiografija.hr\/wp-content\/uploads\/2026\/04\/noc_knjige_2026.jpg?fit=680%2C276&ssl=1&resize=350%2C200","width":350,"height":200,"srcset":"https:\/\/i0.wp.com\/historiografija.hr\/wp-content\/uploads\/2026\/04\/noc_knjige_2026.jpg?fit=680%2C276&ssl=1&resize=350%2C200 1x, https:\/\/i0.wp.com\/historiografija.hr\/wp-content\/uploads\/2026\/04\/noc_knjige_2026.jpg?fit=680%2C276&ssl=1&resize=525%2C300 1.5x"},"classes":[]},{"id":52592,"url":"https:\/\/historiografija.hr\/?p=52592","url_meta":{"origin":19632,"position":1},"title":"Predstavljanje knjige &#8220;Turska ku\u0107a u Rijeci&#8221; u Zagrebu","author":"Branimir Jankovi\u0107","date":"22. travnja 2026.","format":false,"excerpt":"U prostorijama Turskog kulturnog centra Yunus Emre u Zagrebu, u utorak 21. travnja 2026. godine, odr\u017eano je sve\u010dano predstavljanje dopunjenog izdanja knjige Turska ku\u0107a u Rijeci, u organizaciji Hrvatsko-turskog dru\u0161tva Rijeka i partnerstvu sa Skupinom prijateljstva Hrvatska-Turska Hrvatskog sabora, Veleposlanstvom Republike Turske u Republici Hrvatskoj te Turskim kulturnim centrom Yunus\u2026","rel":"","context":"U &quot;Novosti&quot;","block_context":{"text":"Novosti","link":"https:\/\/historiografija.hr\/?cat=3"},"img":{"alt_text":"","src":"https:\/\/i0.wp.com\/historiografija.hr\/wp-content\/uploads\/2026\/04\/Turska-kuca-ZG.jpg?fit=1200%2C800&ssl=1&resize=350%2C200","width":350,"height":200,"srcset":"https:\/\/i0.wp.com\/historiografija.hr\/wp-content\/uploads\/2026\/04\/Turska-kuca-ZG.jpg?fit=1200%2C800&ssl=1&resize=350%2C200 1x, https:\/\/i0.wp.com\/historiografija.hr\/wp-content\/uploads\/2026\/04\/Turska-kuca-ZG.jpg?fit=1200%2C800&ssl=1&resize=525%2C300 1.5x, https:\/\/i0.wp.com\/historiografija.hr\/wp-content\/uploads\/2026\/04\/Turska-kuca-ZG.jpg?fit=1200%2C800&ssl=1&resize=700%2C400 2x, https:\/\/i0.wp.com\/historiografija.hr\/wp-content\/uploads\/2026\/04\/Turska-kuca-ZG.jpg?fit=1200%2C800&ssl=1&resize=1050%2C600 3x"},"classes":[]},{"id":52547,"url":"https:\/\/historiografija.hr\/?p=52547","url_meta":{"origin":19632,"position":2},"title":"ISHA Zagreb \u2013 Filmska ve\u010der: Povratak Martina Guerrea","author":"Branimir Jankovi\u0107","date":"20. travnja 2026.","format":false,"excerpt":"Klub studenata povijesti \u2013 ISHA Zagreb poziva Vas na filmsku ve\u010der na kojoj \u0107e se prikazivati \u201ePovratak Martina Guerrea\u201c, povijesna drama iz 1982. godine s radnjom smje\u0161tenom u 16. stolje\u0107u. Radnja je utemeljena na stvarnoj povijesnoj li\u010dnosti Martina Guerrea koji se nakon mnogo godina izbivanja vra\u0107a u svoje rodno mjesto\u2026","rel":"","context":"U &quot;Filmovi i serije&quot;","block_context":{"text":"Filmovi i serije","link":"https:\/\/historiografija.hr\/?cat=13"},"img":{"alt_text":"","src":"https:\/\/i0.wp.com\/historiografija.hr\/wp-content\/uploads\/2026\/04\/M-Guerre.png?fit=702%2C1006&ssl=1&resize=350%2C200","width":350,"height":200,"srcset":"https:\/\/i0.wp.com\/historiografija.hr\/wp-content\/uploads\/2026\/04\/M-Guerre.png?fit=702%2C1006&ssl=1&resize=350%2C200 1x, https:\/\/i0.wp.com\/historiografija.hr\/wp-content\/uploads\/2026\/04\/M-Guerre.png?fit=702%2C1006&ssl=1&resize=525%2C300 1.5x, https:\/\/i0.wp.com\/historiografija.hr\/wp-content\/uploads\/2026\/04\/M-Guerre.png?fit=702%2C1006&ssl=1&resize=700%2C400 2x"},"classes":[]},{"id":52616,"url":"https:\/\/historiografija.hr\/?p=52616","url_meta":{"origin":19632,"position":3},"title":"No\u0107 knjige 2026.","author":"Branimir Jankovi\u0107","date":"22. travnja 2026.","format":false,"excerpt":"Slavljeni\u010dka 15. No\u0107 knjige odr\u017eat \u0107e se 23. travnja diljem Hrvatske u povodu Svjetskog dana knjige i autorskih prava te Dana hrvatske knjige. S vi\u0161e od 1.000 prijavljenih programa i akcija s pravom nosi epitet najmasovnije doma\u0107e kulturne manifestacije, a ove \u0107e godine prote\u0107i u znaku mira, razumijevanja, tolerancije, srodnosti\u2026","rel":"","context":"U &quot;Novosti&quot;","block_context":{"text":"Novosti","link":"https:\/\/historiografija.hr\/?cat=3"},"img":{"alt_text":"","src":"https:\/\/i0.wp.com\/historiografija.hr\/wp-content\/uploads\/2026\/04\/noc_knjige_2026.jpg?fit=680%2C276&ssl=1&resize=350%2C200","width":350,"height":200,"srcset":"https:\/\/i0.wp.com\/historiografija.hr\/wp-content\/uploads\/2026\/04\/noc_knjige_2026.jpg?fit=680%2C276&ssl=1&resize=350%2C200 1x, https:\/\/i0.wp.com\/historiografija.hr\/wp-content\/uploads\/2026\/04\/noc_knjige_2026.jpg?fit=680%2C276&ssl=1&resize=525%2C300 1.5x"},"classes":[]},{"id":52536,"url":"https:\/\/historiografija.hr\/?p=52536","url_meta":{"origin":19632,"position":4},"title":"Kader Abdolah, \u201ePrije nego \u0161to bude kasno\u201c","author":"Branimir Jankovi\u0107","date":"20. travnja 2026.","format":false,"excerpt":"Kader Abdolah \u017eeli se vratiti ku\u0107i. Ali povratak je nemogu\u0107: u Iranu bi bio uhap\u0161en. Pod la\u017enim imenom i s krivotvorenim paso\u0161em ipak uspijeva u\u0107i u domovinu i sti\u017ee do roditeljske ku\u0107e, visoko u planinama. Majka ga ne prepoznaje, otac je mrtav, a sve \u0161to je tra\u017eio izmi\u010de mu pred\u2026","rel":"","context":"U &quot;Novosti&quot;","block_context":{"text":"Novosti","link":"https:\/\/historiografija.hr\/?cat=3"},"img":{"alt_text":"","src":"https:\/\/i0.wp.com\/historiografija.hr\/wp-content\/uploads\/2026\/04\/Prije-nego-sto-bude-kasno.webp?fit=566%2C872&ssl=1&resize=350%2C200","width":350,"height":200,"srcset":"https:\/\/i0.wp.com\/historiografija.hr\/wp-content\/uploads\/2026\/04\/Prije-nego-sto-bude-kasno.webp?fit=566%2C872&ssl=1&resize=350%2C200 1x, https:\/\/i0.wp.com\/historiografija.hr\/wp-content\/uploads\/2026\/04\/Prije-nego-sto-bude-kasno.webp?fit=566%2C872&ssl=1&resize=525%2C300 1.5x"},"classes":[]},{"id":52666,"url":"https:\/\/historiografija.hr\/?p=52666","url_meta":{"origin":19632,"position":5},"title":"Najava programa Festivala povijesti Kliofest (5-8. V. 2026)","author":"Branimir Jankovi\u0107","date":"24. travnja 2026.","format":false,"excerpt":"Po trinaesti put odr\u017eava se Festival povijesti Kliofest! Do petka \u0107emo odr\u017eati osam okruglih stolova i dva kolokvija te niz predstavljanja knjiga i projekata razli\u010dite tematike, od antike do suvremenosti. Bit \u0107e predstavljeno i nekoliko izlo\u017ebi te odr\u017ean jedan povijesni kviz. Prikazat \u0107emo i jedan film \u2013 o generalu Boroevi\u0107u.\u2026","rel":"","context":"U &quot;Novosti&quot;","block_context":{"text":"Novosti","link":"https:\/\/historiografija.hr\/?cat=3"},"img":{"alt_text":"","src":"https:\/\/i0.wp.com\/historiografija.hr\/wp-content\/uploads\/2026\/04\/Kliofest-2026.jpg?fit=526%2C526&ssl=1&resize=350%2C200","width":350,"height":200,"srcset":"https:\/\/i0.wp.com\/historiografija.hr\/wp-content\/uploads\/2026\/04\/Kliofest-2026.jpg?fit=526%2C526&ssl=1&resize=350%2C200 1x, https:\/\/i0.wp.com\/historiografija.hr\/wp-content\/uploads\/2026\/04\/Kliofest-2026.jpg?fit=526%2C526&ssl=1&resize=525%2C300 1.5x"},"classes":[]}],"_links":{"self":[{"href":"https:\/\/historiografija.hr\/index.php?rest_route=\/wp\/v2\/posts\/19632","targetHints":{"allow":["GET"]}}],"collection":[{"href":"https:\/\/historiografija.hr\/index.php?rest_route=\/wp\/v2\/posts"}],"about":[{"href":"https:\/\/historiografija.hr\/index.php?rest_route=\/wp\/v2\/types\/post"}],"author":[{"embeddable":true,"href":"https:\/\/historiografija.hr\/index.php?rest_route=\/wp\/v2\/users\/2"}],"replies":[{"embeddable":true,"href":"https:\/\/historiografija.hr\/index.php?rest_route=%2Fwp%2Fv2%2Fcomments&post=19632"}],"version-history":[{"count":2,"href":"https:\/\/historiografija.hr\/index.php?rest_route=\/wp\/v2\/posts\/19632\/revisions"}],"predecessor-version":[{"id":19640,"href":"https:\/\/historiografija.hr\/index.php?rest_route=\/wp\/v2\/posts\/19632\/revisions\/19640"}],"wp:featuredmedia":[{"embeddable":true,"href":"https:\/\/historiografija.hr\/index.php?rest_route=\/wp\/v2\/media\/19633"}],"wp:attachment":[{"href":"https:\/\/historiografija.hr\/index.php?rest_route=%2Fwp%2Fv2%2Fmedia&parent=19632"}],"wp:term":[{"taxonomy":"category","embeddable":true,"href":"https:\/\/historiografija.hr\/index.php?rest_route=%2Fwp%2Fv2%2Fcategories&post=19632"},{"taxonomy":"post_tag","embeddable":true,"href":"https:\/\/historiografija.hr\/index.php?rest_route=%2Fwp%2Fv2%2Ftags&post=19632"}],"curies":[{"name":"wp","href":"https:\/\/api.w.org\/{rel}","templated":true}]}}