{"id":1963,"date":"2011-09-25T22:00:05","date_gmt":"2011-09-25T22:00:05","guid":{"rendered":"http:\/\/historiografija.hr\/?p=1963"},"modified":"2011-09-25T22:00:05","modified_gmt":"2011-09-25T22:00:05","slug":"ivan-brlic-okrugli-stol-krbava-i-udbina-bastina-istrazivanja-perspektive-udbina-crkva-hrvatskih-mucenika-15-rujna-2011","status":"publish","type":"post","link":"https:\/\/historiografija.hr\/?p=1963","title":{"rendered":"Ivan Brli\u0107 &#8211; Okrugli stol &#8220;Krbava i Udbina: Ba\u0161tina, istra\u017eivanja, perspektive&#8221; (Udbina, Crkva hrvatskih mu\u010denika, 15. rujna 2011.)"},"content":{"rendered":"<p class=\"MsoNormal\" style=\"text-align:center;line-height:normal\" align=\"center\"><b style=\"mso-bidi-font-weight:normal\"><span style=\"font-size:12.0pt;font-family: \" times=\"\" new=\"\" roman\"\"=\"\">Okrugli stol &#8220;Krbava i Udbina: Ba\u0161tina, istra\u017eivanja, perspektive&#8221;<\/span><\/b><\/p>\n<p class=\"MsoNormal\" style=\"text-align:center;line-height:normal\" align=\"center\"><span style=\"font-size:12.0pt;font-family:\" times=\"\" new=\"\" roman\"\"=\"\">(Udbina, Crkva hrvatskih mu\u010denika, 15. rujna 2011.)<\/span><\/p>\n<p class=\"MsoNormal\" style=\"text-align:justify;line-height:normal\"><span style=\"font-size:12.0pt;font-family:\" times=\"\" new=\"\" roman\"\"=\"\">&nbsp;<\/span><\/p>\n<p class=\"MsoNormal\" style=\"text-align:justify;text-indent:35.4pt;line-height: normal\"><span style=\"font-size:12.0pt;font-family:\" times=\"\" new=\"\" roman\"\"=\"\">U organizaciji Instituta dru\u0161tvenih znanosti \u201eIvo Pilar\u201c \u2013 Podru\u010dnog centra Gospi\u0107 i Hrvatskog instituta za povijest iz Zagreba odr\u017ean je u \u010detvrtak 15. rujna u Udbini okrugli stol na temu \u201eKrbava i Udbina-ba\u0161tina, istra\u017eivanja i perspektive\u201c. Sudionike skupa je u ime Instituta Ivo Pilar pozdravio \u017deljko Holjevac, a u ime Instituta za povijest ravnateljica Jasna Turkalj. Skup je otvorio doma\u0107in, gospi\u0107ko-senjski biskup mons. Mile Bogovi\u0107.<\/span><\/p>\n<p class=\"MsoNormal\" style=\"text-align:justify;text-indent:35.4pt;line-height: normal\"><span style=\"font-size:12.0pt;font-family:\" times=\"\" new=\"\" roman\"\"=\"\">Nakon pozdravnih rije\u010di okrugli je stol zapo\u010det uvodnim predavanjem Mile Bogovi\u0107a. On je u izlaganja <i style=\"mso-bidi-font-style:normal\">Srednjovjekovna Krbavska biskupija: neka pitanja<\/i> vrlo precizno dao povijesni pregled jedne od najva\u017enijih i prostorno najve\u0107ih srednjovjekovnih hrvatskih biskupija, pritom otvaraju\u0107i mnogobrojna pitanja oko mjesta gdje se to\u010dno nalazila Krbavska biskupija. Neke odgovore upravo je ponudio sljede\u0107i izlaga\u010d, Milan Kruhek, s temom<i style=\"mso-bidi-font-style:normal\"> Od srednjovjekovne Krbave do castruma Udbine<\/i>. U svome vi\u0161edesetljetnom istra\u017eivanju prostora Krbave Kruhek je definirao prostor srednjovjekovne Krbave, njeno civilno i vjersko sredi\u0161te. Naredni izlaga\u010d bio je Hrvoje Kekez koji je dao <i style=\"mso-bidi-font-style:normal\">Pregled topografije srednjovjekovne Krbavske \u017eupanije<\/i> i nadovezao se na prethodnog izlaga\u010da. Pritom je vizualno predstavio \u0161iru sliku mnogobrojnih utvrda i crkava kao brojnih komunikacijskih putova koji su prelazili preko srednjovjekovne Udbine. Zahvaljuju\u0107i dugogodi\u0161njim detaljnim arheolo\u0161kim istra\u017eivanjima na lokalitetu krbavske katedrale sv. Jakova i stolne crkve sv. Nikole koja su provodili Radomir Juri\u0107, Tatjana Kolak i Dalibor \u0160u\u0161nji\u0107, mo\u017ee se uvidjeti da je prostor Udbine bio nekada jedno od najva\u017enijih civilnih i vjerskih sredi\u0161ta Ugarsko-hrvatskog kraljevstva. <\/span><\/p>\n<p class=\"MsoNormal\" style=\"text-align:justify;text-indent:35.4pt;line-height: normal\"><span style=\"font-size:12.0pt;font-family:\" times=\"\" new=\"\" roman\"\"=\"\">Poslije stanke slijedilo je izlaganje Ivana Botice <i style=\"mso-bidi-font-style:normal\">Rodoslovlje knezova Krbavskih: novi pogledi<\/i>. Botica je predstavio dio svoga doktorskog rada te novim arhivskim podacima potvrdio sna\u017enu dominaciju knezova Krbavskih u politi\u010dkom i kulturnom \u017eivotu tada\u0161njeg Ugarsko-hrvatskog kraljevstva. Na to se nadovezao Tomislav Galovi\u0107 u izlaganju <i style=\"mso-bidi-font-style:normal\">Codex Corbaviensis<\/i>. Upravo silna povijesna vrela i vi\u0161estoljetna istra\u017eivanja prostora Krbave pru\u017eaju mogu\u0107nost o stvaranju monumentalne sinteze povijesti srednjovjekovne Krbave u obliku <i style=\"mso-bidi-font-style:normal\">Codexa<\/i>. Jedno zanimljivo vrelo prona\u0161ao je Vinicije Lupis, i to na otoku Kor\u010duli. Lupis u izlaganju <i style=\"mso-bidi-font-style:normal\">Biskup krbavski Vid Ostoji\u0107<\/i> opisuje poznatu kor\u010dulansku obitelj Ostoji\u0107 \u010diji je jedan \u010dlan bio dugogodi\u0161nji krbavski biskup. O osmanskom razdoblju na tlu Udbine i Krbave govorio je Marko \u0160ari\u0107 u izlaganju <i style=\"mso-bidi-font-style:normal\">Krbava u osmanskoj Lici: prostori identiteti i simboli\u010dna geografija na osmanskom serhatu u 16. i 17. stolje\u0107u<\/i>. Naglasak je stavio na defter iz 1552. koji opisuju Krbavu i Udbinu, ali ih vi\u0161e ne spominje, ve\u0107 se ime Krbava utapa u naziv Li\u010dki sand\u017eak. Oslobo\u0111enjem Krbave od Osmanlija dolazi do novog naseljavanja Vlaha i Bunjevaca te Kranjaca koji \u0107e se s vremenom identificirati kao Hrvati i Srbi. O etno-konfesionalnim promjenama na prostoru Krbave govorio je Enver Ljubovi\u0107. <i style=\"mso-bidi-font-style:normal\">Prostor Krbave u kanonskim vizitacijama Modru\u0161ke (Krbavske biskupije) u 18 stolje\u0107u <\/i>naslov je izlaganja \u0160ime Dema i Maje Matasovi\u0107. Izlaganje je rezultat njihova sustavnog prou\u010davanja arhivskih izvora u Biskupskom arhivu u Senju. Autori su ukazali na ote\u017eane uvjete koji su vladali u mjestima Udbina, \u010canak i Podlapac, a koji su vjerno opisani u kanonskim vizitacija. Osim vjerskog \u017eivota u vojnokraji\u0161koj Krbavi, klju\u010dno je bilo kraji\u0161ko vojno ustrojstvo koje je uvelike odre\u0111ivalo svakodnevnicu stanovnika Krbave. <\/span><\/p>\n<p class=\"MsoNormal\" style=\"text-align:justify;text-indent:35.4pt;line-height: normal\"><span style=\"font-size:12.0pt;font-family:\" times=\"\" new=\"\" roman\"\"=\"\">O tome kako su istra\u017eiva\u010di do\u017eivljavali prostor Krbave u razdoblju 18. i 19. stolje\u0107a govorio je \u017deljko Holjevac u izlaganju <i style=\"mso-bidi-font-style:normal\">Vojno-kraji\u0161ka Krbava i Udbina 18. i 19 stolje\u0107a: osnovni problemi<\/i>. Sljede\u0107i govornik bio je Ivan Brli\u0107 \u2013 izlagao je o temi <i style=\"mso-bidi-font-style:normal\">\u010citaoni\u010dka dru\u0161tva krajem 19. i po\u010detkom 20. stolje\u0107a kao va\u017ean element kulturnog identiteta stanovnika Krbave<\/i>. \u010citaoni\u010dka i mnoga druga dru\u0161tva uvelike su pomogla mjestima Krbave u njihovom postepenom gra\u0111anskom razvitku. Dvadeseto stolje\u0107e je vrijeme naglih i nasilnih iseljavanja s prostora Krbave. O demografskim promjenama s naglaskom na posljednjih trideset godina govorio je Ivo Turk u referatu <i style=\"mso-bidi-font-style:normal\">Demografske promjene i stanje naseljenosti udbinsko-krbavskog kraja od 1857. do 2011. godine. <\/i>Na temelju demografskih statistika on je iznio frapantan podatak da je prostor Krbave danas naseljen ljudima u jednakom postotku kao i prostor pustinje Sahara ili sjever Skandinavskog poluotoka. Posljednje izlaganje imala je Bla\u017eenka Ljubovi\u0107 s temom <i style=\"mso-bidi-font-style:normal\">Mogu\u0107nosti revitalizacije i prezentacije sa\u010duvane kulturno-povijesne krbavske ba\u0161tine<\/i>. Zalo\u017eila se za vjerski turizam s naglaskom na Udbinu kao mjesto stradavanja Hrvata. Tako\u0111er, poseban je naglasak stavila na bogatu arheolo\u0161ku ba\u0161tinu koju tek treba kvalitetnije prezentirati hrvatskoj i svjetskoj javnosti. <\/span><\/p>\n<p class=\"MsoNormal\" style=\"text-align:justify;text-indent:35.4pt;line-height: normal\"><span style=\"font-size:12.0pt;font-family:\" times=\"\" new=\"\" roman\"\"=\"\">Ovim posljednjim promi\u0161ljanjima o budu\u0107im revitalizacijskim koracima zavr\u0161io je okrugli stol u Udbini koji je bio podijeljen u tri sekcije. Nakon svake su slijedile zanimljive i korisne rasprave u kojima su svoja bogata znanstvena iskustva mogli zajedno predstaviti i povjesni\u010dari i areholozi. Ovaj okrugli stol tek je prvi konkretan poku\u0161aj da se definira krbavski identitet te otvore perspektive za jo\u0161 sadr\u017eajniji interdisciplinarni pristup ovoj zaboravljenoj, ali iznimno zna\u010dajnoj hrvatskoj povijesnoj regiji.<\/span><\/p>\n<p class=\"MsoNormal\" style=\"text-align:justify;line-height:normal\"><span style=\"font-size:12.0pt;font-family:\" times=\"\" new=\"\" roman\"\"=\"\">&nbsp;<\/span><\/p>\n<p class=\"MsoNormal\" style=\"text-align:right;line-height:normal\" align=\"right\"><span style=\"font-size:12.0pt;font-family:\" times=\"\" new=\"\" roman\"\"=\"\">Ivan Brli\u0107<\/span><\/p>\n<p class=\"MsoNormal\" style=\"text-align:justify;line-height:normal\"><span style=\"font-size:12.0pt;font-family:\" times=\"\" new=\"\" roman\"\"=\"\">&nbsp;<\/span><\/p>\n","protected":false},"excerpt":{"rendered":"","protected":false},"author":1,"featured_media":0,"comment_status":"open","ping_status":"open","sticky":false,"template":"","format":"standard","meta":{"_acf_changed":false,"jetpack_post_was_ever_published":false,"_jetpack_newsletter_access":"","_jetpack_dont_email_post_to_subs":false,"_jetpack_newsletter_tier_id":0,"_jetpack_memberships_contains_paywalled_content":false,"_jetpack_memberships_contains_paid_content":false,"footnotes":"","jetpack_publicize_message":"","jetpack_publicize_feature_enabled":true,"jetpack_social_post_already_shared":false,"jetpack_social_options":{"image_generator_settings":{"template":"highway","default_image_id":0,"font":"","enabled":false},"version":2}},"categories":[4],"tags":[],"class_list":["post-1963","post","type-post","status-publish","format-standard","hentry","category-osvrti"],"acf":{"facebook_opis":""},"jetpack_publicize_connections":[],"jetpack_featured_media_url":"","jetpack_sharing_enabled":true,"jetpack-related-posts":[{"id":52749,"url":"https:\/\/historiografija.hr\/?p=52749","url_meta":{"origin":1963,"position":0},"title":"Okrugli stol &#8220;Rast mo\u0107i, kalupljenje dru\u0161tva: administrativna rije\u010d i stasanje teritorijalne dr\u017eave u kasnom srednjem vijeku&#8221;","author":"Filip \u0160imunjak","date":"30. travnja 2026.","format":false,"excerpt":"Pozivamo Vas na okrugli stol \u201eRast mo\u0107i, kalupljenje dru\u0161tva: administrativna rije\u010d i stasanje teritorijalne dr\u017eave u kasnom srednjem vijeku\u201d, koji \u0107e se odr\u017eati u sklopu ovogodi\u0161njega Festivala povijesti Kliofest u Nacionalnoj i sveu\u010dili\u0161noj knji\u017enici u Zagrebu, u utorak 5. svibnja, s po\u010detkom u 17 sati. U raspravi \u0107e sudjelovati Zdenka\u2026","rel":"","context":"U &quot;Novosti&quot;","block_context":{"text":"Novosti","link":"https:\/\/historiografija.hr\/?cat=3"},"img":{"alt_text":"","src":"https:\/\/i0.wp.com\/historiografija.hr\/wp-content\/uploads\/2026\/04\/Kliofest-01-utorak-I-04-OS-Rast-moci.jpg?fit=1200%2C566&ssl=1&resize=350%2C200","width":350,"height":200,"srcset":"https:\/\/i0.wp.com\/historiografija.hr\/wp-content\/uploads\/2026\/04\/Kliofest-01-utorak-I-04-OS-Rast-moci.jpg?fit=1200%2C566&ssl=1&resize=350%2C200 1x, https:\/\/i0.wp.com\/historiografija.hr\/wp-content\/uploads\/2026\/04\/Kliofest-01-utorak-I-04-OS-Rast-moci.jpg?fit=1200%2C566&ssl=1&resize=525%2C300 1.5x, https:\/\/i0.wp.com\/historiografija.hr\/wp-content\/uploads\/2026\/04\/Kliofest-01-utorak-I-04-OS-Rast-moci.jpg?fit=1200%2C566&ssl=1&resize=700%2C400 2x, https:\/\/i0.wp.com\/historiografija.hr\/wp-content\/uploads\/2026\/04\/Kliofest-01-utorak-I-04-OS-Rast-moci.jpg?fit=1200%2C566&ssl=1&resize=1050%2C600 3x"},"classes":[]},{"id":52717,"url":"https:\/\/historiografija.hr\/?p=52717","url_meta":{"origin":1963,"position":1},"title":"Okrugli stol &#8220;Dvjestapedeset godina Sjedinjenih Ameri\u010dkih Dr\u017eava \u2013 od kolonije do prve zemlje svijeta i dalje&#8221;","author":"Filip \u0160imunjak","date":"29. travnja 2026.","format":false,"excerpt":"Ove godine obilje\u017eava se 250. obljetnica osnutka Sjedinjenih Ameri\u010dkih Dr\u017eava, povodom koje je pokrenut niz rasprava o ameri\u010dkoj povijesti, njezinoj globalnoj ulozi i naslje\u0111u koje se prote\u017ee od 1776. do danas. Obljetnica je ujedno prilika za promi\u0161ljanje o tome kako danas tuma\u010dimo ameri\u010dku pro\u0161lost, ali i (aktualnu) ulogu SAD-a u\u2026","rel":"","context":"U &quot;Novosti&quot;","block_context":{"text":"Novosti","link":"https:\/\/historiografija.hr\/?cat=3"},"img":{"alt_text":"","src":"https:\/\/i0.wp.com\/historiografija.hr\/wp-content\/uploads\/2026\/04\/Kliofest-01-utorak-I-02-OS-250-godina-SAD.jpg?fit=1200%2C566&ssl=1&resize=350%2C200","width":350,"height":200,"srcset":"https:\/\/i0.wp.com\/historiografija.hr\/wp-content\/uploads\/2026\/04\/Kliofest-01-utorak-I-02-OS-250-godina-SAD.jpg?fit=1200%2C566&ssl=1&resize=350%2C200 1x, https:\/\/i0.wp.com\/historiografija.hr\/wp-content\/uploads\/2026\/04\/Kliofest-01-utorak-I-02-OS-250-godina-SAD.jpg?fit=1200%2C566&ssl=1&resize=525%2C300 1.5x, https:\/\/i0.wp.com\/historiografija.hr\/wp-content\/uploads\/2026\/04\/Kliofest-01-utorak-I-02-OS-250-godina-SAD.jpg?fit=1200%2C566&ssl=1&resize=700%2C400 2x, https:\/\/i0.wp.com\/historiografija.hr\/wp-content\/uploads\/2026\/04\/Kliofest-01-utorak-I-02-OS-250-godina-SAD.jpg?fit=1200%2C566&ssl=1&resize=1050%2C600 3x"},"classes":[]},{"id":52712,"url":"https:\/\/historiografija.hr\/?p=52712","url_meta":{"origin":1963,"position":2},"title":"Okrugli stol &#8220;Proslava 1100 godina Hrvatskoga Kraljevstva \u2013 kako danas gledamo na hrvatski rani srednji vijek?&#8221;","author":"Filip \u0160imunjak","date":"29. travnja 2026.","format":false,"excerpt":"Godinu iza nas obilje\u017eile su brojne manifestacije posve\u0107ene 1100. obljetnici Hrvatskoga Kraljevstva, koje su privukle veliku pozornost javnosti i medija, pa tako i na\u0161ega portala. Nastavljaju\u0107i se na taj niz, pozivamo Vas na okrugli stol \u201eProslava 1100 godina Hrvatskoga Kraljevstva \u2013 kako danas gledamo na hrvatski rani srednji vijek?\u201d, koji\u2026","rel":"","context":"U &quot;Novosti&quot;","block_context":{"text":"Novosti","link":"https:\/\/historiografija.hr\/?cat=3"},"img":{"alt_text":"","src":"https:\/\/i0.wp.com\/historiografija.hr\/wp-content\/uploads\/2026\/04\/Kliofest-01-utorak-I-01-OS-1100-godina.jpg?fit=1200%2C566&ssl=1&resize=350%2C200","width":350,"height":200,"srcset":"https:\/\/i0.wp.com\/historiografija.hr\/wp-content\/uploads\/2026\/04\/Kliofest-01-utorak-I-01-OS-1100-godina.jpg?fit=1200%2C566&ssl=1&resize=350%2C200 1x, https:\/\/i0.wp.com\/historiografija.hr\/wp-content\/uploads\/2026\/04\/Kliofest-01-utorak-I-01-OS-1100-godina.jpg?fit=1200%2C566&ssl=1&resize=525%2C300 1.5x, https:\/\/i0.wp.com\/historiografija.hr\/wp-content\/uploads\/2026\/04\/Kliofest-01-utorak-I-01-OS-1100-godina.jpg?fit=1200%2C566&ssl=1&resize=700%2C400 2x, https:\/\/i0.wp.com\/historiografija.hr\/wp-content\/uploads\/2026\/04\/Kliofest-01-utorak-I-01-OS-1100-godina.jpg?fit=1200%2C566&ssl=1&resize=1050%2C600 3x"},"classes":[]},{"id":52499,"url":"https:\/\/historiografija.hr\/?p=52499","url_meta":{"origin":1963,"position":3},"title":"POTPISAN UGOVOR O ZNANSTVENO-ISTRA\u017dIVA\u010cKOJ SURADNJI: PROJEKT \u201eTEMELJI HRVATSKE SAMOSTALNOSTI\u201d","author":"Branimir Jankovi\u0107","date":"17. travnja 2026.","format":false,"excerpt":"Hrvatski institut za povijest, Sveu\u010dili\u0161te obrane i sigurnosti \u201eDr. Franjo Tu\u0111man\u201d, Institut dru\u0161tvenih znanosti Ivo Pilar i Hrvatski dr\u017eavni arhiv\u00a0potpisali su 23. o\u017eujka 2026.\u00a0Ugovor o znanstveno-istra\u017eiva\u010dkoj suradnji s ciljem provedbe projekta \u201eTemelji hrvatske samostalnosti\u201d. Tim projektom obuhva\u0107a se istra\u017eivanje arhivskoga gradiva, priprema znanstvenih publikacija, digitalizacija i javna prezentacija rezultata istra\u017eivanja\u2026","rel":"","context":"U &quot;Novosti&quot;","block_context":{"text":"Novosti","link":"https:\/\/historiografija.hr\/?cat=3"},"img":{"alt_text":"","src":"https:\/\/i0.wp.com\/historiografija.hr\/wp-content\/uploads\/2026\/04\/THS_sporazum.jpg?fit=1200%2C583&ssl=1&resize=350%2C200","width":350,"height":200,"srcset":"https:\/\/i0.wp.com\/historiografija.hr\/wp-content\/uploads\/2026\/04\/THS_sporazum.jpg?fit=1200%2C583&ssl=1&resize=350%2C200 1x, https:\/\/i0.wp.com\/historiografija.hr\/wp-content\/uploads\/2026\/04\/THS_sporazum.jpg?fit=1200%2C583&ssl=1&resize=525%2C300 1.5x, https:\/\/i0.wp.com\/historiografija.hr\/wp-content\/uploads\/2026\/04\/THS_sporazum.jpg?fit=1200%2C583&ssl=1&resize=700%2C400 2x, https:\/\/i0.wp.com\/historiografija.hr\/wp-content\/uploads\/2026\/04\/THS_sporazum.jpg?fit=1200%2C583&ssl=1&resize=1050%2C600 3x"},"classes":[]},{"id":52666,"url":"https:\/\/historiografija.hr\/?p=52666","url_meta":{"origin":1963,"position":4},"title":"Najava programa Festivala povijesti Kliofest (5-8. V. 2026)","author":"Branimir Jankovi\u0107","date":"24. travnja 2026.","format":false,"excerpt":"Po trinaesti put odr\u017eava se Festival povijesti Kliofest! Do petka \u0107emo odr\u017eati osam okruglih stolova i dva kolokvija te niz predstavljanja knjiga i projekata razli\u010dite tematike, od antike do suvremenosti. Bit \u0107e predstavljeno i nekoliko izlo\u017ebi te odr\u017ean jedan povijesni kviz. Prikazat \u0107emo i jedan film \u2013 o generalu Boroevi\u0107u.\u2026","rel":"","context":"U &quot;Novosti&quot;","block_context":{"text":"Novosti","link":"https:\/\/historiografija.hr\/?cat=3"},"img":{"alt_text":"","src":"https:\/\/i0.wp.com\/historiografija.hr\/wp-content\/uploads\/2026\/04\/Kliofest-2026.jpg?fit=526%2C526&ssl=1&resize=350%2C200","width":350,"height":200,"srcset":"https:\/\/i0.wp.com\/historiografija.hr\/wp-content\/uploads\/2026\/04\/Kliofest-2026.jpg?fit=526%2C526&ssl=1&resize=350%2C200 1x, https:\/\/i0.wp.com\/historiografija.hr\/wp-content\/uploads\/2026\/04\/Kliofest-2026.jpg?fit=526%2C526&ssl=1&resize=525%2C300 1.5x"},"classes":[]},{"id":52502,"url":"https:\/\/historiografija.hr\/?p=52502","url_meta":{"origin":1963,"position":5},"title":"Novi znanstveni projekt Hrvatskog instituta za povijest: \u201c\u017drtve ratova i dr\u017eavnog\/politi\u010dkog nasilja u hrvatskoj povijesti 20. stolje\u0107a\u201d","author":"Branimir Jankovi\u0107","date":"17. travnja 2026.","format":false,"excerpt":"Na redovitoj sjednici Vlade RH, 16. travnja 2026., donijet je Zaklju\u010dak kojim se pokre\u0107e znanstveni projekt \u201c\u017drtve ratova i dr\u017eavnog\/politi\u010dkog nasilja u hrvatskoj povijesti 20. stolje\u0107a\u201d. Projekt \u0107e provoditi i koordinirati Hrvatski institut za povijest u razdoblju trajanja projekta od pet godina. Zakljucak Vlade RH Iz teksta projektnog prijedloga: Problematika\u2026","rel":"","context":"U &quot;Novosti&quot;","block_context":{"text":"Novosti","link":"https:\/\/historiografija.hr\/?cat=3"},"img":{"alt_text":"","src":"https:\/\/i0.wp.com\/historiografija.hr\/wp-content\/uploads\/2026\/04\/Vlada-RH.jpg?fit=1200%2C557&ssl=1&resize=350%2C200","width":350,"height":200,"srcset":"https:\/\/i0.wp.com\/historiografija.hr\/wp-content\/uploads\/2026\/04\/Vlada-RH.jpg?fit=1200%2C557&ssl=1&resize=350%2C200 1x, https:\/\/i0.wp.com\/historiografija.hr\/wp-content\/uploads\/2026\/04\/Vlada-RH.jpg?fit=1200%2C557&ssl=1&resize=525%2C300 1.5x, https:\/\/i0.wp.com\/historiografija.hr\/wp-content\/uploads\/2026\/04\/Vlada-RH.jpg?fit=1200%2C557&ssl=1&resize=700%2C400 2x, https:\/\/i0.wp.com\/historiografija.hr\/wp-content\/uploads\/2026\/04\/Vlada-RH.jpg?fit=1200%2C557&ssl=1&resize=1050%2C600 3x"},"classes":[]}],"_links":{"self":[{"href":"https:\/\/historiografija.hr\/index.php?rest_route=\/wp\/v2\/posts\/1963","targetHints":{"allow":["GET"]}}],"collection":[{"href":"https:\/\/historiografija.hr\/index.php?rest_route=\/wp\/v2\/posts"}],"about":[{"href":"https:\/\/historiografija.hr\/index.php?rest_route=\/wp\/v2\/types\/post"}],"author":[{"embeddable":true,"href":"https:\/\/historiografija.hr\/index.php?rest_route=\/wp\/v2\/users\/1"}],"replies":[{"embeddable":true,"href":"https:\/\/historiografija.hr\/index.php?rest_route=%2Fwp%2Fv2%2Fcomments&post=1963"}],"version-history":[{"count":0,"href":"https:\/\/historiografija.hr\/index.php?rest_route=\/wp\/v2\/posts\/1963\/revisions"}],"wp:attachment":[{"href":"https:\/\/historiografija.hr\/index.php?rest_route=%2Fwp%2Fv2%2Fmedia&parent=1963"}],"wp:term":[{"taxonomy":"category","embeddable":true,"href":"https:\/\/historiografija.hr\/index.php?rest_route=%2Fwp%2Fv2%2Fcategories&post=1963"},{"taxonomy":"post_tag","embeddable":true,"href":"https:\/\/historiografija.hr\/index.php?rest_route=%2Fwp%2Fv2%2Ftags&post=1963"}],"curies":[{"name":"wp","href":"https:\/\/api.w.org\/{rel}","templated":true}]}}