{"id":1958,"date":"2011-07-10T22:00:05","date_gmt":"2011-07-10T22:00:05","guid":{"rendered":"http:\/\/historiografija.hr\/?p=1958"},"modified":"2011-07-10T22:00:05","modified_gmt":"2011-07-10T22:00:05","slug":"jasmin-medved-ljetopis-popa-dukljanina-pred-izazovima-novije-historiografije-zagreb-3-ozujka-2011-godine","status":"publish","type":"post","link":"https:\/\/historiografija.hr\/?p=1958","title":{"rendered":"Jasmin Medved &#8211; Ljetopis popa Dukljanina pred izazovima novije historiografije, Zagreb, 3. o\u017eujka 2011. godine"},"content":{"rendered":"<p><!--[if gte mso 9]><xml>  <w:WordDocument>   <w:View>Normal<\/w:View>   <w:Zoom>0<\/w:Zoom>   <w:HyphenationZone>21<\/w:HyphenationZone>   <w:PunctuationKerning\/>   <w:ValidateAgainstSchemas\/>   <w:SaveIfXMLInvalid>false<\/w:SaveIfXMLInvalid>   <w:IgnoreMixedContent>false<\/w:IgnoreMixedContent>   <w:AlwaysShowPlaceholderText>false<\/w:AlwaysShowPlaceholderText>   <w:Compatibility>    <w:BreakWrappedTables\/>    <w:SnapToGridInCell\/>    <w:WrapTextWithPunct\/>    <w:UseAsianBreakRules\/>    <w:DontGrowAutofit\/>   <\/w:Compatibility>  <\/w:WordDocument> <\/xml><![endif]--><!--[if gte mso 9]><xml>  <w:LatentStyles DefLockedState=\"false\" LatentStyleCount=\"156\">  <\/w:LatentStyles> <\/xml><![endif]--><!--[if gte mso 10]> \n\n<style>  \/* Style Definitions *\/  table.MsoNormalTable \t{mso-style-name:\"Table Normal\"; \tmso-tstyle-rowband-size:0; \tmso-tstyle-colband-size:0; \tmso-style-noshow:yes; \tmso-style-parent:\"\"; \tmso-padding-alt:0cm 5.4pt 0cm 5.4pt; \tmso-para-margin:0cm; \tmso-para-margin-bottom:.0001pt; \tmso-pagination:widow-orphan; \tfont-size:10.0pt; \tfont-family:\"Times New Roman\"; \tmso-ansi-language:#0400; \tmso-fareast-language:#0400; \tmso-bidi-language:#0400;} <\/style>\n\n <![endif]-->  <\/p>\n<p class=\"MsoNormal\" style=\"text-align:center;line-height:normal\" align=\"center\"><b style=\"mso-bidi-font-weight:normal\"><i style=\"mso-bidi-font-style:normal\"><span style=\"font-size:12.0pt;font-family:&quot;Times New Roman&quot;;mso-ansi-language: PL\" lang=\"PL\">Ljetopis popa Dukljanina<\/span><\/i><\/b><b style=\"mso-bidi-font-weight:normal\"><span style=\"font-size:12.0pt;font-family:&quot;Times New Roman&quot;;mso-ansi-language: PL\" lang=\"PL\"> pred izazovima novije historiografije<\/span><\/b><\/p>\n<p class=\"MsoNormal\" style=\"text-align:center;line-height:normal\" align=\"center\"><b style=\"mso-bidi-font-weight:normal\"><span style=\"font-size:12.0pt; font-family:&quot;Times New Roman&quot;;mso-ansi-language:PL\" lang=\"PL\">Zagreb, 3. o\u017eujka 2011. godine<\/span><\/b><\/p>\n<p class=\"MsoNormal\" style=\"text-align:center;line-height:normal\" align=\"center\"><b style=\"mso-bidi-font-weight:normal\"><span style=\"font-size:12.0pt; font-family:&quot;Times New Roman&quot;;mso-ansi-language:PL\" lang=\"PL\">&nbsp;<\/span><\/b><\/p>\n<p class=\"MsoNormal\" style=\"line-height:normal\"><span style=\"font-size: 12.0pt;font-family:&quot;Times New Roman&quot;;mso-ansi-language:PL\" lang=\"PL\">U organizaciji Odsjeka za povijest Filozofskog fakulteta Sveu\u010dili\u0161ta u Zagrebu 3. o\u017eujka 2011. godine odr\u017ean je me\u0111unarodni znanstveni skup \u201cLjetopis popa Dukljanina pred izazovima novije historiografije\u201d. Skup je bio podijeljen na \u010detiri sekcije: jutarnja, podnevna, poslijepodnevna i ve\u010dernja. Skup je otvorio organizator Trpimir Vedri\u0161 i u nekoliko rije\u010di pozdravio sve sudionike skupa i zainteresirane promatra\u010de. Ukratko je naglasio koji je bio povod sazivanju skupa te \u0161to se o\u010dekuje.<\/span><\/p>\n<p class=\"MsoNormalCxSpMiddle\" style=\"margin-bottom:0cm;margin-bottom:.0001pt; mso-add-space:auto;text-align:justify;text-indent:36.0pt;line-height:normal\"><span style=\"font-size:12.0pt;font-family:&quot;Times New Roman&quot;;mso-ansi-language: PL\" lang=\"PL\">Jutarnju sekciju pod naslovom \u201cLJPD kao izvor za srednjovjekovnu povijest\u201d (predsjedao Borislav Grgin) zapo\u010deo je Neven Budak referatom \u201cIzme\u0111u dvije fikcije: Hrvatska historiografija, Maruli\u0107-Orbini i Konstantin Porfirogenet\u201d. Predstavio je najva\u017enija rana historiografska djela koja su se bavila Ljetopisom. Autor se u startu ogradio od izno\u0161enja svih radova na temu, iz vrlo jednostavnog razloga \u0161to bi to iziskivalo puno vi\u0161e vremena i prostora od onog koji je bio zadan na skupu. Hrvoje Gra\u010danin u referatu \u201c<i style=\"mso-bidi-font-style:normal\">Ljetopis popa Dukljanina<\/i> i ju\u017eni smje\u0161taj Moravske kne\u017eevine\u201d prikazao je tezu pokojnoga ameri\u010dkog povjesni\u010dara ma\u0111arskog podrijetla Imre Bobe o ju\u017enom smje\u0161taju Moravske kne\u017eevine, koja je od samog svog pojavljivanja izazvala veliki prijepor u historiografiji. Ova teza unato\u010d tome ima svoje pobornike poput Martina Eggersa koji ju je u svojoj knjizi <i style=\"mso-bidi-font-style: normal\">Das \u201cGrossm\u00e4hrische Reich\u201d: Realit\u00e4t oder Fiktion?<\/i>\u201d poku\u0161ao dodatno osna\u017eiti osloniv\u0161i se u tomu u zna\u010dajnoj mjeri i na podatke koji se mogu na\u0107i u <i style=\"mso-bidi-font-style:normal\">Ljetopisu popa Dukljanina<\/i>. Dejan Zadro pro\u010ditao je referat pod naslovom \u201cIzmi\u0161ljena tradicija: Kako se pri\u010dom o dukljanskom podrijetlu Barske (nad)biskupije uspjelo obmanuti suvremenike, ali i kasniju historiografiju.\u201d Time je bio zavr\u0161en rad prve sekcije \u010dija je tema ve\u0107im dijelom bila upotreba Ljetopisa u historiografiji, odnosno kako su na osnovu tog djela povjesni\u010dari poku\u0161avali otkriti pro\u0161lu zbilju.<\/span><\/p>\n<p class=\"MsoNormalCxSpMiddle\" style=\"margin-bottom:0cm;margin-bottom:.0001pt; mso-add-space:auto;text-align:justify;text-indent:36.0pt;line-height:normal\"><span style=\"font-size:12.0pt;font-family:&quot;Times New Roman&quot;;mso-ansi-language: PL\" lang=\"PL\">Podnevna sekcija odvijala se pod naslovom \u201cLJPD kao srednjovjekovna kronika: vrijeme i okolnosti nastanka I\u201d, a predsjedala je Mirjana Matijevi\u0107 Sokol. Amir Kapetanovi\u0107 se u referatu \u201cStariji i noviji jezi\u010dni slojevi u Kaleti\u0107evu prijepisu <i style=\"mso-bidi-font-style:normal\">Ljetopisa popa Dukljanina<\/i>\u201d bavio spomenutim prijepisom LJPD koji je nastao u 16. stolje\u0107u. On je poku\u0161ao unutarnjom jezi\u010dno-stilskom analizom Kaleti\u0107eva prijepisa utvrditi mogu\u0107e ostatke jezi\u010dnih zna\u010dajki starohrvatske redakcije te kronike kao i nove jezi\u010dne dodatke iz 16. stolje\u0107a. Tibor \u017divkovi\u0107 izlo\u017eio je referat pod naslovom \u201cOdnos hrvatske i latinske redakcije <i style=\"mso-bidi-font-style: normal\">Gesta regnum Sclavorum<\/i>.\u201d On je analizirao obje redakcije LJPD i njihov me\u0111usobni odnos, tj. takozvanu \u201chrvatsku redakciju\u201d (HR), izvorno napisanu na latinskom jeziku, te \u201clatinsku redakciju\u201d (LR). Naratolo\u0161ka analiza obje redakcije ustvrdila je da je HR i LR sastavila ista osoba, \u0161to name\u0107e zaklju\u010dak da je HR prvotna redakcija, a LR kona\u010dna verzija LJPD. Mladen An\u010di\u0107 je u referatu \u201cKako \u010ditati <i style=\"mso-bidi-font-style:normal\">Ljetopis popa Dukljanina<\/i> nakon monografije Tibora \u017divkovi\u0107a\u201d ukazao na razloge zbog kojih \u0107e svaki dalji rad na analizi LJPD ubudu\u0107e biti nemogu\u0107 bez oslanjanja na monografiju Tibora \u017divkovi\u0107a. U drugome dijelu izlaganja An\u010di\u0107 se osvrnuo na stanovite probleme koji, po njemu, proizlaze iz temeljnih metodolo\u0161kih zasada \u017divkovi\u0107eve znanstvene analize u njegovoj monografiji. Zavr\u0161ni dio druge sekcije ponudio je \u017eivu raspravu izme\u0111u izlaga\u010da \u017divkovi\u0107a i An\u010di\u0107a. Razlog rasprave su dijametralno suprotna mi\u0161ljenja o vremenu nastanka i okolnostima nastanka Ljetopisa. U nekoliko navrata je i predsjedavaju\u0107a M. Matijevi\u0107-Sokol morala reagirati te smirivati strasti, a sami izlaga\u010di su u pomo\u0107 pozvali prisutnoga latinista Jovanovi\u0107a. Unato\u010d dosta dugoj i \u017eivoj raspravi, autori su ostali pri svome mi\u0161ljenju. Strasti su se smirile u pauzi izme\u0111u sekcija gdje su spomenuti sudionici skupa pomirljivo nastavili svoju raspravu.<\/span><\/p>\n<p class=\"MsoNormalCxSpMiddle\" style=\"margin-bottom:0cm;margin-bottom:.0001pt; mso-add-space:auto;text-align:justify;text-indent:36.0pt;line-height:normal\"><span style=\"font-size:12.0pt;font-family:&quot;Times New Roman&quot;;mso-ansi-language: PL\" lang=\"PL\">Poslijepodnevnoj sekciji pod naslovom \u201cLJPD kao humanisti\u010dki falsifikat?: vrijeme i okolnosti nastanka II\u201d predsjedao je Neven Budak. Neven Jovanovi\u0107 izlo\u017eio je referat pod naslovom \u201cDmine Papali\u0107 i <i style=\"mso-bidi-font-style: normal\">Regum Delmatiae atque Croatiae gesta<\/i>\u201d. Autor na temelju arhivskih podataka istra\u017euje Dminu Papali\u0107a koji je bio nalaznik prijepisa tzv. \u201chrvatske redakcije\u201d Ljetopisa te suvremenik i prijatelj Marka Maruli\u0107a. Solange Buljan u svom izlaganju pod naslovom \u201c<i style=\"mso-bidi-font-style:normal\">Ljetopis popa Dukljanina<\/i>: povijesni falsifikat\u201d dovodi u pitanje \u0161iroko prihva\u0107eni historiografski konsenzus prema kojem je Ljetopis najstariji ju\u017enoslavenski narativni izvor. Autorica tvrdi da je taj izvor, koji govori o povijesti Slavena na Balkanu od 6. do 12. stolje\u0107a, u stvari kasnija konstrukcija koju je stvorio dubrova\u010dki benediktinac Mavro Orbini u 16. stolje\u0107u. Ludwig Steindorff pro\u010ditao je referat pod naslovom \u201cVizija popa Dukljanina i njezini izvori \u2013 u duhu kojeg vremena?\u201d. U tom izlaganju autor je iznio mi\u0161ljenje o nastanku Ljetopisa koje se suprostavljalo ve\u0107 iznijetom mi\u0161ljenju \u017divkovi\u0107a. To je jo\u0161 jednom dovelo do uzaviranja strasti i ponekad povi\u0161enih tonova, ali ipak u akademskom duhu. Dosta pozornosti je izazvalo i izlaganje Solange Buljan, ali ostaje dojam kako je njezin zaklju\u010dak kod ve\u0107ine prisutnih bio odba\u010den, \u0161to su djelomi\u010dno potvrdili kroatist Kapetanovi\u0107 i latinist Jovanovi\u0107 koji su ustvrdili da se u samim rukopisima nalaze jezi\u010dni slojevi i konstrukcije starije od 16. stolje\u0107a.<span style=\"mso-spacerun:yes\">&nbsp;&nbsp;&nbsp;&nbsp;&nbsp;&nbsp;&nbsp;&nbsp;&nbsp;&nbsp;&nbsp;&nbsp;&nbsp;&nbsp;&nbsp;&nbsp;&nbsp;&nbsp;&nbsp;&nbsp; <\/span><\/span><\/p>\n<p class=\"MsoNormalCxSpMiddle\" style=\"margin-bottom:0cm;margin-bottom:.0001pt; mso-add-space:auto;text-align:justify;text-indent:36.0pt;line-height:normal\"><span style=\"font-size:12.0pt;font-family:&quot;Times New Roman&quot;\" lang=\"EN-US\">Ve\u010dernjom sekcijom pod naslovom \u201cNachleben LJPD\u201d predsjedao je Neven Jovanovi\u0107. Iva Kurelac je izlo\u017eila referat pod naslovom \u201cObilje\u017eja recepcije <i style=\"mso-bidi-font-style:normal\">Ljetopisa popa Dukljanina<\/i> u hrvatskoj kasnohumanisti\u010dkoj historiografiji: primjer djela <i style=\"mso-bidi-font-style: normal\">De rebus Dalmaticis<\/i>.\u201d Ona je predstavila nova saznanja o recepciji LJPD i Maruli\u0107eva prijevoda istoga u neobjavljenom djelu <i style=\"mso-bidi-font-style: normal\">De rebus Dalmaticis <\/i>(1602.) \u0161ibenskog humanista i povjesni\u010dara Dinka Zavorovi\u0107a. <\/span><span style=\"font-size:12.0pt;font-family: &quot;Times New Roman&quot;;mso-ansi-language:PL\" lang=\"PL\">Autori\u010dina teza je da se krajem razdoblja humanizma pojavljuju neke konkretne naznake kriti\u010dke historiografije \u0161to se i o\u010dituje u Zavorovi\u0107evoj analizi LJPD. Posljednji referent bio je Danijel Premerl koji je izlo\u017eio referat pod naslovom \u201cNovi \u017eivot Dukljaninovog kralja Budimira u baroknoj ikonografiji Zagreba\u010dke biskupije.\u201d Autor je analizirao prikaz kralja Budimira na fresci nastaloj 1700. godine koja se nalazi u refektoriju Ilirsko-ugarskog kolegija u Bolonji, a tako\u0111er i ostale prikaze istoga kralja tijekom 17. stolje\u0107a te je poku\u0161ao interpretirati i razloge njegova o\u017eivljavanja u tome stolje\u0107u. <\/span><\/p>\n<p class=\"MsoNormalCxSpMiddle\" style=\"margin-bottom:0cm;margin-bottom:.0001pt; mso-add-space:auto;text-align:justify;text-indent:36.0pt;line-height:normal\"><span style=\"font-size:12.0pt;font-family:&quot;Times New Roman&quot;;mso-ansi-language: PL\" lang=\"PL\">Skup je pru\u017eio neke nove poglede na nastanak i funkciju Ljetopisa popa Dukljanina. Otvorio je neka nova pitanja koja \u0107e omogu\u0107iti povjesni\u010darima da grade nova saznanja o njemu, ali i da<span style=\"mso-spacerun:yes\">&nbsp; <\/span>poku\u0161aju u tom dosta nesigurnom izvoru prona\u0107i dijelove koji imaju povijesnu vrijednost. Ugodno dru\u017eenje izlaga\u010da i organizatora nastavljeno je u restoranu \u201cPri Zvoncu\u201d gdje se rasprava protegnula do kasno u no\u0107. U organizaciji skupa su sudjelovali i studenti Tea D\u017eivanovi\u0107, Igor Poljakovi\u0107 i Ante Vu\u010di\u0107.<\/span><\/p>\n<p class=\"MsoNormalCxSpMiddle\" style=\"margin-bottom:0cm;margin-bottom: .0001pt;mso-add-space:auto;text-align:right;text-indent:36.0pt;line-height: normal\" align=\"right\"><span style=\"font-size:12.0pt;font-family:&quot;Times New Roman&quot;; mso-ansi-language:PL\" lang=\"PL\">&nbsp;<\/span><\/p>\n<p class=\"MsoNormal\" style=\"text-align:right;line-height:normal\" align=\"right\"><span style=\"font-size:12.0pt;font-family:&quot;Times New Roman&quot;\" lang=\"EN-US\">Jasmin Medved i Ante Vu\u010di\u0107<\/span><\/p>\n<p class=\"MsoNormalCxSpMiddle\" style=\"margin-bottom:0cm;margin-bottom:.0001pt; mso-add-space:auto;text-align:justify;text-indent:36.0pt;line-height:normal\"><span style=\"font-size:12.0pt;font-family:&quot;Times New Roman&quot;\" lang=\"EN-US\">&nbsp;<\/span><\/p>\n","protected":false},"excerpt":{"rendered":"","protected":false},"author":1,"featured_media":0,"comment_status":"open","ping_status":"open","sticky":false,"template":"","format":"standard","meta":{"_acf_changed":false,"jetpack_post_was_ever_published":false,"_jetpack_newsletter_access":"","_jetpack_dont_email_post_to_subs":false,"_jetpack_newsletter_tier_id":0,"_jetpack_memberships_contains_paywalled_content":false,"_jetpack_memberships_contains_paid_content":false,"footnotes":"","jetpack_publicize_message":"","jetpack_publicize_feature_enabled":true,"jetpack_social_post_already_shared":false,"jetpack_social_options":{"image_generator_settings":{"template":"highway","default_image_id":0,"font":"","enabled":false},"version":2}},"categories":[4],"tags":[],"class_list":["post-1958","post","type-post","status-publish","format-standard","hentry","category-osvrti"],"acf":{"facebook_opis":""},"jetpack_publicize_connections":[],"jetpack_featured_media_url":"","jetpack_sharing_enabled":true,"jetpack-related-posts":[{"id":52681,"url":"https:\/\/historiografija.hr\/?p=52681","url_meta":{"origin":1958,"position":0},"title":"XIII. Festival povijesti Kliofest 2026.","author":"Branimir Jankovi\u0107","date":"27. travnja 2026.","format":false,"excerpt":"Trinaesti Festival povijesti Kliofest odr\u017eava se od 5. do 8. svibnja 2026. u Nacionalnoj i sveu\u010dili\u0161noj knji\u017enici u Zagrebu, kao i na nekoliko drugih lokacija u gradu. Cjelokupni program nalazi se u programskoj knji\u017eici u nastavku. Festival povijesti Kliofest - 2026 - ProgramPreuzmi","rel":"","context":"U &quot;Prikazi i osvrti&quot;","block_context":{"text":"Prikazi i osvrti","link":"https:\/\/historiografija.hr\/?cat=4"},"img":{"alt_text":"","src":"","width":0,"height":0},"classes":[]},{"id":52704,"url":"https:\/\/historiografija.hr\/?p=52704","url_meta":{"origin":1958,"position":1},"title":"Predstavljanje knjige &#8220;Vladimir Vasiljevi\u0107: Moji do\u017eivljaji. Dnevni\u010dki zapisi iz Prvoga svjetskog rata i poratnoga vremena&#8221;","author":"Filip \u0160imunjak","date":"29. travnja 2026.","format":false,"excerpt":"Doga\u0111anja ovogodi\u0161njega Festivala povijesti Kliofest zapo\u010dinjemo ve\u0107 i prije samoga slu\u017ebenog otvaranja, predstavljanjem knjige \u201eMoji do\u017eivljaji. Dnevni\u010dki zapisi iz Prvoga svjetskog rata i poratnoga vremena\u201d Vladimira Vasiljevi\u0107a, koju su priredili Karlo Rukavina i Damir Agi\u010di\u0107. Pozivamo Vas na predstavljanje koje \u0107e se odr\u017eati u ponedjeljak 4. svibnja, s po\u010detkom u\u2026","rel":"","context":"U &quot;Knjige&quot;","block_context":{"text":"Knjige","link":"https:\/\/historiografija.hr\/?cat=8"},"img":{"alt_text":"","src":"https:\/\/i0.wp.com\/historiografija.hr\/wp-content\/uploads\/2026\/04\/Naslovna-V.-Vasiljevic.webp?fit=1200%2C600&ssl=1&resize=350%2C200","width":350,"height":200,"srcset":"https:\/\/i0.wp.com\/historiografija.hr\/wp-content\/uploads\/2026\/04\/Naslovna-V.-Vasiljevic.webp?fit=1200%2C600&ssl=1&resize=350%2C200 1x, https:\/\/i0.wp.com\/historiografija.hr\/wp-content\/uploads\/2026\/04\/Naslovna-V.-Vasiljevic.webp?fit=1200%2C600&ssl=1&resize=525%2C300 1.5x, https:\/\/i0.wp.com\/historiografija.hr\/wp-content\/uploads\/2026\/04\/Naslovna-V.-Vasiljevic.webp?fit=1200%2C600&ssl=1&resize=700%2C400 2x, https:\/\/i0.wp.com\/historiografija.hr\/wp-content\/uploads\/2026\/04\/Naslovna-V.-Vasiljevic.webp?fit=1200%2C600&ssl=1&resize=1050%2C600 3x"},"classes":[]},{"id":52547,"url":"https:\/\/historiografija.hr\/?p=52547","url_meta":{"origin":1958,"position":2},"title":"ISHA Zagreb \u2013 Filmska ve\u010der: Povratak Martina Guerrea","author":"Branimir Jankovi\u0107","date":"20. travnja 2026.","format":false,"excerpt":"Klub studenata povijesti \u2013 ISHA Zagreb poziva Vas na filmsku ve\u010der na kojoj \u0107e se prikazivati \u201ePovratak Martina Guerrea\u201c, povijesna drama iz 1982. godine s radnjom smje\u0161tenom u 16. stolje\u0107u. Radnja je utemeljena na stvarnoj povijesnoj li\u010dnosti Martina Guerrea koji se nakon mnogo godina izbivanja vra\u0107a u svoje rodno mjesto\u2026","rel":"","context":"U &quot;Filmovi i serije&quot;","block_context":{"text":"Filmovi i serije","link":"https:\/\/historiografija.hr\/?cat=13"},"img":{"alt_text":"","src":"https:\/\/i0.wp.com\/historiografija.hr\/wp-content\/uploads\/2026\/04\/M-Guerre.png?fit=702%2C1006&ssl=1&resize=350%2C200","width":350,"height":200,"srcset":"https:\/\/i0.wp.com\/historiografija.hr\/wp-content\/uploads\/2026\/04\/M-Guerre.png?fit=702%2C1006&ssl=1&resize=350%2C200 1x, https:\/\/i0.wp.com\/historiografija.hr\/wp-content\/uploads\/2026\/04\/M-Guerre.png?fit=702%2C1006&ssl=1&resize=525%2C300 1.5x, https:\/\/i0.wp.com\/historiografija.hr\/wp-content\/uploads\/2026\/04\/M-Guerre.png?fit=702%2C1006&ssl=1&resize=700%2C400 2x"},"classes":[]},{"id":52499,"url":"https:\/\/historiografija.hr\/?p=52499","url_meta":{"origin":1958,"position":3},"title":"POTPISAN UGOVOR O ZNANSTVENO-ISTRA\u017dIVA\u010cKOJ SURADNJI: PROJEKT \u201eTEMELJI HRVATSKE SAMOSTALNOSTI\u201d","author":"Branimir Jankovi\u0107","date":"17. travnja 2026.","format":false,"excerpt":"Hrvatski institut za povijest, Sveu\u010dili\u0161te obrane i sigurnosti \u201eDr. Franjo Tu\u0111man\u201d, Institut dru\u0161tvenih znanosti Ivo Pilar i Hrvatski dr\u017eavni arhiv\u00a0potpisali su 23. o\u017eujka 2026.\u00a0Ugovor o znanstveno-istra\u017eiva\u010dkoj suradnji s ciljem provedbe projekta \u201eTemelji hrvatske samostalnosti\u201d. Tim projektom obuhva\u0107a se istra\u017eivanje arhivskoga gradiva, priprema znanstvenih publikacija, digitalizacija i javna prezentacija rezultata istra\u017eivanja\u2026","rel":"","context":"U &quot;Novosti&quot;","block_context":{"text":"Novosti","link":"https:\/\/historiografija.hr\/?cat=3"},"img":{"alt_text":"","src":"https:\/\/i0.wp.com\/historiografija.hr\/wp-content\/uploads\/2026\/04\/THS_sporazum.jpg?fit=1200%2C583&ssl=1&resize=350%2C200","width":350,"height":200,"srcset":"https:\/\/i0.wp.com\/historiografija.hr\/wp-content\/uploads\/2026\/04\/THS_sporazum.jpg?fit=1200%2C583&ssl=1&resize=350%2C200 1x, https:\/\/i0.wp.com\/historiografija.hr\/wp-content\/uploads\/2026\/04\/THS_sporazum.jpg?fit=1200%2C583&ssl=1&resize=525%2C300 1.5x, https:\/\/i0.wp.com\/historiografija.hr\/wp-content\/uploads\/2026\/04\/THS_sporazum.jpg?fit=1200%2C583&ssl=1&resize=700%2C400 2x, https:\/\/i0.wp.com\/historiografija.hr\/wp-content\/uploads\/2026\/04\/THS_sporazum.jpg?fit=1200%2C583&ssl=1&resize=1050%2C600 3x"},"classes":[]},{"id":52536,"url":"https:\/\/historiografija.hr\/?p=52536","url_meta":{"origin":1958,"position":4},"title":"Kader Abdolah, \u201ePrije nego \u0161to bude kasno\u201c","author":"Branimir Jankovi\u0107","date":"20. travnja 2026.","format":false,"excerpt":"Kader Abdolah \u017eeli se vratiti ku\u0107i. Ali povratak je nemogu\u0107: u Iranu bi bio uhap\u0161en. Pod la\u017enim imenom i s krivotvorenim paso\u0161em ipak uspijeva u\u0107i u domovinu i sti\u017ee do roditeljske ku\u0107e, visoko u planinama. Majka ga ne prepoznaje, otac je mrtav, a sve \u0161to je tra\u017eio izmi\u010de mu pred\u2026","rel":"","context":"U &quot;Novosti&quot;","block_context":{"text":"Novosti","link":"https:\/\/historiografija.hr\/?cat=3"},"img":{"alt_text":"","src":"https:\/\/i0.wp.com\/historiografija.hr\/wp-content\/uploads\/2026\/04\/Prije-nego-sto-bude-kasno.webp?fit=566%2C872&ssl=1&resize=350%2C200","width":350,"height":200,"srcset":"https:\/\/i0.wp.com\/historiografija.hr\/wp-content\/uploads\/2026\/04\/Prije-nego-sto-bude-kasno.webp?fit=566%2C872&ssl=1&resize=350%2C200 1x, https:\/\/i0.wp.com\/historiografija.hr\/wp-content\/uploads\/2026\/04\/Prije-nego-sto-bude-kasno.webp?fit=566%2C872&ssl=1&resize=525%2C300 1.5x"},"classes":[]},{"id":52631,"url":"https:\/\/historiografija.hr\/?p=52631","url_meta":{"origin":1958,"position":5},"title":"Predavanje Ivana Tepe\u0161a: Djelovanje hrvatske politi\u010dke emigracije","author":"Branimir Jankovi\u0107","date":"23. travnja 2026.","format":false,"excerpt":"Odjel za me\u0111unarodnu suradnju i iseljeni\u0161tvo Matice hrvatske Predavanje Ivana Tepe\u0161a: Djelovanje hrvatske politi\u010dke emigracije Utorak, 28. travnja 2026. u 18:00 sati, Dvorana Ljudevita Jonkea (Mala dvorana MH), Strossmayerov trg 4, Zagreb dr. sc. Ivan Tepe\u0161, Institut za istra\u017eivanje migracija Hrvatska politi\u010dka emigracija obilje\u017eila je polustoljetnu hrvatsku povijest u drugoj\u2026","rel":"","context":"U &quot;Novosti&quot;","block_context":{"text":"Novosti","link":"https:\/\/historiografija.hr\/?cat=3"},"img":{"alt_text":"","src":"","width":0,"height":0},"classes":[]}],"_links":{"self":[{"href":"https:\/\/historiografija.hr\/index.php?rest_route=\/wp\/v2\/posts\/1958","targetHints":{"allow":["GET"]}}],"collection":[{"href":"https:\/\/historiografija.hr\/index.php?rest_route=\/wp\/v2\/posts"}],"about":[{"href":"https:\/\/historiografija.hr\/index.php?rest_route=\/wp\/v2\/types\/post"}],"author":[{"embeddable":true,"href":"https:\/\/historiografija.hr\/index.php?rest_route=\/wp\/v2\/users\/1"}],"replies":[{"embeddable":true,"href":"https:\/\/historiografija.hr\/index.php?rest_route=%2Fwp%2Fv2%2Fcomments&post=1958"}],"version-history":[{"count":0,"href":"https:\/\/historiografija.hr\/index.php?rest_route=\/wp\/v2\/posts\/1958\/revisions"}],"wp:attachment":[{"href":"https:\/\/historiografija.hr\/index.php?rest_route=%2Fwp%2Fv2%2Fmedia&parent=1958"}],"wp:term":[{"taxonomy":"category","embeddable":true,"href":"https:\/\/historiografija.hr\/index.php?rest_route=%2Fwp%2Fv2%2Fcategories&post=1958"},{"taxonomy":"post_tag","embeddable":true,"href":"https:\/\/historiografija.hr\/index.php?rest_route=%2Fwp%2Fv2%2Ftags&post=1958"}],"curies":[{"name":"wp","href":"https:\/\/api.w.org\/{rel}","templated":true}]}}