{"id":19569,"date":"2020-03-10T09:18:34","date_gmt":"2020-03-10T09:18:34","guid":{"rendered":"http:\/\/historiografija.hr\/?p=19569"},"modified":"2020-03-10T09:18:34","modified_gmt":"2020-03-10T09:18:34","slug":"peter-gatrell-the-unsettling-of-europe-how-migration-reshaped-a-continent","status":"publish","type":"post","link":"https:\/\/historiografija.hr\/?p=19569","title":{"rendered":"Peter Gatrell, \u201cThe Unsettling of Europe: How Migration Reshaped a Continent\u201d"},"content":{"rendered":"<p>Migration is perhaps the most pressing issue of our time, and it has completely decentered European politics in recent years. But as we consider the current refugee crisis, acclaimed historian Peter Gatrell reminds us that the history of Europe has always been one of people on the move. The end of World War II left Europe in a state of confusion with many Europeans virtually stateless. Later, as former colonial states gained national independence, colonists and their supporters migrated to often-unwelcoming metropoles. The collapse of communism in 1989 marked another fundamental turning point. Gatrell places migration at the center of post-war European history, and the aspirations of migrants themselves at the center of the story of migration. This is an urgent history that will reshape our understanding of modern Europe.<\/p>\n<p><a href=\"https:\/\/www.basicbooks.com\/titles\/peter-gatrell\/the-unsettling-of-europe\/9780465093632\/\">https:\/\/www.basicbooks.com\/titles\/peter-gatrell\/the-unsettling-of-europe\/9780465093632\/<\/a><\/p>\n<p>&nbsp;<\/p>\n<p>&#8212;<\/p>\n<p>&nbsp;<\/p>\n<p>Peter Gatrell<\/p>\n<p><strong>The Unsettling of Europe<\/strong><\/p>\n<p><strong>The Great Migration, 1945 to the Present<\/strong><\/p>\n<p>&nbsp;<\/p>\n<p>Shortlisted for the Lionel Gelber Prize 2020<\/p>\n<p>A <em>Times Literary Supplement <\/em>Book of the Year 2019<\/p>\n<p>&#8216;Peter Gatrell has produced a tour de force &#8230; This important and timely work on one of the most challenging issues in modern Europe deserves to be widely read.&#8217; &#8211; Ian Kershaw<\/p>\n<p>&nbsp;<\/p>\n<p>Migrants have stood at the heart of modern Europe&#8217;s experience, whether trying to escape danger, to find a better life or as a result of deliberate policy, whether moving from the countryside to the city, or between countries, or from outside the continent altogether.<\/p>\n<p>Peter Gatrell&#8217;s powerful new book is the first to bring these stories together into one place. He creates a compelling narrative bracketed by two nightmarish periods: the great convulsions following the fall of the Third Reich and the mass attempts in the 2010s by migrants to cross the Mediterranean into Europe.<\/p>\n<p><em>The Unsettling of Europe <\/em>is a new history of the continent, charting the ever-changing arguments about the desirability or otherwise of migrants and their central role in Europe&#8217;s post-1945 prosperity. Gatrell is as fascinating on the giant movements of millions (such as the epic waves of German migration) to that of much smaller groups, such as the Karelians, Armenians, Moluccans or Ugandan Asians. Above all he has written a book that makes the reader deeply aware of the many extraordinary journeys taken by countless individuals in pursuit of work, safety and dignity, all the time.<\/p>\n<p>This is a landmark book on a subject that, decade by decade, will always haunt Europe.<\/p>\n<p><a href=\"https:\/\/www.penguin.co.uk\/books\/300404\/the-unsettling-of-europe\/9780241290453.html\">https:\/\/www.penguin.co.uk\/books\/300404\/the-unsettling-of-europe\/9780241290453.html<\/a><\/p>\n<p>&nbsp;<\/p>\n<p>&nbsp;<\/p>\n","protected":false},"excerpt":{"rendered":"","protected":false},"author":2,"featured_media":19570,"comment_status":"open","ping_status":"open","sticky":false,"template":"","format":"standard","meta":{"_acf_changed":false,"jetpack_post_was_ever_published":false,"_jetpack_newsletter_access":"","_jetpack_dont_email_post_to_subs":false,"_jetpack_newsletter_tier_id":0,"_jetpack_memberships_contains_paywalled_content":false,"_jetpack_memberships_contains_paid_content":false,"footnotes":"","jetpack_publicize_message":"","jetpack_publicize_feature_enabled":true,"jetpack_social_post_already_shared":true,"jetpack_social_options":{"image_generator_settings":{"template":"highway","default_image_id":0,"font":"","enabled":false},"version":2}},"categories":[8,3],"tags":[],"class_list":["post-19569","post","type-post","status-publish","format-standard","has-post-thumbnail","hentry","category-knjige","category-novosti"],"acf":{"facebook_opis":""},"jetpack_publicize_connections":[],"jetpack_featured_media_url":"https:\/\/i0.wp.com\/historiografija.hr\/wp-content\/uploads\/2020\/03\/migration.jpg?fit=436%2C675&ssl=1","jetpack_sharing_enabled":true,"jetpack-related-posts":[{"id":52673,"url":"https:\/\/historiografija.hr\/?p=52673","url_meta":{"origin":19569,"position":0},"title":"TWO POSTDOCTORAL POSITIONS IN THE &#8220;PROLETGARD ERC STARTING GRANT PROJECT&#8221;, KASS\u00c1K FOUNDATION, BUDAPEST (DEADLINE: 1ST MAY 2026)","author":"Branimir Jankovi\u0107","date":"27. travnja 2026.","format":false,"excerpt":"This five-year ERC-funded project examines how avant-garde art contributed to the formation of a workers\u2019 movement counterculture in East Central Europe after 1918. It argues that socialist and avant-garde periodicals, groups, and figures shaped both avant-garde culture and transnational workers\u2019 movements. Focusing on the successor states of the Austro\u2013Hungarian Empire\u2026","rel":"","context":"U &quot;Novosti&quot;","block_context":{"text":"Novosti","link":"https:\/\/historiografija.hr\/?cat=3"},"img":{"alt_text":"","src":"https:\/\/i0.wp.com\/historiografija.hr\/wp-content\/uploads\/2017\/10\/hsozkult.png?fit=1006%2C241&ssl=1&resize=350%2C200","width":350,"height":200,"srcset":"https:\/\/i0.wp.com\/historiografija.hr\/wp-content\/uploads\/2017\/10\/hsozkult.png?fit=1006%2C241&ssl=1&resize=350%2C200 1x, https:\/\/i0.wp.com\/historiografija.hr\/wp-content\/uploads\/2017\/10\/hsozkult.png?fit=1006%2C241&ssl=1&resize=525%2C300 1.5x, https:\/\/i0.wp.com\/historiografija.hr\/wp-content\/uploads\/2017\/10\/hsozkult.png?fit=1006%2C241&ssl=1&resize=700%2C400 2x"},"classes":[]},{"id":52580,"url":"https:\/\/historiografija.hr\/?p=52580","url_meta":{"origin":19569,"position":1},"title":"Conference &#8220;Living in the aftermaths: Trauma, politics and survival in Yugoslavia and successor states, 1945 \u2013 present&#8221;","author":"Branimir Jankovi\u0107","date":"21. travnja 2026.","format":false,"excerpt":"The conference aims to explore how war-related psychological distress was experienced, narrated, debated and reframed in Yugoslavia in the second half of the twentieth century. It asks how the theme of wounded psyche and wartime suffering was addressed and acknowledged in political, psychiatric and broader cultural discourses of socialist Yugoslavia,\u2026","rel":"","context":"U &quot;Novosti&quot;","block_context":{"text":"Novosti","link":"https:\/\/historiografija.hr\/?cat=3"},"img":{"alt_text":"","src":"https:\/\/i0.wp.com\/historiografija.hr\/wp-content\/uploads\/2026\/04\/Battle_of_Neretva_Picasso_poster-Conference-Living-in-the-aftermaths.webp?fit=564%2C954&ssl=1&resize=350%2C200","width":350,"height":200,"srcset":"https:\/\/i0.wp.com\/historiografija.hr\/wp-content\/uploads\/2026\/04\/Battle_of_Neretva_Picasso_poster-Conference-Living-in-the-aftermaths.webp?fit=564%2C954&ssl=1&resize=350%2C200 1x, https:\/\/i0.wp.com\/historiografija.hr\/wp-content\/uploads\/2026\/04\/Battle_of_Neretva_Picasso_poster-Conference-Living-in-the-aftermaths.webp?fit=564%2C954&ssl=1&resize=525%2C300 1.5x"},"classes":[]},{"id":52643,"url":"https:\/\/historiografija.hr\/?p=52643","url_meta":{"origin":19569,"position":2},"title":"BRACEWELL TRAVELLING SCHOLARSHIP\u202fFOR PHD STUDENTS (DEADLINE: 30TH APRIL 2026)","author":"Branimir Jankovi\u0107","date":"24. travnja 2026.","format":false,"excerpt":"The Bracewell Travelling Scholarship\u202fis funded by a gift from SSEES Emeritus Professor of History Wendy Bracewell, whose research examines South Slav history, and travel writing in eastern Europe. The Scholarship honours the long tradition of mutual curiosity between the UK and eastern, central and southeastern Europe by supporting PhD students\u2026","rel":"","context":"U &quot;Novosti&quot;","block_context":{"text":"Novosti","link":"https:\/\/historiografija.hr\/?cat=3"},"img":{"alt_text":"","src":"https:\/\/i0.wp.com\/historiografija.hr\/wp-content\/uploads\/2026\/04\/Bracewell-Travelling-Scholarship-.webp?fit=980%2C700&ssl=1&resize=350%2C200","width":350,"height":200,"srcset":"https:\/\/i0.wp.com\/historiografija.hr\/wp-content\/uploads\/2026\/04\/Bracewell-Travelling-Scholarship-.webp?fit=980%2C700&ssl=1&resize=350%2C200 1x, https:\/\/i0.wp.com\/historiografija.hr\/wp-content\/uploads\/2026\/04\/Bracewell-Travelling-Scholarship-.webp?fit=980%2C700&ssl=1&resize=525%2C300 1.5x, https:\/\/i0.wp.com\/historiografija.hr\/wp-content\/uploads\/2026\/04\/Bracewell-Travelling-Scholarship-.webp?fit=980%2C700&ssl=1&resize=700%2C400 2x"},"classes":[]},{"id":52677,"url":"https:\/\/historiografija.hr\/?p=52677","url_meta":{"origin":19569,"position":3},"title":"CfP: NAVIGATING THE PAST, FACING THE PRESENT: CHALLENGES AND OPPORTUNITIES IN RE-PRESENTING CONFLICTS AND VIOLENCE IN MEMORY AND EDUCATION INSTITUTIONS, WARSAW, 22ND\u201324TH OCTOBER 2026 (DEADLINE: 30TH APRIL 2026)","author":"Branimir Jankovi\u0107","date":"27. travnja 2026.","format":false,"excerpt":"The conference and graduate workshop (October 22-24, 2026, Warsaw) addresses the representation of history in public and institutional contexts, with a focus beyond the often-studied field of \u201cmemory culture\u201d. Rather than emphasizing the politicization of memory and cultural institutions, the discussion shifts toward new methods, media, and challenges in historical\u2026","rel":"","context":"U &quot;Novosti&quot;","block_context":{"text":"Novosti","link":"https:\/\/historiografija.hr\/?cat=3"},"img":{"alt_text":"","src":"https:\/\/i0.wp.com\/historiografija.hr\/wp-content\/uploads\/2017\/10\/hsozkult.png?fit=1006%2C241&ssl=1&resize=350%2C200","width":350,"height":200,"srcset":"https:\/\/i0.wp.com\/historiografija.hr\/wp-content\/uploads\/2017\/10\/hsozkult.png?fit=1006%2C241&ssl=1&resize=350%2C200 1x, https:\/\/i0.wp.com\/historiografija.hr\/wp-content\/uploads\/2017\/10\/hsozkult.png?fit=1006%2C241&ssl=1&resize=525%2C300 1.5x, https:\/\/i0.wp.com\/historiografija.hr\/wp-content\/uploads\/2017\/10\/hsozkult.png?fit=1006%2C241&ssl=1&resize=700%2C400 2x"},"classes":[]},{"id":52516,"url":"https:\/\/historiografija.hr\/?p=52516","url_meta":{"origin":19569,"position":4},"title":"Marko Grde\u0161i\u0107, Mislav \u017ditko, \u201eSocialist Economics in Yugoslavia: A Critical History\u201c","author":"Branimir Jankovi\u0107","date":"17. travnja 2026.","format":false,"excerpt":"This book presents a critical history of Yugoslav socialist economics, from its inception in the late 1940s to its dissolution in the late 1980s. After the dramatic break with the Soviet Union in 1948, Yugoslavia found itself in urgent need of a third way: A socialist trajectory which would not\u2026","rel":"","context":"U &quot;Knjige&quot;","block_context":{"text":"Knjige","link":"https:\/\/historiografija.hr\/?cat=8"},"img":{"alt_text":"","src":"https:\/\/i0.wp.com\/historiografija.hr\/wp-content\/uploads\/2026\/04\/Zitko_Grdesic.jpg?fit=350%2C535&ssl=1&resize=350%2C200","width":350,"height":200},"classes":[]},{"id":52641,"url":"https:\/\/historiografija.hr\/?p=52641","url_meta":{"origin":19569,"position":5},"title":"CfP: WHO OWNS THE PAST? VERNACULAR MEMORY, STATE MEMORY, AND THE POLITICS OF OWNERSHIP","author":"Branimir Jankovi\u0107","date":"24. travnja 2026.","format":false,"excerpt":"VIENNA, 31ST AUGUST\u20133RD SEPTEMBER 2026 (DEADLINE: 24TH APRIL 2026) The Center for Austrian Studies at the European Forum at the Hebrew University and the Austrian Academy of Sciences\/Institute of Culture Studies invite early postdocs, PhD candidates, and advanced Master\u2019s students from the Hebrew University of Jerusalem and universities and academic\u2026","rel":"","context":"U &quot;Novosti&quot;","block_context":{"text":"Novosti","link":"https:\/\/historiografija.hr\/?cat=3"},"img":{"alt_text":"","src":"https:\/\/i0.wp.com\/historiografija.hr\/wp-content\/uploads\/2017\/10\/hsozkult.png?fit=1006%2C241&ssl=1&resize=350%2C200","width":350,"height":200,"srcset":"https:\/\/i0.wp.com\/historiografija.hr\/wp-content\/uploads\/2017\/10\/hsozkult.png?fit=1006%2C241&ssl=1&resize=350%2C200 1x, https:\/\/i0.wp.com\/historiografija.hr\/wp-content\/uploads\/2017\/10\/hsozkult.png?fit=1006%2C241&ssl=1&resize=525%2C300 1.5x, https:\/\/i0.wp.com\/historiografija.hr\/wp-content\/uploads\/2017\/10\/hsozkult.png?fit=1006%2C241&ssl=1&resize=700%2C400 2x"},"classes":[]}],"_links":{"self":[{"href":"https:\/\/historiografija.hr\/index.php?rest_route=\/wp\/v2\/posts\/19569","targetHints":{"allow":["GET"]}}],"collection":[{"href":"https:\/\/historiografija.hr\/index.php?rest_route=\/wp\/v2\/posts"}],"about":[{"href":"https:\/\/historiografija.hr\/index.php?rest_route=\/wp\/v2\/types\/post"}],"author":[{"embeddable":true,"href":"https:\/\/historiografija.hr\/index.php?rest_route=\/wp\/v2\/users\/2"}],"replies":[{"embeddable":true,"href":"https:\/\/historiografija.hr\/index.php?rest_route=%2Fwp%2Fv2%2Fcomments&post=19569"}],"version-history":[{"count":1,"href":"https:\/\/historiografija.hr\/index.php?rest_route=\/wp\/v2\/posts\/19569\/revisions"}],"predecessor-version":[{"id":19571,"href":"https:\/\/historiografija.hr\/index.php?rest_route=\/wp\/v2\/posts\/19569\/revisions\/19571"}],"wp:featuredmedia":[{"embeddable":true,"href":"https:\/\/historiografija.hr\/index.php?rest_route=\/wp\/v2\/media\/19570"}],"wp:attachment":[{"href":"https:\/\/historiografija.hr\/index.php?rest_route=%2Fwp%2Fv2%2Fmedia&parent=19569"}],"wp:term":[{"taxonomy":"category","embeddable":true,"href":"https:\/\/historiografija.hr\/index.php?rest_route=%2Fwp%2Fv2%2Fcategories&post=19569"},{"taxonomy":"post_tag","embeddable":true,"href":"https:\/\/historiografija.hr\/index.php?rest_route=%2Fwp%2Fv2%2Ftags&post=19569"}],"curies":[{"name":"wp","href":"https:\/\/api.w.org\/{rel}","templated":true}]}}