{"id":19525,"date":"2020-03-07T21:24:48","date_gmt":"2020-03-07T21:24:48","guid":{"rendered":"http:\/\/historiografija.hr\/?p=19525"},"modified":"2020-03-07T21:24:48","modified_gmt":"2020-03-07T21:24:48","slug":"izlozba-mir-sa-zenskim-licem-u-beogradu-i-bihacu","status":"publish","type":"post","link":"https:\/\/historiografija.hr\/?p=19525","title":{"rendered":"Izlo\u017eba \u201eMir sa \u017eenskim licem\u201c u Beogradu i Biha\u0107u"},"content":{"rendered":"<p>Sve\u010dano otvaranje izlo\u017ebe \u201cMir sa \u017eenskim licem\u201d, 8. marta 2020. godine, u Beogradu, galerija \u201eEnd\u017eio\u201d Inicijative mladih za ljudska prava.<\/p>\n<p>&nbsp;<\/p>\n<p>Izlo\u017eba \u201eMir sa \u017eenskim licem\u201c rezultat je saradnje i nastojanja \u017eenskog mirovnog pokreta Mir sa \u017eenskim licem i Foruma Civilna mirovna slu\u017eba (forum ZFD) da u procese suo\u010davanja s pro\u0161lo\u0161\u0107u i izgradnje mira u Bosni i Hercegovini integri\u0161u \u017eensku perspektivu i predstave \u017eensku stranu pri\u010de o pre\u017eivljavanju i prevazila\u017eenju posljedica rata. Izlo\u017eba govori o \u017eenama koje su u poslijeratnoj BiH vodile male (a velike) bitke za svoja i prava drugih i obnavljale ratom razoreno dru\u0161tvo. \u017divotne pri\u010de koje je tim Historijskog muzeja BiH pretvorio u izlo\u017ebu su nove stranice historije ove zemlje \u2013 jedinstvene jer u fokus stavljaju \u017eene i li\u010dno iskustvo nasuprot op\u0161toj politici supremacije nacije i kolektiviteta nad pojedincem i marginalizacije \u017eenskih iskustava i postignu\u0107a.<\/p>\n<p>&nbsp;<\/p>\n<p>Pri\u010de predstavljene na ovoj izlo\u017ebi pokazuju da \u017eene nemaju samo ulogu \u017ertve u ratu i nakon ratova, ve\u0107 da su one i aktivne \u010dlanice dru\u0161tva koje svojim sposobnostima, snagom i voljom pokre\u0107u pozitivne dru\u0161tvene promjene i vrijednosti. Ova izlo\u017eba posve\u0107ena je svim \u017eenama Bosne i Hercegovine koje se svakodnevno trude i rade na izgradnji mira. Hvala \u017eenama koje su podijelile s nama svoje pri\u010de! Neka nam njihova iskustva budu motivacija i inspiracija u izazovima koji su pred nama!<\/p>\n<p>&nbsp;<\/p>\n<p>Kustosica izlo\u017ebe: Elma Hod\u017ei\u0107<\/p>\n<p>Prostorno oblikovanje i grafi\u010dki dizajn: Sanja Vrzi\u0107<\/p>\n<p>&nbsp;<\/p>\n<p>Katalog izlo\u017ebe mo\u017eete preuzeti na linku<\/p>\n<p><a href=\"http:\/\/www.dwp-balkan.org\/cms_dwp\/userfiles\/file\/20190307_KATALOG_MSZL_web.pdf\">http:\/\/www.dwp-balkan.org\/cms_dwp\/userfiles\/file\/20190307_KATALOG_MSZL_web.pdf<\/a><\/p>\n<p>&nbsp;<\/p>\n<p>Izlo\u017eba je javna i bi\u0107e otvorena do 17. marta za sve posjetioce.<\/p>\n<p>&nbsp;<\/p>\n<p><a href=\"https:\/\/www.facebook.com\/events\/214500066457536\/\">https:\/\/www.facebook.com\/events\/214500066457536\/<\/a><\/p>\n<p>&nbsp;<\/p>\n<p>&#8212;<\/p>\n<p>&nbsp;<\/p>\n<p>Sve\u010dano otvaranje izlo\u017ebe \u201cMir sa \u017eenskim licem\u201d 9. marta 2020. u Gradskoj galeriji Biha\u0107 u suradnji sa partnerskom organizacijom \u201eGlas \u017eene \u201e Biha\u0107 , a u organizaciji i Foruma Civilna mirovna slu\u017eba (forumZFD).<\/p>\n<p>Izlo\u017eba \u201eMir sa \u017eenskim licem\u201c rezultat je saradnje i nastojanja \u017eenskog mirovnog pokreta Mir sa \u017eenskim licem i Foruma Civilna mirovna slu\u017eba (forumZFD), a uz stru\u010dnu pomo\u0107 Historijskog muzeja BiH, da u procese suo\u010davanja s pro\u0161lo\u0161\u0107u i izgradnje mira u Bosni i Hercegovini (BiH) integri\u0161u \u017eensku perspektivu i predstave \u017eensku stranu pri\u010de o pre\u017eivljavanju i prevazila\u017eenju posljedica rata. Izlo\u017eba je zasnovana na 20 autenti\u010dnih ispovijesti \u017eena iz razli\u010ditih dijelova BiH koje su se na razli\u010dite na\u010dine nosile sa izazovima nametnutih ratnim okru\u017eenjem i poslijeratnom obnovom zemlje i vodile male (a velike) bitke za svoja i prava drugih. Imaju\u0107i u vidu da kolektivno sje\u0107anje u Bosni i Hercegovini ne ostavlja prostor za \u017eenska iskustva, jedan od ciljeva izlo\u017ebe bio je i da se dokumentuje jedan mali dio \u017eenske istorije koja \u0107e tako ostati trajno za pam\u0107enje budu\u0107im generacijama.<\/p>\n<p>Pored organizatorica i idejnih tvoraca izlo\u017ebe, posjetiocima \u0107e se obratiti i Sr\u0111an Puhalo, recenzent izlo\u017ebe, Danka Zeli\u0107 i Emina Busulad\u017ei\u0107 \u017eene \u010dije su se pri\u010de zaslu\u017eeno na\u0161le u postavci ove izlo\u017ebe.<\/p>\n<p>Ova izlo\u017eba posve\u0107ena je svim \u017eenama Bosne i Hercegovine koje se svakodnevno trude i rade na izgradnji mira i mo\u017ee slu\u017eiti i kao inspiracija mladim \u017eenama danas u izgradnji boljeg BiH dru\u0161tva.<\/p>\n<p>Bilo bi nam zadovoljstvo ukoliko budete u mogu\u0107nosti da se odazovete pozivu i na taj na\u010din podr\u017eite na\u0161 rad na izgradnji mira u Bosni i Hercegovini, sa fokusom na prepoznavanje uloge \u017eena u ovim procesima.<\/p>\n<p>Katalog izlo\u017ebe mo\u017eete preuzeti na linku<br \/>\n<a href=\"http:\/\/www.dwp-balkan.org\/cms_dwp\/userfiles\/file\/20190307_KATALOG_MSZL_web.pdf?fbclid=IwAR1gqwB9OgPfXefD_1kyD32RLYm1KnGDEp1lvC5neq02QGeuDpA-otZir9o\" data-lynx-mode=\"hover\" data-lynx-uri=\"https:\/\/l.facebook.com\/l.php?u=http%3A%2F%2Fwww.dwp-balkan.org%2Fcms_dwp%2Fuserfiles%2Ffile%2F20190307_KATALOG_MSZL_web.pdf%3Ffbclid%3DIwAR1gqwB9OgPfXefD_1kyD32RLYm1KnGDEp1lvC5neq02QGeuDpA-otZir9o&amp;h=AT1OiVbOPfdW6mRWdo8Wo5SG0pVBBeH9ekRhPrulNwHREvbtdiVxA8KclX2sd8EVajvKJDSEHCIQjOqN8qKdt9rCpNn3ShcFqt8jgOOyLPRjcUcGvH6d-NLqoaTZs7n8Lac\">http:\/\/www.dwp-balkan.org\/cms_dwp\/userfiles\/file\/20190307_KATALOG_MSZL_web.pdf<\/a><\/p>\n<p>Izlo\u017eba je javna i bi\u0107e otvorena do 15. marta 2020. godine za sve posjetioce.<\/p>\n<p>&nbsp;<\/p>\n<p><a href=\"https:\/\/www.facebook.com\/events\/631070467708513\/\">https:\/\/www.facebook.com\/events\/631070467708513\/<\/a><\/p>\n<p>&nbsp;<\/p>\n<p>Izvor: <a href=\"https:\/\/www.facebook.com\/mirsazenskimlicem\/\">https:\/\/www.facebook.com\/mirsazenskimlicem\/<\/a><\/p>\n<p>&nbsp;<\/p>\n<p>&nbsp;<\/p>\n","protected":false},"excerpt":{"rendered":"","protected":false},"author":2,"featured_media":19526,"comment_status":"open","ping_status":"open","sticky":false,"template":"","format":"standard","meta":{"_acf_changed":false,"jetpack_post_was_ever_published":false,"_jetpack_newsletter_access":"","_jetpack_dont_email_post_to_subs":false,"_jetpack_newsletter_tier_id":0,"_jetpack_memberships_contains_paywalled_content":false,"_jetpack_memberships_contains_paid_content":false,"footnotes":"","jetpack_publicize_message":"","jetpack_publicize_feature_enabled":true,"jetpack_social_post_already_shared":true,"jetpack_social_options":{"image_generator_settings":{"template":"highway","default_image_id":0,"font":"","enabled":false},"version":2}},"categories":[10,3],"tags":[],"class_list":["post-19525","post","type-post","status-publish","format-standard","has-post-thumbnail","hentry","category-izlozbe","category-novosti"],"acf":{"facebook_opis":""},"jetpack_publicize_connections":[],"jetpack_featured_media_url":"https:\/\/i0.wp.com\/historiografija.hr\/wp-content\/uploads\/2020\/03\/mir.jpg?fit=640%2C426&ssl=1","jetpack_sharing_enabled":true,"jetpack-related-posts":[{"id":52511,"url":"https:\/\/historiografija.hr\/?p=52511","url_meta":{"origin":19525,"position":0},"title":"Izlo\u017eba &#8220;Lica Sljemena&#8221;","author":"Branimir Jankovi\u0107","date":"17. travnja 2026.","format":false,"excerpt":"Srda\u010dno vas pozivamo na otvorenje izlo\u017ebe Lica Sljemena koje \u0107e se odr\u017eati u srijedu 22. travnja 2026. u 18 h ispred Muzeja Prigorja (Trg Dragutina Domjani\u0107a 5, Sesvete). Izlo\u017eba proizlazi iz istra\u017eivanja Nevene \u0160krbi\u0107 Alempijevi\u0107, Petre Kelemen i Sanje Potkonjak te intervjua sa Sljemena\u0161icama i Sljemena\u0161ima, koji su provedeni u\u2026","rel":"","context":"U &quot;Izlo\u017ebe&quot;","block_context":{"text":"Izlo\u017ebe","link":"https:\/\/historiografija.hr\/?cat=10"},"img":{"alt_text":"","src":"https:\/\/i0.wp.com\/historiografija.hr\/wp-content\/uploads\/2026\/04\/Izlozba-Lica-Sljemena.png?fit=1080%2C686&ssl=1&resize=350%2C200","width":350,"height":200,"srcset":"https:\/\/i0.wp.com\/historiografija.hr\/wp-content\/uploads\/2026\/04\/Izlozba-Lica-Sljemena.png?fit=1080%2C686&ssl=1&resize=350%2C200 1x, https:\/\/i0.wp.com\/historiografija.hr\/wp-content\/uploads\/2026\/04\/Izlozba-Lica-Sljemena.png?fit=1080%2C686&ssl=1&resize=525%2C300 1.5x, https:\/\/i0.wp.com\/historiografija.hr\/wp-content\/uploads\/2026\/04\/Izlozba-Lica-Sljemena.png?fit=1080%2C686&ssl=1&resize=700%2C400 2x, https:\/\/i0.wp.com\/historiografija.hr\/wp-content\/uploads\/2026\/04\/Izlozba-Lica-Sljemena.png?fit=1080%2C686&ssl=1&resize=1050%2C600 3x"},"classes":[]},{"id":52505,"url":"https:\/\/historiografija.hr\/?p=52505","url_meta":{"origin":19525,"position":1},"title":"Izlo\u017eba &#8220;Eschenstock \/ Jasenov prut&#8221;","author":"Branimir Jankovi\u0107","date":"17. travnja 2026.","format":false,"excerpt":"Srpsko narodno vije\u0107e (SNV) i Vizura aperta postavljaju izlo\u017ebu \u0161vicarskog slikara Velimira Ili\u0161evi\u0107a: Eschenstock \/ Jasenov prut. Izlo\u017eba se uz prisustvo autora otvara povodom 81. godi\u0161njice proboja logora\u0161a iz usta\u0161kog logora smrti Jasenovac 22. aprila 2026. u 19 sati u Srpskom kulturnom centru (SKC) u Preradovi\u0107evoj ulici 21 u Zagrebu.\u2026","rel":"","context":"U &quot;Izlo\u017ebe&quot;","block_context":{"text":"Izlo\u017ebe","link":"https:\/\/historiografija.hr\/?cat=10"},"img":{"alt_text":"","src":"https:\/\/i0.wp.com\/historiografija.hr\/wp-content\/uploads\/2026\/04\/Jasenov_prut.jpg?fit=1024%2C640&ssl=1&resize=350%2C200","width":350,"height":200,"srcset":"https:\/\/i0.wp.com\/historiografija.hr\/wp-content\/uploads\/2026\/04\/Jasenov_prut.jpg?fit=1024%2C640&ssl=1&resize=350%2C200 1x, https:\/\/i0.wp.com\/historiografija.hr\/wp-content\/uploads\/2026\/04\/Jasenov_prut.jpg?fit=1024%2C640&ssl=1&resize=525%2C300 1.5x, https:\/\/i0.wp.com\/historiografija.hr\/wp-content\/uploads\/2026\/04\/Jasenov_prut.jpg?fit=1024%2C640&ssl=1&resize=700%2C400 2x"},"classes":[]},{"id":52760,"url":"https:\/\/historiografija.hr\/?p=52760","url_meta":{"origin":19525,"position":2},"title":"Izlo\u017eba \u201cLo\u0161injski brodovi, njihove zastave i ljudi\u201d, 4. svibnja u 19h","author":"Filip \u0160imunjak","date":"30. travnja 2026.","format":false,"excerpt":"Hrvatski pomorski muzej Split, Glagolja\u0161a 18 (Tvr\u0111ava Gripe) Nakon \u0161to je u rujnu 2025. godine na otoku Lo\u0161inju, u suradnji Lo\u0161injskog muzeja i Hrvatskog pomorskog muzeja Split, predstavljena izlo\u017eba posve\u0107ena bogatoj pomorskoj ba\u0161tini otoka, njezino pro\u0161ireno izdanje postavlja se u Splitu. Uo\u010di blagdana svetog Dujma splitskoj \u0107e se publici predstaviti\u2026","rel":"","context":"U &quot;Izlo\u017ebe&quot;","block_context":{"text":"Izlo\u017ebe","link":"https:\/\/historiografija.hr\/?cat=10"},"img":{"alt_text":"","src":"https:\/\/i0.wp.com\/historiografija.hr\/wp-content\/uploads\/2026\/04\/Losinjski-brodovi-Izlozba-1-scaled.webp?fit=840%2C1200&ssl=1&resize=350%2C200","width":350,"height":200,"srcset":"https:\/\/i0.wp.com\/historiografija.hr\/wp-content\/uploads\/2026\/04\/Losinjski-brodovi-Izlozba-1-scaled.webp?fit=840%2C1200&ssl=1&resize=350%2C200 1x, https:\/\/i0.wp.com\/historiografija.hr\/wp-content\/uploads\/2026\/04\/Losinjski-brodovi-Izlozba-1-scaled.webp?fit=840%2C1200&ssl=1&resize=525%2C300 1.5x, https:\/\/i0.wp.com\/historiografija.hr\/wp-content\/uploads\/2026\/04\/Losinjski-brodovi-Izlozba-1-scaled.webp?fit=840%2C1200&ssl=1&resize=700%2C400 2x"},"classes":[]},{"id":52575,"url":"https:\/\/historiografija.hr\/?p=52575","url_meta":{"origin":19525,"position":3},"title":"Izlo\u017eba dje\u010djih radova \u201cU po\u010detku bija\u0161e crte\u017e\u2026\u201d","author":"Branimir Jankovi\u0107","date":"21. travnja 2026.","format":false,"excerpt":"U subotu, 25. travnja 2026. u 11 sati u Galeriji Klovi\u0107evi dvori sve\u010dano otvaramo izlo\u017ebu dje\u010djih radova pod nazivom U po\u010detku bija\u0161e crte\u017e\u2026 Radovi su nastali u sklopu likovnih radionica uz izlo\u017ebu U po\u010detku bija\u0161e kraljevstvo \u2013 izlo\u017eba povodom 1100 godina Hrvatskoga Kraljevstva. Na brojnim likovnim radionicama, uz \u0161kolsku djecu,\u2026","rel":"","context":"U &quot;Izlo\u017ebe&quot;","block_context":{"text":"Izlo\u017ebe","link":"https:\/\/historiografija.hr\/?cat=10"},"img":{"alt_text":"","src":"https:\/\/i0.wp.com\/historiografija.hr\/wp-content\/uploads\/2025\/10\/Klovicevi_sluzbeni-plakat.png?fit=840%2C1200&ssl=1&resize=350%2C200","width":350,"height":200,"srcset":"https:\/\/i0.wp.com\/historiografija.hr\/wp-content\/uploads\/2025\/10\/Klovicevi_sluzbeni-plakat.png?fit=840%2C1200&ssl=1&resize=350%2C200 1x, https:\/\/i0.wp.com\/historiografija.hr\/wp-content\/uploads\/2025\/10\/Klovicevi_sluzbeni-plakat.png?fit=840%2C1200&ssl=1&resize=525%2C300 1.5x, https:\/\/i0.wp.com\/historiografija.hr\/wp-content\/uploads\/2025\/10\/Klovicevi_sluzbeni-plakat.png?fit=840%2C1200&ssl=1&resize=700%2C400 2x"},"classes":[]},{"id":52569,"url":"https:\/\/historiografija.hr\/?p=52569","url_meta":{"origin":19525,"position":4},"title":"[Predavanje] Ne \u010dekaju\u0107i inspiraciju \u2013 anga\u017eovane intelektualne, kulturalne i umetni\u010dke prakse u me\u0111uratnom periodu: teorija i praksa kriti\u010dke levice u jugoslovenskoj kulturi (YugoLab)","author":"Branimir Jankovi\u0107","date":"21. travnja 2026.","format":false,"excerpt":"U vreme agresivnog ja\u010danja globalne desnice, (pro)fa\u0161isti\u010dkih, rasisti\u010dkih i imperijalisti\u010dkih politika, dok je istovremeno globalna levica izrazito slaba, a progresivni pokreti atomizirani i fragmentisani, va\u017eno je iz savremene perspektive vratiti se revolucionarnim i emancipatorskim zbivanjima u jugoslovenskom (ali i s njima u vezi internacionalnim de\u0161avanjima), kao i dru\u0161tvenoj ulozi kulturalnih\u2026","rel":"","context":"U &quot;Novosti&quot;","block_context":{"text":"Novosti","link":"https:\/\/historiografija.hr\/?cat=3"},"img":{"alt_text":"","src":"","width":0,"height":0},"classes":[]},{"id":52666,"url":"https:\/\/historiografija.hr\/?p=52666","url_meta":{"origin":19525,"position":5},"title":"Najava programa Festivala povijesti Kliofest (5-8. V. 2026)","author":"Branimir Jankovi\u0107","date":"24. travnja 2026.","format":false,"excerpt":"Po trinaesti put odr\u017eava se Festival povijesti Kliofest! Do petka \u0107emo odr\u017eati osam okruglih stolova i dva kolokvija te niz predstavljanja knjiga i projekata razli\u010dite tematike, od antike do suvremenosti. Bit \u0107e predstavljeno i nekoliko izlo\u017ebi te odr\u017ean jedan povijesni kviz. Prikazat \u0107emo i jedan film \u2013 o generalu Boroevi\u0107u.\u2026","rel":"","context":"U &quot;Novosti&quot;","block_context":{"text":"Novosti","link":"https:\/\/historiografija.hr\/?cat=3"},"img":{"alt_text":"","src":"https:\/\/i0.wp.com\/historiografija.hr\/wp-content\/uploads\/2026\/04\/Kliofest-2026.jpg?fit=526%2C526&ssl=1&resize=350%2C200","width":350,"height":200,"srcset":"https:\/\/i0.wp.com\/historiografija.hr\/wp-content\/uploads\/2026\/04\/Kliofest-2026.jpg?fit=526%2C526&ssl=1&resize=350%2C200 1x, https:\/\/i0.wp.com\/historiografija.hr\/wp-content\/uploads\/2026\/04\/Kliofest-2026.jpg?fit=526%2C526&ssl=1&resize=525%2C300 1.5x"},"classes":[]}],"_links":{"self":[{"href":"https:\/\/historiografija.hr\/index.php?rest_route=\/wp\/v2\/posts\/19525","targetHints":{"allow":["GET"]}}],"collection":[{"href":"https:\/\/historiografija.hr\/index.php?rest_route=\/wp\/v2\/posts"}],"about":[{"href":"https:\/\/historiografija.hr\/index.php?rest_route=\/wp\/v2\/types\/post"}],"author":[{"embeddable":true,"href":"https:\/\/historiografija.hr\/index.php?rest_route=\/wp\/v2\/users\/2"}],"replies":[{"embeddable":true,"href":"https:\/\/historiografija.hr\/index.php?rest_route=%2Fwp%2Fv2%2Fcomments&post=19525"}],"version-history":[{"count":1,"href":"https:\/\/historiografija.hr\/index.php?rest_route=\/wp\/v2\/posts\/19525\/revisions"}],"predecessor-version":[{"id":19527,"href":"https:\/\/historiografija.hr\/index.php?rest_route=\/wp\/v2\/posts\/19525\/revisions\/19527"}],"wp:featuredmedia":[{"embeddable":true,"href":"https:\/\/historiografija.hr\/index.php?rest_route=\/wp\/v2\/media\/19526"}],"wp:attachment":[{"href":"https:\/\/historiografija.hr\/index.php?rest_route=%2Fwp%2Fv2%2Fmedia&parent=19525"}],"wp:term":[{"taxonomy":"category","embeddable":true,"href":"https:\/\/historiografija.hr\/index.php?rest_route=%2Fwp%2Fv2%2Fcategories&post=19525"},{"taxonomy":"post_tag","embeddable":true,"href":"https:\/\/historiografija.hr\/index.php?rest_route=%2Fwp%2Fv2%2Ftags&post=19525"}],"curies":[{"name":"wp","href":"https:\/\/api.w.org\/{rel}","templated":true}]}}