{"id":19519,"date":"2020-03-06T16:57:26","date_gmt":"2020-03-06T16:57:26","guid":{"rendered":"http:\/\/historiografija.hr\/?p=19519"},"modified":"2020-03-06T18:04:21","modified_gmt":"2020-03-06T18:04:21","slug":"call-for-conference-papers-parliament-as-a-ring-for-elites","status":"publish","type":"post","link":"https:\/\/historiografija.hr\/?p=19519","title":{"rendered":"Call for conference papers: Parliament as a ring for elites?"},"content":{"rendered":"<p>The study of both elites and parliamentarianism has had a long tradition and has been conducted across various social sciences and humanities. In our conception, the parliament represents a place where political powers, embodied by various types\/kinds of elites, conduct the legislative process and decide about further development of a particular state and its society, or rather societies. However, parliament also represents an imaginary ring\/tiltyard, where not only participation and cooperation exist, but where sharp political conflicts and clashes of interest arise. Moreover, decisions made in parliament are subject to pressure from the executive and their proper implementation depends, in practice, on the availability of the latter, especially of the administrative elite, whose agenda is not always similar to that of the parliament. These conflicts do not occur only on the political level (between opposing parties and interest groups), but they may be viewed as conflicts of elites of a different type and character, elites who are formed in various ways and retain power by adopting diverse tactics. Contacts and conflicts of elected representatives of the society and its elites with unelected members of the executive are particularly striking in the parliamentary environment. These two groups, varied in type, but with similar social background, play an important part in the decision-making process in the parliament and determine further development of the state and its society\/ies.<\/p>\n<p>Executive and representative elites are formed in different processes and ways and they also retain power using different methods, but they come from the same or very similar social strata and they are connected by countless diverse links, which might not be visible on the parliamentary or political scene at all. To complicate matters further, the representatives of the parliamentary elite and those of the executive and administrative elite often play interchangeable roles, depending on the specificities of the political system. Not infrequently the ministers were members of parliament, the senior administrative officials were former and future members of parliament, while some parliamentarians were former and \/ or future civil servants, for whom the representative mandate served both as a prestige marker and a springboard for an office which would otherwise have been considerably more difficult to reach. Thus, it is usual for an atmosphere of conflict to be often followed by an atmosphere of purposive cooperation. At times a phase of an external conflict coincides with a phase of backstage harmony and cooperation.<\/p>\n<p>The aim of the conference is not only to connect the research of both these diverse and still socially similar elites, but mainly to consider new methodological approaches, which are now offered by the dynamic development of digital humanities tools. At the forthcoming conference, which focuses on the period 1848\u20131938 and the geographical area of Central Europe, we would like to cover three basic topics:<\/p>\n<p><strong>1) Elites and their transformations<\/strong><\/p>\n<p>This session will include papers dealing with theoretical concepts of the research of political elites. We invite proposals or presentations of research results related to these questions:<\/p>\n<ul>\n<li>How did the understanding of the term \u201celite\u201d change from the viewpoint of the society in the period studied? Who was considered a member of the elite?<\/li>\n<li>Is it possible to speak about a hierarchy of the elites (which position was more prestigious \u2013 a deputy or a state official)?<\/li>\n<li>What factors were important in order to consider somebody a member of the elite?<\/li>\n<li>Did the position of a deputy change in this context and in what way?<\/li>\n<li>To what extent was the actual composition of the parliament influenced by the fact that deputies were again chosen by the elites? How did the gradual change of the suffrage influence this point?<\/li>\n<\/ul>\n<p><strong>2) Historical databases and digital humanities tools used for the research of political and social elites in the modern history<\/strong><\/p>\n<p>At the conference we would like to discuss new approaches which can be applied to the research of the above mentioned topics thanks to the usage of databases containing data about members of historical populations. In this context we would like to concentrate on the following issues:<\/p>\n<ul>\n<li>Possibilities and limitations of using historical databases for the study of elites<\/li>\n<li>Possibilities of reconstructing basic demographic data for the period studied<\/li>\n<li>Ways of analysing collected data (statistical methods, text analysis, GIS-based methods, graphic visualisations)<\/li>\n<li>Work with incomplete data<\/li>\n<li>Possibilities of reconstructing relationship networks of individuals<\/li>\n<\/ul>\n<p><strong>3) Deputies\u2019 clubs<\/strong><\/p>\n<p>Insufficient attention has been paid to deputies\u2019 clubs in the research of the history of the Central European parliamentarianism. We know that they existed. We know who their members were, what parliamentary coalitions and formations they were integrated into and we know their programmatic profile. However, we do not know much about their inner world. Since this conference on political elites has a wide scope of interest, we want to give special attention to deputies\u2019 clubs. At first sight it is a classic political topic, but it contains dimensions which are omitted in traditionally presented political history. Clubs primarily represent a space where deputies cooperate when promoting political or other interests together. At the same time, they are a living organism comprised of strong personalities. Based on an example of selected deputies\u2019 clubs we would like to focus on these themes:<\/p>\n<ul>\n<li>Deputies\u2019 clubs and their position within the parliamentary culture of Central Europe<\/li>\n<li>Formulating unwritten and written rules of deputies\u2019 clubs, the problem of inclusion and exclusion among elected political elites<\/li>\n<li>The authority versus democracy in running of clubs, resolving political and personal conflicts in clubs<\/li>\n<li>The selection of club elites and structuring the club hierarchy (inherited vs. newly acquired prestige, prestige vs. capability), executive tools and methods of leading deputies\u2019 clubs, establishing club oligarchy<\/li>\n<\/ul>\n<p>&nbsp;<\/p>\n<p>The conference will be conducted in English and German. Abstracts (up to 300 words) and a short biographical note should be sent to <a href=\"mailto:klecacky@mua.cas.cz?subject=CfP%20-%20Parliament%20as%20a%20ring%20for%20elites%3F\">klecacky@mua.cas.cz<\/a> by May 31, 2020. Applicants will be notified by June 30. Selected papers will be published.<\/p>\n<p>&nbsp;<\/p>\n<p><strong>Date:<\/strong> November, 9\u201312, 2020<\/p>\n<p><strong>Venue:<\/strong> Faculty of Science, Charles University Prague \/ Vila Lanna Prague<\/p>\n<p>&nbsp;<\/p>\n<p><strong>Program committee: <\/strong><\/p>\n<p>Martin Kle\u010dack\u00fd, Masaryk Institute and Archives of the CAS, v. v. i. (<a href=\"mailto:klecacky@mua.cas.cz\">klecacky@mua.cas.cz<\/a>)<br \/>\nVlad Popovici, Babe\u0219-Bolyai University of Cluj-Napoca\/ Masaryk Institute and Archives of the CAS, v. v. i. (<a href=\"mailto:vladutpopovici@yahoo.com\">vladutpopovici@yahoo.com<\/a>)<br \/>\nLubo\u0161 Velek, Masaryk Institute and Archives of the CAS, v. v. i. (<a href=\"mailto:velek@mua.cas.cz\">velek@mua.cas.cz<\/a>)<br \/>\nAlice Velkov\u00e1, Faculty of Science, Charles University (<a href=\"mailto:alice.velkova@natur.cuni.cz\">alice.velkova@natur.cuni.cz<\/a>)<\/p>\n<p>&nbsp;<\/p>\n<p>The conference receives funding from the grant project of the Czech Science Foundation (GACR), N. 20-19463X <em>Social mobility of elites in the Central European regions (1861\u20131926) and transition of imperial experience and structures in nation-states<\/em> and DG18P02OVV025, <em>Building of modern parliamentary culture in the Czech Lands and Czechoslovakia<\/em>, grant project NAKI II supported by Ministry of Culture of the Czech Republic<\/p>\n<p>&nbsp;<\/p>\n<p><a href=\"https:\/\/www.mua.cas.cz\/cs\/akce\/parliament-as-a-ring\">https:\/\/www.mua.cas.cz\/cs\/akce\/parliament-as-a-ring<\/a><\/p>\n<p>&nbsp;<\/p>\n<p>&nbsp;<\/p>\n","protected":false},"excerpt":{"rendered":"","protected":false},"author":2,"featured_media":19520,"comment_status":"open","ping_status":"open","sticky":false,"template":"","format":"standard","meta":{"_acf_changed":false,"jetpack_post_was_ever_published":false,"_jetpack_newsletter_access":"","_jetpack_dont_email_post_to_subs":false,"_jetpack_newsletter_tier_id":0,"_jetpack_memberships_contains_paywalled_content":false,"_jetpack_memberships_contains_paid_content":false,"footnotes":"","jetpack_publicize_message":"","jetpack_publicize_feature_enabled":true,"jetpack_social_post_already_shared":true,"jetpack_social_options":{"image_generator_settings":{"template":"highway","default_image_id":0,"font":"","enabled":false},"version":2}},"categories":[3,9],"tags":[],"class_list":["post-19519","post","type-post","status-publish","format-standard","has-post-thumbnail","hentry","category-novosti","category-skupovi"],"acf":{"facebook_opis":""},"jetpack_publicize_connections":[],"jetpack_featured_media_url":"https:\/\/i0.wp.com\/historiografija.hr\/wp-content\/uploads\/2020\/03\/poslanci.jpg?fit=424%2C363&ssl=1","jetpack_sharing_enabled":true,"jetpack-related-posts":[{"id":52664,"url":"https:\/\/historiografija.hr\/?p=52664","url_meta":{"origin":19519,"position":0},"title":"CfP: CONFERENCE OF THE HISTORY OF CONCEPTS GROUP, HELSINKI, 19TH\u201321ST AUGUST 2026 (DEADLINE: 30TH APRIL 2026)","author":"Branimir Jankovi\u0107","date":"24. travnja 2026.","format":false,"excerpt":"The annual conference of the History of Concepts Group is held at the University of Helsinki, 19-21 August 2026. Conference of the History of Concepts Group Conceptual history studies the use of concepts and tries to understand how historical actors have linguistically articulated views of the world. Studying concepts from\u2026","rel":"","context":"U &quot;Novosti&quot;","block_context":{"text":"Novosti","link":"https:\/\/historiografija.hr\/?cat=3"},"img":{"alt_text":"","src":"https:\/\/i0.wp.com\/historiografija.hr\/wp-content\/uploads\/2017\/10\/hsozkult.png?fit=1006%2C241&ssl=1&resize=350%2C200","width":350,"height":200,"srcset":"https:\/\/i0.wp.com\/historiografija.hr\/wp-content\/uploads\/2017\/10\/hsozkult.png?fit=1006%2C241&ssl=1&resize=350%2C200 1x, https:\/\/i0.wp.com\/historiografija.hr\/wp-content\/uploads\/2017\/10\/hsozkult.png?fit=1006%2C241&ssl=1&resize=525%2C300 1.5x, https:\/\/i0.wp.com\/historiografija.hr\/wp-content\/uploads\/2017\/10\/hsozkult.png?fit=1006%2C241&ssl=1&resize=700%2C400 2x"},"classes":[]},{"id":52622,"url":"https:\/\/historiografija.hr\/?p=52622","url_meta":{"origin":19519,"position":1},"title":"Annual CAPONEU conference: Political Novel in Europe Between Democracy and Authoritarianism","author":"Branimir Jankovi\u0107","date":"23. travnja 2026.","format":false,"excerpt":"Caponeu event 22.04.2026 - 24.04.2026 Location: The Faculty of Polish and Classical Philology AMU (Fredry 10, Pozna\u0144)Organized by: Tomasz Mizerkiewicz, Krystyna Pieni\u0105\u017cek-Markovi\u0107, Anna Gawarecka, Ewa Szperlik, Magda Potok, B\u0142a\u017cej Warkocki, Gerard Ronge (all Adam Mickiewicz University in Pozna\u0144)Contact: gerron@amu.edu.pl The Adam Mickiewicz University team, as part of the international CAPONEU\u2026","rel":"","context":"U &quot;Novosti&quot;","block_context":{"text":"Novosti","link":"https:\/\/historiografija.hr\/?cat=3"},"img":{"alt_text":"","src":"https:\/\/i0.wp.com\/historiografija.hr\/wp-content\/uploads\/2026\/04\/Caponeu-political-novel.jpg?fit=500%2C261&ssl=1&resize=350%2C200","width":350,"height":200},"classes":[]},{"id":52516,"url":"https:\/\/historiografija.hr\/?p=52516","url_meta":{"origin":19519,"position":2},"title":"Marko Grde\u0161i\u0107, Mislav \u017ditko, \u201eSocialist Economics in Yugoslavia: A Critical History\u201c","author":"Branimir Jankovi\u0107","date":"17. travnja 2026.","format":false,"excerpt":"This book presents a critical history of Yugoslav socialist economics, from its inception in the late 1940s to its dissolution in the late 1980s. After the dramatic break with the Soviet Union in 1948, Yugoslavia found itself in urgent need of a third way: A socialist trajectory which would not\u2026","rel":"","context":"U &quot;Knjige&quot;","block_context":{"text":"Knjige","link":"https:\/\/historiografija.hr\/?cat=8"},"img":{"alt_text":"","src":"https:\/\/i0.wp.com\/historiografija.hr\/wp-content\/uploads\/2026\/04\/Zitko_Grdesic.jpg?fit=350%2C535&ssl=1&resize=350%2C200","width":350,"height":200},"classes":[]},{"id":52641,"url":"https:\/\/historiografija.hr\/?p=52641","url_meta":{"origin":19519,"position":3},"title":"CfP: WHO OWNS THE PAST? VERNACULAR MEMORY, STATE MEMORY, AND THE POLITICS OF OWNERSHIP","author":"Branimir Jankovi\u0107","date":"24. travnja 2026.","format":false,"excerpt":"VIENNA, 31ST AUGUST\u20133RD SEPTEMBER 2026 (DEADLINE: 24TH APRIL 2026) The Center for Austrian Studies at the European Forum at the Hebrew University and the Austrian Academy of Sciences\/Institute of Culture Studies invite early postdocs, PhD candidates, and advanced Master\u2019s students from the Hebrew University of Jerusalem and universities and academic\u2026","rel":"","context":"U &quot;Novosti&quot;","block_context":{"text":"Novosti","link":"https:\/\/historiografija.hr\/?cat=3"},"img":{"alt_text":"","src":"https:\/\/i0.wp.com\/historiografija.hr\/wp-content\/uploads\/2017\/10\/hsozkult.png?fit=1006%2C241&ssl=1&resize=350%2C200","width":350,"height":200,"srcset":"https:\/\/i0.wp.com\/historiografija.hr\/wp-content\/uploads\/2017\/10\/hsozkult.png?fit=1006%2C241&ssl=1&resize=350%2C200 1x, https:\/\/i0.wp.com\/historiografija.hr\/wp-content\/uploads\/2017\/10\/hsozkult.png?fit=1006%2C241&ssl=1&resize=525%2C300 1.5x, https:\/\/i0.wp.com\/historiografija.hr\/wp-content\/uploads\/2017\/10\/hsozkult.png?fit=1006%2C241&ssl=1&resize=700%2C400 2x"},"classes":[]},{"id":52586,"url":"https:\/\/historiografija.hr\/?p=52586","url_meta":{"origin":19519,"position":4},"title":"Aur\u00e9lie Daher, \u201eHezbollah: Mobilisation and Power\u201c","author":"Branimir Jankovi\u0107","date":"22. travnja 2026.","format":false,"excerpt":"Morning Star \u2018Book of the Year\u2019 Social movement, liberation party or terrorist group? With Hezbollah\u2019s growing involvement in the war in Syria, this study of its impact on Lebanon, drawing heavily on first-hand interviews, could not be more timely. Description Almost forty years after its foundation, Hezbollah remains an enigma.\u2026","rel":"","context":"U &quot;Knjige&quot;","block_context":{"text":"Knjige","link":"https:\/\/historiografija.hr\/?cat=8"},"img":{"alt_text":"","src":"https:\/\/i0.wp.com\/historiografija.hr\/wp-content\/uploads\/2026\/04\/Daher-Hezbollah.jpg?fit=600%2C931&ssl=1&resize=350%2C200","width":350,"height":200,"srcset":"https:\/\/i0.wp.com\/historiografija.hr\/wp-content\/uploads\/2026\/04\/Daher-Hezbollah.jpg?fit=600%2C931&ssl=1&resize=350%2C200 1x, https:\/\/i0.wp.com\/historiografija.hr\/wp-content\/uploads\/2026\/04\/Daher-Hezbollah.jpg?fit=600%2C931&ssl=1&resize=525%2C300 1.5x"},"classes":[]},{"id":52531,"url":"https:\/\/historiografija.hr\/?p=52531","url_meta":{"origin":19519,"position":5},"title":"Jonathan G. Leslie, \u201eFear and Insecurity: Israel and the Iran Threat Narrative\u201c","author":"Branimir Jankovi\u0107","date":"17. travnja 2026.","format":false,"excerpt":"Why is Israel\u2019s former ally Iran now perceived as the country\u2019s greatest threat? Description To observers of the Iran-Israel conflict, its vitriolic rhetoric might suggest an ancient hatred between Jews and Muslims\u2013a biblical feud dating back hundreds, or thousands, of years. But this rivalry is a far more modern development.\u2026","rel":"","context":"U &quot;Knjige&quot;","block_context":{"text":"Knjige","link":"https:\/\/historiografija.hr\/?cat=8"},"img":{"alt_text":"","src":"https:\/\/i0.wp.com\/historiografija.hr\/wp-content\/uploads\/2026\/04\/Leslie.jpg?fit=391%2C612&ssl=1&resize=350%2C200","width":350,"height":200},"classes":[]}],"_links":{"self":[{"href":"https:\/\/historiografija.hr\/index.php?rest_route=\/wp\/v2\/posts\/19519","targetHints":{"allow":["GET"]}}],"collection":[{"href":"https:\/\/historiografija.hr\/index.php?rest_route=\/wp\/v2\/posts"}],"about":[{"href":"https:\/\/historiografija.hr\/index.php?rest_route=\/wp\/v2\/types\/post"}],"author":[{"embeddable":true,"href":"https:\/\/historiografija.hr\/index.php?rest_route=\/wp\/v2\/users\/2"}],"replies":[{"embeddable":true,"href":"https:\/\/historiografija.hr\/index.php?rest_route=%2Fwp%2Fv2%2Fcomments&post=19519"}],"version-history":[{"count":1,"href":"https:\/\/historiografija.hr\/index.php?rest_route=\/wp\/v2\/posts\/19519\/revisions"}],"predecessor-version":[{"id":19521,"href":"https:\/\/historiografija.hr\/index.php?rest_route=\/wp\/v2\/posts\/19519\/revisions\/19521"}],"wp:featuredmedia":[{"embeddable":true,"href":"https:\/\/historiografija.hr\/index.php?rest_route=\/wp\/v2\/media\/19520"}],"wp:attachment":[{"href":"https:\/\/historiografija.hr\/index.php?rest_route=%2Fwp%2Fv2%2Fmedia&parent=19519"}],"wp:term":[{"taxonomy":"category","embeddable":true,"href":"https:\/\/historiografija.hr\/index.php?rest_route=%2Fwp%2Fv2%2Fcategories&post=19519"},{"taxonomy":"post_tag","embeddable":true,"href":"https:\/\/historiografija.hr\/index.php?rest_route=%2Fwp%2Fv2%2Ftags&post=19519"}],"curies":[{"name":"wp","href":"https:\/\/api.w.org\/{rel}","templated":true}]}}