{"id":19516,"date":"2020-03-05T15:07:50","date_gmt":"2020-03-05T15:07:50","guid":{"rendered":"http:\/\/historiografija.hr\/?p=19516"},"modified":"2020-03-06T17:52:49","modified_gmt":"2020-03-06T17:52:49","slug":"dnevnicki-zapisi-alojzija-stepinca-1934-1945-iz-arhiva-udba-e","status":"publish","type":"post","link":"https:\/\/historiografija.hr\/?p=19516","title":{"rendered":"DNEVNI\u010cKI ZAPISI ALOJZIJA STEPINCA 1934. \u2013 1945. IZ ARHIVA UDBA-e"},"content":{"rendered":"<p>Ovdje objavljeni Stepin\u010dev Dnevnik u osnovi se zasniva na prijepisu koji je napravila Uprava dr\u017eavne bezbjednosti vjerojatno izme\u0111u 1950. i 1952. godine ili ne\u0161to kasnije. Prijepis Dnevnika nalazi se u Hrvatskom dr\u017eavnom arhivu (HR-HDA), fond 1561., SDS RSUP SRH, dosje Alojzija Stepinca, br. 301.681. (omoti 31, 32 i 33.) \u2013 akvizacija 39. iz 2015. godine (66. 1.2. Dnevnik \u2013 neovjereni prijepis.). Ovo je III. kopija koja je dio sudskog spisa o nadbiskupu Alojziju Stepincu. Odre\u0111eni dijelovi Dnevnika preuzeti su i iz tjednika \u201eDanas\u201c koji je tijekom 1989. i 1990. objavio na feljtonisti\u010dki na\u010din u uredni\u0161tvu Ljube Bobana dijelove Stepin\u010deva Dnevnika. Radi se o tomu da je Boban, prema prvoj pretpostavci, o\u010dito imao neki drugi prijepis Dnevnika u kojemu je bilo ne\u0161to vi\u0161e materijala. Prema drugoj pretpostavci, Boban koji je na kraju do\u0161ao u posjed originala Dnevnika, imao je mogu\u0107nost da u feljton prenese i one dijelove Dnevnika koji se nisu nalazili u prijepisu. Tek vrlo mali dio dnevni\u010dkog materijala preuzet je iz knjiga Juraja Batelje, voditelja Postulature Alojzija Stepinca pri Zagreba\u010dkoj nadbiskupiji, koje je on objavljivao poslije 2000. godine. U Dnevniku je u bilje\u0161kama naveden svaki takav slu\u010daj. Originalni Stepin\u010dev Dnevnik, osim svog osnovnog sadr\u017eaja, kao priloge ima mno\u0161tvo popratnog materijala, uglavnom pisama i novinskih izrezaka, pozivnica i sli\u010dno. U prijepisu Dnevnika iz HDA uglavnom su dana prepisana pisma koja je Stepinac dobivao, iako je jasno da u prijepisu nisu prepisana sva pisma koja se nalaze u originalnom Dnevniku. \u0160to se ti\u010de novinskih \u010dlanaka (izrezaka), oni gotovo nikada nisu prepisivani, ve\u0107 je samo nazna\u010deno da se ovdje (na toj i toj stranici) nalazi novinski izrezak \u2013 pri \u010demu je naveden njegov naslov i ve\u0107inom novine gdje je objavljen. U ovoj knjizi su sve takve obavijesti o novinskim izrescima stavljene u bilje\u0161ke to\u010dno tamo gdje se one navode i u prijepisu Dnevnika.<\/p>\n<p>&nbsp;<\/p>\n<p>Urednik je tako\u0111er nastojao u bilje\u0161kama pru\u017eiti kratke biografije osoba koje se u Dnevniku spominju i da na historiografski na\u010din objasni doga\u0111aje koji se u njemu opisuju koriste\u0107i relevantnu literaturu, ponekad i arhivske izvore. Tamo gdje je bilo potrebno dodatno obja\u0161njenje izvan konteksta Dnevnika i ono je dodano prema subjektivnoj procjeni prire\u0111iva\u010da.<\/p>\n<p>&nbsp;<\/p>\n<p>Na kraju ove knjige nalaze se zapisnici sa salu\u0161anja nadbiskupa Alojzija Stepinca koje je on dao istra\u017enim organima Jugoslavije nakon svoga prvog uhi\u0107enja 1945. godine (17. V. 1945., 20. V. 1945., 21. V. 1945., 22. V. 1945., 24. V. 1945., 27. V. 1945.). Uz njih su dana i dva elaborata UDBA-e o Stepincu \u2013 prvi nakon njegova prvog uhi\u0107enja 17. svibnja 1945., a drugi nakon njegova uhi\u0107enja 18. rujna 1946. godine. Ovi materijali su tako\u0111er integralni dio spomenutog sudskog spisa o Alojziju Stepincu, a ovdje se prenose jer su posve rijetko kori\u0161teni u historiografskoj literaturi, a u kojima je nadbiskup A. Stepinac bio spreman odgovarati na pitanja i bez ograda izra\u017eavati svoje mi\u0161ljenje, za razliku od sudskog procesa protiv njega koji je vo\u0111en tijekom rujna i listopada 1946. godine, na kojemu je 11. listopada 1946. osu\u0111en na 16 godina zatvora i prisilnog rada te daljnjih pet godina li\u0161enja svih gra\u0111anskih prava.<\/p>\n<p>&nbsp;<\/p>\n<p>SADR\u017dAJ KNJIGE<\/p>\n<p>&nbsp;<\/p>\n<p>PREDGOVOR I.<\/p>\n<p>Ne\u0161to o Stepin\u010devu Dnevniku i njegovoj sudbini<\/p>\n<p>PREDGOVOR II.<\/p>\n<p>Dnevnici nadbiskupa Alojzija Stepinca ili\u00a0 III. prijepis iz dosjea Stepinac<\/p>\n<p>Autorstvo i stil<\/p>\n<p>Osobno ili slu\u017ebeno, postojanje drugih dnevnika?<\/p>\n<p>Jugoslavenske tajne slu\u017ebe i dnevnici nadbiskupa Stepinca (1950.-1991.)<\/p>\n<p>Pitanje objave<\/p>\n<p>NAPOMENA PRIRE\u0110IVA\u010cA<\/p>\n<p>DNEVNIK ALOJZIJA STEPINCA<\/p>\n<p>Knjiga I.<\/p>\n<p>Knjiga II.<\/p>\n<p>Knjiga III.<\/p>\n<p>Knjiga IV.<\/p>\n<p>Knjiga V.<\/p>\n<p>PRILOZI<\/p>\n<p>Prilog 1.<\/p>\n<p>Prilog 2.<\/p>\n<p>Prilog 3.<\/p>\n<p>Prilog 4.<\/p>\n<p>Prilog 5.<\/p>\n<p>Prilog 6.<\/p>\n<p>Prilog 7.<\/p>\n<p>Prilog 8.<\/p>\n<p>O uhi\u0107enju i saslu\u0161anju Nadbiskupa Stepinca<\/p>\n<p>Situacija i komentari na Kaptolu povodom hap\u0161enja Stepinca<\/p>\n<p>Komentari klera u Zagrebu<\/p>\n<p>Dr\u017eanje i komentari ma\u010dekovaca<\/p>\n<p>Odjek hap\u0161enja Stepinca na usta\u0161ki elemenat<\/p>\n<p>Utisak na zagreba\u010dke gra\u0111ane<\/p>\n<p>Odjek hap\u0161enja u provinciji<\/p>\n<p>ARHIVSKI IZVORI<\/p>\n<p>NOVINE I TJEDNICI<\/p>\n<p>LITERATURA<\/p>\n<p>KAZALO IMENA<\/p>\n<p>&nbsp;<\/p>\n<p>Priredio: \u017deljko Karaula<\/p>\n<p>Broj fotografija: 29<\/p>\n<p>Broj stranica: 536<\/p>\n<p>Godina izdanja: 2020.<\/p>\n<p>Nakladnik: Despot infinitus d.o.o.<\/p>\n<p>&nbsp;<\/p>\n<p>Izvor:<\/p>\n<p><a href=\"https:\/\/despot-infinitus.com\/proizvod\/dnevnicki-zapisi-alojzija-stepinca-1934-1945-iz-arhiva-udba-e\/\">https:\/\/despot-infinitus.com\/proizvod\/dnevnicki-zapisi-alojzija-stepinca-1934-1945-iz-arhiva-udba-e\/<\/a><\/p>\n<p><a href=\"https:\/\/mojaknjizara.hr\/proizvod\/dnevnicki-zapisi-alojzija-stepinca-1934-1945-iz-arhiva-udba-e\/\">https:\/\/mojaknjizara.hr\/proizvod\/dnevnicki-zapisi-alojzija-stepinca-1934-1945-iz-arhiva-udba-e\/<\/a><\/p>\n<p>&nbsp;<\/p>\n<p>Iz medija:<\/p>\n<p><a href=\"https:\/\/blog.vecernji.hr\/zvonimir-despot\/zasto-kaptol-30-godina-ne-objavljuje-stepincev-dnevnik-i-drzi-ga-pod-kljucem-za-sve-ostale-11527\">https:\/\/blog.vecernji.hr\/zvonimir-despot\/zasto-kaptol-30-godina-ne-objavljuje-stepincev-dnevnik-i-drzi-ga-pod-kljucem-za-sve-ostale-11527<\/a><\/p>\n<p><a href=\"https:\/\/www.bitno.net\/vijesti\/hrvatska\/dnevnicki-zapisi-kardinala-stepinca-mogli-bi-zavrsiti-na-sudu-izdvojili-smo-najvaznije\/\">https:\/\/www.bitno.net\/vijesti\/hrvatska\/dnevnicki-zapisi-kardinala-stepinca-mogli-bi-zavrsiti-na-sudu-izdvojili-smo-najvaznije\/<\/a><\/p>\n<p>&nbsp;<\/p>\n<p>&nbsp;<\/p>\n<p>&nbsp;<\/p>\n","protected":false},"excerpt":{"rendered":"","protected":false},"author":2,"featured_media":19517,"comment_status":"open","ping_status":"open","sticky":false,"template":"","format":"standard","meta":{"_acf_changed":false,"jetpack_post_was_ever_published":false,"_jetpack_newsletter_access":"","_jetpack_dont_email_post_to_subs":false,"_jetpack_newsletter_tier_id":0,"_jetpack_memberships_contains_paywalled_content":false,"_jetpack_memberships_contains_paid_content":false,"footnotes":"","jetpack_publicize_message":"","jetpack_publicize_feature_enabled":true,"jetpack_social_post_already_shared":true,"jetpack_social_options":{"image_generator_settings":{"template":"highway","default_image_id":0,"font":"","enabled":false},"version":2}},"categories":[8,3],"tags":[],"class_list":["post-19516","post","type-post","status-publish","format-standard","has-post-thumbnail","hentry","category-knjige","category-novosti"],"acf":{"facebook_opis":""},"jetpack_publicize_connections":[],"jetpack_featured_media_url":"https:\/\/i0.wp.com\/historiografija.hr\/wp-content\/uploads\/2020\/03\/Naslovnica_stepinac.png?fit=960%2C960&ssl=1","jetpack_sharing_enabled":true,"jetpack-related-posts":[{"id":52505,"url":"https:\/\/historiografija.hr\/?p=52505","url_meta":{"origin":19516,"position":0},"title":"Izlo\u017eba &#8220;Eschenstock \/ Jasenov prut&#8221;","author":"Branimir Jankovi\u0107","date":"17. travnja 2026.","format":false,"excerpt":"Srpsko narodno vije\u0107e (SNV) i Vizura aperta postavljaju izlo\u017ebu \u0161vicarskog slikara Velimira Ili\u0161evi\u0107a: Eschenstock \/ Jasenov prut. Izlo\u017eba se uz prisustvo autora otvara povodom 81. godi\u0161njice proboja logora\u0161a iz usta\u0161kog logora smrti Jasenovac 22. aprila 2026. u 19 sati u Srpskom kulturnom centru (SKC) u Preradovi\u0107evoj ulici 21 u Zagrebu.\u2026","rel":"","context":"U &quot;Izlo\u017ebe&quot;","block_context":{"text":"Izlo\u017ebe","link":"https:\/\/historiografija.hr\/?cat=10"},"img":{"alt_text":"","src":"https:\/\/i0.wp.com\/historiografija.hr\/wp-content\/uploads\/2026\/04\/Jasenov_prut.jpg?fit=1024%2C640&ssl=1&resize=350%2C200","width":350,"height":200,"srcset":"https:\/\/i0.wp.com\/historiografija.hr\/wp-content\/uploads\/2026\/04\/Jasenov_prut.jpg?fit=1024%2C640&ssl=1&resize=350%2C200 1x, https:\/\/i0.wp.com\/historiografija.hr\/wp-content\/uploads\/2026\/04\/Jasenov_prut.jpg?fit=1024%2C640&ssl=1&resize=525%2C300 1.5x, https:\/\/i0.wp.com\/historiografija.hr\/wp-content\/uploads\/2026\/04\/Jasenov_prut.jpg?fit=1024%2C640&ssl=1&resize=700%2C400 2x"},"classes":[]},{"id":52536,"url":"https:\/\/historiografija.hr\/?p=52536","url_meta":{"origin":19516,"position":1},"title":"Kader Abdolah, \u201ePrije nego \u0161to bude kasno\u201c","author":"Branimir Jankovi\u0107","date":"20. travnja 2026.","format":false,"excerpt":"Kader Abdolah \u017eeli se vratiti ku\u0107i. Ali povratak je nemogu\u0107: u Iranu bi bio uhap\u0161en. Pod la\u017enim imenom i s krivotvorenim paso\u0161em ipak uspijeva u\u0107i u domovinu i sti\u017ee do roditeljske ku\u0107e, visoko u planinama. Majka ga ne prepoznaje, otac je mrtav, a sve \u0161to je tra\u017eio izmi\u010de mu pred\u2026","rel":"","context":"U &quot;Novosti&quot;","block_context":{"text":"Novosti","link":"https:\/\/historiografija.hr\/?cat=3"},"img":{"alt_text":"","src":"https:\/\/i0.wp.com\/historiografija.hr\/wp-content\/uploads\/2026\/04\/Prije-nego-sto-bude-kasno.webp?fit=566%2C872&ssl=1&resize=350%2C200","width":350,"height":200,"srcset":"https:\/\/i0.wp.com\/historiografija.hr\/wp-content\/uploads\/2026\/04\/Prije-nego-sto-bude-kasno.webp?fit=566%2C872&ssl=1&resize=350%2C200 1x, https:\/\/i0.wp.com\/historiografija.hr\/wp-content\/uploads\/2026\/04\/Prije-nego-sto-bude-kasno.webp?fit=566%2C872&ssl=1&resize=525%2C300 1.5x"},"classes":[]},{"id":52592,"url":"https:\/\/historiografija.hr\/?p=52592","url_meta":{"origin":19516,"position":2},"title":"Predstavljanje knjige &#8220;Turska ku\u0107a u Rijeci&#8221; u Zagrebu","author":"Branimir Jankovi\u0107","date":"22. travnja 2026.","format":false,"excerpt":"U prostorijama Turskog kulturnog centra Yunus Emre u Zagrebu, u utorak 21. travnja 2026. godine, odr\u017eano je sve\u010dano predstavljanje dopunjenog izdanja knjige Turska ku\u0107a u Rijeci, u organizaciji Hrvatsko-turskog dru\u0161tva Rijeka i partnerstvu sa Skupinom prijateljstva Hrvatska-Turska Hrvatskog sabora, Veleposlanstvom Republike Turske u Republici Hrvatskoj te Turskim kulturnim centrom Yunus\u2026","rel":"","context":"U &quot;Novosti&quot;","block_context":{"text":"Novosti","link":"https:\/\/historiografija.hr\/?cat=3"},"img":{"alt_text":"","src":"https:\/\/i0.wp.com\/historiografija.hr\/wp-content\/uploads\/2026\/04\/Turska-kuca-ZG.jpg?fit=1200%2C800&ssl=1&resize=350%2C200","width":350,"height":200,"srcset":"https:\/\/i0.wp.com\/historiografija.hr\/wp-content\/uploads\/2026\/04\/Turska-kuca-ZG.jpg?fit=1200%2C800&ssl=1&resize=350%2C200 1x, https:\/\/i0.wp.com\/historiografija.hr\/wp-content\/uploads\/2026\/04\/Turska-kuca-ZG.jpg?fit=1200%2C800&ssl=1&resize=525%2C300 1.5x, https:\/\/i0.wp.com\/historiografija.hr\/wp-content\/uploads\/2026\/04\/Turska-kuca-ZG.jpg?fit=1200%2C800&ssl=1&resize=700%2C400 2x, https:\/\/i0.wp.com\/historiografija.hr\/wp-content\/uploads\/2026\/04\/Turska-kuca-ZG.jpg?fit=1200%2C800&ssl=1&resize=1050%2C600 3x"},"classes":[]},{"id":52547,"url":"https:\/\/historiografija.hr\/?p=52547","url_meta":{"origin":19516,"position":3},"title":"ISHA Zagreb \u2013 Filmska ve\u010der: Povratak Martina Guerrea","author":"Branimir Jankovi\u0107","date":"20. travnja 2026.","format":false,"excerpt":"Klub studenata povijesti \u2013 ISHA Zagreb poziva Vas na filmsku ve\u010der na kojoj \u0107e se prikazivati \u201ePovratak Martina Guerrea\u201c, povijesna drama iz 1982. godine s radnjom smje\u0161tenom u 16. stolje\u0107u. Radnja je utemeljena na stvarnoj povijesnoj li\u010dnosti Martina Guerrea koji se nakon mnogo godina izbivanja vra\u0107a u svoje rodno mjesto\u2026","rel":"","context":"U &quot;Filmovi i serije&quot;","block_context":{"text":"Filmovi i serije","link":"https:\/\/historiografija.hr\/?cat=13"},"img":{"alt_text":"","src":"https:\/\/i0.wp.com\/historiografija.hr\/wp-content\/uploads\/2026\/04\/M-Guerre.png?fit=702%2C1006&ssl=1&resize=350%2C200","width":350,"height":200,"srcset":"https:\/\/i0.wp.com\/historiografija.hr\/wp-content\/uploads\/2026\/04\/M-Guerre.png?fit=702%2C1006&ssl=1&resize=350%2C200 1x, https:\/\/i0.wp.com\/historiografija.hr\/wp-content\/uploads\/2026\/04\/M-Guerre.png?fit=702%2C1006&ssl=1&resize=525%2C300 1.5x, https:\/\/i0.wp.com\/historiografija.hr\/wp-content\/uploads\/2026\/04\/M-Guerre.png?fit=702%2C1006&ssl=1&resize=700%2C400 2x"},"classes":[]},{"id":52508,"url":"https:\/\/historiografija.hr\/?p=52508","url_meta":{"origin":19516,"position":4},"title":"Glazbena radionica \u201eDUGMETARA REVISITED\u201c","author":"Branimir Jankovi\u0107","date":"17. travnja 2026.","format":false,"excerpt":"DUGMETARA REVISITED glazbena radionica vodi: Ana Horvat 13., 20. i 27. travnja, od 18 do 20 sati Radiona, Nova cesta 186 Na tri radioni\u010dka susreta uranjamo u naslje\u0111e Dugmetare, biv\u0161e tvornice dugmadi na Savskoj cesti koja je po\u010detkom 2000-ih igrom slu\u010daja postala \u017eivo, jedinstveno mjesto glazbene proizvodnje. Svoje su probe\u2026","rel":"","context":"U &quot;Novosti&quot;","block_context":{"text":"Novosti","link":"https:\/\/historiografija.hr\/?cat=3"},"img":{"alt_text":"","src":"https:\/\/i0.wp.com\/historiografija.hr\/wp-content\/uploads\/2026\/04\/TRESNJA_TRESTI.jpg?fit=380%2C475&ssl=1&resize=350%2C200","width":350,"height":200},"classes":[]},{"id":52539,"url":"https:\/\/historiografija.hr\/?p=52539","url_meta":{"origin":19516,"position":5},"title":"Drugi po redu studentski simpozij &#8220;In fonte veritas&#8221;","author":"Branimir Jankovi\u0107","date":"20. travnja 2026.","format":false,"excerpt":"U srijedu, 22. travnja 2026. godine, u dvorani C 0.4 na Hrvatskom katoli\u010dkom sveu\u010dili\u0161tu odr\u017eat \u0107e se drugi studentski simpozij \u201eIn fonte veritas\". Ovogodi\u0161nja sredi\u0161nja tema simpozija je Papinstvo. Kroz istra\u017eiva\u010dko suo\u010davanje s povijesnim izvorima deset \u0107e studenata predstaviti rezultate svojih istra\u017eivanja o instituciji koja je stolje\u0107ima oblikovala europsku i\u2026","rel":"","context":"U &quot;Novosti&quot;","block_context":{"text":"Novosti","link":"https:\/\/historiografija.hr\/?cat=3"},"img":{"alt_text":"","src":"https:\/\/i0.wp.com\/historiografija.hr\/wp-content\/uploads\/2026\/04\/Papinstvo.png?fit=1024%2C500&ssl=1&resize=350%2C200","width":350,"height":200,"srcset":"https:\/\/i0.wp.com\/historiografija.hr\/wp-content\/uploads\/2026\/04\/Papinstvo.png?fit=1024%2C500&ssl=1&resize=350%2C200 1x, https:\/\/i0.wp.com\/historiografija.hr\/wp-content\/uploads\/2026\/04\/Papinstvo.png?fit=1024%2C500&ssl=1&resize=525%2C300 1.5x, https:\/\/i0.wp.com\/historiografija.hr\/wp-content\/uploads\/2026\/04\/Papinstvo.png?fit=1024%2C500&ssl=1&resize=700%2C400 2x"},"classes":[]}],"_links":{"self":[{"href":"https:\/\/historiografija.hr\/index.php?rest_route=\/wp\/v2\/posts\/19516","targetHints":{"allow":["GET"]}}],"collection":[{"href":"https:\/\/historiografija.hr\/index.php?rest_route=\/wp\/v2\/posts"}],"about":[{"href":"https:\/\/historiografija.hr\/index.php?rest_route=\/wp\/v2\/types\/post"}],"author":[{"embeddable":true,"href":"https:\/\/historiografija.hr\/index.php?rest_route=\/wp\/v2\/users\/2"}],"replies":[{"embeddable":true,"href":"https:\/\/historiografija.hr\/index.php?rest_route=%2Fwp%2Fv2%2Fcomments&post=19516"}],"version-history":[{"count":1,"href":"https:\/\/historiografija.hr\/index.php?rest_route=\/wp\/v2\/posts\/19516\/revisions"}],"predecessor-version":[{"id":19518,"href":"https:\/\/historiografija.hr\/index.php?rest_route=\/wp\/v2\/posts\/19516\/revisions\/19518"}],"wp:featuredmedia":[{"embeddable":true,"href":"https:\/\/historiografija.hr\/index.php?rest_route=\/wp\/v2\/media\/19517"}],"wp:attachment":[{"href":"https:\/\/historiografija.hr\/index.php?rest_route=%2Fwp%2Fv2%2Fmedia&parent=19516"}],"wp:term":[{"taxonomy":"category","embeddable":true,"href":"https:\/\/historiografija.hr\/index.php?rest_route=%2Fwp%2Fv2%2Fcategories&post=19516"},{"taxonomy":"post_tag","embeddable":true,"href":"https:\/\/historiografija.hr\/index.php?rest_route=%2Fwp%2Fv2%2Ftags&post=19516"}],"curies":[{"name":"wp","href":"https:\/\/api.w.org\/{rel}","templated":true}]}}